{"id":28093,"date":"2021-11-01T16:41:20","date_gmt":"2021-11-01T15:41:20","guid":{"rendered":"https:\/\/www.apfelpatient.de\/?p=28093"},"modified":"2021-11-01T16:41:20","modified_gmt":"2021-11-01T15:41:20","slug":"colorful-homepod-mini-launches-in-selected-countries","status":"publish","type":"post","link":"https:\/\/www.apfelpatient.de\/en\/news\/farbenfroher-homepod-mini-startet-in-ausgewaehlten-laendern","title":{"rendered":"Colorful HomePod mini launches in selected countries"},"content":{"rendered":"<p class=\"has-drop-cap\"><strong>Apple announced three new colors for the HomePod mini at the &quot;Unleashed&quot; event. They are now available in select countries.<\/strong><\/p>\n\n\n\n<p>Apple originally introduced the HomePod mini in 2020. The small Siri speaker has a spherical design and was previously available in black and white, like the classic version. The smart speaker will now be available in other colors. Customers can now choose between black, white, yellow, orange and blue. Apple has applied these colors to the entire device, i.e. to the fabric and the tinted touch surface. However, no changes have been made in terms of functionality. Bob Borchers, Apple&#039;s Vice President of Worldwide Product Marketing, promotes the whole thing as follows:<\/p>\n\n\n\n<h3 class=\"wp-block-heading\" id=\"h-farbenfroher-homepod-mini-europastart-verz-gert-sich\">Colorful HomePod mini: European launch delayed<\/h3>\n\n\n\n\n\n\n\n<blockquote class=\"wp-block-quote is-layout-flow wp-block-quote-is-layout-flow\"><p>HomePod mini sounds incredible, and with access to more than 90 million songs in the global Apple Music catalog and deep integration with your Apple devices, it&#039;s the must-have smart speaker for iPhone users. With its new, vibrant colors, HomePod mini fits in even more places and offers amazing sound, the power of Siri, and simple and secure smart home control\u2014all while protecting your privacy.<\/p><\/blockquote>\n\n\n\n<p>The new color options are now available in the USA, Canada, Mexico, China, Hong Kong, Japan and Taiwan <a href=\"https:\/\/www.apple.com\/homepod-mini\/\" target=\"_blank\" rel=\"noreferrer noopener\">available<\/a>. A market launch in this country will not take place until the end of November - according to Apple. However, a specific date was not given. German fans will therefore have to be patient. (Image: Apple)<\/p>\n\n\n\n<ul class=\"wp-block-list\"><li><a href=\"https:\/\/www.apfelpatient.de\/en\/tips-tricks\/homepod-how-to-activate-dolby-atmos-and-lossless\">HomePod: How to activate Dolby Atmos and Lossless<\/a><\/li><\/ul>\n\n\n\n<h6 class=\"wp-block-heading translation-block\" id=\"h-kennt-ihr-schon-unsere-amazon-storefront-dort-findet-ihr-eine-handverlesene-auswahl-von-diversen-produkten-f-r-euer-iphone-und-co-viel-spa-beim-st-bern\"><em>Have you already visited our Amazon Storefront? There you&#039;ll find a hand-picked selection of various products for your iPhone and other devices \u2013 <span class=\"has-inline-color has-vivid-red-color\"><a href=\"https:\/\/www.amazon.de\/shop\/apfelpatientofficial\" class=\"ek-link\" data-wpel-link=\"exclude\" rel=\"follow noopener\" target=\"_self\"><span style=\"text-decoration: underline\" class=\"ek-underline\">enjoy browsing<\/span><\/a> !<\/span><\/em><\/h6>\n\n\n\n<h6 class=\"wp-block-heading translation-block\" id=\"h-der-beitrag-enthalt-partnerlinks\">This post contains <a data-type=\"URL\" data-id=\"https:\/\/www.apfelpatient.de\/partnerprogramm\" href=\"https:\/\/www.apfelpatient.de\/en\/partner-program\" data-wpel-link=\"internal\" target=\"_self\">affiliate links<\/a>.<\/h6>","protected":false},"excerpt":{"rendered":"<p>Apple recently announced three new colors for the HomePod mini. They are now available in select countries.<\/p>","protected":false},"author":2,"featured_media":27600,"comment_status":"closed","ping_status":"closed","sticky":false,"template":"","format":"standard","meta":{"jnews-multi-image_gallery":[],"jnews_single_post":{"subtitle":"","format":"standard","video":"","gallery":"","source_name":"","source_url":"","via_name":"","via_url":"","override":[{"single_blog_custom":"","sidebar":"","second_sidebar":"","share_position":"","share_float_style":"","post_date_format":"","post_date_format_custom":"","post_reading_time_wpm":"","zoom_button_out_step":"1","zoom_button_in_step":"1","number_popup_post":"1"}],"image_override":[{"single_post_thumbnail_size":"","single_post_gallery_size":""}],"trending_post_position":"","trending_post_label":"","sponsored_post_label":"","sponsored_post_name":"","sponsored_post_url":"","sponsored_post_logo":"","sponsored_post_desc":""},"jnews_primary_category":{"id":"9"},"footnotes":""},"categories":[9],"tags":[85],"class_list":["post-28093","post","type-post","status-publish","format-standard","has-post-thumbnail","hentry","category-news","tag-homepod"],"yoast_head":"<!-- This site is optimized with the Yoast SEO Premium plugin v27.5 (Yoast SEO v27.5) - https:\/\/yoast.com\/product\/yoast-seo-premium-wordpress\/ -->\n<title>Farbenfroher HomePod mini startet in ausgew\u00e4hlten L\u00e4ndern Apfelpatient<\/title>\n<meta name=\"description\" content=\"Apple hat vor Kurzem drei neue Farben f\u00fcr den HomePod mini angek\u00fcndigt. Nun sind diese in ausgew\u00e4hlten L\u00e4ndern erh\u00e4ltlich.\" \/>\n<meta name=\"robots\" content=\"index, follow, max-snippet:-1, max-image-preview:large, max-video-preview:-1\" \/>\n<link rel=\"canonical\" href=\"https:\/\/www.apfelpatient.de\/en\/news\/colorful-homepod-mini-launches-in-selected-countries\" \/>\n<meta property=\"og:locale\" content=\"en_US\" \/>\n<meta property=\"og:type\" content=\"article\" \/>\n<meta property=\"og:title\" content=\"Farbenfroher HomePod mini startet in ausgew\u00e4hlten L\u00e4ndern\" \/>\n<meta property=\"og:description\" content=\"Apple hat vor Kurzem drei neue Farben f\u00fcr den HomePod mini angek\u00fcndigt. Nun sind diese in ausgew\u00e4hlten L\u00e4ndern erh\u00e4ltlich.\" \/>\n<meta property=\"og:url\" content=\"https:\/\/www.apfelpatient.de\/en\/news\/colorful-homepod-mini-launches-in-selected-countries\" \/>\n<meta property=\"og:site_name\" content=\"Apfelpatient\" \/>\n<meta property=\"article:publisher\" content=\"https:\/\/www.facebook.com\/apfelpatientOfficial\" \/>\n<meta property=\"article:author\" content=\"https:\/\/www.facebook.com\/apfelpatientOfficial\" \/>\n<meta property=\"article:published_time\" content=\"2021-11-01T15:41:20+00:00\" \/>\n<meta property=\"og:image\" content=\"https:\/\/www.apfelpatient.de\/wp-content\/uploads\/2021\/10\/Apple_HomePod-mini_hero_5up_10182021.jpg\" \/>\n\t<meta property=\"og:image:width\" content=\"1600\" \/>\n\t<meta property=\"og:image:height\" content=\"900\" \/>\n\t<meta property=\"og:image:type\" content=\"image\/jpeg\" \/>\n<meta name=\"author\" content=\"Milan\" \/>\n<meta name=\"twitter:card\" content=\"summary_large_image\" \/>\n<meta name=\"twitter:description\" content=\"Apple hat vor Kurzem drei neue Farben f\u00fcr den HomePod mini angek\u00fcndigt. Nun sind diese in ausgew\u00e4hlten L\u00e4ndern erh\u00e4ltlich.\" \/>\n<meta name=\"twitter:label1\" content=\"Written by\" \/>\n\t<meta name=\"twitter:data1\" content=\"Milan\" \/>\n\t<meta name=\"twitter:label2\" content=\"Est. reading time\" \/>\n\t<meta name=\"twitter:data2\" content=\"2 minutes\" \/>\n<script type=\"application\/ld+json\" class=\"yoast-schema-graph\">{\"@context\":\"https:\\\/\\\/schema.org\",\"@graph\":[{\"@type\":\"NewsArticle\",\"@id\":\"https:\\\/\\\/www.apfelpatient.de\\\/news\\\/farbenfroher-homepod-mini-startet-in-ausgewaehlten-laendern#article\",\"isPartOf\":{\"@id\":\"https:\\\/\\\/www.apfelpatient.de\\\/news\\\/farbenfroher-homepod-mini-startet-in-ausgewaehlten-laendern\"},\"author\":{\"@type\":\"Organization\",\"@id\":\"https:\\\/\\\/www.apfelpatient.de\\\/en\\\/#organization\",\"name\":\"Apfelpatient\",\"url\":\"https:\\\/\\\/www.apfelpatient.de\\\/en\\\/\"},\"headline\":\"Farbenfroher HomePod mini startet in ausgew\u00e4hlten L\u00e4ndern\",\"datePublished\":\"2021-11-01T15:41:20+00:00\",\"mainEntityOfPage\":{\"@id\":\"https:\\\/\\\/www.apfelpatient.de\\\/news\\\/farbenfroher-homepod-mini-startet-in-ausgewaehlten-laendern\"},\"wordCount\":273,\"publisher\":{\"@type\":\"Organization\",\"@id\":\"https:\\\/\\\/www.apfelpatient.de\\\/en\\\/#organization\",\"name\":\"Apfelpatient\",\"url\":\"https:\\\/\\\/www.apfelpatient.de\\\/en\\\/\"},\"image\":{\"@id\":\"https:\\\/\\\/www.apfelpatient.de\\\/news\\\/farbenfroher-homepod-mini-startet-in-ausgewaehlten-laendern#primaryimage\"},\"thumbnailUrl\":\"https:\\\/\\\/www.apfelpatient.de\\\/wp-content\\\/uploads\\\/2021\\\/10\\\/Apple_HomePod-mini_hero_5up_10182021.jpg\",\"keywords\":[\"HomePod\"],\"articleSection\":\"News\",\"inLanguage\":\"en-US\",\"copyrightYear\":\"2021\",\"copyrightHolder\":{\"@id\":\"https:\\\/\\\/www.apfelpatient.de\\\/en\\\/#organization\"}},{\"@type\":\"WebPage\",\"@id\":\"https:\\\/\\\/www.apfelpatient.de\\\/news\\\/farbenfroher-homepod-mini-startet-in-ausgewaehlten-laendern\",\"url\":\"https:\\\/\\\/www.apfelpatient.de\\\/news\\\/farbenfroher-homepod-mini-startet-in-ausgewaehlten-laendern\",\"name\":\"Farbenfroher HomePod mini startet in ausgew\u00e4hlten L\u00e4ndern Apfelpatient\",\"isPartOf\":{\"@id\":\"https:\\\/\\\/www.apfelpatient.de\\\/#website\"},\"primaryImageOfPage\":{\"@id\":\"https:\\\/\\\/www.apfelpatient.de\\\/news\\\/farbenfroher-homepod-mini-startet-in-ausgewaehlten-laendern#primaryimage\"},\"image\":{\"@id\":\"https:\\\/\\\/www.apfelpatient.de\\\/news\\\/farbenfroher-homepod-mini-startet-in-ausgewaehlten-laendern#primaryimage\"},\"thumbnailUrl\":\"https:\\\/\\\/www.apfelpatient.de\\\/wp-content\\\/uploads\\\/2021\\\/10\\\/Apple_HomePod-mini_hero_5up_10182021.jpg\",\"datePublished\":\"2021-11-01T15:41:20+00:00\",\"description\":\"Apple hat vor Kurzem drei neue Farben f\u00fcr den HomePod mini angek\u00fcndigt. Nun sind diese in ausgew\u00e4hlten L\u00e4ndern erh\u00e4ltlich.\",\"breadcrumb\":{\"@id\":\"https:\\\/\\\/www.apfelpatient.de\\\/news\\\/farbenfroher-homepod-mini-startet-in-ausgewaehlten-laendern#breadcrumb\"},\"inLanguage\":\"en-US\",\"potentialAction\":[{\"@type\":\"ReadAction\",\"target\":[\"https:\\\/\\\/www.apfelpatient.de\\\/news\\\/farbenfroher-homepod-mini-startet-in-ausgewaehlten-laendern\"]}]},{\"@type\":\"ImageObject\",\"inLanguage\":\"en-US\",\"@id\":\"https:\\\/\\\/www.apfelpatient.de\\\/news\\\/farbenfroher-homepod-mini-startet-in-ausgewaehlten-laendern#primaryimage\",\"url\":\"https:\\\/\\\/www.apfelpatient.de\\\/wp-content\\\/uploads\\\/2021\\\/10\\\/Apple_HomePod-mini_hero_5up_10182021.jpg\",\"contentUrl\":\"https:\\\/\\\/www.apfelpatient.de\\\/wp-content\\\/uploads\\\/2021\\\/10\\\/Apple_HomePod-mini_hero_5up_10182021.jpg\",\"width\":1600,\"height\":900,\"caption\":\"Bild: Apple - HomePod mini\"},{\"@type\":\"BreadcrumbList\",\"@id\":\"https:\\\/\\\/www.apfelpatient.de\\\/news\\\/farbenfroher-homepod-mini-startet-in-ausgewaehlten-laendern#breadcrumb\",\"itemListElement\":[{\"@type\":\"ListItem\",\"position\":1,\"name\":\"Startseite\",\"item\":\"https:\\\/\\\/www.apfelpatient.de\\\/\"},{\"@type\":\"ListItem\",\"position\":2,\"name\":\"Farbenfroher HomePod mini startet in ausgew\u00e4hlten L\u00e4ndern\"}]},{\"@type\":\"WebSite\",\"@id\":\"https:\\\/\\\/www.apfelpatient.de\\\/#website\",\"url\":\"https:\\\/\\\/www.apfelpatient.de\\\/\",\"name\":\"Apfelpatient\",\"description\":\"Alles rund um Apple!\",\"publisher\":{\"@type\":\"Organization\",\"@id\":\"https:\\\/\\\/www.apfelpatient.de\\\/en\\\/#organization\",\"name\":\"Apfelpatient\",\"url\":\"https:\\\/\\\/www.apfelpatient.de\\\/en\\\/\"},\"alternateName\":\"Apfelpatient\",\"potentialAction\":[{\"@type\":\"SearchAction\",\"target\":{\"@type\":\"EntryPoint\",\"urlTemplate\":\"https:\\\/\\\/www.apfelpatient.de\\\/?s={search_term_string}\"},\"query-input\":{\"@type\":\"PropertyValueSpecification\",\"valueRequired\":true,\"valueName\":\"search_term_string\"}}],\"inLanguage\":\"en-US\"},{\"@type\":[\"Person\",\"Organization\"],\"@id\":\"https:\\\/\\\/www.apfelpatient.de\\\/#\\\/schema\\\/person\\\/35b3ddba5832f2bfc7fff5206d4f6b7b\",\"name\":\"Milan\",\"logo\":{\"@id\":\"https:\\\/\\\/www.apfelpatient.de\\\/#\\\/schema\\\/person\\\/image\\\/\"},\"description\":\"Hallo und herzlich willkommen auf meinem Technik-Blog! Als gro\u00dfer Apple-Fan berichte ich hier \u00fcber alles, was mit Apple zu tun hat: von den neuesten News und spannenden Ger\u00fcchten \u00fcber hilfreiche Tipps und Tricks bis hin zu ausf\u00fchrlichen Produkttests. Wenn du genauso technikbegeistert bist wie ich, bist du hier genau richtig!\",\"sameAs\":[\"https:\\\/\\\/www.facebook.com\\\/apfelpatientOfficial\",\"https:\\\/\\\/www.linkedin.com\\\/in\\\/milan-jovicic-42aa0231b\"],\"url\":\"https:\\\/\\\/www.apfelpatient.de\\\/en\\\/author\\\/apfeladmin\"}]}<\/script>\n<!-- \/ Yoast SEO Premium plugin. -->","yoast_head_json":{"title":"Colorful HomePod mini launches in select countries Apfelpatient","description":"Apple recently announced three new colors for the HomePod mini. They are now available in select countries.","robots":{"index":"index","follow":"follow","max-snippet":"max-snippet:-1","max-image-preview":"max-image-preview:large","max-video-preview":"max-video-preview:-1"},"canonical":"https:\/\/www.apfelpatient.de\/en\/news\/colorful-homepod-mini-launches-in-selected-countries","og_locale":"en_US","og_type":"article","og_title":"Farbenfroher HomePod mini startet in ausgew\u00e4hlten L\u00e4ndern","og_description":"Apple hat vor Kurzem drei neue Farben f\u00fcr den HomePod mini angek\u00fcndigt. Nun sind diese in ausgew\u00e4hlten L\u00e4ndern erh\u00e4ltlich.","og_url":"https:\/\/www.apfelpatient.de\/en\/news\/colorful-homepod-mini-launches-in-selected-countries","og_site_name":"Apfelpatient","article_publisher":"https:\/\/www.facebook.com\/apfelpatientOfficial","article_author":"https:\/\/www.facebook.com\/apfelpatientOfficial","article_published_time":"2021-11-01T15:41:20+00:00","og_image":[{"width":1600,"height":900,"url":"https:\/\/www.apfelpatient.de\/wp-content\/uploads\/2021\/10\/Apple_HomePod-mini_hero_5up_10182021.jpg","type":"image\/jpeg"}],"author":"Milan","twitter_card":"summary_large_image","twitter_description":"Apple hat vor Kurzem drei neue Farben f\u00fcr den HomePod mini angek\u00fcndigt. Nun sind diese in ausgew\u00e4hlten L\u00e4ndern erh\u00e4ltlich.","twitter_misc":{"Written by":"Milan","Est. reading time":"2 minutes"},"schema":{"@context":"https:\/\/schema.org","@graph":[{"@type":"NewsArticle","@id":"https:\/\/www.apfelpatient.de\/news\/farbenfroher-homepod-mini-startet-in-ausgewaehlten-laendern#article","isPartOf":{"@id":"https:\/\/www.apfelpatient.de\/news\/farbenfroher-homepod-mini-startet-in-ausgewaehlten-laendern"},"author":{"@type":"Organization","@id":"https:\/\/www.apfelpatient.de\/en\/#organization","name":"Apfelpatient","url":"https:\/\/www.apfelpatient.de\/en\/"},"headline":"Farbenfroher HomePod mini startet in ausgew\u00e4hlten L\u00e4ndern","datePublished":"2021-11-01T15:41:20+00:00","mainEntityOfPage":{"@id":"https:\/\/www.apfelpatient.de\/news\/farbenfroher-homepod-mini-startet-in-ausgewaehlten-laendern"},"wordCount":273,"publisher":{"@type":"Organization","@id":"https:\/\/www.apfelpatient.de\/en\/#organization","name":"Apfelpatient","url":"https:\/\/www.apfelpatient.de\/en\/"},"image":{"@id":"https:\/\/www.apfelpatient.de\/news\/farbenfroher-homepod-mini-startet-in-ausgewaehlten-laendern#primaryimage"},"thumbnailUrl":"https:\/\/www.apfelpatient.de\/wp-content\/uploads\/2021\/10\/Apple_HomePod-mini_hero_5up_10182021.jpg","keywords":["HomePod"],"articleSection":"News","inLanguage":"en-US","copyrightYear":"2021","copyrightHolder":{"@id":"https:\/\/www.apfelpatient.de\/en\/#organization"}},{"@type":"WebPage","@id":"https:\/\/www.apfelpatient.de\/news\/farbenfroher-homepod-mini-startet-in-ausgewaehlten-laendern","url":"https:\/\/www.apfelpatient.de\/news\/farbenfroher-homepod-mini-startet-in-ausgewaehlten-laendern","name":"Colorful HomePod mini launches in select countries Apfelpatient","isPartOf":{"@id":"https:\/\/www.apfelpatient.de\/#website"},"primaryImageOfPage":{"@id":"https:\/\/www.apfelpatient.de\/news\/farbenfroher-homepod-mini-startet-in-ausgewaehlten-laendern#primaryimage"},"image":{"@id":"https:\/\/www.apfelpatient.de\/news\/farbenfroher-homepod-mini-startet-in-ausgewaehlten-laendern#primaryimage"},"thumbnailUrl":"https:\/\/www.apfelpatient.de\/wp-content\/uploads\/2021\/10\/Apple_HomePod-mini_hero_5up_10182021.jpg","datePublished":"2021-11-01T15:41:20+00:00","description":"Apple recently announced three new colors for the HomePod mini. They are now available in select countries.","breadcrumb":{"@id":"https:\/\/www.apfelpatient.de\/news\/farbenfroher-homepod-mini-startet-in-ausgewaehlten-laendern#breadcrumb"},"inLanguage":"en-US","potentialAction":[{"@type":"ReadAction","target":["https:\/\/www.apfelpatient.de\/news\/farbenfroher-homepod-mini-startet-in-ausgewaehlten-laendern"]}]},{"@type":"ImageObject","inLanguage":"en-US","@id":"https:\/\/www.apfelpatient.de\/news\/farbenfroher-homepod-mini-startet-in-ausgewaehlten-laendern#primaryimage","url":"https:\/\/www.apfelpatient.de\/wp-content\/uploads\/2021\/10\/Apple_HomePod-mini_hero_5up_10182021.jpg","contentUrl":"https:\/\/www.apfelpatient.de\/wp-content\/uploads\/2021\/10\/Apple_HomePod-mini_hero_5up_10182021.jpg","width":1600,"height":900,"caption":"Bild: Apple - HomePod mini"},{"@type":"BreadcrumbList","@id":"https:\/\/www.apfelpatient.de\/news\/farbenfroher-homepod-mini-startet-in-ausgewaehlten-laendern#breadcrumb","itemListElement":[{"@type":"ListItem","position":1,"name":"Startseite","item":"https:\/\/www.apfelpatient.de\/"},{"@type":"ListItem","position":2,"name":"Farbenfroher HomePod mini startet in ausgew\u00e4hlten L\u00e4ndern"}]},{"@type":"WebSite","@id":"https:\/\/www.apfelpatient.de\/#website","url":"https:\/\/www.apfelpatient.de\/","name":"apple patient","description":"Everything about Apple!","publisher":{"@type":"Organization","@id":"https:\/\/www.apfelpatient.de\/en\/#organization","name":"Apfelpatient","url":"https:\/\/www.apfelpatient.de\/en\/"},"alternateName":"Apfelpatient","potentialAction":[{"@type":"SearchAction","target":{"@type":"EntryPoint","urlTemplate":"https:\/\/www.apfelpatient.de\/?s={search_term_string}"},"query-input":{"@type":"PropertyValueSpecification","valueRequired":true,"valueName":"search_term_string"}}],"inLanguage":"en-US"},{"@type":["Person","Organization"],"@id":"https:\/\/www.apfelpatient.de\/#\/schema\/person\/35b3ddba5832f2bfc7fff5206d4f6b7b","name":"Milan","logo":{"@id":"https:\/\/www.apfelpatient.de\/#\/schema\/person\/image\/"},"description":"Hello and welcome to my technology blog! As a big Apple fan, I report on everything to do with Apple: from the latest news and exciting rumors to helpful tips and tricks and detailed product tests. If you are as enthusiastic about technology as I am, you have come to the right place!","sameAs":["https:\/\/www.facebook.com\/apfelpatientOfficial","https:\/\/www.linkedin.com\/in\/milan-jovicic-42aa0231b"],"url":"https:\/\/www.apfelpatient.de\/en\/author\/apfeladmin"}]}},"_links":{"self":[{"href":"https:\/\/www.apfelpatient.de\/en\/wp-json\/wp\/v2\/posts\/28093","targetHints":{"allow":["GET"]}}],"collection":[{"href":"https:\/\/www.apfelpatient.de\/en\/wp-json\/wp\/v2\/posts"}],"about":[{"href":"https:\/\/www.apfelpatient.de\/en\/wp-json\/wp\/v2\/types\/post"}],"author":[{"embeddable":true,"href":"https:\/\/www.apfelpatient.de\/en\/wp-json\/wp\/v2\/users\/2"}],"replies":[{"embeddable":true,"href":"https:\/\/www.apfelpatient.de\/en\/wp-json\/wp\/v2\/comments?post=28093"}],"version-history":[{"count":0,"href":"https:\/\/www.apfelpatient.de\/en\/wp-json\/wp\/v2\/posts\/28093\/revisions"}],"wp:featuredmedia":[{"embeddable":true,"href":"https:\/\/www.apfelpatient.de\/en\/wp-json\/wp\/v2\/media\/27600"}],"wp:attachment":[{"href":"https:\/\/www.apfelpatient.de\/en\/wp-json\/wp\/v2\/media?parent=28093"}],"wp:term":[{"taxonomy":"category","embeddable":true,"href":"https:\/\/www.apfelpatient.de\/en\/wp-json\/wp\/v2\/categories?post=28093"},{"taxonomy":"post_tag","embeddable":true,"href":"https:\/\/www.apfelpatient.de\/en\/wp-json\/wp\/v2\/tags?post=28093"}],"curies":[{"name":"wp","href":"https:\/\/api.w.org\/{rel}","templated":true}]}}