{"id":27906,"date":"2021-10-26T11:10:36","date_gmt":"2021-10-26T09:10:36","guid":{"rendered":"https:\/\/www.apfelpatient.de\/?p=27906"},"modified":"2021-10-26T11:11:10","modified_gmt":"2021-10-26T09:11:10","slug":"launch-of-ilapp-macbook-pro-2021-and-airpods-3","status":"publish","type":"post","link":"https:\/\/www.apfelpatient.de\/en\/news\/startschuss-fuer-ilappen-macbook-pro-2021-und-airpods-3","title":{"rendered":"Launch of iLappen, Macbook Pro 2021 and AirPods 3"},"content":{"rendered":"<p class=\"has-drop-cap\"><strong>Apple recently introduced the brand new MacBook Pro 2021 series and AirPods 3. The company is also now selling a polishing cloth. The products are now officially available, and here is an overview.<\/strong><\/p>\n\n\n\n<p>Apple introduced two MacBook Pro models - in 14- and 16-inch sizes - at its October event. The new MacBook Pro features the &quot;M1 Pro&quot; chip with 8 high-performance cores and 2 high-efficiency cores, a 16-core graphics processor and 32 GB of RAM. There is also an &quot;M1 Max&quot; chip that doubles the RAM and GPU again. Prices for the 14-inch MacBook Pro start at 2,249 euros and the 16-inch MacBook Pro starts at 2,749 euros. The design of the MacBook Pro has also been completely redesigned. It now has thinner edges, but with a cutout for the webcam - the well-known iPhone notch. The mini-LED screen has more pixels, supports high contrast and a peak brightness of 1600 nits and runs with ProMotion technology, i.e. at 120 Hz.<\/p>\n\n\n\n<h3 class=\"wp-block-heading\" id=\"h-macbook-pro-2021-zwei-verschiedene-ladem-glichkeiten\">MacBook Pro 2021: Two different charging options<\/h3>\n\n\n\n\n\n\n\n<p>The 2021 MacBook Pro also features an HDMI port, SD card reader, and MagSafe for magnetic charging. Screen resolutions have also been significantly increased to allow for even higher DPI displays. The laptop&#039;s design has also been revamped and is now more &quot;boxy.&quot; There are a total of 3 Thunderbolt 4 ports. The headphone jack has also been upgraded. MagSafe returns with higher power throughput, with charging still possible via the Thunderbolt ports. The M1 Pro chip is a scaled-up version of the M1 chip with up to 200GB\/s memory bandwidth, up to 32GB RAM, and more than twice as many transistors. According to Apple, CPU performance is about 70% faster than the M1, and GPU performance is about twice as much. M1 Max doubles the memory to 64GB and the size of the GPU to 32 cores.<\/p>\n\n\n\n<figure class=\"wp-block-image size-large\"><img decoding=\"async\" width=\"1024\" height=\"666\" src=\"https:\/\/www.apfelpatient.de\/wp-content\/uploads\/2021\/10\/Apple_MacBook-Pro_14-16-inch_10182021-1-1024x666.jpg\" alt=\"140W power supply GaN charger\" class=\"wp-image-27722\" srcset=\"https:\/\/www.apfelpatient.de\/wp-content\/uploads\/2021\/10\/Apple_MacBook-Pro_14-16-inch_10182021-1-1024x666.jpg 1024w, https:\/\/www.apfelpatient.de\/wp-content\/uploads\/2021\/10\/Apple_MacBook-Pro_14-16-inch_10182021-1-300x195.jpg 300w, https:\/\/www.apfelpatient.de\/wp-content\/uploads\/2021\/10\/Apple_MacBook-Pro_14-16-inch_10182021-1-768x499.jpg 768w, https:\/\/www.apfelpatient.de\/wp-content\/uploads\/2021\/10\/Apple_MacBook-Pro_14-16-inch_10182021-1-1536x998.jpg 1536w, https:\/\/www.apfelpatient.de\/wp-content\/uploads\/2021\/10\/Apple_MacBook-Pro_14-16-inch_10182021-1-750x488.jpg 750w, https:\/\/www.apfelpatient.de\/wp-content\/uploads\/2021\/10\/Apple_MacBook-Pro_14-16-inch_10182021-1-1140x741.jpg 1140w, https:\/\/www.apfelpatient.de\/wp-content\/uploads\/2021\/10\/Apple_MacBook-Pro_14-16-inch_10182021-1.jpg 1600w\" sizes=\"(max-width: 1024px) 100vw, 1024px\" \/><figcaption>Image: Apple<\/figcaption><\/figure>\n\n\n\n<h3 class=\"wp-block-heading\">AirPods 3 in brand new design with more features<\/h3>\n\n\n\n<p>In addition to new MacBook Pro models, Apple has also introduced the AirPods 3. As part of the update, not only was the range of functions refined, but the design was also revised. Thanks to their shorter stems, they now look more similar to the AirPods Pro than ever before. But what exactly can they do compared to their predecessors? According to Apple, they deliver significantly better audio performance and offer better bass. But the absolute highlight is the integration of spatial audio and head tracking.<\/p>\n\n\n\n<h3 class=\"wp-block-heading\">AirPods 3: Price and availability<\/h3>\n\n\n\n<p>Battery performance has also been significantly improved. According to Apple, the brand new AirPods 3 will offer up to six hours of battery life, and thanks to the case, this increases to 30 hours. Greg Joswiak, Senior Vice President of Worldwide Marketing at Apple, said:<\/p>\n\n\n\n<blockquote class=\"wp-block-quote is-layout-flow wp-block-quote-is-layout-flow\"><p>AirPods changed wireless headphones forever with their groundbreaking design, incredible sound, and magical experience. We&#039;re excited to introduce the next generation of AirPods, featuring Adaptive EQ and Spatial Audio with dynamic head tracking for unparalleled sound and seamless interaction across Apple devices\u2014making the world&#039;s best-selling headphones even better.<\/p><\/blockquote>\n\n\n\n<figure class=\"wp-block-image size-large\"><img decoding=\"async\" width=\"1024\" height=\"768\" src=\"https:\/\/www.apfelpatient.de\/wp-content\/uploads\/2021\/10\/1C0B1847-035E-463D-9EF8-1D480AB6F50F-1024x768.png\" alt=\"AirPods 3\" class=\"wp-image-27607\" srcset=\"https:\/\/www.apfelpatient.de\/wp-content\/uploads\/2021\/10\/1C0B1847-035E-463D-9EF8-1D480AB6F50F-1024x768.png 1024w, https:\/\/www.apfelpatient.de\/wp-content\/uploads\/2021\/10\/1C0B1847-035E-463D-9EF8-1D480AB6F50F-300x225.png 300w, https:\/\/www.apfelpatient.de\/wp-content\/uploads\/2021\/10\/1C0B1847-035E-463D-9EF8-1D480AB6F50F-768x576.png 768w, https:\/\/www.apfelpatient.de\/wp-content\/uploads\/2021\/10\/1C0B1847-035E-463D-9EF8-1D480AB6F50F-1536x1152.png 1536w, https:\/\/www.apfelpatient.de\/wp-content\/uploads\/2021\/10\/1C0B1847-035E-463D-9EF8-1D480AB6F50F-750x563.png 750w, https:\/\/www.apfelpatient.de\/wp-content\/uploads\/2021\/10\/1C0B1847-035E-463D-9EF8-1D480AB6F50F-1140x855.png 1140w, https:\/\/www.apfelpatient.de\/wp-content\/uploads\/2021\/10\/1C0B1847-035E-463D-9EF8-1D480AB6F50F.png 1600w\" sizes=\"(max-width: 1024px) 100vw, 1024px\" \/><figcaption>Image: Apple \u2013 AirPods 3<\/figcaption><\/figure>\n\n\n\n<p>The new earbuds cost 199 euros and come with a charging case that is MagSafe compatible. They can be purchased from Apple or on Amazon.<\/p>\n\n\n\n<h3 class=\"wp-block-heading\">Apple now sells a polishing cloth<\/h3>\n\n\n\n\n\n\n\n<p>In addition to new hardware, Apple is also selling new accessories, including a special polishing cloth that was previously only available with the Pro Display XDR. It is suitable for all displays and can be purchased for 25 euros. Since demand is quite high, interested parties must currently expect a delivery time of 10 to 12 weeks.<\/p>\n\n\n\n<figure class=\"wp-block-image size-large\"><img decoding=\"async\" width=\"1024\" height=\"768\" src=\"https:\/\/www.apfelpatient.de\/wp-content\/uploads\/2021\/10\/3CF2EB72-80CD-49A1-BDDD-7E441E304049-1024x768.png\" alt=\"Apple polishing cloth\" class=\"wp-image-27633\" srcset=\"https:\/\/www.apfelpatient.de\/wp-content\/uploads\/2021\/10\/3CF2EB72-80CD-49A1-BDDD-7E441E304049-1024x768.png 1024w, https:\/\/www.apfelpatient.de\/wp-content\/uploads\/2021\/10\/3CF2EB72-80CD-49A1-BDDD-7E441E304049-300x225.png 300w, https:\/\/www.apfelpatient.de\/wp-content\/uploads\/2021\/10\/3CF2EB72-80CD-49A1-BDDD-7E441E304049-768x576.png 768w, https:\/\/www.apfelpatient.de\/wp-content\/uploads\/2021\/10\/3CF2EB72-80CD-49A1-BDDD-7E441E304049-1536x1152.png 1536w, https:\/\/www.apfelpatient.de\/wp-content\/uploads\/2021\/10\/3CF2EB72-80CD-49A1-BDDD-7E441E304049-750x563.png 750w, https:\/\/www.apfelpatient.de\/wp-content\/uploads\/2021\/10\/3CF2EB72-80CD-49A1-BDDD-7E441E304049-1140x855.png 1140w, https:\/\/www.apfelpatient.de\/wp-content\/uploads\/2021\/10\/3CF2EB72-80CD-49A1-BDDD-7E441E304049.png 1600w\" sizes=\"(max-width: 1024px) 100vw, 1024px\" \/><figcaption>Apple polishing cloth<\/figcaption><\/figure>\n\n\n\n<p>Anyone who would like to purchase one of the new products can do so via <a href=\"https:\/\/www.apple.com\/\" target=\"_blank\" rel=\"noreferrer noopener\">Apple<\/a> or selected third-party providers do so - but waiting times should be taken into account. (Image: Apple)<\/p>\n\n\n\n<ul class=\"wp-block-list\"><li><a href=\"https:\/\/www.apfelpatient.de\/en\/news\/maggo-anker-introduces-new-magsafe-compatible-charging-accessories\">\u201cMagGo\u201d: Anker introduces new MagSafe-compatible charging accessories<\/a><\/li><\/ul>\n\n\n\n<h6 class=\"wp-block-heading translation-block\" id=\"h-kennt-ihr-schon-unsere-amazon-storefront-dort-findet-ihr-eine-handverlesene-auswahl-von-diversen-produkten-f-r-euer-iphone-und-co-viel-spa-beim-st-bern\"><em>Have you already visited our Amazon Storefront? There you&#039;ll find a hand-picked selection of various products for your iPhone and other devices \u2013 <span class=\"has-inline-color has-vivid-red-color\"><a href=\"https:\/\/www.amazon.de\/shop\/apfelpatientofficial\" class=\"ek-link\" data-wpel-link=\"exclude\" rel=\"follow noopener\" target=\"_self\"><span style=\"text-decoration: underline\" class=\"ek-underline\">enjoy browsing<\/span><\/a> !<\/span><\/em><\/h6>\n\n\n\n<h6 class=\"wp-block-heading translation-block\" id=\"h-der-beitrag-enthalt-partnerlinks\">This post contains <a data-type=\"URL\" data-id=\"https:\/\/www.apfelpatient.de\/partnerprogramm\" href=\"https:\/\/www.apfelpatient.de\/en\/partner-program\" data-wpel-link=\"internal\" target=\"_self\">affiliate links<\/a>.<\/h6>","protected":false},"excerpt":{"rendered":"<p>Apple recently introduced the brand new MacBook Pro 2021 series and AirPods 3. The company is also now selling a polishing cloth.<\/p>","protected":false},"author":2,"featured_media":27633,"comment_status":"closed","ping_status":"closed","sticky":false,"template":"","format":"standard","meta":{"jnews-multi-image_gallery":[],"jnews_single_post":{"subtitle":"","format":"standard","video":"","gallery":"","source_name":"","source_url":"","via_name":"","via_url":"","override":[{"single_blog_custom":"","sidebar":"","second_sidebar":"","share_position":"","share_float_style":"","post_date_format":"","post_date_format_custom":"","post_reading_time_wpm":"","zoom_button_out_step":"1","zoom_button_in_step":"1","number_popup_post":"1"}],"image_override":[{"single_post_thumbnail_size":"","single_post_gallery_size":""}],"trending_post_position":"","trending_post_label":"","sponsored_post_label":"","sponsored_post_name":"","sponsored_post_url":"","sponsored_post_logo":"","sponsored_post_desc":""},"jnews_primary_category":{"id":"9"},"footnotes":""},"categories":[9],"tags":[28,14,18,8,40],"class_list":["post-27906","post","type-post","status-publish","format-standard","has-post-thumbnail","hentry","category-news","tag-airpods","tag-apple-watch","tag-ipad","tag-iphone","tag-mac"],"yoast_head":"<!-- This site is optimized with the Yoast SEO Premium plugin v27.5 (Yoast SEO v27.5) - https:\/\/yoast.com\/product\/yoast-seo-premium-wordpress\/ -->\n<title>Startschuss f\u00fcr iLappen, Macbook Pro 2021 und AirPods 3 Apfelpatient<\/title>\n<meta name=\"description\" content=\"Apple hat k\u00fcrzlich die brandneue MacBook Pro 2021 Reihe und AirPods 3 vorgestellt. Au\u00dferdem verkauft das Unternehmen fortan ein Poliertuch.\" \/>\n<meta name=\"robots\" content=\"index, follow, max-snippet:-1, max-image-preview:large, max-video-preview:-1\" \/>\n<link rel=\"canonical\" href=\"https:\/\/www.apfelpatient.de\/en\/news\/launch-of-ilapp-macbook-pro-2021-and-airpods-3\" \/>\n<meta property=\"og:locale\" content=\"en_US\" \/>\n<meta property=\"og:type\" content=\"article\" \/>\n<meta property=\"og:title\" content=\"Startschuss f\u00fcr iLappen, Macbook Pro 2021 und AirPods 3\" \/>\n<meta property=\"og:description\" content=\"Apple hat k\u00fcrzlich die brandneue MacBook Pro 2021 Reihe und AirPods 3 vorgestellt. Au\u00dferdem verkauft das Unternehmen fortan ein Poliertuch.\" \/>\n<meta property=\"og:url\" content=\"https:\/\/www.apfelpatient.de\/en\/news\/launch-of-ilapp-macbook-pro-2021-and-airpods-3\" \/>\n<meta property=\"og:site_name\" content=\"Apfelpatient\" \/>\n<meta property=\"article:publisher\" content=\"https:\/\/www.facebook.com\/apfelpatientOfficial\" \/>\n<meta property=\"article:author\" content=\"https:\/\/www.facebook.com\/apfelpatientOfficial\" \/>\n<meta property=\"article:published_time\" content=\"2021-10-26T09:10:36+00:00\" \/>\n<meta property=\"article:modified_time\" content=\"2021-10-26T09:11:10+00:00\" \/>\n<meta property=\"og:image\" content=\"https:\/\/www.apfelpatient.de\/wp-content\/uploads\/2021\/10\/3CF2EB72-80CD-49A1-BDDD-7E441E304049.png\" \/>\n\t<meta property=\"og:image:width\" content=\"1600\" \/>\n\t<meta property=\"og:image:height\" content=\"1200\" \/>\n\t<meta property=\"og:image:type\" content=\"image\/png\" \/>\n<meta name=\"author\" content=\"Milan\" \/>\n<meta name=\"twitter:card\" content=\"summary_large_image\" \/>\n<meta name=\"twitter:description\" content=\"Apple hat k\u00fcrzlich die brandneue MacBook Pro 2021 Reihe und AirPods 3 vorgestellt. Au\u00dferdem verkauft das Unternehmen fortan ein Poliertuch.\" \/>\n<meta name=\"twitter:label1\" content=\"Written by\" \/>\n\t<meta name=\"twitter:data1\" content=\"Milan\" \/>\n\t<meta name=\"twitter:label2\" content=\"Est. reading time\" \/>\n\t<meta name=\"twitter:data2\" content=\"4 minutes\" \/>\n<script type=\"application\/ld+json\" class=\"yoast-schema-graph\">{\"@context\":\"https:\\\/\\\/schema.org\",\"@graph\":[{\"@type\":\"NewsArticle\",\"@id\":\"https:\\\/\\\/www.apfelpatient.de\\\/news\\\/startschuss-fuer-ilappen-macbook-pro-2021-und-airpods-3#article\",\"isPartOf\":{\"@id\":\"https:\\\/\\\/www.apfelpatient.de\\\/news\\\/startschuss-fuer-ilappen-macbook-pro-2021-und-airpods-3\"},\"author\":{\"@type\":\"Organization\",\"@id\":\"https:\\\/\\\/www.apfelpatient.de\\\/en\\\/#organization\",\"name\":\"Apfelpatient\",\"url\":\"https:\\\/\\\/www.apfelpatient.de\\\/en\\\/\"},\"headline\":\"Startschuss f\u00fcr iLappen, Macbook Pro 2021 und AirPods 3\",\"datePublished\":\"2021-10-26T09:10:36+00:00\",\"dateModified\":\"2021-10-26T09:11:10+00:00\",\"mainEntityOfPage\":{\"@id\":\"https:\\\/\\\/www.apfelpatient.de\\\/news\\\/startschuss-fuer-ilappen-macbook-pro-2021-und-airpods-3\"},\"wordCount\":646,\"publisher\":{\"@type\":\"Organization\",\"@id\":\"https:\\\/\\\/www.apfelpatient.de\\\/en\\\/#organization\",\"name\":\"Apfelpatient\",\"url\":\"https:\\\/\\\/www.apfelpatient.de\\\/en\\\/\"},\"image\":{\"@id\":\"https:\\\/\\\/www.apfelpatient.de\\\/news\\\/startschuss-fuer-ilappen-macbook-pro-2021-und-airpods-3#primaryimage\"},\"thumbnailUrl\":\"https:\\\/\\\/www.apfelpatient.de\\\/wp-content\\\/uploads\\\/2021\\\/10\\\/3CF2EB72-80CD-49A1-BDDD-7E441E304049.png\",\"keywords\":[\"AirPods\",\"Apple Watch\",\"iPad\",\"iPhone\",\"Mac\"],\"articleSection\":\"News\",\"inLanguage\":\"en-US\",\"copyrightYear\":\"2021\",\"copyrightHolder\":{\"@id\":\"https:\\\/\\\/www.apfelpatient.de\\\/en\\\/#organization\"}},{\"@type\":\"WebPage\",\"@id\":\"https:\\\/\\\/www.apfelpatient.de\\\/news\\\/startschuss-fuer-ilappen-macbook-pro-2021-und-airpods-3\",\"url\":\"https:\\\/\\\/www.apfelpatient.de\\\/news\\\/startschuss-fuer-ilappen-macbook-pro-2021-und-airpods-3\",\"name\":\"Startschuss f\u00fcr iLappen, Macbook Pro 2021 und AirPods 3 Apfelpatient\",\"isPartOf\":{\"@id\":\"https:\\\/\\\/www.apfelpatient.de\\\/#website\"},\"primaryImageOfPage\":{\"@id\":\"https:\\\/\\\/www.apfelpatient.de\\\/news\\\/startschuss-fuer-ilappen-macbook-pro-2021-und-airpods-3#primaryimage\"},\"image\":{\"@id\":\"https:\\\/\\\/www.apfelpatient.de\\\/news\\\/startschuss-fuer-ilappen-macbook-pro-2021-und-airpods-3#primaryimage\"},\"thumbnailUrl\":\"https:\\\/\\\/www.apfelpatient.de\\\/wp-content\\\/uploads\\\/2021\\\/10\\\/3CF2EB72-80CD-49A1-BDDD-7E441E304049.png\",\"datePublished\":\"2021-10-26T09:10:36+00:00\",\"dateModified\":\"2021-10-26T09:11:10+00:00\",\"description\":\"Apple hat k\u00fcrzlich die brandneue MacBook Pro 2021 Reihe und AirPods 3 vorgestellt. Au\u00dferdem verkauft das Unternehmen fortan ein Poliertuch.\",\"breadcrumb\":{\"@id\":\"https:\\\/\\\/www.apfelpatient.de\\\/news\\\/startschuss-fuer-ilappen-macbook-pro-2021-und-airpods-3#breadcrumb\"},\"inLanguage\":\"en-US\",\"potentialAction\":[{\"@type\":\"ReadAction\",\"target\":[\"https:\\\/\\\/www.apfelpatient.de\\\/news\\\/startschuss-fuer-ilappen-macbook-pro-2021-und-airpods-3\"]}]},{\"@type\":\"ImageObject\",\"inLanguage\":\"en-US\",\"@id\":\"https:\\\/\\\/www.apfelpatient.de\\\/news\\\/startschuss-fuer-ilappen-macbook-pro-2021-und-airpods-3#primaryimage\",\"url\":\"https:\\\/\\\/www.apfelpatient.de\\\/wp-content\\\/uploads\\\/2021\\\/10\\\/3CF2EB72-80CD-49A1-BDDD-7E441E304049.png\",\"contentUrl\":\"https:\\\/\\\/www.apfelpatient.de\\\/wp-content\\\/uploads\\\/2021\\\/10\\\/3CF2EB72-80CD-49A1-BDDD-7E441E304049.png\",\"width\":1600,\"height\":1200,\"caption\":\"Apple Poliertuch\"},{\"@type\":\"BreadcrumbList\",\"@id\":\"https:\\\/\\\/www.apfelpatient.de\\\/news\\\/startschuss-fuer-ilappen-macbook-pro-2021-und-airpods-3#breadcrumb\",\"itemListElement\":[{\"@type\":\"ListItem\",\"position\":1,\"name\":\"Startseite\",\"item\":\"https:\\\/\\\/www.apfelpatient.de\\\/\"},{\"@type\":\"ListItem\",\"position\":2,\"name\":\"Startschuss f\u00fcr iLappen, Macbook Pro 2021 und AirPods 3\"}]},{\"@type\":\"WebSite\",\"@id\":\"https:\\\/\\\/www.apfelpatient.de\\\/#website\",\"url\":\"https:\\\/\\\/www.apfelpatient.de\\\/\",\"name\":\"Apfelpatient\",\"description\":\"Alles rund um Apple!\",\"publisher\":{\"@type\":\"Organization\",\"@id\":\"https:\\\/\\\/www.apfelpatient.de\\\/en\\\/#organization\",\"name\":\"Apfelpatient\",\"url\":\"https:\\\/\\\/www.apfelpatient.de\\\/en\\\/\"},\"alternateName\":\"Apfelpatient\",\"potentialAction\":[{\"@type\":\"SearchAction\",\"target\":{\"@type\":\"EntryPoint\",\"urlTemplate\":\"https:\\\/\\\/www.apfelpatient.de\\\/?s={search_term_string}\"},\"query-input\":{\"@type\":\"PropertyValueSpecification\",\"valueRequired\":true,\"valueName\":\"search_term_string\"}}],\"inLanguage\":\"en-US\"},{\"@type\":[\"Person\",\"Organization\"],\"@id\":\"https:\\\/\\\/www.apfelpatient.de\\\/#\\\/schema\\\/person\\\/7dc56ad6c8e9824b76d2c08d4c140e13\",\"name\":\"Milan\",\"logo\":{\"@id\":\"https:\\\/\\\/www.apfelpatient.de\\\/#\\\/schema\\\/person\\\/image\\\/\"},\"description\":\"Hallo und herzlich willkommen auf meinem Technik-Blog! Als gro\u00dfer Apple-Fan berichte ich hier \u00fcber alles, was mit Apple zu tun hat: von den neuesten News und spannenden Ger\u00fcchten \u00fcber hilfreiche Tipps und Tricks bis hin zu ausf\u00fchrlichen Produkttests. Wenn du genauso technikbegeistert bist wie ich, bist du hier genau richtig!\",\"sameAs\":[\"https:\\\/\\\/www.facebook.com\\\/apfelpatientOfficial\",\"https:\\\/\\\/www.linkedin.com\\\/in\\\/milan-jovicic-42aa0231b\"],\"url\":\"https:\\\/\\\/www.apfelpatient.de\\\/en\\\/author\\\/apfeladmin\"}]}<\/script>\n<!-- \/ Yoast SEO Premium plugin. -->","yoast_head_json":{"title":"Launch of iLappen, Macbook Pro 2021 and AirPods 3 Apfelpatient","description":"Apple recently introduced the brand new MacBook Pro 2021 series and AirPods 3. The company is also now selling a polishing cloth.","robots":{"index":"index","follow":"follow","max-snippet":"max-snippet:-1","max-image-preview":"max-image-preview:large","max-video-preview":"max-video-preview:-1"},"canonical":"https:\/\/www.apfelpatient.de\/en\/news\/launch-of-ilapp-macbook-pro-2021-and-airpods-3","og_locale":"en_US","og_type":"article","og_title":"Startschuss f\u00fcr iLappen, Macbook Pro 2021 und AirPods 3","og_description":"Apple hat k\u00fcrzlich die brandneue MacBook Pro 2021 Reihe und AirPods 3 vorgestellt. Au\u00dferdem verkauft das Unternehmen fortan ein Poliertuch.","og_url":"https:\/\/www.apfelpatient.de\/en\/news\/launch-of-ilapp-macbook-pro-2021-and-airpods-3","og_site_name":"Apfelpatient","article_publisher":"https:\/\/www.facebook.com\/apfelpatientOfficial","article_author":"https:\/\/www.facebook.com\/apfelpatientOfficial","article_published_time":"2021-10-26T09:10:36+00:00","article_modified_time":"2021-10-26T09:11:10+00:00","og_image":[{"width":1600,"height":1200,"url":"https:\/\/www.apfelpatient.de\/wp-content\/uploads\/2021\/10\/3CF2EB72-80CD-49A1-BDDD-7E441E304049.png","type":"image\/png"}],"author":"Milan","twitter_card":"summary_large_image","twitter_description":"Apple hat k\u00fcrzlich die brandneue MacBook Pro 2021 Reihe und AirPods 3 vorgestellt. Au\u00dferdem verkauft das Unternehmen fortan ein Poliertuch.","twitter_misc":{"Written by":"Milan","Est. reading time":"4 minutes"},"schema":{"@context":"https:\/\/schema.org","@graph":[{"@type":"NewsArticle","@id":"https:\/\/www.apfelpatient.de\/news\/startschuss-fuer-ilappen-macbook-pro-2021-und-airpods-3#article","isPartOf":{"@id":"https:\/\/www.apfelpatient.de\/news\/startschuss-fuer-ilappen-macbook-pro-2021-und-airpods-3"},"author":{"@type":"Organization","@id":"https:\/\/www.apfelpatient.de\/en\/#organization","name":"Apfelpatient","url":"https:\/\/www.apfelpatient.de\/en\/"},"headline":"Startschuss f\u00fcr iLappen, Macbook Pro 2021 und AirPods 3","datePublished":"2021-10-26T09:10:36+00:00","dateModified":"2021-10-26T09:11:10+00:00","mainEntityOfPage":{"@id":"https:\/\/www.apfelpatient.de\/news\/startschuss-fuer-ilappen-macbook-pro-2021-und-airpods-3"},"wordCount":646,"publisher":{"@type":"Organization","@id":"https:\/\/www.apfelpatient.de\/en\/#organization","name":"Apfelpatient","url":"https:\/\/www.apfelpatient.de\/en\/"},"image":{"@id":"https:\/\/www.apfelpatient.de\/news\/startschuss-fuer-ilappen-macbook-pro-2021-und-airpods-3#primaryimage"},"thumbnailUrl":"https:\/\/www.apfelpatient.de\/wp-content\/uploads\/2021\/10\/3CF2EB72-80CD-49A1-BDDD-7E441E304049.png","keywords":["AirPods","Apple Watch","iPad","iPhone","Mac"],"articleSection":"News","inLanguage":"en-US","copyrightYear":"2021","copyrightHolder":{"@id":"https:\/\/www.apfelpatient.de\/en\/#organization"}},{"@type":"WebPage","@id":"https:\/\/www.apfelpatient.de\/news\/startschuss-fuer-ilappen-macbook-pro-2021-und-airpods-3","url":"https:\/\/www.apfelpatient.de\/news\/startschuss-fuer-ilappen-macbook-pro-2021-und-airpods-3","name":"Launch of iLappen, Macbook Pro 2021 and AirPods 3 Apfelpatient","isPartOf":{"@id":"https:\/\/www.apfelpatient.de\/#website"},"primaryImageOfPage":{"@id":"https:\/\/www.apfelpatient.de\/news\/startschuss-fuer-ilappen-macbook-pro-2021-und-airpods-3#primaryimage"},"image":{"@id":"https:\/\/www.apfelpatient.de\/news\/startschuss-fuer-ilappen-macbook-pro-2021-und-airpods-3#primaryimage"},"thumbnailUrl":"https:\/\/www.apfelpatient.de\/wp-content\/uploads\/2021\/10\/3CF2EB72-80CD-49A1-BDDD-7E441E304049.png","datePublished":"2021-10-26T09:10:36+00:00","dateModified":"2021-10-26T09:11:10+00:00","description":"Apple recently introduced the brand new MacBook Pro 2021 series and AirPods 3. The company is also now selling a polishing cloth.","breadcrumb":{"@id":"https:\/\/www.apfelpatient.de\/news\/startschuss-fuer-ilappen-macbook-pro-2021-und-airpods-3#breadcrumb"},"inLanguage":"en-US","potentialAction":[{"@type":"ReadAction","target":["https:\/\/www.apfelpatient.de\/news\/startschuss-fuer-ilappen-macbook-pro-2021-und-airpods-3"]}]},{"@type":"ImageObject","inLanguage":"en-US","@id":"https:\/\/www.apfelpatient.de\/news\/startschuss-fuer-ilappen-macbook-pro-2021-und-airpods-3#primaryimage","url":"https:\/\/www.apfelpatient.de\/wp-content\/uploads\/2021\/10\/3CF2EB72-80CD-49A1-BDDD-7E441E304049.png","contentUrl":"https:\/\/www.apfelpatient.de\/wp-content\/uploads\/2021\/10\/3CF2EB72-80CD-49A1-BDDD-7E441E304049.png","width":1600,"height":1200,"caption":"Apple Poliertuch"},{"@type":"BreadcrumbList","@id":"https:\/\/www.apfelpatient.de\/news\/startschuss-fuer-ilappen-macbook-pro-2021-und-airpods-3#breadcrumb","itemListElement":[{"@type":"ListItem","position":1,"name":"Startseite","item":"https:\/\/www.apfelpatient.de\/"},{"@type":"ListItem","position":2,"name":"Startschuss f\u00fcr iLappen, Macbook Pro 2021 und AirPods 3"}]},{"@type":"WebSite","@id":"https:\/\/www.apfelpatient.de\/#website","url":"https:\/\/www.apfelpatient.de\/","name":"apple patient","description":"Everything about Apple!","publisher":{"@type":"Organization","@id":"https:\/\/www.apfelpatient.de\/en\/#organization","name":"Apfelpatient","url":"https:\/\/www.apfelpatient.de\/en\/"},"alternateName":"Apfelpatient","potentialAction":[{"@type":"SearchAction","target":{"@type":"EntryPoint","urlTemplate":"https:\/\/www.apfelpatient.de\/?s={search_term_string}"},"query-input":{"@type":"PropertyValueSpecification","valueRequired":true,"valueName":"search_term_string"}}],"inLanguage":"en-US"},{"@type":["Person","Organization"],"@id":"https:\/\/www.apfelpatient.de\/#\/schema\/person\/7dc56ad6c8e9824b76d2c08d4c140e13","name":"Milan","logo":{"@id":"https:\/\/www.apfelpatient.de\/#\/schema\/person\/image\/"},"description":"Hello and welcome to my technology blog! As a big Apple fan, I report on everything to do with Apple: from the latest news and exciting rumors to helpful tips and tricks and detailed product tests. If you are as enthusiastic about technology as I am, you have come to the right place!","sameAs":["https:\/\/www.facebook.com\/apfelpatientOfficial","https:\/\/www.linkedin.com\/in\/milan-jovicic-42aa0231b"],"url":"https:\/\/www.apfelpatient.de\/en\/author\/apfeladmin"}]}},"_links":{"self":[{"href":"https:\/\/www.apfelpatient.de\/en\/wp-json\/wp\/v2\/posts\/27906","targetHints":{"allow":["GET"]}}],"collection":[{"href":"https:\/\/www.apfelpatient.de\/en\/wp-json\/wp\/v2\/posts"}],"about":[{"href":"https:\/\/www.apfelpatient.de\/en\/wp-json\/wp\/v2\/types\/post"}],"author":[{"embeddable":true,"href":"https:\/\/www.apfelpatient.de\/en\/wp-json\/wp\/v2\/users\/2"}],"replies":[{"embeddable":true,"href":"https:\/\/www.apfelpatient.de\/en\/wp-json\/wp\/v2\/comments?post=27906"}],"version-history":[{"count":0,"href":"https:\/\/www.apfelpatient.de\/en\/wp-json\/wp\/v2\/posts\/27906\/revisions"}],"wp:featuredmedia":[{"embeddable":true,"href":"https:\/\/www.apfelpatient.de\/en\/wp-json\/wp\/v2\/media\/27633"}],"wp:attachment":[{"href":"https:\/\/www.apfelpatient.de\/en\/wp-json\/wp\/v2\/media?parent=27906"}],"wp:term":[{"taxonomy":"category","embeddable":true,"href":"https:\/\/www.apfelpatient.de\/en\/wp-json\/wp\/v2\/categories?post=27906"},{"taxonomy":"post_tag","embeddable":true,"href":"https:\/\/www.apfelpatient.de\/en\/wp-json\/wp\/v2\/tags?post=27906"}],"curies":[{"name":"wp","href":"https:\/\/api.w.org\/{rel}","templated":true}]}}