{"id":27792,"date":"2021-10-22T19:52:00","date_gmt":"2021-10-22T17:52:00","guid":{"rendered":"https:\/\/www.apfelpatient.de\/?p=27792"},"modified":"2021-10-22T19:52:01","modified_gmt":"2021-10-22T17:52:01","slug":"airpods-pro-2-this-is-what-the-new-charging-case-looks-like","status":"publish","type":"post","link":"https:\/\/www.apfelpatient.de\/en\/rumors\/airpods-pro-2-sieht-so-das-neue-ladecase-aus","title":{"rendered":"AirPods Pro 2: Is this what the new charging case looks like?"},"content":{"rendered":"<p class=\"has-drop-cap\"><strong>Now that Apple has introduced the AirPods 3, the AirPods Pro 2 are moving into the focus of the rumor mill. According to various sources, these are due to be released next year. Now questionable images have surfaced that are said to show, among other things, the revised case.<\/strong><\/p>\n\n\n\n<p>News channel Bloomberg has already reported that the second generation of AirPods Pro will have a &quot;more compact&quot; design, with the stem that currently protrudes from the bottom of the AirPods Pro likely to be completely removed. However, the report pointed out that it is difficult for Apple to remove the stem of the AirPods Pro while retaining features such as noise cancellation and transparency mode. It is therefore no easy task. Now, US blog MacRumors says it has received images from an anonymous source that supposedly show the AirPods Pro 2. If the images are real, Apple seems to have given up on the idea of redesigning the earbuds and put the focus on the case.<\/p>\n\n\n\n<figure class=\"wp-block-image size-large\"><img decoding=\"async\" width=\"1024\" height=\"703\" src=\"https:\/\/www.apfelpatient.de\/wp-content\/uploads\/2021\/10\/airpods-pro-2-1-1024x703.jpg\" alt=\"AirPods Pro 2\" class=\"wp-image-27789\" srcset=\"https:\/\/www.apfelpatient.de\/wp-content\/uploads\/2021\/10\/airpods-pro-2-1-1024x703.jpg 1024w, https:\/\/www.apfelpatient.de\/wp-content\/uploads\/2021\/10\/airpods-pro-2-1-300x206.jpg 300w, https:\/\/www.apfelpatient.de\/wp-content\/uploads\/2021\/10\/airpods-pro-2-1-768x528.jpg 768w, https:\/\/www.apfelpatient.de\/wp-content\/uploads\/2021\/10\/airpods-pro-2-1-1536x1055.jpg 1536w, https:\/\/www.apfelpatient.de\/wp-content\/uploads\/2021\/10\/airpods-pro-2-1-750x515.jpg 750w, https:\/\/www.apfelpatient.de\/wp-content\/uploads\/2021\/10\/airpods-pro-2-1-1140x783.jpg 1140w, https:\/\/www.apfelpatient.de\/wp-content\/uploads\/2021\/10\/airpods-pro-2-1.jpg 1600w\" sizes=\"(max-width: 1024px) 100vw, 1024px\" \/><figcaption>Image via MacRumors \u2013 AirPods Pro 2<\/figcaption><\/figure>\n\n\n\n<h3 class=\"wp-block-heading\" id=\"h-airpods-pro-2-neues-case-k-nnte-find-my-freundlicher-werden\">AirPods Pro 2: New case could be more \u201cFind My\u201d-friendly<\/h3>\n\n\n\n\n\n\n\n<p>The images show the AirPods Pro with an identical design to the current model, apart from a &quot;missing optical sensor on the bottom of each earbud.&quot; But that could be because Apple has switched to a new skin-detection sensor that we already saw on the AirPods 3 <a href=\"https:\/\/www.apfelpatient.de\/en\/news\/airpods-3-skin-detection-sensor-but-no-conversation-amplifier\">have seen<\/a>. But let&#039;s move on to the charging case. One of the images shows that the case has speaker holes, which are supposedly intended for deeper integration with Find My and allow users to play a sound to locate the case.<\/p>\n\n\n\n<figure class=\"wp-block-image size-large\"><img decoding=\"async\" width=\"1024\" height=\"717\" src=\"https:\/\/www.apfelpatient.de\/wp-content\/uploads\/2021\/10\/airpods-pro-2-2-1024x717.jpg\" alt=\"AirPods Pro 2\" class=\"wp-image-27788\" srcset=\"https:\/\/www.apfelpatient.de\/wp-content\/uploads\/2021\/10\/airpods-pro-2-2-1024x717.jpg 1024w, https:\/\/www.apfelpatient.de\/wp-content\/uploads\/2021\/10\/airpods-pro-2-2-300x210.jpg 300w, https:\/\/www.apfelpatient.de\/wp-content\/uploads\/2021\/10\/airpods-pro-2-2-768x538.jpg 768w, https:\/\/www.apfelpatient.de\/wp-content\/uploads\/2021\/10\/airpods-pro-2-2-1536x1075.jpg 1536w, https:\/\/www.apfelpatient.de\/wp-content\/uploads\/2021\/10\/airpods-pro-2-2-750x525.jpg 750w, https:\/\/www.apfelpatient.de\/wp-content\/uploads\/2021\/10\/airpods-pro-2-2-1140x798.jpg 1140w, https:\/\/www.apfelpatient.de\/wp-content\/uploads\/2021\/10\/airpods-pro-2-2.jpg 1600w\" sizes=\"(max-width: 1024px) 100vw, 1024px\" \/><figcaption>Image via MacRumors \u2013 AirPods Pro 2<\/figcaption><\/figure>\n\n\n\n<p>In addition, a possibility to attach a bracelet has been integrated into the case side, according to the source <a href=\"https:\/\/www.macrumors.com\/2021\/10\/22\/airpods-pro-2-photo-rumor\/\" target=\"_blank\" rel=\"noreferrer noopener\">opposite<\/a> MacRumors. Whether these pictures really show the AirPods Pro 2 remains to be seen. Since the authenticity cannot be verified, the whole thing should definitely be viewed with a large dose of skepticism. (Photo by Unsplash \/ Nidheesh Kavalan)<\/p>\n\n\n\n<ul class=\"wp-block-list\"><li><a href=\"https:\/\/www.apfelpatient.de\/en\/tips-tricks\/airpods-pro-conversation-amplifier-turn-on-how-to-do-it\">AirPods Pro: How to turn on the conversation amplifier<\/a><\/li><\/ul>\n\n\n\n<h6 class=\"wp-block-heading translation-block\" id=\"h-kennt-ihr-schon-unsere-amazon-storefront-dort-findet-ihr-eine-handverlesene-auswahl-von-diversen-produkten-f-r-euer-iphone-und-co-viel-spa-beim-st-bern\"><em>Have you already visited our Amazon Storefront? There you&#039;ll find a hand-picked selection of various products for your iPhone and other devices \u2013 <span class=\"has-inline-color has-vivid-red-color\"><a href=\"https:\/\/www.amazon.de\/shop\/apfelpatientofficial\" class=\"ek-link\" data-wpel-link=\"exclude\" rel=\"follow noopener\" target=\"_self\"><span style=\"text-decoration: underline\" class=\"ek-underline\">enjoy browsing<\/span><\/a> !<\/span><\/em><\/h6>\n\n\n\n<h6 class=\"wp-block-heading translation-block\" id=\"h-der-beitrag-enthalt-partnerlinks\">This post contains <a data-type=\"URL\" data-id=\"https:\/\/www.apfelpatient.de\/partnerprogramm\" href=\"https:\/\/www.apfelpatient.de\/en\/partner-program\" data-wpel-link=\"internal\" target=\"_self\">affiliate links<\/a>.<\/h6>","protected":false},"excerpt":{"rendered":"<p>Pictures have surfaced: Now that Apple has introduced the AirPods 3, the AirPods Pro 2 are moving further into the focus of the rumor mill.<\/p>","protected":false},"author":2,"featured_media":27790,"comment_status":"closed","ping_status":"closed","sticky":false,"template":"","format":"standard","meta":{"jnews-multi-image_gallery":[],"jnews_single_post":{"subtitle":"","format":"standard","video":"","gallery":"","source_name":"","source_url":"","via_name":"","via_url":"","override":[{"single_blog_custom":"","sidebar":"","second_sidebar":"","share_position":"","share_float_style":"","post_date_format":"","post_date_format_custom":"","post_reading_time_wpm":"","zoom_button_out_step":"1","zoom_button_in_step":"1","number_popup_post":"1"}],"image_override":[{"single_post_thumbnail_size":"","single_post_gallery_size":""}],"trending_post_position":"","trending_post_label":"","sponsored_post_label":"","sponsored_post_name":"","sponsored_post_url":"","sponsored_post_logo":"","sponsored_post_desc":""},"jnews_primary_category":{"id":"25"},"footnotes":""},"categories":[25],"tags":[28,401],"class_list":["post-27792","post","type-post","status-publish","format-standard","has-post-thumbnail","hentry","category-rumors","tag-airpods","tag-airpods-pro-2"],"yoast_head":"<!-- This site is optimized with the Yoast SEO Premium plugin v27.5 (Yoast SEO v27.5) - https:\/\/yoast.com\/product\/yoast-seo-premium-wordpress\/ -->\n<title>AirPods Pro 2: Sieht so das neue Ladecase aus? Apfelpatient<\/title>\n<meta name=\"description\" content=\"Bilder aufgetaucht: Nachdem Apple nun die AirPods 3 vorgestellt hat, r\u00fccken die AirPods Pro 2 weiter in den Fokus der Ger\u00fcchtek\u00fcche.\" \/>\n<meta name=\"robots\" content=\"index, follow, max-snippet:-1, max-image-preview:large, max-video-preview:-1\" \/>\n<link rel=\"canonical\" href=\"https:\/\/www.apfelpatient.de\/en\/rumors\/airpods-pro-2-this-is-what-the-new-charging-case-looks-like\" \/>\n<meta property=\"og:locale\" content=\"en_US\" \/>\n<meta property=\"og:type\" content=\"article\" \/>\n<meta property=\"og:title\" content=\"AirPods Pro 2: Sieht so das neue Ladecase aus?\" \/>\n<meta property=\"og:description\" content=\"Bilder aufgetaucht: Nachdem Apple nun die AirPods 3 vorgestellt hat, r\u00fccken die AirPods Pro 2 weiter in den Fokus der Ger\u00fcchtek\u00fcche.\" \/>\n<meta property=\"og:url\" content=\"https:\/\/www.apfelpatient.de\/en\/rumors\/airpods-pro-2-this-is-what-the-new-charging-case-looks-like\" \/>\n<meta property=\"og:site_name\" content=\"Apfelpatient\" \/>\n<meta property=\"article:publisher\" content=\"https:\/\/www.facebook.com\/apfelpatientOfficial\" \/>\n<meta property=\"article:author\" content=\"https:\/\/www.facebook.com\/apfelpatientOfficial\" \/>\n<meta property=\"article:published_time\" content=\"2021-10-22T17:52:00+00:00\" \/>\n<meta property=\"article:modified_time\" content=\"2021-10-22T17:52:01+00:00\" \/>\n<meta property=\"og:image\" content=\"https:\/\/www.apfelpatient.de\/wp-content\/uploads\/2021\/10\/nidheesh-kavalan-wscuT4NtHXE-unsplash.jpg\" \/>\n\t<meta property=\"og:image:width\" content=\"1600\" \/>\n\t<meta property=\"og:image:height\" content=\"1067\" \/>\n\t<meta property=\"og:image:type\" content=\"image\/jpeg\" \/>\n<meta name=\"author\" content=\"Milan\" \/>\n<meta name=\"twitter:card\" content=\"summary_large_image\" \/>\n<meta name=\"twitter:description\" content=\"Bilder aufgetaucht: Nachdem Apple nun die AirPods 3 vorgestellt hat, r\u00fccken die AirPods Pro 2 weiter in den Fokus der Ger\u00fcchtek\u00fcche.\" \/>\n<meta name=\"twitter:label1\" content=\"Written by\" \/>\n\t<meta name=\"twitter:data1\" content=\"Milan\" \/>\n\t<meta name=\"twitter:label2\" content=\"Est. reading time\" \/>\n\t<meta name=\"twitter:data2\" content=\"2 minutes\" \/>\n<script type=\"application\/ld+json\" class=\"yoast-schema-graph\">{\"@context\":\"https:\\\/\\\/schema.org\",\"@graph\":[{\"@type\":\"NewsArticle\",\"@id\":\"https:\\\/\\\/www.apfelpatient.de\\\/rumors\\\/airpods-pro-2-sieht-so-das-neue-ladecase-aus#article\",\"isPartOf\":{\"@id\":\"https:\\\/\\\/www.apfelpatient.de\\\/rumors\\\/airpods-pro-2-sieht-so-das-neue-ladecase-aus\"},\"author\":{\"@type\":\"Organization\",\"@id\":\"https:\\\/\\\/www.apfelpatient.de\\\/en\\\/#organization\",\"name\":\"Apfelpatient\",\"url\":\"https:\\\/\\\/www.apfelpatient.de\\\/en\\\/\"},\"headline\":\"AirPods Pro 2: Sieht so das neue Ladecase aus?\",\"datePublished\":\"2021-10-22T17:52:00+00:00\",\"dateModified\":\"2021-10-22T17:52:01+00:00\",\"mainEntityOfPage\":{\"@id\":\"https:\\\/\\\/www.apfelpatient.de\\\/rumors\\\/airpods-pro-2-sieht-so-das-neue-ladecase-aus\"},\"wordCount\":362,\"publisher\":{\"@type\":\"Organization\",\"@id\":\"https:\\\/\\\/www.apfelpatient.de\\\/en\\\/#organization\",\"name\":\"Apfelpatient\",\"url\":\"https:\\\/\\\/www.apfelpatient.de\\\/en\\\/\"},\"image\":{\"@id\":\"https:\\\/\\\/www.apfelpatient.de\\\/rumors\\\/airpods-pro-2-sieht-so-das-neue-ladecase-aus#primaryimage\"},\"thumbnailUrl\":\"https:\\\/\\\/www.apfelpatient.de\\\/wp-content\\\/uploads\\\/2021\\\/10\\\/nidheesh-kavalan-wscuT4NtHXE-unsplash.jpg\",\"keywords\":[\"AirPods\",\"AirPods Pro 2\"],\"articleSection\":\"Rumors\",\"inLanguage\":\"en-US\",\"copyrightYear\":\"2021\",\"copyrightHolder\":{\"@id\":\"https:\\\/\\\/www.apfelpatient.de\\\/en\\\/#organization\"}},{\"@type\":\"WebPage\",\"@id\":\"https:\\\/\\\/www.apfelpatient.de\\\/rumors\\\/airpods-pro-2-sieht-so-das-neue-ladecase-aus\",\"url\":\"https:\\\/\\\/www.apfelpatient.de\\\/rumors\\\/airpods-pro-2-sieht-so-das-neue-ladecase-aus\",\"name\":\"AirPods Pro 2: Sieht so das neue Ladecase aus? Apfelpatient\",\"isPartOf\":{\"@id\":\"https:\\\/\\\/www.apfelpatient.de\\\/#website\"},\"primaryImageOfPage\":{\"@id\":\"https:\\\/\\\/www.apfelpatient.de\\\/rumors\\\/airpods-pro-2-sieht-so-das-neue-ladecase-aus#primaryimage\"},\"image\":{\"@id\":\"https:\\\/\\\/www.apfelpatient.de\\\/rumors\\\/airpods-pro-2-sieht-so-das-neue-ladecase-aus#primaryimage\"},\"thumbnailUrl\":\"https:\\\/\\\/www.apfelpatient.de\\\/wp-content\\\/uploads\\\/2021\\\/10\\\/nidheesh-kavalan-wscuT4NtHXE-unsplash.jpg\",\"datePublished\":\"2021-10-22T17:52:00+00:00\",\"dateModified\":\"2021-10-22T17:52:01+00:00\",\"description\":\"Bilder aufgetaucht: Nachdem Apple nun die AirPods 3 vorgestellt hat, r\u00fccken die AirPods Pro 2 weiter in den Fokus der Ger\u00fcchtek\u00fcche.\",\"breadcrumb\":{\"@id\":\"https:\\\/\\\/www.apfelpatient.de\\\/rumors\\\/airpods-pro-2-sieht-so-das-neue-ladecase-aus#breadcrumb\"},\"inLanguage\":\"en-US\",\"potentialAction\":[{\"@type\":\"ReadAction\",\"target\":[\"https:\\\/\\\/www.apfelpatient.de\\\/rumors\\\/airpods-pro-2-sieht-so-das-neue-ladecase-aus\"]}]},{\"@type\":\"ImageObject\",\"inLanguage\":\"en-US\",\"@id\":\"https:\\\/\\\/www.apfelpatient.de\\\/rumors\\\/airpods-pro-2-sieht-so-das-neue-ladecase-aus#primaryimage\",\"url\":\"https:\\\/\\\/www.apfelpatient.de\\\/wp-content\\\/uploads\\\/2021\\\/10\\\/nidheesh-kavalan-wscuT4NtHXE-unsplash.jpg\",\"contentUrl\":\"https:\\\/\\\/www.apfelpatient.de\\\/wp-content\\\/uploads\\\/2021\\\/10\\\/nidheesh-kavalan-wscuT4NtHXE-unsplash.jpg\",\"width\":1600,\"height\":1067,\"caption\":\"Photo by Unsplash \\\/ Nidheesh Kavalan\"},{\"@type\":\"BreadcrumbList\",\"@id\":\"https:\\\/\\\/www.apfelpatient.de\\\/rumors\\\/airpods-pro-2-sieht-so-das-neue-ladecase-aus#breadcrumb\",\"itemListElement\":[{\"@type\":\"ListItem\",\"position\":1,\"name\":\"Startseite\",\"item\":\"https:\\\/\\\/www.apfelpatient.de\\\/\"},{\"@type\":\"ListItem\",\"position\":2,\"name\":\"AirPods Pro 2: Sieht so das neue Ladecase aus?\"}]},{\"@type\":\"WebSite\",\"@id\":\"https:\\\/\\\/www.apfelpatient.de\\\/#website\",\"url\":\"https:\\\/\\\/www.apfelpatient.de\\\/\",\"name\":\"Apfelpatient\",\"description\":\"Alles rund um Apple!\",\"publisher\":{\"@type\":\"Organization\",\"@id\":\"https:\\\/\\\/www.apfelpatient.de\\\/en\\\/#organization\",\"name\":\"Apfelpatient\",\"url\":\"https:\\\/\\\/www.apfelpatient.de\\\/en\\\/\"},\"alternateName\":\"Apfelpatient\",\"potentialAction\":[{\"@type\":\"SearchAction\",\"target\":{\"@type\":\"EntryPoint\",\"urlTemplate\":\"https:\\\/\\\/www.apfelpatient.de\\\/?s={search_term_string}\"},\"query-input\":{\"@type\":\"PropertyValueSpecification\",\"valueRequired\":true,\"valueName\":\"search_term_string\"}}],\"inLanguage\":\"en-US\"},{\"@type\":[\"Person\",\"Organization\"],\"@id\":\"https:\\\/\\\/www.apfelpatient.de\\\/#\\\/schema\\\/person\\\/7dc56ad6c8e9824b76d2c08d4c140e13\",\"name\":\"Milan\",\"logo\":{\"@id\":\"https:\\\/\\\/www.apfelpatient.de\\\/#\\\/schema\\\/person\\\/image\\\/\"},\"description\":\"Hallo und herzlich willkommen auf meinem Technik-Blog! Als gro\u00dfer Apple-Fan berichte ich hier \u00fcber alles, was mit Apple zu tun hat: von den neuesten News und spannenden Ger\u00fcchten \u00fcber hilfreiche Tipps und Tricks bis hin zu ausf\u00fchrlichen Produkttests. Wenn du genauso technikbegeistert bist wie ich, bist du hier genau richtig!\",\"sameAs\":[\"https:\\\/\\\/www.facebook.com\\\/apfelpatientOfficial\",\"https:\\\/\\\/www.linkedin.com\\\/in\\\/milan-jovicic-42aa0231b\"],\"url\":\"https:\\\/\\\/www.apfelpatient.de\\\/en\\\/author\\\/apfeladmin\"}]}<\/script>\n<!-- \/ Yoast SEO Premium plugin. -->","yoast_head_json":{"title":"AirPods Pro 2: Is this what the new charging case looks like? Apfelpatient","description":"Pictures have surfaced: Now that Apple has introduced the AirPods 3, the AirPods Pro 2 are moving further into the focus of the rumor mill.","robots":{"index":"index","follow":"follow","max-snippet":"max-snippet:-1","max-image-preview":"max-image-preview:large","max-video-preview":"max-video-preview:-1"},"canonical":"https:\/\/www.apfelpatient.de\/en\/rumors\/airpods-pro-2-this-is-what-the-new-charging-case-looks-like","og_locale":"en_US","og_type":"article","og_title":"AirPods Pro 2: Sieht so das neue Ladecase aus?","og_description":"Bilder aufgetaucht: Nachdem Apple nun die AirPods 3 vorgestellt hat, r\u00fccken die AirPods Pro 2 weiter in den Fokus der Ger\u00fcchtek\u00fcche.","og_url":"https:\/\/www.apfelpatient.de\/en\/rumors\/airpods-pro-2-this-is-what-the-new-charging-case-looks-like","og_site_name":"Apfelpatient","article_publisher":"https:\/\/www.facebook.com\/apfelpatientOfficial","article_author":"https:\/\/www.facebook.com\/apfelpatientOfficial","article_published_time":"2021-10-22T17:52:00+00:00","article_modified_time":"2021-10-22T17:52:01+00:00","og_image":[{"width":1600,"height":1067,"url":"https:\/\/www.apfelpatient.de\/wp-content\/uploads\/2021\/10\/nidheesh-kavalan-wscuT4NtHXE-unsplash.jpg","type":"image\/jpeg"}],"author":"Milan","twitter_card":"summary_large_image","twitter_description":"Bilder aufgetaucht: Nachdem Apple nun die AirPods 3 vorgestellt hat, r\u00fccken die AirPods Pro 2 weiter in den Fokus der Ger\u00fcchtek\u00fcche.","twitter_misc":{"Written by":"Milan","Est. reading time":"2 minutes"},"schema":{"@context":"https:\/\/schema.org","@graph":[{"@type":"NewsArticle","@id":"https:\/\/www.apfelpatient.de\/rumors\/airpods-pro-2-sieht-so-das-neue-ladecase-aus#article","isPartOf":{"@id":"https:\/\/www.apfelpatient.de\/rumors\/airpods-pro-2-sieht-so-das-neue-ladecase-aus"},"author":{"@type":"Organization","@id":"https:\/\/www.apfelpatient.de\/en\/#organization","name":"Apfelpatient","url":"https:\/\/www.apfelpatient.de\/en\/"},"headline":"AirPods Pro 2: Sieht so das neue Ladecase aus?","datePublished":"2021-10-22T17:52:00+00:00","dateModified":"2021-10-22T17:52:01+00:00","mainEntityOfPage":{"@id":"https:\/\/www.apfelpatient.de\/rumors\/airpods-pro-2-sieht-so-das-neue-ladecase-aus"},"wordCount":362,"publisher":{"@type":"Organization","@id":"https:\/\/www.apfelpatient.de\/en\/#organization","name":"Apfelpatient","url":"https:\/\/www.apfelpatient.de\/en\/"},"image":{"@id":"https:\/\/www.apfelpatient.de\/rumors\/airpods-pro-2-sieht-so-das-neue-ladecase-aus#primaryimage"},"thumbnailUrl":"https:\/\/www.apfelpatient.de\/wp-content\/uploads\/2021\/10\/nidheesh-kavalan-wscuT4NtHXE-unsplash.jpg","keywords":["AirPods","AirPods Pro 2"],"articleSection":"Rumors","inLanguage":"en-US","copyrightYear":"2021","copyrightHolder":{"@id":"https:\/\/www.apfelpatient.de\/en\/#organization"}},{"@type":"WebPage","@id":"https:\/\/www.apfelpatient.de\/rumors\/airpods-pro-2-sieht-so-das-neue-ladecase-aus","url":"https:\/\/www.apfelpatient.de\/rumors\/airpods-pro-2-sieht-so-das-neue-ladecase-aus","name":"AirPods Pro 2: Is this what the new charging case looks like? Apfelpatient","isPartOf":{"@id":"https:\/\/www.apfelpatient.de\/#website"},"primaryImageOfPage":{"@id":"https:\/\/www.apfelpatient.de\/rumors\/airpods-pro-2-sieht-so-das-neue-ladecase-aus#primaryimage"},"image":{"@id":"https:\/\/www.apfelpatient.de\/rumors\/airpods-pro-2-sieht-so-das-neue-ladecase-aus#primaryimage"},"thumbnailUrl":"https:\/\/www.apfelpatient.de\/wp-content\/uploads\/2021\/10\/nidheesh-kavalan-wscuT4NtHXE-unsplash.jpg","datePublished":"2021-10-22T17:52:00+00:00","dateModified":"2021-10-22T17:52:01+00:00","description":"Pictures have surfaced: Now that Apple has introduced the AirPods 3, the AirPods Pro 2 are moving further into the focus of the rumor mill.","breadcrumb":{"@id":"https:\/\/www.apfelpatient.de\/rumors\/airpods-pro-2-sieht-so-das-neue-ladecase-aus#breadcrumb"},"inLanguage":"en-US","potentialAction":[{"@type":"ReadAction","target":["https:\/\/www.apfelpatient.de\/rumors\/airpods-pro-2-sieht-so-das-neue-ladecase-aus"]}]},{"@type":"ImageObject","inLanguage":"en-US","@id":"https:\/\/www.apfelpatient.de\/rumors\/airpods-pro-2-sieht-so-das-neue-ladecase-aus#primaryimage","url":"https:\/\/www.apfelpatient.de\/wp-content\/uploads\/2021\/10\/nidheesh-kavalan-wscuT4NtHXE-unsplash.jpg","contentUrl":"https:\/\/www.apfelpatient.de\/wp-content\/uploads\/2021\/10\/nidheesh-kavalan-wscuT4NtHXE-unsplash.jpg","width":1600,"height":1067,"caption":"Photo by Unsplash \/ Nidheesh Kavalan"},{"@type":"BreadcrumbList","@id":"https:\/\/www.apfelpatient.de\/rumors\/airpods-pro-2-sieht-so-das-neue-ladecase-aus#breadcrumb","itemListElement":[{"@type":"ListItem","position":1,"name":"Startseite","item":"https:\/\/www.apfelpatient.de\/"},{"@type":"ListItem","position":2,"name":"AirPods Pro 2: Sieht so das neue Ladecase aus?"}]},{"@type":"WebSite","@id":"https:\/\/www.apfelpatient.de\/#website","url":"https:\/\/www.apfelpatient.de\/","name":"apple patient","description":"Everything about Apple!","publisher":{"@type":"Organization","@id":"https:\/\/www.apfelpatient.de\/en\/#organization","name":"Apfelpatient","url":"https:\/\/www.apfelpatient.de\/en\/"},"alternateName":"Apfelpatient","potentialAction":[{"@type":"SearchAction","target":{"@type":"EntryPoint","urlTemplate":"https:\/\/www.apfelpatient.de\/?s={search_term_string}"},"query-input":{"@type":"PropertyValueSpecification","valueRequired":true,"valueName":"search_term_string"}}],"inLanguage":"en-US"},{"@type":["Person","Organization"],"@id":"https:\/\/www.apfelpatient.de\/#\/schema\/person\/7dc56ad6c8e9824b76d2c08d4c140e13","name":"Milan","logo":{"@id":"https:\/\/www.apfelpatient.de\/#\/schema\/person\/image\/"},"description":"Hello and welcome to my technology blog! As a big Apple fan, I report on everything to do with Apple: from the latest news and exciting rumors to helpful tips and tricks and detailed product tests. If you are as enthusiastic about technology as I am, you have come to the right place!","sameAs":["https:\/\/www.facebook.com\/apfelpatientOfficial","https:\/\/www.linkedin.com\/in\/milan-jovicic-42aa0231b"],"url":"https:\/\/www.apfelpatient.de\/en\/author\/apfeladmin"}]}},"_links":{"self":[{"href":"https:\/\/www.apfelpatient.de\/en\/wp-json\/wp\/v2\/posts\/27792","targetHints":{"allow":["GET"]}}],"collection":[{"href":"https:\/\/www.apfelpatient.de\/en\/wp-json\/wp\/v2\/posts"}],"about":[{"href":"https:\/\/www.apfelpatient.de\/en\/wp-json\/wp\/v2\/types\/post"}],"author":[{"embeddable":true,"href":"https:\/\/www.apfelpatient.de\/en\/wp-json\/wp\/v2\/users\/2"}],"replies":[{"embeddable":true,"href":"https:\/\/www.apfelpatient.de\/en\/wp-json\/wp\/v2\/comments?post=27792"}],"version-history":[{"count":0,"href":"https:\/\/www.apfelpatient.de\/en\/wp-json\/wp\/v2\/posts\/27792\/revisions"}],"wp:featuredmedia":[{"embeddable":true,"href":"https:\/\/www.apfelpatient.de\/en\/wp-json\/wp\/v2\/media\/27790"}],"wp:attachment":[{"href":"https:\/\/www.apfelpatient.de\/en\/wp-json\/wp\/v2\/media?parent=27792"}],"wp:term":[{"taxonomy":"category","embeddable":true,"href":"https:\/\/www.apfelpatient.de\/en\/wp-json\/wp\/v2\/categories?post=27792"},{"taxonomy":"post_tag","embeddable":true,"href":"https:\/\/www.apfelpatient.de\/en\/wp-json\/wp\/v2\/tags?post=27792"}],"curies":[{"name":"wp","href":"https:\/\/api.w.org\/{rel}","templated":true}]}}