{"id":27741,"date":"2021-10-20T17:49:24","date_gmt":"2021-10-20T15:49:24","guid":{"rendered":"https:\/\/www.apfelpatient.de\/?p=27741"},"modified":"2021-10-20T17:49:24","modified_gmt":"2021-10-20T15:49:24","slug":"airpods-3-skin-detection-sensor-but-no-conversation-amplifier","status":"publish","type":"post","link":"https:\/\/www.apfelpatient.de\/en\/news\/airpods-3-hauterkennungssensor-aber-kein-konversationsverstaerker","title":{"rendered":"AirPods 3: Skin detection sensor but no conversation amplifier"},"content":{"rendered":"<p class=\"has-drop-cap\"><strong>The AirPods 3 feature a new skin-detection sensor for improved in-ear detection. However, the conversation amplifier is not included.<\/strong><\/p>\n\n\n\n<p>Apple finally introduced the third generation of AirPods on Monday evening, which feature an updated design, improved sound quality and an additional hour of battery life compared to the second generation AirPods. In addition, the popular earbuds also feature Spatial Audio. Now <a href=\"https:\/\/www.trendforce.com\/presscenter\/news\/20211020-10973.html\" target=\"_blank\" rel=\"noreferrer noopener\">reported<\/a> TrendForce, citing industry insiders, said the new skin detection sensor could allow the AirPods 3 to detect the moisture level of the wearer&#039;s skin. What they don&#039;t have is active noise cancellation. That remains reserved for the AirPods Pro.<\/p>\n\n\n\n<h3 class=\"wp-block-heading\" id=\"h-wer-keine-silikontips-mag-der-sollte-die-airpods-3-nehmen\">If you don&#039;t like silicone tips, you should get the AirPods 3<\/h3>\n\n\n\n\n\n\n\n<p>However, anyone hoping for the conversation booster will be disappointed. As a reminder: Conversation Boost is a feature in iOS 15 that uses the beamforming microphones in the AirPods Pro to increase the volume of conversations, which is ideal for people with mild to moderate hearing problems. However, the AirPods 3 do not seem to have this feature. If you don&#039;t have AirPods yet and want the feature, you will probably have to get the AirPods Pro. Be that as it may. If you still prefer the third generation of the earbuds or want to have them in addition, you can now order them from Apple and <a href=\"https:\/\/amzn.to\/3AZc0Y6\" target=\"_blank\" rel=\"noreferrer noopener\">pre-order on Amazon<\/a>. Delivery will start on October 26th. (Image: Apple)<\/p>\n\n\n\n<ul class=\"wp-block-list\"><li><a href=\"https:\/\/www.apfelpatient.de\/en\/news\/airpods-3-battery-life-decreases-when-spatial-audio-is-activated\">AirPods 3: Battery life decreases when Spatial Audio is activated<\/a><\/li><\/ul>\n\n\n\n<h6 class=\"wp-block-heading translation-block\" id=\"h-kennt-ihr-schon-unsere-amazon-storefront-dort-findet-ihr-eine-handverlesene-auswahl-von-diversen-produkten-f-r-euer-iphone-und-co-viel-spa-beim-st-bern\"><em>Have you already visited our Amazon Storefront? There you&#039;ll find a hand-picked selection of various products for your iPhone and other devices \u2013 <span class=\"has-inline-color has-vivid-red-color\"><a href=\"https:\/\/www.amazon.de\/shop\/apfelpatientofficial\" class=\"ek-link\" data-wpel-link=\"exclude\" rel=\"follow noopener\" target=\"_self\"><span style=\"text-decoration: underline\" class=\"ek-underline\">enjoy browsing<\/span><\/a> !<\/span><\/em><\/h6>\n\n\n\n<h6 class=\"wp-block-heading translation-block\" id=\"h-der-beitrag-enthalt-partnerlinks\">This post contains <a data-type=\"URL\" data-id=\"https:\/\/www.apfelpatient.de\/partnerprogramm\" href=\"https:\/\/www.apfelpatient.de\/en\/partner-program\" data-wpel-link=\"internal\" target=\"_self\">affiliate links<\/a>.<\/h6>","protected":false},"excerpt":{"rendered":"<p>No conversation amplifier: The AirPods 3 feature a new skin detection sensor for improved in-ear detection.<\/p>","protected":false},"author":2,"featured_media":27607,"comment_status":"closed","ping_status":"closed","sticky":false,"template":"","format":"standard","meta":{"jnews-multi-image_gallery":[],"jnews_single_post":{"subtitle":"","format":"standard","video":"","gallery":"","source_name":"","source_url":"","via_name":"","via_url":"","override":[{"single_blog_custom":"","sidebar":"","second_sidebar":"","share_position":"","share_float_style":"","post_date_format":"","post_date_format_custom":"","post_reading_time_wpm":"","zoom_button_out_step":"1","zoom_button_in_step":"1","number_popup_post":"1"}],"image_override":[{"single_post_thumbnail_size":"","single_post_gallery_size":""}],"trending_post_position":"","trending_post_label":"","sponsored_post_label":"","sponsored_post_name":"","sponsored_post_url":"","sponsored_post_logo":"","sponsored_post_desc":""},"jnews_primary_category":{"id":"9"},"footnotes":""},"categories":[9],"tags":[28,255],"class_list":["post-27741","post","type-post","status-publish","format-standard","has-post-thumbnail","hentry","category-news","tag-airpods","tag-airpods-3"],"yoast_head":"<!-- This site is optimized with the Yoast SEO Premium plugin v27.5 (Yoast SEO v27.5) - https:\/\/yoast.com\/product\/yoast-seo-premium-wordpress\/ -->\n<title>AirPods 3: Hauterkennungssensor aber kein Konversationsverst\u00e4rker<\/title>\n<meta name=\"description\" content=\"Kein Konversationsverst\u00e4rker: Die AirPods 3 verf\u00fcgen \u00fcber einen neuen Hauterkennungssensor f\u00fcr eine verbesserte In-Ear-Erkennung.\" \/>\n<meta name=\"robots\" content=\"index, follow, max-snippet:-1, max-image-preview:large, max-video-preview:-1\" \/>\n<link rel=\"canonical\" href=\"https:\/\/www.apfelpatient.de\/en\/news\/airpods-3-skin-detection-sensor-but-no-conversation-amplifier\" \/>\n<meta property=\"og:locale\" content=\"en_US\" \/>\n<meta property=\"og:type\" content=\"article\" \/>\n<meta property=\"og:title\" content=\"AirPods 3: Hauterkennungssensor aber kein Konversationsverst\u00e4rker\" \/>\n<meta property=\"og:description\" content=\"Kein Konversationsverst\u00e4rker: Die AirPods 3 verf\u00fcgen \u00fcber einen neuen Hauterkennungssensor f\u00fcr eine verbesserte In-Ear-Erkennung.\" \/>\n<meta property=\"og:url\" content=\"https:\/\/www.apfelpatient.de\/en\/news\/airpods-3-skin-detection-sensor-but-no-conversation-amplifier\" \/>\n<meta property=\"og:site_name\" content=\"Apfelpatient\" \/>\n<meta property=\"article:publisher\" content=\"https:\/\/www.facebook.com\/apfelpatientOfficial\" \/>\n<meta property=\"article:author\" content=\"https:\/\/www.facebook.com\/apfelpatientOfficial\" \/>\n<meta property=\"article:published_time\" content=\"2021-10-20T15:49:24+00:00\" \/>\n<meta property=\"og:image\" content=\"https:\/\/www.apfelpatient.de\/wp-content\/uploads\/2021\/10\/1C0B1847-035E-463D-9EF8-1D480AB6F50F.png\" \/>\n\t<meta property=\"og:image:width\" content=\"1600\" \/>\n\t<meta property=\"og:image:height\" content=\"1200\" \/>\n\t<meta property=\"og:image:type\" content=\"image\/png\" \/>\n<meta name=\"author\" content=\"Milan\" \/>\n<meta name=\"twitter:card\" content=\"summary_large_image\" \/>\n<meta name=\"twitter:description\" content=\"Kein Konversationsverst\u00e4rker: Die AirPods 3 verf\u00fcgen \u00fcber einen neuen Hauterkennungssensor f\u00fcr eine verbesserte In-Ear-Erkennung.\" \/>\n<meta name=\"twitter:label1\" content=\"Written by\" \/>\n\t<meta name=\"twitter:data1\" content=\"Milan\" \/>\n\t<meta name=\"twitter:label2\" content=\"Est. reading time\" \/>\n\t<meta name=\"twitter:data2\" content=\"2 minutes\" \/>\n<script type=\"application\/ld+json\" class=\"yoast-schema-graph\">{\"@context\":\"https:\\\/\\\/schema.org\",\"@graph\":[{\"@type\":\"NewsArticle\",\"@id\":\"https:\\\/\\\/www.apfelpatient.de\\\/news\\\/airpods-3-hauterkennungssensor-aber-kein-konversationsverstaerker#article\",\"isPartOf\":{\"@id\":\"https:\\\/\\\/www.apfelpatient.de\\\/news\\\/airpods-3-hauterkennungssensor-aber-kein-konversationsverstaerker\"},\"author\":{\"@type\":\"Organization\",\"@id\":\"https:\\\/\\\/www.apfelpatient.de\\\/en\\\/#organization\",\"name\":\"Apfelpatient\",\"url\":\"https:\\\/\\\/www.apfelpatient.de\\\/en\\\/\"},\"headline\":\"AirPods 3: Hauterkennungssensor aber kein Konversationsverst\u00e4rker\",\"datePublished\":\"2021-10-20T15:49:24+00:00\",\"mainEntityOfPage\":{\"@id\":\"https:\\\/\\\/www.apfelpatient.de\\\/news\\\/airpods-3-hauterkennungssensor-aber-kein-konversationsverstaerker\"},\"wordCount\":259,\"publisher\":{\"@type\":\"Organization\",\"@id\":\"https:\\\/\\\/www.apfelpatient.de\\\/en\\\/#organization\",\"name\":\"Apfelpatient\",\"url\":\"https:\\\/\\\/www.apfelpatient.de\\\/en\\\/\"},\"image\":{\"@id\":\"https:\\\/\\\/www.apfelpatient.de\\\/news\\\/airpods-3-hauterkennungssensor-aber-kein-konversationsverstaerker#primaryimage\"},\"thumbnailUrl\":\"https:\\\/\\\/www.apfelpatient.de\\\/wp-content\\\/uploads\\\/2021\\\/10\\\/1C0B1847-035E-463D-9EF8-1D480AB6F50F.png\",\"keywords\":[\"AirPods\",\"AirPods 3\"],\"articleSection\":\"News\",\"inLanguage\":\"en-US\",\"copyrightYear\":\"2021\",\"copyrightHolder\":{\"@id\":\"https:\\\/\\\/www.apfelpatient.de\\\/en\\\/#organization\"}},{\"@type\":\"WebPage\",\"@id\":\"https:\\\/\\\/www.apfelpatient.de\\\/news\\\/airpods-3-hauterkennungssensor-aber-kein-konversationsverstaerker\",\"url\":\"https:\\\/\\\/www.apfelpatient.de\\\/news\\\/airpods-3-hauterkennungssensor-aber-kein-konversationsverstaerker\",\"name\":\"AirPods 3: Hauterkennungssensor aber kein Konversationsverst\u00e4rker\",\"isPartOf\":{\"@id\":\"https:\\\/\\\/www.apfelpatient.de\\\/#website\"},\"primaryImageOfPage\":{\"@id\":\"https:\\\/\\\/www.apfelpatient.de\\\/news\\\/airpods-3-hauterkennungssensor-aber-kein-konversationsverstaerker#primaryimage\"},\"image\":{\"@id\":\"https:\\\/\\\/www.apfelpatient.de\\\/news\\\/airpods-3-hauterkennungssensor-aber-kein-konversationsverstaerker#primaryimage\"},\"thumbnailUrl\":\"https:\\\/\\\/www.apfelpatient.de\\\/wp-content\\\/uploads\\\/2021\\\/10\\\/1C0B1847-035E-463D-9EF8-1D480AB6F50F.png\",\"datePublished\":\"2021-10-20T15:49:24+00:00\",\"description\":\"Kein Konversationsverst\u00e4rker: Die AirPods 3 verf\u00fcgen \u00fcber einen neuen Hauterkennungssensor f\u00fcr eine verbesserte In-Ear-Erkennung.\",\"breadcrumb\":{\"@id\":\"https:\\\/\\\/www.apfelpatient.de\\\/news\\\/airpods-3-hauterkennungssensor-aber-kein-konversationsverstaerker#breadcrumb\"},\"inLanguage\":\"en-US\",\"potentialAction\":[{\"@type\":\"ReadAction\",\"target\":[\"https:\\\/\\\/www.apfelpatient.de\\\/news\\\/airpods-3-hauterkennungssensor-aber-kein-konversationsverstaerker\"]}]},{\"@type\":\"ImageObject\",\"inLanguage\":\"en-US\",\"@id\":\"https:\\\/\\\/www.apfelpatient.de\\\/news\\\/airpods-3-hauterkennungssensor-aber-kein-konversationsverstaerker#primaryimage\",\"url\":\"https:\\\/\\\/www.apfelpatient.de\\\/wp-content\\\/uploads\\\/2021\\\/10\\\/1C0B1847-035E-463D-9EF8-1D480AB6F50F.png\",\"contentUrl\":\"https:\\\/\\\/www.apfelpatient.de\\\/wp-content\\\/uploads\\\/2021\\\/10\\\/1C0B1847-035E-463D-9EF8-1D480AB6F50F.png\",\"width\":1600,\"height\":1200,\"caption\":\"Bild: Apple - AirPods 3\"},{\"@type\":\"BreadcrumbList\",\"@id\":\"https:\\\/\\\/www.apfelpatient.de\\\/news\\\/airpods-3-hauterkennungssensor-aber-kein-konversationsverstaerker#breadcrumb\",\"itemListElement\":[{\"@type\":\"ListItem\",\"position\":1,\"name\":\"Startseite\",\"item\":\"https:\\\/\\\/www.apfelpatient.de\\\/\"},{\"@type\":\"ListItem\",\"position\":2,\"name\":\"AirPods 3: Hauterkennungssensor aber kein Konversationsverst\u00e4rker\"}]},{\"@type\":\"WebSite\",\"@id\":\"https:\\\/\\\/www.apfelpatient.de\\\/#website\",\"url\":\"https:\\\/\\\/www.apfelpatient.de\\\/\",\"name\":\"Apfelpatient\",\"description\":\"Alles rund um Apple!\",\"publisher\":{\"@type\":\"Organization\",\"@id\":\"https:\\\/\\\/www.apfelpatient.de\\\/en\\\/#organization\",\"name\":\"Apfelpatient\",\"url\":\"https:\\\/\\\/www.apfelpatient.de\\\/en\\\/\"},\"alternateName\":\"Apfelpatient\",\"potentialAction\":[{\"@type\":\"SearchAction\",\"target\":{\"@type\":\"EntryPoint\",\"urlTemplate\":\"https:\\\/\\\/www.apfelpatient.de\\\/?s={search_term_string}\"},\"query-input\":{\"@type\":\"PropertyValueSpecification\",\"valueRequired\":true,\"valueName\":\"search_term_string\"}}],\"inLanguage\":\"en-US\"},{\"@type\":[\"Person\",\"Organization\"],\"@id\":\"https:\\\/\\\/www.apfelpatient.de\\\/#\\\/schema\\\/person\\\/7dc56ad6c8e9824b76d2c08d4c140e13\",\"name\":\"Milan\",\"logo\":{\"@id\":\"https:\\\/\\\/www.apfelpatient.de\\\/#\\\/schema\\\/person\\\/image\\\/\"},\"description\":\"Hallo und herzlich willkommen auf meinem Technik-Blog! Als gro\u00dfer Apple-Fan berichte ich hier \u00fcber alles, was mit Apple zu tun hat: von den neuesten News und spannenden Ger\u00fcchten \u00fcber hilfreiche Tipps und Tricks bis hin zu ausf\u00fchrlichen Produkttests. Wenn du genauso technikbegeistert bist wie ich, bist du hier genau richtig!\",\"sameAs\":[\"https:\\\/\\\/www.facebook.com\\\/apfelpatientOfficial\",\"https:\\\/\\\/www.linkedin.com\\\/in\\\/milan-jovicic-42aa0231b\"],\"url\":\"https:\\\/\\\/www.apfelpatient.de\\\/en\\\/author\\\/apfeladmin\"}]}<\/script>\n<!-- \/ Yoast SEO Premium plugin. -->","yoast_head_json":{"title":"AirPods 3: Skin detection sensor but no conversation amplifier","description":"No conversation amplifier: The AirPods 3 feature a new skin detection sensor for improved in-ear detection.","robots":{"index":"index","follow":"follow","max-snippet":"max-snippet:-1","max-image-preview":"max-image-preview:large","max-video-preview":"max-video-preview:-1"},"canonical":"https:\/\/www.apfelpatient.de\/en\/news\/airpods-3-skin-detection-sensor-but-no-conversation-amplifier","og_locale":"en_US","og_type":"article","og_title":"AirPods 3: Hauterkennungssensor aber kein Konversationsverst\u00e4rker","og_description":"Kein Konversationsverst\u00e4rker: Die AirPods 3 verf\u00fcgen \u00fcber einen neuen Hauterkennungssensor f\u00fcr eine verbesserte In-Ear-Erkennung.","og_url":"https:\/\/www.apfelpatient.de\/en\/news\/airpods-3-skin-detection-sensor-but-no-conversation-amplifier","og_site_name":"Apfelpatient","article_publisher":"https:\/\/www.facebook.com\/apfelpatientOfficial","article_author":"https:\/\/www.facebook.com\/apfelpatientOfficial","article_published_time":"2021-10-20T15:49:24+00:00","og_image":[{"width":1600,"height":1200,"url":"https:\/\/www.apfelpatient.de\/wp-content\/uploads\/2021\/10\/1C0B1847-035E-463D-9EF8-1D480AB6F50F.png","type":"image\/png"}],"author":"Milan","twitter_card":"summary_large_image","twitter_description":"Kein Konversationsverst\u00e4rker: Die AirPods 3 verf\u00fcgen \u00fcber einen neuen Hauterkennungssensor f\u00fcr eine verbesserte In-Ear-Erkennung.","twitter_misc":{"Written by":"Milan","Est. reading time":"2 minutes"},"schema":{"@context":"https:\/\/schema.org","@graph":[{"@type":"NewsArticle","@id":"https:\/\/www.apfelpatient.de\/news\/airpods-3-hauterkennungssensor-aber-kein-konversationsverstaerker#article","isPartOf":{"@id":"https:\/\/www.apfelpatient.de\/news\/airpods-3-hauterkennungssensor-aber-kein-konversationsverstaerker"},"author":{"@type":"Organization","@id":"https:\/\/www.apfelpatient.de\/en\/#organization","name":"Apfelpatient","url":"https:\/\/www.apfelpatient.de\/en\/"},"headline":"AirPods 3: Hauterkennungssensor aber kein Konversationsverst\u00e4rker","datePublished":"2021-10-20T15:49:24+00:00","mainEntityOfPage":{"@id":"https:\/\/www.apfelpatient.de\/news\/airpods-3-hauterkennungssensor-aber-kein-konversationsverstaerker"},"wordCount":259,"publisher":{"@type":"Organization","@id":"https:\/\/www.apfelpatient.de\/en\/#organization","name":"Apfelpatient","url":"https:\/\/www.apfelpatient.de\/en\/"},"image":{"@id":"https:\/\/www.apfelpatient.de\/news\/airpods-3-hauterkennungssensor-aber-kein-konversationsverstaerker#primaryimage"},"thumbnailUrl":"https:\/\/www.apfelpatient.de\/wp-content\/uploads\/2021\/10\/1C0B1847-035E-463D-9EF8-1D480AB6F50F.png","keywords":["AirPods","AirPods 3"],"articleSection":"News","inLanguage":"en-US","copyrightYear":"2021","copyrightHolder":{"@id":"https:\/\/www.apfelpatient.de\/en\/#organization"}},{"@type":"WebPage","@id":"https:\/\/www.apfelpatient.de\/news\/airpods-3-hauterkennungssensor-aber-kein-konversationsverstaerker","url":"https:\/\/www.apfelpatient.de\/news\/airpods-3-hauterkennungssensor-aber-kein-konversationsverstaerker","name":"AirPods 3: Skin detection sensor but no conversation amplifier","isPartOf":{"@id":"https:\/\/www.apfelpatient.de\/#website"},"primaryImageOfPage":{"@id":"https:\/\/www.apfelpatient.de\/news\/airpods-3-hauterkennungssensor-aber-kein-konversationsverstaerker#primaryimage"},"image":{"@id":"https:\/\/www.apfelpatient.de\/news\/airpods-3-hauterkennungssensor-aber-kein-konversationsverstaerker#primaryimage"},"thumbnailUrl":"https:\/\/www.apfelpatient.de\/wp-content\/uploads\/2021\/10\/1C0B1847-035E-463D-9EF8-1D480AB6F50F.png","datePublished":"2021-10-20T15:49:24+00:00","description":"No conversation amplifier: The AirPods 3 feature a new skin detection sensor for improved in-ear detection.","breadcrumb":{"@id":"https:\/\/www.apfelpatient.de\/news\/airpods-3-hauterkennungssensor-aber-kein-konversationsverstaerker#breadcrumb"},"inLanguage":"en-US","potentialAction":[{"@type":"ReadAction","target":["https:\/\/www.apfelpatient.de\/news\/airpods-3-hauterkennungssensor-aber-kein-konversationsverstaerker"]}]},{"@type":"ImageObject","inLanguage":"en-US","@id":"https:\/\/www.apfelpatient.de\/news\/airpods-3-hauterkennungssensor-aber-kein-konversationsverstaerker#primaryimage","url":"https:\/\/www.apfelpatient.de\/wp-content\/uploads\/2021\/10\/1C0B1847-035E-463D-9EF8-1D480AB6F50F.png","contentUrl":"https:\/\/www.apfelpatient.de\/wp-content\/uploads\/2021\/10\/1C0B1847-035E-463D-9EF8-1D480AB6F50F.png","width":1600,"height":1200,"caption":"Bild: Apple - AirPods 3"},{"@type":"BreadcrumbList","@id":"https:\/\/www.apfelpatient.de\/news\/airpods-3-hauterkennungssensor-aber-kein-konversationsverstaerker#breadcrumb","itemListElement":[{"@type":"ListItem","position":1,"name":"Startseite","item":"https:\/\/www.apfelpatient.de\/"},{"@type":"ListItem","position":2,"name":"AirPods 3: Hauterkennungssensor aber kein Konversationsverst\u00e4rker"}]},{"@type":"WebSite","@id":"https:\/\/www.apfelpatient.de\/#website","url":"https:\/\/www.apfelpatient.de\/","name":"apple patient","description":"Everything about Apple!","publisher":{"@type":"Organization","@id":"https:\/\/www.apfelpatient.de\/en\/#organization","name":"Apfelpatient","url":"https:\/\/www.apfelpatient.de\/en\/"},"alternateName":"Apfelpatient","potentialAction":[{"@type":"SearchAction","target":{"@type":"EntryPoint","urlTemplate":"https:\/\/www.apfelpatient.de\/?s={search_term_string}"},"query-input":{"@type":"PropertyValueSpecification","valueRequired":true,"valueName":"search_term_string"}}],"inLanguage":"en-US"},{"@type":["Person","Organization"],"@id":"https:\/\/www.apfelpatient.de\/#\/schema\/person\/7dc56ad6c8e9824b76d2c08d4c140e13","name":"Milan","logo":{"@id":"https:\/\/www.apfelpatient.de\/#\/schema\/person\/image\/"},"description":"Hello and welcome to my technology blog! As a big Apple fan, I report on everything to do with Apple: from the latest news and exciting rumors to helpful tips and tricks and detailed product tests. If you are as enthusiastic about technology as I am, you have come to the right place!","sameAs":["https:\/\/www.facebook.com\/apfelpatientOfficial","https:\/\/www.linkedin.com\/in\/milan-jovicic-42aa0231b"],"url":"https:\/\/www.apfelpatient.de\/en\/author\/apfeladmin"}]}},"_links":{"self":[{"href":"https:\/\/www.apfelpatient.de\/en\/wp-json\/wp\/v2\/posts\/27741","targetHints":{"allow":["GET"]}}],"collection":[{"href":"https:\/\/www.apfelpatient.de\/en\/wp-json\/wp\/v2\/posts"}],"about":[{"href":"https:\/\/www.apfelpatient.de\/en\/wp-json\/wp\/v2\/types\/post"}],"author":[{"embeddable":true,"href":"https:\/\/www.apfelpatient.de\/en\/wp-json\/wp\/v2\/users\/2"}],"replies":[{"embeddable":true,"href":"https:\/\/www.apfelpatient.de\/en\/wp-json\/wp\/v2\/comments?post=27741"}],"version-history":[{"count":0,"href":"https:\/\/www.apfelpatient.de\/en\/wp-json\/wp\/v2\/posts\/27741\/revisions"}],"wp:featuredmedia":[{"embeddable":true,"href":"https:\/\/www.apfelpatient.de\/en\/wp-json\/wp\/v2\/media\/27607"}],"wp:attachment":[{"href":"https:\/\/www.apfelpatient.de\/en\/wp-json\/wp\/v2\/media?parent=27741"}],"wp:term":[{"taxonomy":"category","embeddable":true,"href":"https:\/\/www.apfelpatient.de\/en\/wp-json\/wp\/v2\/categories?post=27741"},{"taxonomy":"post_tag","embeddable":true,"href":"https:\/\/www.apfelpatient.de\/en\/wp-json\/wp\/v2\/tags?post=27741"}],"curies":[{"name":"wp","href":"https:\/\/api.w.org\/{rel}","templated":true}]}}