{"id":27676,"date":"2021-10-19T00:33:25","date_gmt":"2021-10-18T22:33:25","guid":{"rendered":"https:\/\/www.apfelpatient.de\/?p=27676"},"modified":"2021-10-19T00:33:25","modified_gmt":"2021-10-18T22:33:25","slug":"macos-monterey-rc-apple-customizes-safari-tab-design","status":"publish","type":"post","link":"https:\/\/www.apfelpatient.de\/en\/news\/macos-monterey-rc-apple-passt-safari-tab-design-an","title":{"rendered":"macOS Monterey RC: Apple adjusts Safari tab design"},"content":{"rendered":"<p class=\"has-drop-cap\"><strong>Apple officially released the release candidate versions of macOS Monterey and Co. on Monday evening. As part of the update, the company brought back the old Safari tab design in macOS.<\/strong><\/p>\n\n\n\n<p>The Release Candidate <a href=\"https:\/\/developer.apple.com\/news\/releases\/\" target=\"_blank\" rel=\"noreferrer noopener\">version<\/a> of macOS Monterey includes another redesign of Safari, reversing the web browser&#039;s interface changes affecting tab design. The first versions of the next-generation Safari 15, included in the first betas of macOS Monterey, had moved the tabs, navigation controls, and bookmarks bar. Apple placed a strong emphasis on saving space in the first versions, dropping the traditional format in favor of a design in which the tabs are presented as individual buttons separated by small spaces. The changes, which included color customization for websites, were confusing for some testers, as they had difficulty determining which tab was active when using Safari&#039;s compact view, which garnered a lot of criticism.<\/p>\n\n\n\n<h3 class=\"wp-block-heading\" id=\"h-macos-monterey-anwender-k-nnen-w-hlen\">macOS Monterey: Users can choose<\/h3>\n\n\n\n\n\n\n\n<p>However, Apple has started to roll back some of the drastic graphical changes in recent betas to get closer to Safari&#039;s current design. In Safari&#039;s settings, the default option is now called &quot;Separate,&quot; bringing back the traditional tab GUI, doing away with the button-like design unveiled at WWDC last year. Those who prefer the new look can enable it by selecting &quot;Compact&quot; in settings. While Safari 15&#039;s design has come full circle, new features like tab groups remain and are available in both &quot;Separate&quot; and &quot;Compact&quot; views. macOS Monterey will roll out to all users alongside iOS 15.1, iPadOS 15.1, tvOS 15.1, and watchOS 8.1 on Monday, October 25, 2021. (Photo by New Africa \/ Bigstockphoto)<\/p>\n\n\n\n<ul class=\"wp-block-list\"><li><a href=\"https:\/\/www.apfelpatient.de\/en\/news\/universal-control-does-not-start-under-macos-12-monterey\">Universal Control does not start under macOS 12 Monterey<\/a><\/li><\/ul>\n\n\n\n<h6 class=\"wp-block-heading translation-block\" id=\"h-kennt-ihr-schon-unsere-amazon-storefront-dort-findet-ihr-eine-handverlesene-auswahl-von-diversen-produkten-f-r-euer-iphone-und-co-viel-spa-beim-st-bern\"><em>Have you already visited our Amazon Storefront? There you&#039;ll find a hand-picked selection of various products for your iPhone and other devices \u2013 <span class=\"has-inline-color has-vivid-red-color\"><a href=\"https:\/\/www.amazon.de\/shop\/apfelpatientofficial\" class=\"ek-link\" data-wpel-link=\"exclude\" rel=\"follow noopener\" target=\"_self\"><span style=\"text-decoration: underline\" class=\"ek-underline\">enjoy browsing<\/span><\/a> !<\/span><\/em><\/h6>\n\n\n\n<h6 class=\"wp-block-heading translation-block\" id=\"h-der-beitrag-enthalt-partnerlinks\">This post contains <a data-type=\"URL\" data-id=\"https:\/\/www.apfelpatient.de\/partnerprogramm\" href=\"https:\/\/www.apfelpatient.de\/en\/partner-program\" data-wpel-link=\"internal\" target=\"_self\">affiliate links<\/a>.<\/h6>","protected":false},"excerpt":{"rendered":"<p>Safari tab design: Apple officially released the release candidate versions of macOS Monterey and Co. on Monday evening.<\/p>","protected":false},"author":2,"featured_media":27669,"comment_status":"closed","ping_status":"closed","sticky":false,"template":"","format":"standard","meta":{"jnews-multi-image_gallery":[],"jnews_single_post":{"subtitle":"","format":"standard","video":"","gallery":"","source_name":"","source_url":"","via_name":"","via_url":"","override":[{"single_blog_custom":"","sidebar":"","second_sidebar":"","share_position":"","share_float_style":"","post_date_format":"","post_date_format_custom":"","post_reading_time_wpm":"","zoom_button_out_step":"1","zoom_button_in_step":"1","number_popup_post":"1"}],"image_override":[{"single_post_thumbnail_size":"","single_post_gallery_size":""}],"trending_post_position":"","trending_post_label":"","sponsored_post_label":"","sponsored_post_name":"","sponsored_post_url":"","sponsored_post_logo":"","sponsored_post_desc":""},"jnews_primary_category":{"id":"9"},"footnotes":""},"categories":[9],"tags":[4,638],"class_list":["post-27676","post","type-post","status-publish","format-standard","has-post-thumbnail","hentry","category-news","tag-macos","tag-macos-monterey"],"yoast_head":"<!-- This site is optimized with the Yoast SEO Premium plugin v27.5 (Yoast SEO v27.5) - https:\/\/yoast.com\/product\/yoast-seo-premium-wordpress\/ -->\n<title>macOS Monterey RC: Apple passt Safari-Tab-Design an Apfelpatient<\/title>\n<meta name=\"description\" content=\"Safari-Tab-Design: Apple hat am Montagabend die Release Candidate Versionen von macOS Monterey und Co. offiziell ver\u00f6ffentlicht.\" \/>\n<meta name=\"robots\" content=\"index, follow, max-snippet:-1, max-image-preview:large, max-video-preview:-1\" \/>\n<link rel=\"canonical\" href=\"https:\/\/www.apfelpatient.de\/en\/news\/macos-monterey-rc-apple-customizes-safari-tab-design\" \/>\n<meta property=\"og:locale\" content=\"en_US\" \/>\n<meta property=\"og:type\" content=\"article\" \/>\n<meta property=\"og:title\" content=\"macOS Monterey RC: Apple passt Safari-Tab-Design an\" \/>\n<meta property=\"og:description\" content=\"Safari-Tab-Design: Apple hat am Montagabend die Release Candidate Versionen von macOS Monterey und Co. offiziell ver\u00f6ffentlicht.\" \/>\n<meta property=\"og:url\" content=\"https:\/\/www.apfelpatient.de\/en\/news\/macos-monterey-rc-apple-customizes-safari-tab-design\" \/>\n<meta property=\"og:site_name\" content=\"Apfelpatient\" \/>\n<meta property=\"article:publisher\" content=\"https:\/\/www.facebook.com\/apfelpatientOfficial\" \/>\n<meta property=\"article:author\" content=\"https:\/\/www.facebook.com\/apfelpatientOfficial\" \/>\n<meta property=\"article:published_time\" content=\"2021-10-18T22:33:25+00:00\" \/>\n<meta property=\"og:image\" content=\"https:\/\/www.apfelpatient.de\/wp-content\/uploads\/2021\/10\/bigstock-Mykolaiv-Ukraine-July-409419952.jpg\" \/>\n\t<meta property=\"og:image:width\" content=\"1600\" \/>\n\t<meta property=\"og:image:height\" content=\"1000\" \/>\n\t<meta property=\"og:image:type\" content=\"image\/jpeg\" \/>\n<meta name=\"author\" content=\"Milan\" \/>\n<meta name=\"twitter:card\" content=\"summary_large_image\" \/>\n<meta name=\"twitter:description\" content=\"Safari-Tab-Design: Apple hat am Montagabend die Release Candidate Versionen von macOS Monterey und Co. offiziell ver\u00f6ffentlicht.\" \/>\n<meta name=\"twitter:label1\" content=\"Written by\" \/>\n\t<meta name=\"twitter:data1\" content=\"Milan\" \/>\n\t<meta name=\"twitter:label2\" content=\"Est. reading time\" \/>\n\t<meta name=\"twitter:data2\" content=\"2 minutes\" \/>\n<script type=\"application\/ld+json\" class=\"yoast-schema-graph\">{\"@context\":\"https:\\\/\\\/schema.org\",\"@graph\":[{\"@type\":\"NewsArticle\",\"@id\":\"https:\\\/\\\/www.apfelpatient.de\\\/news\\\/macos-monterey-rc-apple-passt-safari-tab-design-an#article\",\"isPartOf\":{\"@id\":\"https:\\\/\\\/www.apfelpatient.de\\\/news\\\/macos-monterey-rc-apple-passt-safari-tab-design-an\"},\"author\":{\"@type\":\"Organization\",\"@id\":\"https:\\\/\\\/www.apfelpatient.de\\\/en\\\/#organization\",\"name\":\"Apfelpatient\",\"url\":\"https:\\\/\\\/www.apfelpatient.de\\\/en\\\/\"},\"headline\":\"macOS Monterey RC: Apple passt Safari-Tab-Design an\",\"datePublished\":\"2021-10-18T22:33:25+00:00\",\"mainEntityOfPage\":{\"@id\":\"https:\\\/\\\/www.apfelpatient.de\\\/news\\\/macos-monterey-rc-apple-passt-safari-tab-design-an\"},\"wordCount\":317,\"publisher\":{\"@type\":\"Organization\",\"@id\":\"https:\\\/\\\/www.apfelpatient.de\\\/en\\\/#organization\",\"name\":\"Apfelpatient\",\"url\":\"https:\\\/\\\/www.apfelpatient.de\\\/en\\\/\"},\"image\":{\"@id\":\"https:\\\/\\\/www.apfelpatient.de\\\/news\\\/macos-monterey-rc-apple-passt-safari-tab-design-an#primaryimage\"},\"thumbnailUrl\":\"https:\\\/\\\/www.apfelpatient.de\\\/wp-content\\\/uploads\\\/2021\\\/10\\\/bigstock-Mykolaiv-Ukraine-July-409419952.jpg\",\"keywords\":[\"macOS\",\"macOS 12 Monterey\"],\"articleSection\":\"News\",\"inLanguage\":\"en-US\",\"copyrightYear\":\"2021\",\"copyrightHolder\":{\"@id\":\"https:\\\/\\\/www.apfelpatient.de\\\/en\\\/#organization\"}},{\"@type\":\"WebPage\",\"@id\":\"https:\\\/\\\/www.apfelpatient.de\\\/news\\\/macos-monterey-rc-apple-passt-safari-tab-design-an\",\"url\":\"https:\\\/\\\/www.apfelpatient.de\\\/news\\\/macos-monterey-rc-apple-passt-safari-tab-design-an\",\"name\":\"macOS Monterey RC: Apple passt Safari-Tab-Design an Apfelpatient\",\"isPartOf\":{\"@id\":\"https:\\\/\\\/www.apfelpatient.de\\\/#website\"},\"primaryImageOfPage\":{\"@id\":\"https:\\\/\\\/www.apfelpatient.de\\\/news\\\/macos-monterey-rc-apple-passt-safari-tab-design-an#primaryimage\"},\"image\":{\"@id\":\"https:\\\/\\\/www.apfelpatient.de\\\/news\\\/macos-monterey-rc-apple-passt-safari-tab-design-an#primaryimage\"},\"thumbnailUrl\":\"https:\\\/\\\/www.apfelpatient.de\\\/wp-content\\\/uploads\\\/2021\\\/10\\\/bigstock-Mykolaiv-Ukraine-July-409419952.jpg\",\"datePublished\":\"2021-10-18T22:33:25+00:00\",\"description\":\"Safari-Tab-Design: Apple hat am Montagabend die Release Candidate Versionen von macOS Monterey und Co. offiziell ver\u00f6ffentlicht.\",\"breadcrumb\":{\"@id\":\"https:\\\/\\\/www.apfelpatient.de\\\/news\\\/macos-monterey-rc-apple-passt-safari-tab-design-an#breadcrumb\"},\"inLanguage\":\"en-US\",\"potentialAction\":[{\"@type\":\"ReadAction\",\"target\":[\"https:\\\/\\\/www.apfelpatient.de\\\/news\\\/macos-monterey-rc-apple-passt-safari-tab-design-an\"]}]},{\"@type\":\"ImageObject\",\"inLanguage\":\"en-US\",\"@id\":\"https:\\\/\\\/www.apfelpatient.de\\\/news\\\/macos-monterey-rc-apple-passt-safari-tab-design-an#primaryimage\",\"url\":\"https:\\\/\\\/www.apfelpatient.de\\\/wp-content\\\/uploads\\\/2021\\\/10\\\/bigstock-Mykolaiv-Ukraine-July-409419952.jpg\",\"contentUrl\":\"https:\\\/\\\/www.apfelpatient.de\\\/wp-content\\\/uploads\\\/2021\\\/10\\\/bigstock-Mykolaiv-Ukraine-July-409419952.jpg\",\"width\":1600,\"height\":1000,\"caption\":\"MYKOLAIV, UKRAINE - JULY 20, 2020: iPhone 11 and MacBook on wooden table, closeup\"},{\"@type\":\"BreadcrumbList\",\"@id\":\"https:\\\/\\\/www.apfelpatient.de\\\/news\\\/macos-monterey-rc-apple-passt-safari-tab-design-an#breadcrumb\",\"itemListElement\":[{\"@type\":\"ListItem\",\"position\":1,\"name\":\"Startseite\",\"item\":\"https:\\\/\\\/www.apfelpatient.de\\\/\"},{\"@type\":\"ListItem\",\"position\":2,\"name\":\"macOS Monterey RC: Apple passt Safari-Tab-Design an\"}]},{\"@type\":\"WebSite\",\"@id\":\"https:\\\/\\\/www.apfelpatient.de\\\/#website\",\"url\":\"https:\\\/\\\/www.apfelpatient.de\\\/\",\"name\":\"Apfelpatient\",\"description\":\"Alles rund um Apple!\",\"publisher\":{\"@type\":\"Organization\",\"@id\":\"https:\\\/\\\/www.apfelpatient.de\\\/en\\\/#organization\",\"name\":\"Apfelpatient\",\"url\":\"https:\\\/\\\/www.apfelpatient.de\\\/en\\\/\"},\"alternateName\":\"Apfelpatient\",\"potentialAction\":[{\"@type\":\"SearchAction\",\"target\":{\"@type\":\"EntryPoint\",\"urlTemplate\":\"https:\\\/\\\/www.apfelpatient.de\\\/?s={search_term_string}\"},\"query-input\":{\"@type\":\"PropertyValueSpecification\",\"valueRequired\":true,\"valueName\":\"search_term_string\"}}],\"inLanguage\":\"en-US\"},{\"@type\":[\"Person\",\"Organization\"],\"@id\":\"https:\\\/\\\/www.apfelpatient.de\\\/#\\\/schema\\\/person\\\/7dc56ad6c8e9824b76d2c08d4c140e13\",\"name\":\"Milan\",\"logo\":{\"@id\":\"https:\\\/\\\/www.apfelpatient.de\\\/#\\\/schema\\\/person\\\/image\\\/\"},\"description\":\"Hallo und herzlich willkommen auf meinem Technik-Blog! Als gro\u00dfer Apple-Fan berichte ich hier \u00fcber alles, was mit Apple zu tun hat: von den neuesten News und spannenden Ger\u00fcchten \u00fcber hilfreiche Tipps und Tricks bis hin zu ausf\u00fchrlichen Produkttests. Wenn du genauso technikbegeistert bist wie ich, bist du hier genau richtig!\",\"sameAs\":[\"https:\\\/\\\/www.facebook.com\\\/apfelpatientOfficial\",\"https:\\\/\\\/www.linkedin.com\\\/in\\\/milan-jovicic-42aa0231b\"],\"url\":\"https:\\\/\\\/www.apfelpatient.de\\\/en\\\/author\\\/apfeladmin\"}]}<\/script>\n<!-- \/ Yoast SEO Premium plugin. -->","yoast_head_json":{"title":"macOS Monterey RC: Apple adapts Safari tab design Apfelpatient","description":"Safari tab design: Apple officially released the release candidate versions of macOS Monterey and Co. on Monday evening.","robots":{"index":"index","follow":"follow","max-snippet":"max-snippet:-1","max-image-preview":"max-image-preview:large","max-video-preview":"max-video-preview:-1"},"canonical":"https:\/\/www.apfelpatient.de\/en\/news\/macos-monterey-rc-apple-customizes-safari-tab-design","og_locale":"en_US","og_type":"article","og_title":"macOS Monterey RC: Apple passt Safari-Tab-Design an","og_description":"Safari-Tab-Design: Apple hat am Montagabend die Release Candidate Versionen von macOS Monterey und Co. offiziell ver\u00f6ffentlicht.","og_url":"https:\/\/www.apfelpatient.de\/en\/news\/macos-monterey-rc-apple-customizes-safari-tab-design","og_site_name":"Apfelpatient","article_publisher":"https:\/\/www.facebook.com\/apfelpatientOfficial","article_author":"https:\/\/www.facebook.com\/apfelpatientOfficial","article_published_time":"2021-10-18T22:33:25+00:00","og_image":[{"width":1600,"height":1000,"url":"https:\/\/www.apfelpatient.de\/wp-content\/uploads\/2021\/10\/bigstock-Mykolaiv-Ukraine-July-409419952.jpg","type":"image\/jpeg"}],"author":"Milan","twitter_card":"summary_large_image","twitter_description":"Safari-Tab-Design: Apple hat am Montagabend die Release Candidate Versionen von macOS Monterey und Co. offiziell ver\u00f6ffentlicht.","twitter_misc":{"Written by":"Milan","Est. reading time":"2 minutes"},"schema":{"@context":"https:\/\/schema.org","@graph":[{"@type":"NewsArticle","@id":"https:\/\/www.apfelpatient.de\/news\/macos-monterey-rc-apple-passt-safari-tab-design-an#article","isPartOf":{"@id":"https:\/\/www.apfelpatient.de\/news\/macos-monterey-rc-apple-passt-safari-tab-design-an"},"author":{"@type":"Organization","@id":"https:\/\/www.apfelpatient.de\/en\/#organization","name":"Apfelpatient","url":"https:\/\/www.apfelpatient.de\/en\/"},"headline":"macOS Monterey RC: Apple passt Safari-Tab-Design an","datePublished":"2021-10-18T22:33:25+00:00","mainEntityOfPage":{"@id":"https:\/\/www.apfelpatient.de\/news\/macos-monterey-rc-apple-passt-safari-tab-design-an"},"wordCount":317,"publisher":{"@type":"Organization","@id":"https:\/\/www.apfelpatient.de\/en\/#organization","name":"Apfelpatient","url":"https:\/\/www.apfelpatient.de\/en\/"},"image":{"@id":"https:\/\/www.apfelpatient.de\/news\/macos-monterey-rc-apple-passt-safari-tab-design-an#primaryimage"},"thumbnailUrl":"https:\/\/www.apfelpatient.de\/wp-content\/uploads\/2021\/10\/bigstock-Mykolaiv-Ukraine-July-409419952.jpg","keywords":["macOS","macOS 12 Monterey"],"articleSection":"News","inLanguage":"en-US","copyrightYear":"2021","copyrightHolder":{"@id":"https:\/\/www.apfelpatient.de\/en\/#organization"}},{"@type":"WebPage","@id":"https:\/\/www.apfelpatient.de\/news\/macos-monterey-rc-apple-passt-safari-tab-design-an","url":"https:\/\/www.apfelpatient.de\/news\/macos-monterey-rc-apple-passt-safari-tab-design-an","name":"macOS Monterey RC: Apple adapts Safari tab design Apfelpatient","isPartOf":{"@id":"https:\/\/www.apfelpatient.de\/#website"},"primaryImageOfPage":{"@id":"https:\/\/www.apfelpatient.de\/news\/macos-monterey-rc-apple-passt-safari-tab-design-an#primaryimage"},"image":{"@id":"https:\/\/www.apfelpatient.de\/news\/macos-monterey-rc-apple-passt-safari-tab-design-an#primaryimage"},"thumbnailUrl":"https:\/\/www.apfelpatient.de\/wp-content\/uploads\/2021\/10\/bigstock-Mykolaiv-Ukraine-July-409419952.jpg","datePublished":"2021-10-18T22:33:25+00:00","description":"Safari tab design: Apple officially released the release candidate versions of macOS Monterey and Co. on Monday evening.","breadcrumb":{"@id":"https:\/\/www.apfelpatient.de\/news\/macos-monterey-rc-apple-passt-safari-tab-design-an#breadcrumb"},"inLanguage":"en-US","potentialAction":[{"@type":"ReadAction","target":["https:\/\/www.apfelpatient.de\/news\/macos-monterey-rc-apple-passt-safari-tab-design-an"]}]},{"@type":"ImageObject","inLanguage":"en-US","@id":"https:\/\/www.apfelpatient.de\/news\/macos-monterey-rc-apple-passt-safari-tab-design-an#primaryimage","url":"https:\/\/www.apfelpatient.de\/wp-content\/uploads\/2021\/10\/bigstock-Mykolaiv-Ukraine-July-409419952.jpg","contentUrl":"https:\/\/www.apfelpatient.de\/wp-content\/uploads\/2021\/10\/bigstock-Mykolaiv-Ukraine-July-409419952.jpg","width":1600,"height":1000,"caption":"MYKOLAIV, UKRAINE - JULY 20, 2020: iPhone 11 and MacBook on wooden table, closeup"},{"@type":"BreadcrumbList","@id":"https:\/\/www.apfelpatient.de\/news\/macos-monterey-rc-apple-passt-safari-tab-design-an#breadcrumb","itemListElement":[{"@type":"ListItem","position":1,"name":"Startseite","item":"https:\/\/www.apfelpatient.de\/"},{"@type":"ListItem","position":2,"name":"macOS Monterey RC: Apple passt Safari-Tab-Design an"}]},{"@type":"WebSite","@id":"https:\/\/www.apfelpatient.de\/#website","url":"https:\/\/www.apfelpatient.de\/","name":"apple patient","description":"Everything about Apple!","publisher":{"@type":"Organization","@id":"https:\/\/www.apfelpatient.de\/en\/#organization","name":"Apfelpatient","url":"https:\/\/www.apfelpatient.de\/en\/"},"alternateName":"Apfelpatient","potentialAction":[{"@type":"SearchAction","target":{"@type":"EntryPoint","urlTemplate":"https:\/\/www.apfelpatient.de\/?s={search_term_string}"},"query-input":{"@type":"PropertyValueSpecification","valueRequired":true,"valueName":"search_term_string"}}],"inLanguage":"en-US"},{"@type":["Person","Organization"],"@id":"https:\/\/www.apfelpatient.de\/#\/schema\/person\/7dc56ad6c8e9824b76d2c08d4c140e13","name":"Milan","logo":{"@id":"https:\/\/www.apfelpatient.de\/#\/schema\/person\/image\/"},"description":"Hello and welcome to my technology blog! As a big Apple fan, I report on everything to do with Apple: from the latest news and exciting rumors to helpful tips and tricks and detailed product tests. If you are as enthusiastic about technology as I am, you have come to the right place!","sameAs":["https:\/\/www.facebook.com\/apfelpatientOfficial","https:\/\/www.linkedin.com\/in\/milan-jovicic-42aa0231b"],"url":"https:\/\/www.apfelpatient.de\/en\/author\/apfeladmin"}]}},"_links":{"self":[{"href":"https:\/\/www.apfelpatient.de\/en\/wp-json\/wp\/v2\/posts\/27676","targetHints":{"allow":["GET"]}}],"collection":[{"href":"https:\/\/www.apfelpatient.de\/en\/wp-json\/wp\/v2\/posts"}],"about":[{"href":"https:\/\/www.apfelpatient.de\/en\/wp-json\/wp\/v2\/types\/post"}],"author":[{"embeddable":true,"href":"https:\/\/www.apfelpatient.de\/en\/wp-json\/wp\/v2\/users\/2"}],"replies":[{"embeddable":true,"href":"https:\/\/www.apfelpatient.de\/en\/wp-json\/wp\/v2\/comments?post=27676"}],"version-history":[{"count":0,"href":"https:\/\/www.apfelpatient.de\/en\/wp-json\/wp\/v2\/posts\/27676\/revisions"}],"wp:featuredmedia":[{"embeddable":true,"href":"https:\/\/www.apfelpatient.de\/en\/wp-json\/wp\/v2\/media\/27669"}],"wp:attachment":[{"href":"https:\/\/www.apfelpatient.de\/en\/wp-json\/wp\/v2\/media?parent=27676"}],"wp:term":[{"taxonomy":"category","embeddable":true,"href":"https:\/\/www.apfelpatient.de\/en\/wp-json\/wp\/v2\/categories?post=27676"},{"taxonomy":"post_tag","embeddable":true,"href":"https:\/\/www.apfelpatient.de\/en\/wp-json\/wp\/v2\/tags?post=27676"}],"curies":[{"name":"wp","href":"https:\/\/api.w.org\/{rel}","templated":true}]}}