{"id":27646,"date":"2021-10-18T21:20:00","date_gmt":"2021-10-18T19:20:00","guid":{"rendered":"https:\/\/www.apfelpatient.de\/?p=27646"},"modified":"2025-02-06T08:11:07","modified_gmt":"2025-02-06T07:11:07","slug":"universal-control-does-not-start-under-macos-12-monterey","status":"publish","type":"post","link":"https:\/\/www.apfelpatient.de\/en\/news\/universal-control-startet-nicht-unter-macos-12-monterey","title":{"rendered":"Universal Control does not start under macOS 12 Monterey"},"content":{"rendered":"<p class=\"has-drop-cap\"><strong>Now that Apple has officially held its October event, the launch of macOS 12 Monterey and Co. has been announced. Now Apple has confirmed that Universal Control will be released later.<\/strong><\/p>\n\n\n\n<p>According to Apple, in addition to macOS 12 Monterey, iOS 15.1, iPadOS 15.1 and Co. will be released on October 25, next Monday. Now the company has confirmed that Universal Control will not be part of the update. As a reminder, Universal Control is a planned feature for iPadOS 15 and macOS 12 Monterey. It allows users to place three Apple devices in close proximity and use them with a single keyboard and mouse or trackpad. Once connected, a user can simply drag and drop files between the devices and switch between them as needed. If you place a second device near a compatible Mac, you can connect your devices using the Continuity features in the AirPlay &amp; Handoff section of your Mac&#039;s settings.<\/p>\n\n\n\n<h3 class=\"wp-block-heading\" id=\"h-universal-control-system-kann-auch-manuell-gesteuert-werden\">Universal Control: System can also be controlled manually<\/h3>\n\n\n\n\n\n\n\n<p>A gray bar will appear on the side of the paired devices. By dragging your cursor from one screen to another, you can &quot;pass&quot; your keyboard and mouse control to another device. This can be especially useful for moving documents, files, and images between devices. Apple says that the devices use proximity to determine which device a user wants to connect. Based on the user&#039;s behavior, the system will arrange the computer and the other devices accordingly. However, this alignment can also be controlled manually in the &quot;Monitors&quot; control panel. So if you have multiple devices in use, you will certainly be happy about it. For an unknown reason, Universal Control has not yet been included in any beta version of macOS Monterey. Now the company has <a href=\"https:\/\/www.apple.com\/macos\/monterey\/features\/\" target=\"_blank\" rel=\"noreferrer noopener\">confirmed<\/a>that the feature will be released sometime this fall. Accordingly, the whole thing could start under macOS 12.1 or even later. (Image: Apple)<\/p>\n\n\n\n<ul class=\"wp-block-list\"><li><a href=\"https:\/\/www.apfelpatient.de\/en\/news\/macos-12-monterey-apple-announces-launch-date\">macOS 12 Monterey: Apple announces launch date<\/a><\/li><\/ul>\n\n\n\n<h6 class=\"wp-block-heading translation-block\" id=\"h-kennt-ihr-schon-unsere-amazon-storefront-dort-findet-ihr-eine-handverlesene-auswahl-von-diversen-produkten-f-r-euer-iphone-und-co-viel-spa-beim-st-bern\"><em>Have you already visited our Amazon Storefront? There you&#039;ll find a hand-picked selection of various products for your iPhone and other devices \u2013 <span class=\"has-inline-color has-vivid-red-color\"><a href=\"https:\/\/www.amazon.de\/shop\/apfelpatientofficial\" class=\"ek-link\" data-wpel-link=\"exclude\" rel=\"follow noopener\" target=\"_self\"><span style=\"text-decoration: underline\" class=\"ek-underline\">enjoy browsing<\/span><\/a> !<\/span><\/em><\/h6>\n\n\n\n<h6 class=\"wp-block-heading translation-block\" id=\"h-der-beitrag-enthalt-partnerlinks\">This post contains <a data-type=\"URL\" data-id=\"https:\/\/www.apfelpatient.de\/partnerprogramm\" href=\"https:\/\/www.apfelpatient.de\/en\/partner-program\" data-wpel-link=\"internal\" target=\"_self\">affiliate links<\/a>.<\/h6>","protected":false},"excerpt":{"rendered":"<p>Universal Control: After Apple officially held the October event, the launch of macOS 12 Monterey and Co. was announced.<\/p>","protected":false},"author":2,"featured_media":27439,"comment_status":"closed","ping_status":"closed","sticky":false,"template":"","format":"standard","meta":{"jnews-multi-image_gallery":[],"jnews_single_post":{"subtitle":"","format":"standard","video":"","gallery":"","source_name":"","source_url":"","via_name":"","via_url":"","override":[{"single_blog_custom":"","sidebar":"","second_sidebar":"","share_position":"","share_float_style":"","post_date_format":"","post_date_format_custom":"","post_reading_time_wpm":"","zoom_button_out_step":"1","zoom_button_in_step":"1","number_popup_post":"1"}],"image_override":[{"single_post_thumbnail_size":"","single_post_gallery_size":""}],"trending_post_position":"","trending_post_label":"","sponsored_post_label":"","sponsored_post_name":"","sponsored_post_url":"","sponsored_post_logo":"","sponsored_post_desc":""},"jnews_primary_category":{"id":"9"},"footnotes":""},"categories":[9],"tags":[4,638],"class_list":["post-27646","post","type-post","status-publish","format-standard","has-post-thumbnail","hentry","category-news","tag-macos","tag-macos-monterey"],"yoast_head":"<!-- This site is optimized with the Yoast SEO Premium plugin v27.5 (Yoast SEO v27.5) - https:\/\/yoast.com\/product\/yoast-seo-premium-wordpress\/ -->\n<title>Universal Control startet nicht unter macOS 12 Monterey Apfelpatient<\/title>\n<meta name=\"description\" content=\"Universal Control: Nachdem Apple offiziell das Oktober-Event veranstaltet hat, wurde der Start von macOS 12 Monterey und Co. bekanntgegeben.\" \/>\n<meta name=\"robots\" content=\"index, follow, max-snippet:-1, max-image-preview:large, max-video-preview:-1\" \/>\n<link rel=\"canonical\" href=\"https:\/\/www.apfelpatient.de\/en\/news\/universal-control-does-not-start-under-macos-12-monterey\" \/>\n<meta property=\"og:locale\" content=\"en_US\" \/>\n<meta property=\"og:type\" content=\"article\" \/>\n<meta property=\"og:title\" content=\"Universal Control startet nicht unter macOS 12 Monterey\" \/>\n<meta property=\"og:description\" content=\"Universal Control: Nachdem Apple offiziell das Oktober-Event veranstaltet hat, wurde der Start von macOS 12 Monterey und Co. bekanntgegeben.\" \/>\n<meta property=\"og:url\" content=\"https:\/\/www.apfelpatient.de\/en\/news\/universal-control-does-not-start-under-macos-12-monterey\" \/>\n<meta property=\"og:site_name\" content=\"Apfelpatient\" \/>\n<meta property=\"article:publisher\" content=\"https:\/\/www.facebook.com\/apfelpatientOfficial\" \/>\n<meta property=\"article:author\" content=\"https:\/\/www.facebook.com\/apfelpatientOfficial\" \/>\n<meta property=\"article:published_time\" content=\"2021-10-18T19:20:00+00:00\" \/>\n<meta property=\"article:modified_time\" content=\"2025-02-06T07:11:07+00:00\" \/>\n<meta property=\"og:image\" content=\"https:\/\/www.apfelpatient.de\/wp-content\/uploads\/2021\/10\/Apple_macos-monterey_connectivity_06072021-2.jpg\" \/>\n\t<meta property=\"og:image:width\" content=\"1600\" \/>\n\t<meta property=\"og:image:height\" content=\"1280\" \/>\n\t<meta property=\"og:image:type\" content=\"image\/jpeg\" \/>\n<meta name=\"author\" content=\"Milan\" \/>\n<meta name=\"twitter:card\" content=\"summary_large_image\" \/>\n<meta name=\"twitter:description\" content=\"Universal Control: Nachdem Apple offiziell das Oktober-Event veranstaltet hat, wurde der Start von macOS 12 Monterey und Co. bekanntgegeben.\" \/>\n<meta name=\"twitter:label1\" content=\"Written by\" \/>\n\t<meta name=\"twitter:data1\" content=\"Milan\" \/>\n\t<meta name=\"twitter:label2\" content=\"Est. reading time\" \/>\n\t<meta name=\"twitter:data2\" content=\"2 minutes\" \/>\n<script type=\"application\/ld+json\" class=\"yoast-schema-graph\">{\"@context\":\"https:\\\/\\\/schema.org\",\"@graph\":[{\"@type\":\"NewsArticle\",\"@id\":\"https:\\\/\\\/www.apfelpatient.de\\\/news\\\/universal-control-startet-nicht-unter-macos-12-monterey#article\",\"isPartOf\":{\"@id\":\"https:\\\/\\\/www.apfelpatient.de\\\/news\\\/universal-control-startet-nicht-unter-macos-12-monterey\"},\"author\":{\"@type\":\"Organization\",\"@id\":\"https:\\\/\\\/www.apfelpatient.de\\\/en\\\/#organization\",\"name\":\"Apfelpatient\",\"url\":\"https:\\\/\\\/www.apfelpatient.de\\\/en\\\/\"},\"headline\":\"Universal Control startet nicht unter macOS 12 Monterey\",\"datePublished\":\"2021-10-18T19:20:00+00:00\",\"dateModified\":\"2025-02-06T07:11:07+00:00\",\"mainEntityOfPage\":{\"@id\":\"https:\\\/\\\/www.apfelpatient.de\\\/news\\\/universal-control-startet-nicht-unter-macos-12-monterey\"},\"wordCount\":341,\"publisher\":{\"@type\":\"Organization\",\"@id\":\"https:\\\/\\\/www.apfelpatient.de\\\/en\\\/#organization\",\"name\":\"Apfelpatient\",\"url\":\"https:\\\/\\\/www.apfelpatient.de\\\/en\\\/\"},\"image\":{\"@id\":\"https:\\\/\\\/www.apfelpatient.de\\\/news\\\/universal-control-startet-nicht-unter-macos-12-monterey#primaryimage\"},\"thumbnailUrl\":\"https:\\\/\\\/www.apfelpatient.de\\\/wp-content\\\/uploads\\\/2021\\\/10\\\/Apple_macos-monterey_connectivity_06072021-2.jpg\",\"keywords\":[\"macOS\",\"macOS 12 Monterey\"],\"articleSection\":\"News\",\"inLanguage\":\"en-US\",\"copyrightYear\":\"2021\",\"copyrightHolder\":{\"@id\":\"https:\\\/\\\/www.apfelpatient.de\\\/en\\\/#organization\"}},{\"@type\":\"WebPage\",\"@id\":\"https:\\\/\\\/www.apfelpatient.de\\\/news\\\/universal-control-startet-nicht-unter-macos-12-monterey\",\"url\":\"https:\\\/\\\/www.apfelpatient.de\\\/news\\\/universal-control-startet-nicht-unter-macos-12-monterey\",\"name\":\"Universal Control startet nicht unter macOS 12 Monterey Apfelpatient\",\"isPartOf\":{\"@id\":\"https:\\\/\\\/www.apfelpatient.de\\\/#website\"},\"primaryImageOfPage\":{\"@id\":\"https:\\\/\\\/www.apfelpatient.de\\\/news\\\/universal-control-startet-nicht-unter-macos-12-monterey#primaryimage\"},\"image\":{\"@id\":\"https:\\\/\\\/www.apfelpatient.de\\\/news\\\/universal-control-startet-nicht-unter-macos-12-monterey#primaryimage\"},\"thumbnailUrl\":\"https:\\\/\\\/www.apfelpatient.de\\\/wp-content\\\/uploads\\\/2021\\\/10\\\/Apple_macos-monterey_connectivity_06072021-2.jpg\",\"datePublished\":\"2021-10-18T19:20:00+00:00\",\"dateModified\":\"2025-02-06T07:11:07+00:00\",\"description\":\"Universal Control: Nachdem Apple offiziell das Oktober-Event veranstaltet hat, wurde der Start von macOS 12 Monterey und Co. bekanntgegeben.\",\"breadcrumb\":{\"@id\":\"https:\\\/\\\/www.apfelpatient.de\\\/news\\\/universal-control-startet-nicht-unter-macos-12-monterey#breadcrumb\"},\"inLanguage\":\"en-US\",\"potentialAction\":[{\"@type\":\"ReadAction\",\"target\":[\"https:\\\/\\\/www.apfelpatient.de\\\/news\\\/universal-control-startet-nicht-unter-macos-12-monterey\"]}]},{\"@type\":\"ImageObject\",\"inLanguage\":\"en-US\",\"@id\":\"https:\\\/\\\/www.apfelpatient.de\\\/news\\\/universal-control-startet-nicht-unter-macos-12-monterey#primaryimage\",\"url\":\"https:\\\/\\\/www.apfelpatient.de\\\/wp-content\\\/uploads\\\/2021\\\/10\\\/Apple_macos-monterey_connectivity_06072021-2.jpg\",\"contentUrl\":\"https:\\\/\\\/www.apfelpatient.de\\\/wp-content\\\/uploads\\\/2021\\\/10\\\/Apple_macos-monterey_connectivity_06072021-2.jpg\",\"width\":1600,\"height\":1280,\"caption\":\"Bild: Apple - Universal Control\"},{\"@type\":\"BreadcrumbList\",\"@id\":\"https:\\\/\\\/www.apfelpatient.de\\\/news\\\/universal-control-startet-nicht-unter-macos-12-monterey#breadcrumb\",\"itemListElement\":[{\"@type\":\"ListItem\",\"position\":1,\"name\":\"Startseite\",\"item\":\"https:\\\/\\\/www.apfelpatient.de\\\/\"},{\"@type\":\"ListItem\",\"position\":2,\"name\":\"Universal Control startet nicht unter macOS 12 Monterey\"}]},{\"@type\":\"WebSite\",\"@id\":\"https:\\\/\\\/www.apfelpatient.de\\\/#website\",\"url\":\"https:\\\/\\\/www.apfelpatient.de\\\/\",\"name\":\"Apfelpatient\",\"description\":\"Alles rund um Apple!\",\"publisher\":{\"@type\":\"Organization\",\"@id\":\"https:\\\/\\\/www.apfelpatient.de\\\/en\\\/#organization\",\"name\":\"Apfelpatient\",\"url\":\"https:\\\/\\\/www.apfelpatient.de\\\/en\\\/\"},\"alternateName\":\"Apfelpatient\",\"potentialAction\":[{\"@type\":\"SearchAction\",\"target\":{\"@type\":\"EntryPoint\",\"urlTemplate\":\"https:\\\/\\\/www.apfelpatient.de\\\/?s={search_term_string}\"},\"query-input\":{\"@type\":\"PropertyValueSpecification\",\"valueRequired\":true,\"valueName\":\"search_term_string\"}}],\"inLanguage\":\"en-US\"},{\"@type\":[\"Person\",\"Organization\"],\"@id\":\"https:\\\/\\\/www.apfelpatient.de\\\/#\\\/schema\\\/person\\\/7dc56ad6c8e9824b76d2c08d4c140e13\",\"name\":\"Milan\",\"logo\":{\"@id\":\"https:\\\/\\\/www.apfelpatient.de\\\/#\\\/schema\\\/person\\\/image\\\/\"},\"description\":\"Hallo und herzlich willkommen auf meinem Technik-Blog! Als gro\u00dfer Apple-Fan berichte ich hier \u00fcber alles, was mit Apple zu tun hat: von den neuesten News und spannenden Ger\u00fcchten \u00fcber hilfreiche Tipps und Tricks bis hin zu ausf\u00fchrlichen Produkttests. Wenn du genauso technikbegeistert bist wie ich, bist du hier genau richtig!\",\"sameAs\":[\"https:\\\/\\\/www.facebook.com\\\/apfelpatientOfficial\",\"https:\\\/\\\/www.linkedin.com\\\/in\\\/milan-jovicic-42aa0231b\"],\"url\":\"https:\\\/\\\/www.apfelpatient.de\\\/en\\\/author\\\/apfeladmin\"}]}<\/script>\n<!-- \/ Yoast SEO Premium plugin. -->","yoast_head_json":{"title":"Universal Control does not start under macOS 12 Monterey Apfelpatient","description":"Universal Control: After Apple officially held the October event, the launch of macOS 12 Monterey and Co. was announced.","robots":{"index":"index","follow":"follow","max-snippet":"max-snippet:-1","max-image-preview":"max-image-preview:large","max-video-preview":"max-video-preview:-1"},"canonical":"https:\/\/www.apfelpatient.de\/en\/news\/universal-control-does-not-start-under-macos-12-monterey","og_locale":"en_US","og_type":"article","og_title":"Universal Control startet nicht unter macOS 12 Monterey","og_description":"Universal Control: Nachdem Apple offiziell das Oktober-Event veranstaltet hat, wurde der Start von macOS 12 Monterey und Co. bekanntgegeben.","og_url":"https:\/\/www.apfelpatient.de\/en\/news\/universal-control-does-not-start-under-macos-12-monterey","og_site_name":"Apfelpatient","article_publisher":"https:\/\/www.facebook.com\/apfelpatientOfficial","article_author":"https:\/\/www.facebook.com\/apfelpatientOfficial","article_published_time":"2021-10-18T19:20:00+00:00","article_modified_time":"2025-02-06T07:11:07+00:00","og_image":[{"width":1600,"height":1280,"url":"https:\/\/www.apfelpatient.de\/wp-content\/uploads\/2021\/10\/Apple_macos-monterey_connectivity_06072021-2.jpg","type":"image\/jpeg"}],"author":"Milan","twitter_card":"summary_large_image","twitter_description":"Universal Control: Nachdem Apple offiziell das Oktober-Event veranstaltet hat, wurde der Start von macOS 12 Monterey und Co. bekanntgegeben.","twitter_misc":{"Written by":"Milan","Est. reading time":"2 minutes"},"schema":{"@context":"https:\/\/schema.org","@graph":[{"@type":"NewsArticle","@id":"https:\/\/www.apfelpatient.de\/news\/universal-control-startet-nicht-unter-macos-12-monterey#article","isPartOf":{"@id":"https:\/\/www.apfelpatient.de\/news\/universal-control-startet-nicht-unter-macos-12-monterey"},"author":{"@type":"Organization","@id":"https:\/\/www.apfelpatient.de\/en\/#organization","name":"Apfelpatient","url":"https:\/\/www.apfelpatient.de\/en\/"},"headline":"Universal Control startet nicht unter macOS 12 Monterey","datePublished":"2021-10-18T19:20:00+00:00","dateModified":"2025-02-06T07:11:07+00:00","mainEntityOfPage":{"@id":"https:\/\/www.apfelpatient.de\/news\/universal-control-startet-nicht-unter-macos-12-monterey"},"wordCount":341,"publisher":{"@type":"Organization","@id":"https:\/\/www.apfelpatient.de\/en\/#organization","name":"Apfelpatient","url":"https:\/\/www.apfelpatient.de\/en\/"},"image":{"@id":"https:\/\/www.apfelpatient.de\/news\/universal-control-startet-nicht-unter-macos-12-monterey#primaryimage"},"thumbnailUrl":"https:\/\/www.apfelpatient.de\/wp-content\/uploads\/2021\/10\/Apple_macos-monterey_connectivity_06072021-2.jpg","keywords":["macOS","macOS 12 Monterey"],"articleSection":"News","inLanguage":"en-US","copyrightYear":"2021","copyrightHolder":{"@id":"https:\/\/www.apfelpatient.de\/en\/#organization"}},{"@type":"WebPage","@id":"https:\/\/www.apfelpatient.de\/news\/universal-control-startet-nicht-unter-macos-12-monterey","url":"https:\/\/www.apfelpatient.de\/news\/universal-control-startet-nicht-unter-macos-12-monterey","name":"Universal Control does not start under macOS 12 Monterey Apfelpatient","isPartOf":{"@id":"https:\/\/www.apfelpatient.de\/#website"},"primaryImageOfPage":{"@id":"https:\/\/www.apfelpatient.de\/news\/universal-control-startet-nicht-unter-macos-12-monterey#primaryimage"},"image":{"@id":"https:\/\/www.apfelpatient.de\/news\/universal-control-startet-nicht-unter-macos-12-monterey#primaryimage"},"thumbnailUrl":"https:\/\/www.apfelpatient.de\/wp-content\/uploads\/2021\/10\/Apple_macos-monterey_connectivity_06072021-2.jpg","datePublished":"2021-10-18T19:20:00+00:00","dateModified":"2025-02-06T07:11:07+00:00","description":"Universal Control: After Apple officially held the October event, the launch of macOS 12 Monterey and Co. was announced.","breadcrumb":{"@id":"https:\/\/www.apfelpatient.de\/news\/universal-control-startet-nicht-unter-macos-12-monterey#breadcrumb"},"inLanguage":"en-US","potentialAction":[{"@type":"ReadAction","target":["https:\/\/www.apfelpatient.de\/news\/universal-control-startet-nicht-unter-macos-12-monterey"]}]},{"@type":"ImageObject","inLanguage":"en-US","@id":"https:\/\/www.apfelpatient.de\/news\/universal-control-startet-nicht-unter-macos-12-monterey#primaryimage","url":"https:\/\/www.apfelpatient.de\/wp-content\/uploads\/2021\/10\/Apple_macos-monterey_connectivity_06072021-2.jpg","contentUrl":"https:\/\/www.apfelpatient.de\/wp-content\/uploads\/2021\/10\/Apple_macos-monterey_connectivity_06072021-2.jpg","width":1600,"height":1280,"caption":"Bild: Apple - Universal Control"},{"@type":"BreadcrumbList","@id":"https:\/\/www.apfelpatient.de\/news\/universal-control-startet-nicht-unter-macos-12-monterey#breadcrumb","itemListElement":[{"@type":"ListItem","position":1,"name":"Startseite","item":"https:\/\/www.apfelpatient.de\/"},{"@type":"ListItem","position":2,"name":"Universal Control startet nicht unter macOS 12 Monterey"}]},{"@type":"WebSite","@id":"https:\/\/www.apfelpatient.de\/#website","url":"https:\/\/www.apfelpatient.de\/","name":"apple patient","description":"Everything about Apple!","publisher":{"@type":"Organization","@id":"https:\/\/www.apfelpatient.de\/en\/#organization","name":"Apfelpatient","url":"https:\/\/www.apfelpatient.de\/en\/"},"alternateName":"Apfelpatient","potentialAction":[{"@type":"SearchAction","target":{"@type":"EntryPoint","urlTemplate":"https:\/\/www.apfelpatient.de\/?s={search_term_string}"},"query-input":{"@type":"PropertyValueSpecification","valueRequired":true,"valueName":"search_term_string"}}],"inLanguage":"en-US"},{"@type":["Person","Organization"],"@id":"https:\/\/www.apfelpatient.de\/#\/schema\/person\/7dc56ad6c8e9824b76d2c08d4c140e13","name":"Milan","logo":{"@id":"https:\/\/www.apfelpatient.de\/#\/schema\/person\/image\/"},"description":"Hello and welcome to my technology blog! As a big Apple fan, I report on everything to do with Apple: from the latest news and exciting rumors to helpful tips and tricks and detailed product tests. If you are as enthusiastic about technology as I am, you have come to the right place!","sameAs":["https:\/\/www.facebook.com\/apfelpatientOfficial","https:\/\/www.linkedin.com\/in\/milan-jovicic-42aa0231b"],"url":"https:\/\/www.apfelpatient.de\/en\/author\/apfeladmin"}]}},"_links":{"self":[{"href":"https:\/\/www.apfelpatient.de\/en\/wp-json\/wp\/v2\/posts\/27646","targetHints":{"allow":["GET"]}}],"collection":[{"href":"https:\/\/www.apfelpatient.de\/en\/wp-json\/wp\/v2\/posts"}],"about":[{"href":"https:\/\/www.apfelpatient.de\/en\/wp-json\/wp\/v2\/types\/post"}],"author":[{"embeddable":true,"href":"https:\/\/www.apfelpatient.de\/en\/wp-json\/wp\/v2\/users\/2"}],"replies":[{"embeddable":true,"href":"https:\/\/www.apfelpatient.de\/en\/wp-json\/wp\/v2\/comments?post=27646"}],"version-history":[{"count":0,"href":"https:\/\/www.apfelpatient.de\/en\/wp-json\/wp\/v2\/posts\/27646\/revisions"}],"wp:featuredmedia":[{"embeddable":true,"href":"https:\/\/www.apfelpatient.de\/en\/wp-json\/wp\/v2\/media\/27439"}],"wp:attachment":[{"href":"https:\/\/www.apfelpatient.de\/en\/wp-json\/wp\/v2\/media?parent=27646"}],"wp:term":[{"taxonomy":"category","embeddable":true,"href":"https:\/\/www.apfelpatient.de\/en\/wp-json\/wp\/v2\/categories?post=27646"},{"taxonomy":"post_tag","embeddable":true,"href":"https:\/\/www.apfelpatient.de\/en\/wp-json\/wp\/v2\/tags?post=27646"}],"curies":[{"name":"wp","href":"https:\/\/api.w.org\/{rel}","templated":true}]}}