{"id":27593,"date":"2021-10-18T20:24:38","date_gmt":"2021-10-18T18:24:38","guid":{"rendered":"https:\/\/www.apfelpatient.de\/?p=27593"},"modified":"2021-10-23T19:33:05","modified_gmt":"2021-10-23T17:33:05","slug":"macos-12-monterey-apple-announces-launch-date","status":"publish","type":"post","link":"https:\/\/www.apfelpatient.de\/en\/news\/macos-12-monterey-apple-gibt-startdatum-bekannt","title":{"rendered":"macOS 12 Monterey: Apple announces launch date"},"content":{"rendered":"<p class=\"has-drop-cap\"><strong>Apple introduced the successor to macOS Big Sur during its annual WWDC keynote. Now macOS 12 Monterey is set to be released on October 25th.<\/strong><\/p>\n\n\n\n<p>One of the most striking features to appear with macOS Monterey is Universal Control. Using the keyboard and mouse or trackpad on a Mac, users can control iPads or other Macs that are nearby. Using a keyboard and mouse, the user can switch between controlling any device. But movement between all devices is also possible, with drag and drop working across all devices.<\/p>\n\n\n\n<h3 class=\"wp-block-heading\" id=\"h-shortcuts-f-r-mac\">Shortcuts for Mac<\/h3>\n\n\n\n<p>The new macOS Monterey also brings shortcuts from iOS to the Mac. The automation tool is a simpler system than the well-known Automator or AppleScript, both of which are still supported.<\/p>\n\n\n\n<blockquote class=\"wp-block-quote is-layout-flow wp-block-quote-is-layout-flow\"><p>This year we&#039;re bringing Shortcuts to Mac. After all, the Mac is where we turn to for much of our creative work. And now you can automate the everyday things to achieve peak productivity. With the Shortcuts Editor, users can easily chain together a series of actions to design shortcuts for their specific workflows. We&#039;re integrating Shortcuts throughout macOS so users can perform them regardless of the app they have open.<\/p><\/blockquote>\n\n\n\n<h3 class=\"wp-block-heading\">Safari<\/h3>\n\n\n\n<p>Safari on macOS Monterey includes privacy and performance features, most notably in its new system for displaying and using tabs.<\/p>\n\n\n\n<blockquote class=\"wp-block-quote is-layout-flow wp-block-quote-is-layout-flow\"><p>We designed Safari from the start to provide the best browsing experience on the Mac and it continues to blow the competition out of the water. Our users are doing more in the browser than ever before. Work, school, shopping, entertainment and that often leaves them with a ton of tabs, windows and other distractions. We think using the browser should feel natural and uncluttered, so we redesigned the browsing experience and stripped the toolbar down to its essential elements. Tabs are more compact, modern, lighter and there&#039;s a whole new way to use tabs, with tab groups that allow users to easily save and manage their tabs without cluttering their tab bar.<\/p><\/blockquote>\n\n\n\n<h3 class=\"wp-block-heading\">data protection and iOS compatibility<\/h3>\n\n\n\n\n\n\n\n<p>The other major updates also focus on adding new features to iMessage as well as improving support for Apple Silicon Macs. It also brings the Mac up to date with features important to the new iOS 15. This includes SharePlay. During a FaceTime call with friends and colleagues, users can share movies, music, and more (coming to iOS 15.1). With the ability to share this information with those users want to collaborate with, Apple has also expanded macOS&#039;s existing privacy protections. Just like iOS 15 and iPadOS 15, Apple Mail will block the ability for email providers to detect when users read their emails.<\/p>\n\n\n\n<h3 class=\"wp-block-heading\">macOS Monterey: Focus<\/h3>\n\n\n\n<p>The Focus function has also been adopted from the new iOS 15. A user can set a Focus mode on all of their devices that filters out unrelated notifications - and can automatically respond to other users. By default, Apple includes various specific Focus modes, such as Work. But users can add and customize their own. Users who currently pay for iCloud services will automatically be upgraded to iCloud+, which offers new data protection features for the Mac, including a VPN. The first developer beta of macOS Monterey is available now. Public betas will follow in July.<\/p>\n\n\n\n<h3 class=\"wp-block-heading\">Compatible Macs for macOS Monterey<\/h3>\n\n\n\n<p>The new macOS Monterey is supported by the following Mac models:<\/p>\n\n\n\n<ul class=\"wp-block-list\"><li>iMac: Late 2015 or later<\/li><li>iMac Pro<\/li><li>MacBook Air: Early 2015 and later<\/li><li>MacBook Pro: Early 2015 and later<\/li><li>Mac Pro: end of 2013<\/li><li>Mac mini: late 2014 and later<\/li><li>MacBook: Early 2016 and later<\/li><\/ul>\n\n\n\n<p>The <a href=\"https:\/\/www.apple.com\/newsroom\/\" target=\"_blank\" rel=\"noreferrer noopener\">update<\/a> will be available to all Mac users for free download on October 25, 2021. iOS 15.1, iPadOS 15.1, tvOS 15.1 and watchOS 8.1 are also scheduled to be released on the same day. (Photo by Alex Ruhl \/ Bigstockphoto)<\/p>\n\n\n\n<h6 class=\"wp-block-heading translation-block\" id=\"h-kennt-ihr-schon-unsere-amazon-storefront-dort-findet-ihr-eine-handverlesene-auswahl-von-diversen-produkten-f-r-euer-iphone-und-co-viel-spa-beim-st-bern\"><em>Have you already visited our Amazon Storefront? There you&#039;ll find a hand-picked selection of various products for your iPhone and other devices \u2013 <span class=\"has-inline-color has-vivid-red-color\"><a href=\"https:\/\/www.amazon.de\/shop\/apfelpatientofficial\" class=\"ek-link\" data-wpel-link=\"exclude\" rel=\"follow noopener\" target=\"_self\"><span style=\"text-decoration: underline\" class=\"ek-underline\">enjoy browsing<\/span><\/a> !<\/span><\/em><\/h6>\n\n\n\n<h6 class=\"wp-block-heading translation-block\" id=\"h-der-beitrag-enthalt-partnerlinks\">This post contains <a data-type=\"URL\" data-id=\"https:\/\/www.apfelpatient.de\/partnerprogramm\" href=\"https:\/\/www.apfelpatient.de\/en\/partner-program\" data-wpel-link=\"internal\" target=\"_self\">affiliate links<\/a>.<\/h6>","protected":false},"excerpt":{"rendered":"<p>Apple introduced the successor to macOS Big Sur during the WWDC keynote. Now macOS 12 Monterey is set to be released to all users.<\/p>","protected":false},"author":2,"featured_media":27595,"comment_status":"closed","ping_status":"closed","sticky":false,"template":"","format":"standard","meta":{"jnews-multi-image_gallery":[],"jnews_single_post":{"subtitle":"","format":"standard","video":"","gallery":"","source_name":"","source_url":"","via_name":"","via_url":"","override":[{"single_blog_custom":"","sidebar":"","second_sidebar":"","share_position":"","share_float_style":"","post_date_format":"","post_date_format_custom":"","post_reading_time_wpm":"","zoom_button_out_step":"1","zoom_button_in_step":"1","number_popup_post":"1"}],"image_override":[{"single_post_thumbnail_size":"","single_post_gallery_size":""}],"trending_post_position":"","trending_post_label":"","sponsored_post_label":"","sponsored_post_name":"","sponsored_post_url":"","sponsored_post_logo":"","sponsored_post_desc":""},"jnews_primary_category":{"id":"9"},"footnotes":""},"categories":[9],"tags":[40,4,638],"class_list":["post-27593","post","type-post","status-publish","format-standard","has-post-thumbnail","hentry","category-news","tag-mac","tag-macos","tag-macos-monterey"],"yoast_head":"<!-- This site is optimized with the Yoast SEO Premium plugin v27.5 (Yoast SEO v27.5) - https:\/\/yoast.com\/product\/yoast-seo-premium-wordpress\/ -->\n<title>macOS 12 Monterey: Apple gibt Startdatum bekannt Apfelpatient<\/title>\n<meta name=\"description\" content=\"Apple hat den Nachfolger von macOS Big Sur im Rahmen der WWDC-Keynote vorgestellt. Nun soll macOS 12 Monterey f\u00fcr alle Anwender erscheinen.\" \/>\n<meta name=\"robots\" content=\"index, follow, max-snippet:-1, max-image-preview:large, max-video-preview:-1\" \/>\n<link rel=\"canonical\" href=\"https:\/\/www.apfelpatient.de\/en\/news\/macos-12-monterey-apple-announces-launch-date\" \/>\n<meta property=\"og:locale\" content=\"en_US\" \/>\n<meta property=\"og:type\" content=\"article\" \/>\n<meta property=\"og:title\" content=\"macOS 12 Monterey: Apple gibt Startdatum bekannt\" \/>\n<meta property=\"og:description\" content=\"Apple hat den Nachfolger von macOS Big Sur im Rahmen der WWDC-Keynote vorgestellt. Nun soll macOS 12 Monterey f\u00fcr alle Anwender erscheinen.\" \/>\n<meta property=\"og:url\" content=\"https:\/\/www.apfelpatient.de\/en\/news\/macos-12-monterey-apple-announces-launch-date\" \/>\n<meta property=\"og:site_name\" content=\"Apfelpatient\" \/>\n<meta property=\"article:publisher\" content=\"https:\/\/www.facebook.com\/apfelpatientOfficial\" \/>\n<meta property=\"article:author\" content=\"https:\/\/www.facebook.com\/apfelpatientOfficial\" \/>\n<meta property=\"article:published_time\" content=\"2021-10-18T18:24:38+00:00\" \/>\n<meta property=\"article:modified_time\" content=\"2021-10-23T17:33:05+00:00\" \/>\n<meta property=\"og:image\" content=\"https:\/\/www.apfelpatient.de\/wp-content\/uploads\/2021\/10\/bigstock-Rosario-Argentina-November-395095514.jpg\" \/>\n\t<meta property=\"og:image:width\" content=\"1600\" \/>\n\t<meta property=\"og:image:height\" content=\"1067\" \/>\n\t<meta property=\"og:image:type\" content=\"image\/jpeg\" \/>\n<meta name=\"author\" content=\"Milan\" \/>\n<meta name=\"twitter:card\" content=\"summary_large_image\" \/>\n<meta name=\"twitter:description\" content=\"Apple hat den Nachfolger von macOS Big Sur im Rahmen der WWDC-Keynote vorgestellt. Nun soll macOS 12 Monterey f\u00fcr alle Anwender erscheinen.\" \/>\n<meta name=\"twitter:label1\" content=\"Written by\" \/>\n\t<meta name=\"twitter:data1\" content=\"Milan\" \/>\n\t<meta name=\"twitter:label2\" content=\"Est. reading time\" \/>\n\t<meta name=\"twitter:data2\" content=\"3 minutes\" \/>\n<script type=\"application\/ld+json\" class=\"yoast-schema-graph\">{\"@context\":\"https:\\\/\\\/schema.org\",\"@graph\":[{\"@type\":\"NewsArticle\",\"@id\":\"https:\\\/\\\/www.apfelpatient.de\\\/en\\\/news\\\/macos-12-monterey-apple-gibt-startdatum-bekannt#article\",\"isPartOf\":{\"@id\":\"https:\\\/\\\/www.apfelpatient.de\\\/en\\\/news\\\/macos-12-monterey-apple-gibt-startdatum-bekannt\"},\"author\":{\"@type\":\"Organization\",\"@id\":\"https:\\\/\\\/www.apfelpatient.de\\\/en\\\/#organization\",\"name\":\"Apfelpatient\",\"url\":\"https:\\\/\\\/www.apfelpatient.de\\\/en\\\/\"},\"headline\":\"macOS 12 Monterey: Apple gibt Startdatum bekannt\",\"datePublished\":\"2021-10-18T18:24:38+00:00\",\"dateModified\":\"2021-10-23T17:33:05+00:00\",\"mainEntityOfPage\":{\"@id\":\"https:\\\/\\\/www.apfelpatient.de\\\/en\\\/news\\\/macos-12-monterey-apple-gibt-startdatum-bekannt\"},\"wordCount\":684,\"publisher\":{\"@type\":\"Organization\",\"@id\":\"https:\\\/\\\/www.apfelpatient.de\\\/en\\\/#organization\",\"name\":\"Apfelpatient\",\"url\":\"https:\\\/\\\/www.apfelpatient.de\\\/en\\\/\"},\"image\":{\"@id\":\"https:\\\/\\\/www.apfelpatient.de\\\/en\\\/news\\\/macos-12-monterey-apple-gibt-startdatum-bekannt#primaryimage\"},\"thumbnailUrl\":\"https:\\\/\\\/www.apfelpatient.de\\\/wp-content\\\/uploads\\\/2021\\\/10\\\/bigstock-Rosario-Argentina-November-395095514.jpg\",\"keywords\":[\"Mac\",\"macOS\",\"macOS 12 Monterey\"],\"articleSection\":\"News\",\"inLanguage\":\"en-US\",\"copyrightYear\":\"2021\",\"copyrightHolder\":{\"@id\":\"https:\\\/\\\/www.apfelpatient.de\\\/en\\\/#organization\"}},{\"@type\":\"WebPage\",\"@id\":\"https:\\\/\\\/www.apfelpatient.de\\\/en\\\/news\\\/macos-12-monterey-apple-gibt-startdatum-bekannt\",\"url\":\"https:\\\/\\\/www.apfelpatient.de\\\/en\\\/news\\\/macos-12-monterey-apple-gibt-startdatum-bekannt\",\"name\":\"macOS 12 Monterey: Apple gibt Startdatum bekannt Apfelpatient\",\"isPartOf\":{\"@id\":\"https:\\\/\\\/www.apfelpatient.de\\\/#website\"},\"primaryImageOfPage\":{\"@id\":\"https:\\\/\\\/www.apfelpatient.de\\\/en\\\/news\\\/macos-12-monterey-apple-gibt-startdatum-bekannt#primaryimage\"},\"image\":{\"@id\":\"https:\\\/\\\/www.apfelpatient.de\\\/en\\\/news\\\/macos-12-monterey-apple-gibt-startdatum-bekannt#primaryimage\"},\"thumbnailUrl\":\"https:\\\/\\\/www.apfelpatient.de\\\/wp-content\\\/uploads\\\/2021\\\/10\\\/bigstock-Rosario-Argentina-November-395095514.jpg\",\"datePublished\":\"2021-10-18T18:24:38+00:00\",\"dateModified\":\"2021-10-23T17:33:05+00:00\",\"description\":\"Apple hat den Nachfolger von macOS Big Sur im Rahmen der WWDC-Keynote vorgestellt. Nun soll macOS 12 Monterey f\u00fcr alle Anwender erscheinen.\",\"breadcrumb\":{\"@id\":\"https:\\\/\\\/www.apfelpatient.de\\\/en\\\/news\\\/macos-12-monterey-apple-gibt-startdatum-bekannt#breadcrumb\"},\"inLanguage\":\"en-US\",\"potentialAction\":[{\"@type\":\"ReadAction\",\"target\":[\"https:\\\/\\\/www.apfelpatient.de\\\/en\\\/news\\\/macos-12-monterey-apple-gibt-startdatum-bekannt\"]}]},{\"@type\":\"ImageObject\",\"inLanguage\":\"en-US\",\"@id\":\"https:\\\/\\\/www.apfelpatient.de\\\/en\\\/news\\\/macos-12-monterey-apple-gibt-startdatum-bekannt#primaryimage\",\"url\":\"https:\\\/\\\/www.apfelpatient.de\\\/wp-content\\\/uploads\\\/2021\\\/10\\\/bigstock-Rosario-Argentina-November-395095514.jpg\",\"contentUrl\":\"https:\\\/\\\/www.apfelpatient.de\\\/wp-content\\\/uploads\\\/2021\\\/10\\\/bigstock-Rosario-Argentina-November-395095514.jpg\",\"width\":1600,\"height\":1067,\"caption\":\"ROSARIO, ARGENTINA - NOVEMBER 16, 2020: Apple logo in the screen of laptop. Mature woman sitting in front of computer with mac os x operating system start screen.\"},{\"@type\":\"BreadcrumbList\",\"@id\":\"https:\\\/\\\/www.apfelpatient.de\\\/en\\\/news\\\/macos-12-monterey-apple-gibt-startdatum-bekannt#breadcrumb\",\"itemListElement\":[{\"@type\":\"ListItem\",\"position\":1,\"name\":\"Startseite\",\"item\":\"https:\\\/\\\/www.apfelpatient.de\\\/\"},{\"@type\":\"ListItem\",\"position\":2,\"name\":\"macOS 12 Monterey: Apple gibt Startdatum bekannt\"}]},{\"@type\":\"WebSite\",\"@id\":\"https:\\\/\\\/www.apfelpatient.de\\\/#website\",\"url\":\"https:\\\/\\\/www.apfelpatient.de\\\/\",\"name\":\"Apfelpatient\",\"description\":\"Alles rund um Apple!\",\"publisher\":{\"@type\":\"Organization\",\"@id\":\"https:\\\/\\\/www.apfelpatient.de\\\/en\\\/#organization\",\"name\":\"Apfelpatient\",\"url\":\"https:\\\/\\\/www.apfelpatient.de\\\/en\\\/\"},\"alternateName\":\"Apfelpatient\",\"potentialAction\":[{\"@type\":\"SearchAction\",\"target\":{\"@type\":\"EntryPoint\",\"urlTemplate\":\"https:\\\/\\\/www.apfelpatient.de\\\/?s={search_term_string}\"},\"query-input\":{\"@type\":\"PropertyValueSpecification\",\"valueRequired\":true,\"valueName\":\"search_term_string\"}}],\"inLanguage\":\"en-US\"},{\"@type\":[\"Person\",\"Organization\"],\"@id\":\"https:\\\/\\\/www.apfelpatient.de\\\/#\\\/schema\\\/person\\\/7dc56ad6c8e9824b76d2c08d4c140e13\",\"name\":\"Milan\",\"logo\":{\"@id\":\"https:\\\/\\\/www.apfelpatient.de\\\/#\\\/schema\\\/person\\\/image\\\/\"},\"description\":\"Hallo und herzlich willkommen auf meinem Technik-Blog! Als gro\u00dfer Apple-Fan berichte ich hier \u00fcber alles, was mit Apple zu tun hat: von den neuesten News und spannenden Ger\u00fcchten \u00fcber hilfreiche Tipps und Tricks bis hin zu ausf\u00fchrlichen Produkttests. Wenn du genauso technikbegeistert bist wie ich, bist du hier genau richtig!\",\"sameAs\":[\"https:\\\/\\\/www.facebook.com\\\/apfelpatientOfficial\",\"https:\\\/\\\/www.linkedin.com\\\/in\\\/milan-jovicic-42aa0231b\"],\"url\":\"https:\\\/\\\/www.apfelpatient.de\\\/en\\\/author\\\/apfeladmin\"}]}<\/script>\n<!-- \/ Yoast SEO Premium plugin. -->","yoast_head_json":{"title":"macOS 12 Monterey: Apple announces launch date Apfelpatient","description":"Apple introduced the successor to macOS Big Sur during the WWDC keynote. Now macOS 12 Monterey is set to be released to all users.","robots":{"index":"index","follow":"follow","max-snippet":"max-snippet:-1","max-image-preview":"max-image-preview:large","max-video-preview":"max-video-preview:-1"},"canonical":"https:\/\/www.apfelpatient.de\/en\/news\/macos-12-monterey-apple-announces-launch-date","og_locale":"en_US","og_type":"article","og_title":"macOS 12 Monterey: Apple gibt Startdatum bekannt","og_description":"Apple hat den Nachfolger von macOS Big Sur im Rahmen der WWDC-Keynote vorgestellt. Nun soll macOS 12 Monterey f\u00fcr alle Anwender erscheinen.","og_url":"https:\/\/www.apfelpatient.de\/en\/news\/macos-12-monterey-apple-announces-launch-date","og_site_name":"Apfelpatient","article_publisher":"https:\/\/www.facebook.com\/apfelpatientOfficial","article_author":"https:\/\/www.facebook.com\/apfelpatientOfficial","article_published_time":"2021-10-18T18:24:38+00:00","article_modified_time":"2021-10-23T17:33:05+00:00","og_image":[{"width":1600,"height":1067,"url":"https:\/\/www.apfelpatient.de\/wp-content\/uploads\/2021\/10\/bigstock-Rosario-Argentina-November-395095514.jpg","type":"image\/jpeg"}],"author":"Milan","twitter_card":"summary_large_image","twitter_description":"Apple hat den Nachfolger von macOS Big Sur im Rahmen der WWDC-Keynote vorgestellt. Nun soll macOS 12 Monterey f\u00fcr alle Anwender erscheinen.","twitter_misc":{"Written by":"Milan","Est. reading time":"3 minutes"},"schema":{"@context":"https:\/\/schema.org","@graph":[{"@type":"NewsArticle","@id":"https:\/\/www.apfelpatient.de\/en\/news\/macos-12-monterey-apple-gibt-startdatum-bekannt#article","isPartOf":{"@id":"https:\/\/www.apfelpatient.de\/en\/news\/macos-12-monterey-apple-gibt-startdatum-bekannt"},"author":{"@type":"Organization","@id":"https:\/\/www.apfelpatient.de\/en\/#organization","name":"Apfelpatient","url":"https:\/\/www.apfelpatient.de\/en\/"},"headline":"macOS 12 Monterey: Apple gibt Startdatum bekannt","datePublished":"2021-10-18T18:24:38+00:00","dateModified":"2021-10-23T17:33:05+00:00","mainEntityOfPage":{"@id":"https:\/\/www.apfelpatient.de\/en\/news\/macos-12-monterey-apple-gibt-startdatum-bekannt"},"wordCount":684,"publisher":{"@type":"Organization","@id":"https:\/\/www.apfelpatient.de\/en\/#organization","name":"Apfelpatient","url":"https:\/\/www.apfelpatient.de\/en\/"},"image":{"@id":"https:\/\/www.apfelpatient.de\/en\/news\/macos-12-monterey-apple-gibt-startdatum-bekannt#primaryimage"},"thumbnailUrl":"https:\/\/www.apfelpatient.de\/wp-content\/uploads\/2021\/10\/bigstock-Rosario-Argentina-November-395095514.jpg","keywords":["Mac","macOS","macOS 12 Monterey"],"articleSection":"News","inLanguage":"en-US","copyrightYear":"2021","copyrightHolder":{"@id":"https:\/\/www.apfelpatient.de\/en\/#organization"}},{"@type":"WebPage","@id":"https:\/\/www.apfelpatient.de\/en\/news\/macos-12-monterey-apple-gibt-startdatum-bekannt","url":"https:\/\/www.apfelpatient.de\/en\/news\/macos-12-monterey-apple-gibt-startdatum-bekannt","name":"macOS 12 Monterey: Apple announces launch date Apfelpatient","isPartOf":{"@id":"https:\/\/www.apfelpatient.de\/#website"},"primaryImageOfPage":{"@id":"https:\/\/www.apfelpatient.de\/en\/news\/macos-12-monterey-apple-gibt-startdatum-bekannt#primaryimage"},"image":{"@id":"https:\/\/www.apfelpatient.de\/en\/news\/macos-12-monterey-apple-gibt-startdatum-bekannt#primaryimage"},"thumbnailUrl":"https:\/\/www.apfelpatient.de\/wp-content\/uploads\/2021\/10\/bigstock-Rosario-Argentina-November-395095514.jpg","datePublished":"2021-10-18T18:24:38+00:00","dateModified":"2021-10-23T17:33:05+00:00","description":"Apple introduced the successor to macOS Big Sur during the WWDC keynote. Now macOS 12 Monterey is set to be released to all users.","breadcrumb":{"@id":"https:\/\/www.apfelpatient.de\/en\/news\/macos-12-monterey-apple-gibt-startdatum-bekannt#breadcrumb"},"inLanguage":"en-US","potentialAction":[{"@type":"ReadAction","target":["https:\/\/www.apfelpatient.de\/en\/news\/macos-12-monterey-apple-gibt-startdatum-bekannt"]}]},{"@type":"ImageObject","inLanguage":"en-US","@id":"https:\/\/www.apfelpatient.de\/en\/news\/macos-12-monterey-apple-gibt-startdatum-bekannt#primaryimage","url":"https:\/\/www.apfelpatient.de\/wp-content\/uploads\/2021\/10\/bigstock-Rosario-Argentina-November-395095514.jpg","contentUrl":"https:\/\/www.apfelpatient.de\/wp-content\/uploads\/2021\/10\/bigstock-Rosario-Argentina-November-395095514.jpg","width":1600,"height":1067,"caption":"ROSARIO, ARGENTINA - NOVEMBER 16, 2020: Apple logo in the screen of laptop. Mature woman sitting in front of computer with mac os x operating system start screen."},{"@type":"BreadcrumbList","@id":"https:\/\/www.apfelpatient.de\/en\/news\/macos-12-monterey-apple-gibt-startdatum-bekannt#breadcrumb","itemListElement":[{"@type":"ListItem","position":1,"name":"Startseite","item":"https:\/\/www.apfelpatient.de\/"},{"@type":"ListItem","position":2,"name":"macOS 12 Monterey: Apple gibt Startdatum bekannt"}]},{"@type":"WebSite","@id":"https:\/\/www.apfelpatient.de\/#website","url":"https:\/\/www.apfelpatient.de\/","name":"apple patient","description":"Everything about Apple!","publisher":{"@type":"Organization","@id":"https:\/\/www.apfelpatient.de\/en\/#organization","name":"Apfelpatient","url":"https:\/\/www.apfelpatient.de\/en\/"},"alternateName":"Apfelpatient","potentialAction":[{"@type":"SearchAction","target":{"@type":"EntryPoint","urlTemplate":"https:\/\/www.apfelpatient.de\/?s={search_term_string}"},"query-input":{"@type":"PropertyValueSpecification","valueRequired":true,"valueName":"search_term_string"}}],"inLanguage":"en-US"},{"@type":["Person","Organization"],"@id":"https:\/\/www.apfelpatient.de\/#\/schema\/person\/7dc56ad6c8e9824b76d2c08d4c140e13","name":"Milan","logo":{"@id":"https:\/\/www.apfelpatient.de\/#\/schema\/person\/image\/"},"description":"Hello and welcome to my technology blog! As a big Apple fan, I report on everything to do with Apple: from the latest news and exciting rumors to helpful tips and tricks and detailed product tests. If you are as enthusiastic about technology as I am, you have come to the right place!","sameAs":["https:\/\/www.facebook.com\/apfelpatientOfficial","https:\/\/www.linkedin.com\/in\/milan-jovicic-42aa0231b"],"url":"https:\/\/www.apfelpatient.de\/en\/author\/apfeladmin"}]}},"_links":{"self":[{"href":"https:\/\/www.apfelpatient.de\/en\/wp-json\/wp\/v2\/posts\/27593","targetHints":{"allow":["GET"]}}],"collection":[{"href":"https:\/\/www.apfelpatient.de\/en\/wp-json\/wp\/v2\/posts"}],"about":[{"href":"https:\/\/www.apfelpatient.de\/en\/wp-json\/wp\/v2\/types\/post"}],"author":[{"embeddable":true,"href":"https:\/\/www.apfelpatient.de\/en\/wp-json\/wp\/v2\/users\/2"}],"replies":[{"embeddable":true,"href":"https:\/\/www.apfelpatient.de\/en\/wp-json\/wp\/v2\/comments?post=27593"}],"version-history":[{"count":0,"href":"https:\/\/www.apfelpatient.de\/en\/wp-json\/wp\/v2\/posts\/27593\/revisions"}],"wp:featuredmedia":[{"embeddable":true,"href":"https:\/\/www.apfelpatient.de\/en\/wp-json\/wp\/v2\/media\/27595"}],"wp:attachment":[{"href":"https:\/\/www.apfelpatient.de\/en\/wp-json\/wp\/v2\/media?parent=27593"}],"wp:term":[{"taxonomy":"category","embeddable":true,"href":"https:\/\/www.apfelpatient.de\/en\/wp-json\/wp\/v2\/categories?post=27593"},{"taxonomy":"post_tag","embeddable":true,"href":"https:\/\/www.apfelpatient.de\/en\/wp-json\/wp\/v2\/tags?post=27593"}],"curies":[{"name":"wp","href":"https:\/\/api.w.org\/{rel}","templated":true}]}}