{"id":27579,"date":"2021-10-25T19:20:36","date_gmt":"2021-10-25T17:20:36","guid":{"rendered":"https:\/\/www.apfelpatient.de\/?p=27579"},"modified":"2025-02-06T08:06:54","modified_gmt":"2025-02-06T07:06:54","slug":"germany-apple-fitness-launches-soon","status":"publish","type":"post","link":"https:\/\/www.apfelpatient.de\/en\/news\/deutschland-apple-fitness-startet-in-kuerze","title":{"rendered":"Deutschland: Apple Fitness+ startet in K\u00fcrze [Update]"},"content":{"rendered":"<p class=\"has-drop-cap\"><strong>As part of the &quot;California streaming&quot; event, Apple discussed not only new hardware but also Apple Fitness+. The company announced that Apple Fitness+ will finally be available in Germany. However, no date was given at the time. The company has now made this known retrospectively.<\/strong><\/p>\n\n\n\n<p>Apple Fitness+ is an Apple Watch-focused home workout program that guides users through various workouts and complements the fitness-focused features of the Apple Watch. The service provides workouts that are suitable for every user. During the workout, the Apple Watch monitors the individual metrics. Of course, iPhone, iPad and Apple TV are also part of the new service.<\/p>\n\n\n\n<h3 class=\"wp-block-heading\" id=\"h-apple-fitness-noch-in-diesem-jahr-in-deutschland-verf-gbar\">Apple Fitness+ available in Germany later this year<\/h3>\n\n\n\n\n\n\n\n<p>Dem <a href=\"https:\/\/www.apple.com\/newsroom\/2021\/10\/fitness-plus-introduces-workouts-and-meditations-with-shareplay\/\" target=\"_blank\" rel=\"noreferrer noopener\">Pursue<\/a> According to Apple Fitness+ will now be available in Austria, Brazil, Colombia, France, Germany, Indonesia, Italy, Canada, Mexico, Portugal, Russia, Saudi Arabia, Spain, Switzerland and the United Arab Emirates. Specifically, the service is scheduled to be released on November 3, 2021. In order to access all functions, including the latest ones, iOS 15.1, iPadOS 15.1, tvOS 15.1 and watchOS 8.1 are required. Apple has not yet announced a price. Since the service costs $9.99 per month in the USA, it can be assumed that Apple Fitness+ will cost around \u20ac9.99 in this country. (Image: Apple)<\/p>\n\n\n\n<h3 class=\"wp-block-heading\">Update:<\/h3>\n\n\n\n<p>In the meantime, Apple has released another announcement confirming that Apple One Premium will also be available in this country. The subscription includes the following services:<\/p>\n\n\n\n<ul class=\"wp-block-list\"><li>Apple Music Family with over 90 million songs, expert-curated playlists, original content from the best-known and most popular artists with Apple Music Radio and innovative features such as autoplay, synchronized lyrics, lossless audio and immersive sound through 3D audio with Dolby Atmos.<\/li><li>Apple TV+, home to Apple Originals from today&#039;s most inventive and respected filmmakers. Apple TV+ has received over 155 awards for its original series and films \u2014 more than any other streaming service in its first two years of existence.<\/li><li>Apple Arcade, which gives players unlimited access to more than 200 incredibly fun games, including the new NBA 2K22 Arcade Edition and popular titles like Sneaky Sasquatch and Lego Star Wars Battles \u2014 all with no ads or in-app purchases.<\/li><li>Apple Fitness+, a fitness and wellness service accessible to all with thousands of studio workouts, guided meditations, and curated programs, all led by a diverse and inclusive team of trainers. Fitness+ intelligently integrates Apple Watch workout data directly onto the screen and motivates users from start to finish with music from today&#039;s hottest artists.<\/li><li>With iCloud+, photos, videos, files, app data, and more are backed up in 2 TB of cloud storage, synced across devices, and online experiences are made more private and secure with iCloud Private Relay and Hide Email Address.<\/li><\/ul>\n\n\n\n<p>The subscription model is expected to cost 28.95 euros per month.<\/p>\n\n\n\n<ul class=\"wp-block-list\"><li><a href=\"https:\/\/www.apfelpatient.de\/en\/news\/at-a-glance-apple-releases-ios-15-1-and-co\">Overview: Apple releases iOS 15.1 and Co.<\/a><\/li><\/ul>\n\n\n\n<h6 class=\"wp-block-heading translation-block\" id=\"h-kennt-ihr-schon-unsere-amazon-storefront-dort-findet-ihr-eine-handverlesene-auswahl-von-diversen-produkten-f-r-euer-iphone-und-co-viel-spa-beim-st-bern\"><em>Have you already visited our Amazon Storefront? There you&#039;ll find a hand-picked selection of various products for your iPhone and other devices \u2013 <span class=\"has-inline-color has-vivid-red-color\"><a href=\"https:\/\/www.amazon.de\/shop\/apfelpatientofficial\" class=\"ek-link\" data-wpel-link=\"exclude\" rel=\"follow noopener\" target=\"_self\"><span style=\"text-decoration: underline\" class=\"ek-underline\">enjoy browsing<\/span><\/a> !<\/span><\/em><\/h6>\n\n\n\n<h6 class=\"wp-block-heading translation-block\" id=\"h-der-beitrag-enthalt-partnerlinks\">This post contains <a data-type=\"URL\" data-id=\"https:\/\/www.apfelpatient.de\/partnerprogramm\" href=\"https:\/\/www.apfelpatient.de\/en\/partner-program\" data-wpel-link=\"internal\" target=\"_self\">affiliate links<\/a>.<\/h6>","protected":false},"excerpt":{"rendered":"<p>\u201cUnleashed.\u201d event: The company announced that Apple Fitness+ will finally be available in Germany.<\/p>","protected":false},"author":2,"featured_media":26364,"comment_status":"closed","ping_status":"closed","sticky":false,"template":"","format":"standard","meta":{"jnews-multi-image_gallery":[],"jnews_single_post":{"subtitle":"","format":"standard","video":"","gallery":"","source_name":"","source_url":"","via_name":"","via_url":"","override":[{"single_blog_custom":"","sidebar":"","second_sidebar":"","share_position":"","share_float_style":"","post_date_format":"","post_date_format_custom":"","post_reading_time_wpm":"","zoom_button_out_step":"1","zoom_button_in_step":"1","number_popup_post":"1"}],"image_override":[{"single_post_thumbnail_size":"","single_post_gallery_size":""}],"trending_post_position":"","trending_post_label":"","sponsored_post_label":"","sponsored_post_name":"","sponsored_post_url":"","sponsored_post_logo":"","sponsored_post_desc":""},"jnews_primary_category":{"id":"9"},"footnotes":""},"categories":[9],"tags":[34,3,33,95,21],"class_list":["post-27579","post","type-post","status-publish","format-standard","has-post-thumbnail","hentry","category-news","tag-apple-dienste","tag-ios","tag-ipados","tag-tvos","tag-watchos"],"yoast_head":"<!-- This site is optimized with the Yoast SEO Premium plugin v27.5 (Yoast SEO v27.5) - https:\/\/yoast.com\/product\/yoast-seo-premium-wordpress\/ -->\n<title>Deutschland: Apple Fitness+ startet in K\u00fcrze [Update] Apfelpatient<\/title>\n<meta name=\"description\" content=\"&quot;Unleashed.&quot;-Event: Dabei k\u00fcndigte das Unternehmen an, dass Apple Fitness+ nun endlich auch in Deutschland verf\u00fcgbar sein wird.\" \/>\n<meta name=\"robots\" content=\"index, follow, max-snippet:-1, max-image-preview:large, max-video-preview:-1\" \/>\n<link rel=\"canonical\" href=\"https:\/\/www.apfelpatient.de\/en\/news\/germany-apple-fitness-launches-soon\" \/>\n<meta property=\"og:locale\" content=\"en_US\" \/>\n<meta property=\"og:type\" content=\"article\" \/>\n<meta property=\"og:title\" content=\"Deutschland: Apple Fitness+ startet in K\u00fcrze [Update]\" \/>\n<meta property=\"og:description\" content=\"&quot;Unleashed.&quot;-Event: Dabei k\u00fcndigte das Unternehmen an, dass Apple Fitness+ nun endlich auch in Deutschland verf\u00fcgbar sein wird.\" \/>\n<meta property=\"og:url\" content=\"https:\/\/www.apfelpatient.de\/en\/news\/germany-apple-fitness-launches-soon\" \/>\n<meta property=\"og:site_name\" content=\"Apfelpatient\" \/>\n<meta property=\"article:publisher\" content=\"https:\/\/www.facebook.com\/apfelpatientOfficial\" \/>\n<meta property=\"article:author\" content=\"https:\/\/www.facebook.com\/apfelpatientOfficial\" \/>\n<meta property=\"article:published_time\" content=\"2021-10-25T17:20:36+00:00\" \/>\n<meta property=\"article:modified_time\" content=\"2025-02-06T07:06:54+00:00\" \/>\n<meta property=\"og:image\" content=\"https:\/\/www.apfelpatient.de\/wp-content\/uploads\/2021\/09\/Apple_Fitness-Plus_HIIT_09142021.jpg\" \/>\n\t<meta property=\"og:image:width\" content=\"1600\" \/>\n\t<meta property=\"og:image:height\" content=\"1011\" \/>\n\t<meta property=\"og:image:type\" content=\"image\/jpeg\" \/>\n<meta name=\"author\" content=\"Milan\" \/>\n<meta name=\"twitter:card\" content=\"summary_large_image\" \/>\n<meta name=\"twitter:description\" content=\"&quot;Unleashed.&quot;-Event: Dabei k\u00fcndigte das Unternehmen an, dass Apple Fitness+ nun endlich auch in Deutschland verf\u00fcgbar sein wird.\" \/>\n<meta name=\"twitter:label1\" content=\"Written by\" \/>\n\t<meta name=\"twitter:data1\" content=\"Milan\" \/>\n\t<meta name=\"twitter:label2\" content=\"Est. reading time\" \/>\n\t<meta name=\"twitter:data2\" content=\"3 minutes\" \/>\n<script type=\"application\/ld+json\" class=\"yoast-schema-graph\">{\"@context\":\"https:\\\/\\\/schema.org\",\"@graph\":[{\"@type\":\"NewsArticle\",\"@id\":\"https:\\\/\\\/www.apfelpatient.de\\\/news\\\/deutschland-apple-fitness-startet-in-kuerze#article\",\"isPartOf\":{\"@id\":\"https:\\\/\\\/www.apfelpatient.de\\\/news\\\/deutschland-apple-fitness-startet-in-kuerze\"},\"author\":{\"@type\":\"Organization\",\"@id\":\"https:\\\/\\\/www.apfelpatient.de\\\/en\\\/#organization\",\"name\":\"Apfelpatient\",\"url\":\"https:\\\/\\\/www.apfelpatient.de\\\/en\\\/\"},\"headline\":\"Deutschland: Apple Fitness+ startet in K\u00fcrze [Update]\",\"datePublished\":\"2021-10-25T17:20:36+00:00\",\"dateModified\":\"2025-02-06T07:06:54+00:00\",\"mainEntityOfPage\":{\"@id\":\"https:\\\/\\\/www.apfelpatient.de\\\/news\\\/deutschland-apple-fitness-startet-in-kuerze\"},\"wordCount\":478,\"publisher\":{\"@type\":\"Organization\",\"@id\":\"https:\\\/\\\/www.apfelpatient.de\\\/en\\\/#organization\",\"name\":\"Apfelpatient\",\"url\":\"https:\\\/\\\/www.apfelpatient.de\\\/en\\\/\"},\"image\":{\"@id\":\"https:\\\/\\\/www.apfelpatient.de\\\/news\\\/deutschland-apple-fitness-startet-in-kuerze#primaryimage\"},\"thumbnailUrl\":\"https:\\\/\\\/www.apfelpatient.de\\\/wp-content\\\/uploads\\\/2021\\\/09\\\/Apple_Fitness-Plus_HIIT_09142021.jpg\",\"keywords\":[\"Apple Dienste\",\"iOS\",\"iPadOS\",\"tvOS\",\"watchOS\"],\"articleSection\":\"News\",\"inLanguage\":\"en-US\",\"copyrightYear\":\"2021\",\"copyrightHolder\":{\"@id\":\"https:\\\/\\\/www.apfelpatient.de\\\/en\\\/#organization\"}},{\"@type\":\"WebPage\",\"@id\":\"https:\\\/\\\/www.apfelpatient.de\\\/news\\\/deutschland-apple-fitness-startet-in-kuerze\",\"url\":\"https:\\\/\\\/www.apfelpatient.de\\\/news\\\/deutschland-apple-fitness-startet-in-kuerze\",\"name\":\"Deutschland: Apple Fitness+ startet in K\u00fcrze [Update] Apfelpatient\",\"isPartOf\":{\"@id\":\"https:\\\/\\\/www.apfelpatient.de\\\/#website\"},\"primaryImageOfPage\":{\"@id\":\"https:\\\/\\\/www.apfelpatient.de\\\/news\\\/deutschland-apple-fitness-startet-in-kuerze#primaryimage\"},\"image\":{\"@id\":\"https:\\\/\\\/www.apfelpatient.de\\\/news\\\/deutschland-apple-fitness-startet-in-kuerze#primaryimage\"},\"thumbnailUrl\":\"https:\\\/\\\/www.apfelpatient.de\\\/wp-content\\\/uploads\\\/2021\\\/09\\\/Apple_Fitness-Plus_HIIT_09142021.jpg\",\"datePublished\":\"2021-10-25T17:20:36+00:00\",\"dateModified\":\"2025-02-06T07:06:54+00:00\",\"description\":\"\\\"Unleashed.\\\"-Event: Dabei k\u00fcndigte das Unternehmen an, dass Apple Fitness+ nun endlich auch in Deutschland verf\u00fcgbar sein wird.\",\"breadcrumb\":{\"@id\":\"https:\\\/\\\/www.apfelpatient.de\\\/news\\\/deutschland-apple-fitness-startet-in-kuerze#breadcrumb\"},\"inLanguage\":\"en-US\",\"potentialAction\":[{\"@type\":\"ReadAction\",\"target\":[\"https:\\\/\\\/www.apfelpatient.de\\\/news\\\/deutschland-apple-fitness-startet-in-kuerze\"]}]},{\"@type\":\"ImageObject\",\"inLanguage\":\"en-US\",\"@id\":\"https:\\\/\\\/www.apfelpatient.de\\\/news\\\/deutschland-apple-fitness-startet-in-kuerze#primaryimage\",\"url\":\"https:\\\/\\\/www.apfelpatient.de\\\/wp-content\\\/uploads\\\/2021\\\/09\\\/Apple_Fitness-Plus_HIIT_09142021.jpg\",\"contentUrl\":\"https:\\\/\\\/www.apfelpatient.de\\\/wp-content\\\/uploads\\\/2021\\\/09\\\/Apple_Fitness-Plus_HIIT_09142021.jpg\",\"width\":1600,\"height\":1011,\"caption\":\"Bild: Apple\"},{\"@type\":\"BreadcrumbList\",\"@id\":\"https:\\\/\\\/www.apfelpatient.de\\\/news\\\/deutschland-apple-fitness-startet-in-kuerze#breadcrumb\",\"itemListElement\":[{\"@type\":\"ListItem\",\"position\":1,\"name\":\"Startseite\",\"item\":\"https:\\\/\\\/www.apfelpatient.de\\\/\"},{\"@type\":\"ListItem\",\"position\":2,\"name\":\"Deutschland: Apple Fitness+ startet in K\u00fcrze [Update]\"}]},{\"@type\":\"WebSite\",\"@id\":\"https:\\\/\\\/www.apfelpatient.de\\\/#website\",\"url\":\"https:\\\/\\\/www.apfelpatient.de\\\/\",\"name\":\"Apfelpatient\",\"description\":\"Alles rund um Apple!\",\"publisher\":{\"@type\":\"Organization\",\"@id\":\"https:\\\/\\\/www.apfelpatient.de\\\/en\\\/#organization\",\"name\":\"Apfelpatient\",\"url\":\"https:\\\/\\\/www.apfelpatient.de\\\/en\\\/\"},\"alternateName\":\"Apfelpatient\",\"potentialAction\":[{\"@type\":\"SearchAction\",\"target\":{\"@type\":\"EntryPoint\",\"urlTemplate\":\"https:\\\/\\\/www.apfelpatient.de\\\/?s={search_term_string}\"},\"query-input\":{\"@type\":\"PropertyValueSpecification\",\"valueRequired\":true,\"valueName\":\"search_term_string\"}}],\"inLanguage\":\"en-US\"},{\"@type\":[\"Person\",\"Organization\"],\"@id\":\"https:\\\/\\\/www.apfelpatient.de\\\/#\\\/schema\\\/person\\\/7dc56ad6c8e9824b76d2c08d4c140e13\",\"name\":\"Milan\",\"logo\":{\"@id\":\"https:\\\/\\\/www.apfelpatient.de\\\/#\\\/schema\\\/person\\\/image\\\/\"},\"description\":\"Hallo und herzlich willkommen auf meinem Technik-Blog! Als gro\u00dfer Apple-Fan berichte ich hier \u00fcber alles, was mit Apple zu tun hat: von den neuesten News und spannenden Ger\u00fcchten \u00fcber hilfreiche Tipps und Tricks bis hin zu ausf\u00fchrlichen Produkttests. Wenn du genauso technikbegeistert bist wie ich, bist du hier genau richtig!\",\"sameAs\":[\"https:\\\/\\\/www.facebook.com\\\/apfelpatientOfficial\",\"https:\\\/\\\/www.linkedin.com\\\/in\\\/milan-jovicic-42aa0231b\"],\"url\":\"https:\\\/\\\/www.apfelpatient.de\\\/en\\\/author\\\/apfeladmin\"}]}<\/script>\n<!-- \/ Yoast SEO Premium plugin. -->","yoast_head_json":{"title":"Deutschland: Apple Fitness+ startet in K\u00fcrze [Update] Apfelpatient","description":"&quot;Unleashed.&quot; event: The company announced that Apple Fitness+ will finally be available in Germany.","robots":{"index":"index","follow":"follow","max-snippet":"max-snippet:-1","max-image-preview":"max-image-preview:large","max-video-preview":"max-video-preview:-1"},"canonical":"https:\/\/www.apfelpatient.de\/en\/news\/germany-apple-fitness-launches-soon","og_locale":"en_US","og_type":"article","og_title":"Deutschland: Apple Fitness+ startet in K\u00fcrze [Update]","og_description":"\"Unleashed.\"-Event: Dabei k\u00fcndigte das Unternehmen an, dass Apple Fitness+ nun endlich auch in Deutschland verf\u00fcgbar sein wird.","og_url":"https:\/\/www.apfelpatient.de\/en\/news\/germany-apple-fitness-launches-soon","og_site_name":"Apfelpatient","article_publisher":"https:\/\/www.facebook.com\/apfelpatientOfficial","article_author":"https:\/\/www.facebook.com\/apfelpatientOfficial","article_published_time":"2021-10-25T17:20:36+00:00","article_modified_time":"2025-02-06T07:06:54+00:00","og_image":[{"width":1600,"height":1011,"url":"https:\/\/www.apfelpatient.de\/wp-content\/uploads\/2021\/09\/Apple_Fitness-Plus_HIIT_09142021.jpg","type":"image\/jpeg"}],"author":"Milan","twitter_card":"summary_large_image","twitter_description":"\"Unleashed.\"-Event: Dabei k\u00fcndigte das Unternehmen an, dass Apple Fitness+ nun endlich auch in Deutschland verf\u00fcgbar sein wird.","twitter_misc":{"Written by":"Milan","Est. reading time":"3 minutes"},"schema":{"@context":"https:\/\/schema.org","@graph":[{"@type":"NewsArticle","@id":"https:\/\/www.apfelpatient.de\/news\/deutschland-apple-fitness-startet-in-kuerze#article","isPartOf":{"@id":"https:\/\/www.apfelpatient.de\/news\/deutschland-apple-fitness-startet-in-kuerze"},"author":{"@type":"Organization","@id":"https:\/\/www.apfelpatient.de\/en\/#organization","name":"Apfelpatient","url":"https:\/\/www.apfelpatient.de\/en\/"},"headline":"Deutschland: Apple Fitness+ startet in K\u00fcrze [Update]","datePublished":"2021-10-25T17:20:36+00:00","dateModified":"2025-02-06T07:06:54+00:00","mainEntityOfPage":{"@id":"https:\/\/www.apfelpatient.de\/news\/deutschland-apple-fitness-startet-in-kuerze"},"wordCount":478,"publisher":{"@type":"Organization","@id":"https:\/\/www.apfelpatient.de\/en\/#organization","name":"Apfelpatient","url":"https:\/\/www.apfelpatient.de\/en\/"},"image":{"@id":"https:\/\/www.apfelpatient.de\/news\/deutschland-apple-fitness-startet-in-kuerze#primaryimage"},"thumbnailUrl":"https:\/\/www.apfelpatient.de\/wp-content\/uploads\/2021\/09\/Apple_Fitness-Plus_HIIT_09142021.jpg","keywords":["Apple Dienste","iOS","iPadOS","tvOS","watchOS"],"articleSection":"News","inLanguage":"en-US","copyrightYear":"2021","copyrightHolder":{"@id":"https:\/\/www.apfelpatient.de\/en\/#organization"}},{"@type":"WebPage","@id":"https:\/\/www.apfelpatient.de\/news\/deutschland-apple-fitness-startet-in-kuerze","url":"https:\/\/www.apfelpatient.de\/news\/deutschland-apple-fitness-startet-in-kuerze","name":"Deutschland: Apple Fitness+ startet in K\u00fcrze [Update] Apfelpatient","isPartOf":{"@id":"https:\/\/www.apfelpatient.de\/#website"},"primaryImageOfPage":{"@id":"https:\/\/www.apfelpatient.de\/news\/deutschland-apple-fitness-startet-in-kuerze#primaryimage"},"image":{"@id":"https:\/\/www.apfelpatient.de\/news\/deutschland-apple-fitness-startet-in-kuerze#primaryimage"},"thumbnailUrl":"https:\/\/www.apfelpatient.de\/wp-content\/uploads\/2021\/09\/Apple_Fitness-Plus_HIIT_09142021.jpg","datePublished":"2021-10-25T17:20:36+00:00","dateModified":"2025-02-06T07:06:54+00:00","description":"&quot;Unleashed.&quot; event: The company announced that Apple Fitness+ will finally be available in Germany.","breadcrumb":{"@id":"https:\/\/www.apfelpatient.de\/news\/deutschland-apple-fitness-startet-in-kuerze#breadcrumb"},"inLanguage":"en-US","potentialAction":[{"@type":"ReadAction","target":["https:\/\/www.apfelpatient.de\/news\/deutschland-apple-fitness-startet-in-kuerze"]}]},{"@type":"ImageObject","inLanguage":"en-US","@id":"https:\/\/www.apfelpatient.de\/news\/deutschland-apple-fitness-startet-in-kuerze#primaryimage","url":"https:\/\/www.apfelpatient.de\/wp-content\/uploads\/2021\/09\/Apple_Fitness-Plus_HIIT_09142021.jpg","contentUrl":"https:\/\/www.apfelpatient.de\/wp-content\/uploads\/2021\/09\/Apple_Fitness-Plus_HIIT_09142021.jpg","width":1600,"height":1011,"caption":"Bild: Apple"},{"@type":"BreadcrumbList","@id":"https:\/\/www.apfelpatient.de\/news\/deutschland-apple-fitness-startet-in-kuerze#breadcrumb","itemListElement":[{"@type":"ListItem","position":1,"name":"Startseite","item":"https:\/\/www.apfelpatient.de\/"},{"@type":"ListItem","position":2,"name":"Deutschland: Apple Fitness+ startet in K\u00fcrze [Update]"}]},{"@type":"WebSite","@id":"https:\/\/www.apfelpatient.de\/#website","url":"https:\/\/www.apfelpatient.de\/","name":"apple patient","description":"Everything about Apple!","publisher":{"@type":"Organization","@id":"https:\/\/www.apfelpatient.de\/en\/#organization","name":"Apfelpatient","url":"https:\/\/www.apfelpatient.de\/en\/"},"alternateName":"Apfelpatient","potentialAction":[{"@type":"SearchAction","target":{"@type":"EntryPoint","urlTemplate":"https:\/\/www.apfelpatient.de\/?s={search_term_string}"},"query-input":{"@type":"PropertyValueSpecification","valueRequired":true,"valueName":"search_term_string"}}],"inLanguage":"en-US"},{"@type":["Person","Organization"],"@id":"https:\/\/www.apfelpatient.de\/#\/schema\/person\/7dc56ad6c8e9824b76d2c08d4c140e13","name":"Milan","logo":{"@id":"https:\/\/www.apfelpatient.de\/#\/schema\/person\/image\/"},"description":"Hello and welcome to my technology blog! As a big Apple fan, I report on everything to do with Apple: from the latest news and exciting rumors to helpful tips and tricks and detailed product tests. If you are as enthusiastic about technology as I am, you have come to the right place!","sameAs":["https:\/\/www.facebook.com\/apfelpatientOfficial","https:\/\/www.linkedin.com\/in\/milan-jovicic-42aa0231b"],"url":"https:\/\/www.apfelpatient.de\/en\/author\/apfeladmin"}]}},"_links":{"self":[{"href":"https:\/\/www.apfelpatient.de\/en\/wp-json\/wp\/v2\/posts\/27579","targetHints":{"allow":["GET"]}}],"collection":[{"href":"https:\/\/www.apfelpatient.de\/en\/wp-json\/wp\/v2\/posts"}],"about":[{"href":"https:\/\/www.apfelpatient.de\/en\/wp-json\/wp\/v2\/types\/post"}],"author":[{"embeddable":true,"href":"https:\/\/www.apfelpatient.de\/en\/wp-json\/wp\/v2\/users\/2"}],"replies":[{"embeddable":true,"href":"https:\/\/www.apfelpatient.de\/en\/wp-json\/wp\/v2\/comments?post=27579"}],"version-history":[{"count":0,"href":"https:\/\/www.apfelpatient.de\/en\/wp-json\/wp\/v2\/posts\/27579\/revisions"}],"wp:featuredmedia":[{"embeddable":true,"href":"https:\/\/www.apfelpatient.de\/en\/wp-json\/wp\/v2\/media\/26364"}],"wp:attachment":[{"href":"https:\/\/www.apfelpatient.de\/en\/wp-json\/wp\/v2\/media?parent=27579"}],"wp:term":[{"taxonomy":"category","embeddable":true,"href":"https:\/\/www.apfelpatient.de\/en\/wp-json\/wp\/v2\/categories?post=27579"},{"taxonomy":"post_tag","embeddable":true,"href":"https:\/\/www.apfelpatient.de\/en\/wp-json\/wp\/v2\/tags?post=27579"}],"curies":[{"name":"wp","href":"https:\/\/api.w.org\/{rel}","templated":true}]}}