{"id":27458,"date":"2021-10-14T11:49:58","date_gmt":"2021-10-14T09:49:58","guid":{"rendered":"https:\/\/www.apfelpatient.de\/?p=27458"},"modified":"2021-10-14T11:52:22","modified_gmt":"2021-10-14T09:52:22","slug":"airpods-pro-apple-silently-extends-service-program","status":"publish","type":"post","link":"https:\/\/www.apfelpatient.de\/en\/news\/airpods-pro-apple-verlaengert-stillschweigend-serviceprogramm","title":{"rendered":"AirPods Pro: Apple silently extends service program"},"content":{"rendered":"<p class=\"has-drop-cap\"><strong>Apple has quietly extended the service program for the AirPods Pro, which have \u201csound problems.\u201d<\/strong><\/p>\n\n\n\n<p>In the past, some users have complained about sound problems with the Pro version of the popular earbuds. Static noises or a kind of crackling were heard. There are also cases where active noise cancellation does not work as expected. For this reason, Apple launched a service program in October 2020. <a href=\"https:\/\/www.apfelpatient.de\/en\/news\/apple-launches-new-service-program-for-airpods-pro\">called<\/a>Now Apple has quietly extended the repair program intended for AirPods Pro produced before October 2020. Reddit user matejamm1 <a href=\"https:\/\/www.reddit.com\/r\/airpods\/comments\/q7kov9\/psa_apple_silently_extended_the_airpods_pro\/\" target=\"_blank\" rel=\"noreferrer noopener\">discovered<\/a> the changes to the <a href=\"https:\/\/support.apple.com\/airpods-pro-service-program-sound-issues\" target=\"_blank\" rel=\"noreferrer noopener\">program<\/a> in a post on the Reddit subreddit r\/AirPods, noting that the change will take effect exactly when the first AirPods Pro, which will be sold in October 2019, turn two years old.<\/p>\n\n\n\n<h3 class=\"wp-block-heading\" id=\"h-airpods-pro-und-tonprobleme\">AirPods Pro and sound problems<\/h3>\n\n\n\n\n\n\n\n<p>The AirPods Pro Sound Issues Service Program page states that the program &quot;covers affected AirPods Pro for 3 years after the first sale.&quot; The company goes on to explain that the issue affects devices manufactured before October 2020. The problems include crackling and static noises in noisy environments. Difficulties with active noise cancellation are also part of the whole thing. So if you have the problems mentioned above, you can go to Apple or an authorized service provider. But be careful, the white plugs will of course be examined by a technician for said malfunctions. (Photo by Unsplash \/ Mark Far\u00edas)<\/p>\n\n\n\n<ul class=\"wp-block-list\"><li><a href=\"https:\/\/www.apfelpatient.de\/en\/tips-tricks\/airpods-pro-conversation-amplifier-turn-on-how-to-do-it\">AirPods Pro: How to turn on the conversation amplifier<\/a><\/li><\/ul>\n\n\n\n<h6 class=\"wp-block-heading translation-block\" id=\"h-kennt-ihr-schon-unsere-amazon-storefront-dort-findet-ihr-eine-handverlesene-auswahl-von-diversen-produkten-f-r-euer-iphone-und-co-viel-spa-beim-st-bern\"><em>Have you already visited our Amazon Storefront? There you&#039;ll find a hand-picked selection of various products for your iPhone and other devices \u2013 <span class=\"has-inline-color has-vivid-red-color\"><a href=\"https:\/\/www.amazon.de\/shop\/apfelpatientofficial\" class=\"ek-link\" data-wpel-link=\"exclude\" rel=\"follow noopener\" target=\"_self\"><span style=\"text-decoration: underline\" class=\"ek-underline\">enjoy browsing<\/span><\/a> !<\/span><\/em><\/h6>\n\n\n\n<h6 class=\"wp-block-heading translation-block\" id=\"h-der-beitrag-enthalt-partnerlinks\">This post contains <a data-type=\"URL\" data-id=\"https:\/\/www.apfelpatient.de\/partnerprogramm\" href=\"https:\/\/www.apfelpatient.de\/en\/partner-program\" data-wpel-link=\"internal\" target=\"_self\">affiliate links<\/a>.<\/h6>","protected":false},"excerpt":{"rendered":"<p>Apple has quietly extended the service program for the AirPods Pro, which have \u201csound problems.\u201d<\/p>","protected":false},"author":2,"featured_media":27460,"comment_status":"closed","ping_status":"closed","sticky":false,"template":"","format":"standard","meta":{"jnews-multi-image_gallery":[],"jnews_single_post":{"subtitle":"","format":"standard","video":"","gallery":"","source_name":"","source_url":"","via_name":"","via_url":"","override":[{"single_blog_custom":"","sidebar":"","second_sidebar":"","share_position":"","share_float_style":"","post_date_format":"","post_date_format_custom":"","post_reading_time_wpm":"","zoom_button_out_step":"1","zoom_button_in_step":"1","number_popup_post":"1"}],"image_override":[{"single_post_thumbnail_size":"","single_post_gallery_size":""}],"trending_post_position":"","trending_post_label":"","sponsored_post_label":"","sponsored_post_name":"","sponsored_post_url":"","sponsored_post_logo":"","sponsored_post_desc":""},"jnews_primary_category":{"id":"9"},"footnotes":""},"categories":[9],"tags":[28,347],"class_list":["post-27458","post","type-post","status-publish","format-standard","has-post-thumbnail","hentry","category-news","tag-airpods","tag-airpods-pro"],"yoast_head":"<!-- This site is optimized with the Yoast SEO Premium plugin v27.5 (Yoast SEO v27.5) - https:\/\/yoast.com\/product\/yoast-seo-premium-wordpress\/ -->\n<title>AirPods Pro: Apple verl\u00e4ngert stillschweigend Serviceprogramm<\/title>\n<meta name=\"description\" content=\"Apple hat ohne gro\u00dfes Aufsehen das Serviceprogramm f\u00fcr die AirPods Pro, die \u201eTonprobleme\u201c haben, verl\u00e4ngert.\" \/>\n<meta name=\"robots\" content=\"index, follow, max-snippet:-1, max-image-preview:large, max-video-preview:-1\" \/>\n<link rel=\"canonical\" href=\"https:\/\/www.apfelpatient.de\/en\/news\/airpods-pro-apple-silently-extends-service-program\" \/>\n<meta property=\"og:locale\" content=\"en_US\" \/>\n<meta property=\"og:type\" content=\"article\" \/>\n<meta property=\"og:title\" content=\"AirPods Pro: Apple verl\u00e4ngert stillschweigend Serviceprogramm\" \/>\n<meta property=\"og:description\" content=\"Apple hat ohne gro\u00dfes Aufsehen das Serviceprogramm f\u00fcr die AirPods Pro, die \u201eTonprobleme\u201c haben, verl\u00e4ngert.\" \/>\n<meta property=\"og:url\" content=\"https:\/\/www.apfelpatient.de\/en\/news\/airpods-pro-apple-silently-extends-service-program\" \/>\n<meta property=\"og:site_name\" content=\"Apfelpatient\" \/>\n<meta property=\"article:publisher\" content=\"https:\/\/www.facebook.com\/apfelpatientOfficial\" \/>\n<meta property=\"article:author\" content=\"https:\/\/www.facebook.com\/apfelpatientOfficial\" \/>\n<meta property=\"article:published_time\" content=\"2021-10-14T09:49:58+00:00\" \/>\n<meta property=\"article:modified_time\" content=\"2021-10-14T09:52:22+00:00\" \/>\n<meta property=\"og:image\" content=\"https:\/\/www.apfelpatient.de\/wp-content\/uploads\/2021\/10\/mark-farias-gMYsihdZKY4-unsplash.jpg\" \/>\n\t<meta property=\"og:image:width\" content=\"1600\" \/>\n\t<meta property=\"og:image:height\" content=\"1067\" \/>\n\t<meta property=\"og:image:type\" content=\"image\/jpeg\" \/>\n<meta name=\"author\" content=\"Milan\" \/>\n<meta name=\"twitter:card\" content=\"summary_large_image\" \/>\n<meta name=\"twitter:description\" content=\"Apple hat ohne gro\u00dfes Aufsehen das Serviceprogramm f\u00fcr die AirPods Pro, die \u201eTonprobleme\u201c haben, verl\u00e4ngert.\" \/>\n<meta name=\"twitter:label1\" content=\"Written by\" \/>\n\t<meta name=\"twitter:data1\" content=\"Milan\" \/>\n\t<meta name=\"twitter:label2\" content=\"Est. reading time\" \/>\n\t<meta name=\"twitter:data2\" content=\"2 minutes\" \/>\n<script type=\"application\/ld+json\" class=\"yoast-schema-graph\">{\"@context\":\"https:\\\/\\\/schema.org\",\"@graph\":[{\"@type\":\"NewsArticle\",\"@id\":\"https:\\\/\\\/www.apfelpatient.de\\\/news\\\/airpods-pro-apple-verlaengert-stillschweigend-serviceprogramm#article\",\"isPartOf\":{\"@id\":\"https:\\\/\\\/www.apfelpatient.de\\\/news\\\/airpods-pro-apple-verlaengert-stillschweigend-serviceprogramm\"},\"author\":{\"@type\":\"Organization\",\"@id\":\"https:\\\/\\\/www.apfelpatient.de\\\/en\\\/#organization\",\"name\":\"Apfelpatient\",\"url\":\"https:\\\/\\\/www.apfelpatient.de\\\/en\\\/\"},\"headline\":\"AirPods Pro: Apple verl\u00e4ngert stillschweigend Serviceprogramm\",\"datePublished\":\"2021-10-14T09:49:58+00:00\",\"dateModified\":\"2021-10-14T09:52:22+00:00\",\"mainEntityOfPage\":{\"@id\":\"https:\\\/\\\/www.apfelpatient.de\\\/news\\\/airpods-pro-apple-verlaengert-stillschweigend-serviceprogramm\"},\"wordCount\":261,\"publisher\":{\"@type\":\"Organization\",\"@id\":\"https:\\\/\\\/www.apfelpatient.de\\\/en\\\/#organization\",\"name\":\"Apfelpatient\",\"url\":\"https:\\\/\\\/www.apfelpatient.de\\\/en\\\/\"},\"image\":{\"@id\":\"https:\\\/\\\/www.apfelpatient.de\\\/news\\\/airpods-pro-apple-verlaengert-stillschweigend-serviceprogramm#primaryimage\"},\"thumbnailUrl\":\"https:\\\/\\\/www.apfelpatient.de\\\/wp-content\\\/uploads\\\/2021\\\/10\\\/mark-farias-gMYsihdZKY4-unsplash.jpg\",\"keywords\":[\"AirPods\",\"AirPods Pro\"],\"articleSection\":\"News\",\"inLanguage\":\"en-US\",\"copyrightYear\":\"2021\",\"copyrightHolder\":{\"@id\":\"https:\\\/\\\/www.apfelpatient.de\\\/en\\\/#organization\"}},{\"@type\":\"WebPage\",\"@id\":\"https:\\\/\\\/www.apfelpatient.de\\\/news\\\/airpods-pro-apple-verlaengert-stillschweigend-serviceprogramm\",\"url\":\"https:\\\/\\\/www.apfelpatient.de\\\/news\\\/airpods-pro-apple-verlaengert-stillschweigend-serviceprogramm\",\"name\":\"AirPods Pro: Apple verl\u00e4ngert stillschweigend Serviceprogramm\",\"isPartOf\":{\"@id\":\"https:\\\/\\\/www.apfelpatient.de\\\/#website\"},\"primaryImageOfPage\":{\"@id\":\"https:\\\/\\\/www.apfelpatient.de\\\/news\\\/airpods-pro-apple-verlaengert-stillschweigend-serviceprogramm#primaryimage\"},\"image\":{\"@id\":\"https:\\\/\\\/www.apfelpatient.de\\\/news\\\/airpods-pro-apple-verlaengert-stillschweigend-serviceprogramm#primaryimage\"},\"thumbnailUrl\":\"https:\\\/\\\/www.apfelpatient.de\\\/wp-content\\\/uploads\\\/2021\\\/10\\\/mark-farias-gMYsihdZKY4-unsplash.jpg\",\"datePublished\":\"2021-10-14T09:49:58+00:00\",\"dateModified\":\"2021-10-14T09:52:22+00:00\",\"description\":\"Apple hat ohne gro\u00dfes Aufsehen das Serviceprogramm f\u00fcr die AirPods Pro, die \u201eTonprobleme\u201c haben, verl\u00e4ngert.\",\"breadcrumb\":{\"@id\":\"https:\\\/\\\/www.apfelpatient.de\\\/news\\\/airpods-pro-apple-verlaengert-stillschweigend-serviceprogramm#breadcrumb\"},\"inLanguage\":\"en-US\",\"potentialAction\":[{\"@type\":\"ReadAction\",\"target\":[\"https:\\\/\\\/www.apfelpatient.de\\\/news\\\/airpods-pro-apple-verlaengert-stillschweigend-serviceprogramm\"]}]},{\"@type\":\"ImageObject\",\"inLanguage\":\"en-US\",\"@id\":\"https:\\\/\\\/www.apfelpatient.de\\\/news\\\/airpods-pro-apple-verlaengert-stillschweigend-serviceprogramm#primaryimage\",\"url\":\"https:\\\/\\\/www.apfelpatient.de\\\/wp-content\\\/uploads\\\/2021\\\/10\\\/mark-farias-gMYsihdZKY4-unsplash.jpg\",\"contentUrl\":\"https:\\\/\\\/www.apfelpatient.de\\\/wp-content\\\/uploads\\\/2021\\\/10\\\/mark-farias-gMYsihdZKY4-unsplash.jpg\",\"width\":1600,\"height\":1067,\"caption\":\"Photo by Unsplash \\\/ Mark Far\u00edas\"},{\"@type\":\"BreadcrumbList\",\"@id\":\"https:\\\/\\\/www.apfelpatient.de\\\/news\\\/airpods-pro-apple-verlaengert-stillschweigend-serviceprogramm#breadcrumb\",\"itemListElement\":[{\"@type\":\"ListItem\",\"position\":1,\"name\":\"Startseite\",\"item\":\"https:\\\/\\\/www.apfelpatient.de\\\/\"},{\"@type\":\"ListItem\",\"position\":2,\"name\":\"AirPods Pro: Apple verl\u00e4ngert stillschweigend Serviceprogramm\"}]},{\"@type\":\"WebSite\",\"@id\":\"https:\\\/\\\/www.apfelpatient.de\\\/#website\",\"url\":\"https:\\\/\\\/www.apfelpatient.de\\\/\",\"name\":\"Apfelpatient\",\"description\":\"Alles rund um Apple!\",\"publisher\":{\"@type\":\"Organization\",\"@id\":\"https:\\\/\\\/www.apfelpatient.de\\\/en\\\/#organization\",\"name\":\"Apfelpatient\",\"url\":\"https:\\\/\\\/www.apfelpatient.de\\\/en\\\/\"},\"alternateName\":\"Apfelpatient\",\"potentialAction\":[{\"@type\":\"SearchAction\",\"target\":{\"@type\":\"EntryPoint\",\"urlTemplate\":\"https:\\\/\\\/www.apfelpatient.de\\\/?s={search_term_string}\"},\"query-input\":{\"@type\":\"PropertyValueSpecification\",\"valueRequired\":true,\"valueName\":\"search_term_string\"}}],\"inLanguage\":\"en-US\"},{\"@type\":[\"Person\",\"Organization\"],\"@id\":\"https:\\\/\\\/www.apfelpatient.de\\\/#\\\/schema\\\/person\\\/7dc56ad6c8e9824b76d2c08d4c140e13\",\"name\":\"Milan\",\"logo\":{\"@id\":\"https:\\\/\\\/www.apfelpatient.de\\\/#\\\/schema\\\/person\\\/image\\\/\"},\"description\":\"Hallo und herzlich willkommen auf meinem Technik-Blog! Als gro\u00dfer Apple-Fan berichte ich hier \u00fcber alles, was mit Apple zu tun hat: von den neuesten News und spannenden Ger\u00fcchten \u00fcber hilfreiche Tipps und Tricks bis hin zu ausf\u00fchrlichen Produkttests. Wenn du genauso technikbegeistert bist wie ich, bist du hier genau richtig!\",\"sameAs\":[\"https:\\\/\\\/www.facebook.com\\\/apfelpatientOfficial\",\"https:\\\/\\\/www.linkedin.com\\\/in\\\/milan-jovicic-42aa0231b\"],\"url\":\"https:\\\/\\\/www.apfelpatient.de\\\/en\\\/author\\\/apfeladmin\"}]}<\/script>\n<!-- \/ Yoast SEO Premium plugin. -->","yoast_head_json":{"title":"AirPods Pro: Apple silently extends service program","description":"Apple has quietly extended the service program for the AirPods Pro, which have \u201csound problems.\u201d","robots":{"index":"index","follow":"follow","max-snippet":"max-snippet:-1","max-image-preview":"max-image-preview:large","max-video-preview":"max-video-preview:-1"},"canonical":"https:\/\/www.apfelpatient.de\/en\/news\/airpods-pro-apple-silently-extends-service-program","og_locale":"en_US","og_type":"article","og_title":"AirPods Pro: Apple verl\u00e4ngert stillschweigend Serviceprogramm","og_description":"Apple hat ohne gro\u00dfes Aufsehen das Serviceprogramm f\u00fcr die AirPods Pro, die \u201eTonprobleme\u201c haben, verl\u00e4ngert.","og_url":"https:\/\/www.apfelpatient.de\/en\/news\/airpods-pro-apple-silently-extends-service-program","og_site_name":"Apfelpatient","article_publisher":"https:\/\/www.facebook.com\/apfelpatientOfficial","article_author":"https:\/\/www.facebook.com\/apfelpatientOfficial","article_published_time":"2021-10-14T09:49:58+00:00","article_modified_time":"2021-10-14T09:52:22+00:00","og_image":[{"width":1600,"height":1067,"url":"https:\/\/www.apfelpatient.de\/wp-content\/uploads\/2021\/10\/mark-farias-gMYsihdZKY4-unsplash.jpg","type":"image\/jpeg"}],"author":"Milan","twitter_card":"summary_large_image","twitter_description":"Apple hat ohne gro\u00dfes Aufsehen das Serviceprogramm f\u00fcr die AirPods Pro, die \u201eTonprobleme\u201c haben, verl\u00e4ngert.","twitter_misc":{"Written by":"Milan","Est. reading time":"2 minutes"},"schema":{"@context":"https:\/\/schema.org","@graph":[{"@type":"NewsArticle","@id":"https:\/\/www.apfelpatient.de\/news\/airpods-pro-apple-verlaengert-stillschweigend-serviceprogramm#article","isPartOf":{"@id":"https:\/\/www.apfelpatient.de\/news\/airpods-pro-apple-verlaengert-stillschweigend-serviceprogramm"},"author":{"@type":"Organization","@id":"https:\/\/www.apfelpatient.de\/en\/#organization","name":"Apfelpatient","url":"https:\/\/www.apfelpatient.de\/en\/"},"headline":"AirPods Pro: Apple verl\u00e4ngert stillschweigend Serviceprogramm","datePublished":"2021-10-14T09:49:58+00:00","dateModified":"2021-10-14T09:52:22+00:00","mainEntityOfPage":{"@id":"https:\/\/www.apfelpatient.de\/news\/airpods-pro-apple-verlaengert-stillschweigend-serviceprogramm"},"wordCount":261,"publisher":{"@type":"Organization","@id":"https:\/\/www.apfelpatient.de\/en\/#organization","name":"Apfelpatient","url":"https:\/\/www.apfelpatient.de\/en\/"},"image":{"@id":"https:\/\/www.apfelpatient.de\/news\/airpods-pro-apple-verlaengert-stillschweigend-serviceprogramm#primaryimage"},"thumbnailUrl":"https:\/\/www.apfelpatient.de\/wp-content\/uploads\/2021\/10\/mark-farias-gMYsihdZKY4-unsplash.jpg","keywords":["AirPods","AirPods Pro"],"articleSection":"News","inLanguage":"en-US","copyrightYear":"2021","copyrightHolder":{"@id":"https:\/\/www.apfelpatient.de\/en\/#organization"}},{"@type":"WebPage","@id":"https:\/\/www.apfelpatient.de\/news\/airpods-pro-apple-verlaengert-stillschweigend-serviceprogramm","url":"https:\/\/www.apfelpatient.de\/news\/airpods-pro-apple-verlaengert-stillschweigend-serviceprogramm","name":"AirPods Pro: Apple silently extends service program","isPartOf":{"@id":"https:\/\/www.apfelpatient.de\/#website"},"primaryImageOfPage":{"@id":"https:\/\/www.apfelpatient.de\/news\/airpods-pro-apple-verlaengert-stillschweigend-serviceprogramm#primaryimage"},"image":{"@id":"https:\/\/www.apfelpatient.de\/news\/airpods-pro-apple-verlaengert-stillschweigend-serviceprogramm#primaryimage"},"thumbnailUrl":"https:\/\/www.apfelpatient.de\/wp-content\/uploads\/2021\/10\/mark-farias-gMYsihdZKY4-unsplash.jpg","datePublished":"2021-10-14T09:49:58+00:00","dateModified":"2021-10-14T09:52:22+00:00","description":"Apple has quietly extended the service program for the AirPods Pro, which have \u201csound problems.\u201d","breadcrumb":{"@id":"https:\/\/www.apfelpatient.de\/news\/airpods-pro-apple-verlaengert-stillschweigend-serviceprogramm#breadcrumb"},"inLanguage":"en-US","potentialAction":[{"@type":"ReadAction","target":["https:\/\/www.apfelpatient.de\/news\/airpods-pro-apple-verlaengert-stillschweigend-serviceprogramm"]}]},{"@type":"ImageObject","inLanguage":"en-US","@id":"https:\/\/www.apfelpatient.de\/news\/airpods-pro-apple-verlaengert-stillschweigend-serviceprogramm#primaryimage","url":"https:\/\/www.apfelpatient.de\/wp-content\/uploads\/2021\/10\/mark-farias-gMYsihdZKY4-unsplash.jpg","contentUrl":"https:\/\/www.apfelpatient.de\/wp-content\/uploads\/2021\/10\/mark-farias-gMYsihdZKY4-unsplash.jpg","width":1600,"height":1067,"caption":"Photo by Unsplash \/ Mark Far\u00edas"},{"@type":"BreadcrumbList","@id":"https:\/\/www.apfelpatient.de\/news\/airpods-pro-apple-verlaengert-stillschweigend-serviceprogramm#breadcrumb","itemListElement":[{"@type":"ListItem","position":1,"name":"Startseite","item":"https:\/\/www.apfelpatient.de\/"},{"@type":"ListItem","position":2,"name":"AirPods Pro: Apple verl\u00e4ngert stillschweigend Serviceprogramm"}]},{"@type":"WebSite","@id":"https:\/\/www.apfelpatient.de\/#website","url":"https:\/\/www.apfelpatient.de\/","name":"apple patient","description":"Everything about Apple!","publisher":{"@type":"Organization","@id":"https:\/\/www.apfelpatient.de\/en\/#organization","name":"Apfelpatient","url":"https:\/\/www.apfelpatient.de\/en\/"},"alternateName":"Apfelpatient","potentialAction":[{"@type":"SearchAction","target":{"@type":"EntryPoint","urlTemplate":"https:\/\/www.apfelpatient.de\/?s={search_term_string}"},"query-input":{"@type":"PropertyValueSpecification","valueRequired":true,"valueName":"search_term_string"}}],"inLanguage":"en-US"},{"@type":["Person","Organization"],"@id":"https:\/\/www.apfelpatient.de\/#\/schema\/person\/7dc56ad6c8e9824b76d2c08d4c140e13","name":"Milan","logo":{"@id":"https:\/\/www.apfelpatient.de\/#\/schema\/person\/image\/"},"description":"Hello and welcome to my technology blog! As a big Apple fan, I report on everything to do with Apple: from the latest news and exciting rumors to helpful tips and tricks and detailed product tests. If you are as enthusiastic about technology as I am, you have come to the right place!","sameAs":["https:\/\/www.facebook.com\/apfelpatientOfficial","https:\/\/www.linkedin.com\/in\/milan-jovicic-42aa0231b"],"url":"https:\/\/www.apfelpatient.de\/en\/author\/apfeladmin"}]}},"_links":{"self":[{"href":"https:\/\/www.apfelpatient.de\/en\/wp-json\/wp\/v2\/posts\/27458","targetHints":{"allow":["GET"]}}],"collection":[{"href":"https:\/\/www.apfelpatient.de\/en\/wp-json\/wp\/v2\/posts"}],"about":[{"href":"https:\/\/www.apfelpatient.de\/en\/wp-json\/wp\/v2\/types\/post"}],"author":[{"embeddable":true,"href":"https:\/\/www.apfelpatient.de\/en\/wp-json\/wp\/v2\/users\/2"}],"replies":[{"embeddable":true,"href":"https:\/\/www.apfelpatient.de\/en\/wp-json\/wp\/v2\/comments?post=27458"}],"version-history":[{"count":0,"href":"https:\/\/www.apfelpatient.de\/en\/wp-json\/wp\/v2\/posts\/27458\/revisions"}],"wp:featuredmedia":[{"embeddable":true,"href":"https:\/\/www.apfelpatient.de\/en\/wp-json\/wp\/v2\/media\/27460"}],"wp:attachment":[{"href":"https:\/\/www.apfelpatient.de\/en\/wp-json\/wp\/v2\/media?parent=27458"}],"wp:term":[{"taxonomy":"category","embeddable":true,"href":"https:\/\/www.apfelpatient.de\/en\/wp-json\/wp\/v2\/categories?post=27458"},{"taxonomy":"post_tag","embeddable":true,"href":"https:\/\/www.apfelpatient.de\/en\/wp-json\/wp\/v2\/tags?post=27458"}],"curies":[{"name":"wp","href":"https:\/\/api.w.org\/{rel}","templated":true}]}}