{"id":27425,"date":"2021-10-13T16:45:00","date_gmt":"2021-10-13T14:45:00","guid":{"rendered":"https:\/\/www.apfelpatient.de\/?p=27425"},"modified":"2024-05-22T15:06:10","modified_gmt":"2024-05-22T13:06:10","slug":"future-airpods-will-monitor-body-temperature-and-more","status":"publish","type":"post","link":"https:\/\/www.apfelpatient.de\/en\/rumors\/zukuenftige-airpods-sollen-koerpertemperatur-und-mehr-ueberwachen","title":{"rendered":"Future AirPods to monitor body temperature and more"},"content":{"rendered":"<p class=\"has-drop-cap\"><strong>Apple is repeatedly rumored to want to adjust its strategy with regard to the AirPods. The popular earbuds are to be more integrated into the healthcare sector. Now there is a new report on this.<\/strong><\/p>\n\n\n\n<p>Apple&#039;s ambitions for AirPods and in-ear sensors have been known for years. The company has a large number of patents on using earbuds as health monitors dating back more than seven years, as well as interviews with executives suggesting that this feature is being developed for devices other than the Apple Watch. In addition, Apple itself already has Live Listen, the newly introduced Conversation Boost (<a href=\"https:\/\/www.apfelpatient.de\/en\/tips-tricks\/airpods-pro-conversation-amplifier-turn-on-how-to-do-it\">more about it here<\/a>) and other technologies that allow AirPods to act as a replacement for hearing aids \u2013 even if Apple cannot market them as such.<\/p>\n\n\n\n<h3 class=\"wp-block-heading\" id=\"h-prototypen-mit-korpertemperaturmessfunktion\">prototypes with body temperature measurement function<\/h3>\n\n\n\n\n\n\n\n<p>The new <a href=\"https:\/\/www.wsj.com\/articles\/apple-studying-potential-of-airpods-as-health-device-11634122800\" target=\"_blank\" rel=\"noreferrer nofollow noopener\">report<\/a>, which has now been published by the Wall Street Journal, cites &quot;documents&quot; and &quot;people familiar with the plans&quot; to try to define Apple&#039;s plans precisely. The report specifically states that the use of AirPods as hearing aids will be further expanded and that there are prototypes that have a body temperature sensor. The report also states that future AirPods will use motion sensors to monitor the user&#039;s posture. Alerts would appear if a user slouches in their chair or makes similar movements. The AirPods were officially announced in September 2016. However, the first patents covering earphones with biometric tracking were filed as early as 2014.<\/p>\n\n\n\n<h3 class=\"wp-block-heading\">AirPods: Apple has been researching for many years<\/h3>\n\n\n\n<p>According to one of these patents from 2014, a fitness monitoring system was integrated into a headset or earphone. By placing the audio devices in or near the ear, the embedded activity sensor can collect temperature, sweat and heart rate data, among other things. There have long been rumors about the integration of possible health functions into the AirPods. Back in 2018, well-connected analyst Ming-Chi Kuo said that the AirPods could provide better health management with the Apple Watch and other devices. In the same year, Bluetooth specifications also hinted at additional health and wellness features. Apple has also filed a number of patent applications related to the introduction of health features in a pair of AirPods. These include various sensors for recording heart rate, movement and other health data. When all of this will appear is currently unknown. Accordingly, the future of the AirPods is likely to remain particularly exciting. (Photo by Unsplash \/ Daniel Romero)<\/p>\n\n\n\n<ul class=\"wp-block-list\">\n<li><a href=\"https:\/\/www.apfelpatient.de\/en\/rumors\/unleashed-event-apple-will-introduce-the-airpods-3\">\u201cUnleashed\u201d event: Will Apple unveil the AirPods 3?<\/a><\/li>\n<\/ul>\n\n\n\n<h6 class=\"wp-block-heading translation-block\" id=\"h-kennt-ihr-schon-unsere-amazon-storefront-dort-findet-ihr-eine-handverlesene-auswahl-von-diversen-produkten-f-r-euer-iphone-und-co-viel-spa-beim-st-bern\"><em>Have you already visited our Amazon Storefront? There you&#039;ll find a hand-picked selection of various products for your iPhone and other devices \u2013 <span class=\"has-inline-color has-vivid-red-color\"><a href=\"https:\/\/www.amazon.de\/shop\/apfelpatientofficial\" class=\"ek-link\" data-wpel-link=\"exclude\" rel=\"follow noopener\" target=\"_self\"><span style=\"text-decoration: underline\" class=\"ek-underline\">enjoy browsing<\/span><\/a> !<\/span><\/em><\/h6>\n\n\n\n<h6 class=\"wp-block-heading translation-block\" id=\"h-der-beitrag-enthalt-partnerlinks\">This post contains <a data-type=\"URL\" data-id=\"https:\/\/www.apfelpatient.de\/partnerprogramm\" href=\"https:\/\/www.apfelpatient.de\/en\/partner-program\" data-wpel-link=\"internal\" target=\"_self\">affiliate links<\/a>.<\/h6>","protected":false},"excerpt":{"rendered":"<p>More for your health: Apple is repeatedly said to want to adapt its strategy with regard to the AirPods.<\/p>","protected":false},"author":2,"featured_media":27427,"comment_status":"closed","ping_status":"closed","sticky":false,"template":"","format":"standard","meta":{"jnews-multi-image_gallery":[],"jnews_single_post":{"subtitle":"","format":"standard","video":"","gallery":"","source_name":"","source_url":"","via_name":"","via_url":"","override_template":"0","override":[{"template":"4","single_blog_custom":"","parallax":"1","fullscreen":"1","layout":"right-sidebar","sidebar":"","second_sidebar":"","sticky_sidebar":"1","share_position":"","share_float_style":"","show_share_counter":"0","show_view_counter":"0","show_featured":"1","show_post_meta":"1","show_post_author":"1","show_post_author_image":"1","show_post_date":"1","post_date_format":"","post_date_format_custom":"","show_post_category":"1","show_post_reading_time":"0","post_reading_time_wpm":"","show_zoom_button":"0","zoom_button_out_step":"1","zoom_button_in_step":"1","show_post_tag":"1","show_prev_next_post":"1","show_popup_post":"1","number_popup_post":"1","show_author_box":"0","show_post_related":"0","show_inline_post_related":"0"}],"override_image_size":"0","image_override":[{"single_post_thumbnail_size":"","single_post_gallery_size":""}],"trending_post":"0","trending_post_position":"","trending_post_label":"","sponsored_post":"0","sponsored_post_label":"","sponsored_post_name":"","sponsored_post_url":"","sponsored_post_logo_enable":"0","sponsored_post_logo":"","sponsored_post_desc":"","disable_ad":"0"},"jnews_primary_category":{"id":"25","hide":""},"footnotes":""},"categories":[25],"tags":[28],"class_list":["post-27425","post","type-post","status-publish","format-standard","has-post-thumbnail","hentry","category-rumors","tag-airpods"],"yoast_head":"<!-- This site is optimized with the Yoast SEO Premium plugin v27.5 (Yoast SEO v27.5) - https:\/\/yoast.com\/product\/yoast-seo-premium-wordpress\/ -->\n<title>Zuk\u00fcnftige AirPods sollen K\u00f6rpertemperatur und mehr \u00fcberwachen Apfelpatient<\/title>\n<meta name=\"description\" content=\"Mehr f\u00fcr die Gesundheit: Immer wieder wird Apple nachgesagt, dass das Unternehmen in Bezug auf die AirPods seine Strategie anpassen m\u00f6chte.\" \/>\n<meta name=\"robots\" content=\"index, follow, max-snippet:-1, max-image-preview:large, max-video-preview:-1\" \/>\n<link rel=\"canonical\" href=\"https:\/\/www.apfelpatient.de\/en\/rumors\/future-airpods-will-monitor-body-temperature-and-more\" \/>\n<meta property=\"og:locale\" content=\"en_US\" \/>\n<meta property=\"og:type\" content=\"article\" \/>\n<meta property=\"og:title\" content=\"Zuk\u00fcnftige AirPods sollen K\u00f6rpertemperatur und mehr \u00fcberwachen\" \/>\n<meta property=\"og:description\" content=\"Mehr f\u00fcr die Gesundheit: Immer wieder wird Apple nachgesagt, dass das Unternehmen in Bezug auf die AirPods seine Strategie anpassen m\u00f6chte.\" \/>\n<meta property=\"og:url\" content=\"https:\/\/www.apfelpatient.de\/en\/rumors\/future-airpods-will-monitor-body-temperature-and-more\" \/>\n<meta property=\"og:site_name\" content=\"Apfelpatient\" \/>\n<meta property=\"article:publisher\" content=\"https:\/\/www.facebook.com\/apfelpatientOfficial\" \/>\n<meta property=\"article:author\" content=\"https:\/\/www.facebook.com\/apfelpatientOfficial\" \/>\n<meta property=\"article:published_time\" content=\"2021-10-13T14:45:00+00:00\" \/>\n<meta property=\"article:modified_time\" content=\"2024-05-22T13:06:10+00:00\" \/>\n<meta property=\"og:image\" content=\"https:\/\/www.apfelpatient.de\/wp-content\/uploads\/2021\/10\/daniel-romero-luhAYh8JpDc-unsplash.jpg\" \/>\n\t<meta property=\"og:image:width\" content=\"1600\" \/>\n\t<meta property=\"og:image:height\" content=\"896\" \/>\n\t<meta property=\"og:image:type\" content=\"image\/jpeg\" \/>\n<meta name=\"author\" content=\"Milan\" \/>\n<meta name=\"twitter:card\" content=\"summary_large_image\" \/>\n<meta name=\"twitter:description\" content=\"Mehr f\u00fcr die Gesundheit: Immer wieder wird Apple nachgesagt, dass das Unternehmen in Bezug auf die AirPods seine Strategie anpassen m\u00f6chte.\" \/>\n<meta name=\"twitter:label1\" content=\"Written by\" \/>\n\t<meta name=\"twitter:data1\" content=\"Milan\" \/>\n\t<meta name=\"twitter:label2\" content=\"Est. reading time\" \/>\n\t<meta name=\"twitter:data2\" content=\"3 minutes\" \/>\n<script type=\"application\/ld+json\" class=\"yoast-schema-graph\">{\"@context\":\"https:\\\/\\\/schema.org\",\"@graph\":[{\"@type\":\"NewsArticle\",\"@id\":\"https:\\\/\\\/www.apfelpatient.de\\\/rumors\\\/zukuenftige-airpods-sollen-koerpertemperatur-und-mehr-ueberwachen#article\",\"isPartOf\":{\"@id\":\"https:\\\/\\\/www.apfelpatient.de\\\/rumors\\\/zukuenftige-airpods-sollen-koerpertemperatur-und-mehr-ueberwachen\"},\"author\":{\"@type\":\"Organization\",\"@id\":\"https:\\\/\\\/www.apfelpatient.de\\\/en\\\/#organization\",\"name\":\"Apfelpatient\",\"url\":\"https:\\\/\\\/www.apfelpatient.de\\\/en\\\/\"},\"headline\":\"Zuk\u00fcnftige AirPods sollen K\u00f6rpertemperatur und mehr \u00fcberwachen\",\"datePublished\":\"2021-10-13T14:45:00+00:00\",\"dateModified\":\"2024-05-22T13:06:10+00:00\",\"mainEntityOfPage\":{\"@id\":\"https:\\\/\\\/www.apfelpatient.de\\\/rumors\\\/zukuenftige-airpods-sollen-koerpertemperatur-und-mehr-ueberwachen\"},\"wordCount\":458,\"publisher\":{\"@type\":\"Organization\",\"@id\":\"https:\\\/\\\/www.apfelpatient.de\\\/en\\\/#organization\",\"name\":\"Apfelpatient\",\"url\":\"https:\\\/\\\/www.apfelpatient.de\\\/en\\\/\"},\"image\":{\"@id\":\"https:\\\/\\\/www.apfelpatient.de\\\/rumors\\\/zukuenftige-airpods-sollen-koerpertemperatur-und-mehr-ueberwachen#primaryimage\"},\"thumbnailUrl\":\"https:\\\/\\\/www.apfelpatient.de\\\/wp-content\\\/uploads\\\/2021\\\/10\\\/daniel-romero-luhAYh8JpDc-unsplash.jpg\",\"keywords\":[\"AirPods\"],\"articleSection\":\"Rumors\",\"inLanguage\":\"en-US\",\"copyrightYear\":\"2021\",\"copyrightHolder\":{\"@id\":\"https:\\\/\\\/www.apfelpatient.de\\\/en\\\/#organization\"}},{\"@type\":\"WebPage\",\"@id\":\"https:\\\/\\\/www.apfelpatient.de\\\/rumors\\\/zukuenftige-airpods-sollen-koerpertemperatur-und-mehr-ueberwachen\",\"url\":\"https:\\\/\\\/www.apfelpatient.de\\\/rumors\\\/zukuenftige-airpods-sollen-koerpertemperatur-und-mehr-ueberwachen\",\"name\":\"Zuk\u00fcnftige AirPods sollen K\u00f6rpertemperatur und mehr \u00fcberwachen Apfelpatient\",\"isPartOf\":{\"@id\":\"https:\\\/\\\/www.apfelpatient.de\\\/#website\"},\"primaryImageOfPage\":{\"@id\":\"https:\\\/\\\/www.apfelpatient.de\\\/rumors\\\/zukuenftige-airpods-sollen-koerpertemperatur-und-mehr-ueberwachen#primaryimage\"},\"image\":{\"@id\":\"https:\\\/\\\/www.apfelpatient.de\\\/rumors\\\/zukuenftige-airpods-sollen-koerpertemperatur-und-mehr-ueberwachen#primaryimage\"},\"thumbnailUrl\":\"https:\\\/\\\/www.apfelpatient.de\\\/wp-content\\\/uploads\\\/2021\\\/10\\\/daniel-romero-luhAYh8JpDc-unsplash.jpg\",\"datePublished\":\"2021-10-13T14:45:00+00:00\",\"dateModified\":\"2024-05-22T13:06:10+00:00\",\"description\":\"Mehr f\u00fcr die Gesundheit: Immer wieder wird Apple nachgesagt, dass das Unternehmen in Bezug auf die AirPods seine Strategie anpassen m\u00f6chte.\",\"breadcrumb\":{\"@id\":\"https:\\\/\\\/www.apfelpatient.de\\\/rumors\\\/zukuenftige-airpods-sollen-koerpertemperatur-und-mehr-ueberwachen#breadcrumb\"},\"inLanguage\":\"en-US\",\"potentialAction\":[{\"@type\":\"ReadAction\",\"target\":[\"https:\\\/\\\/www.apfelpatient.de\\\/rumors\\\/zukuenftige-airpods-sollen-koerpertemperatur-und-mehr-ueberwachen\"]}]},{\"@type\":\"ImageObject\",\"inLanguage\":\"en-US\",\"@id\":\"https:\\\/\\\/www.apfelpatient.de\\\/rumors\\\/zukuenftige-airpods-sollen-koerpertemperatur-und-mehr-ueberwachen#primaryimage\",\"url\":\"https:\\\/\\\/www.apfelpatient.de\\\/wp-content\\\/uploads\\\/2021\\\/10\\\/daniel-romero-luhAYh8JpDc-unsplash.jpg\",\"contentUrl\":\"https:\\\/\\\/www.apfelpatient.de\\\/wp-content\\\/uploads\\\/2021\\\/10\\\/daniel-romero-luhAYh8JpDc-unsplash.jpg\",\"width\":1600,\"height\":896,\"caption\":\"Photo by Unsplash \\\/ Daniel Romero\"},{\"@type\":\"BreadcrumbList\",\"@id\":\"https:\\\/\\\/www.apfelpatient.de\\\/rumors\\\/zukuenftige-airpods-sollen-koerpertemperatur-und-mehr-ueberwachen#breadcrumb\",\"itemListElement\":[{\"@type\":\"ListItem\",\"position\":1,\"name\":\"Startseite\",\"item\":\"https:\\\/\\\/www.apfelpatient.de\\\/\"},{\"@type\":\"ListItem\",\"position\":2,\"name\":\"Zuk\u00fcnftige AirPods sollen K\u00f6rpertemperatur und mehr \u00fcberwachen\"}]},{\"@type\":\"WebSite\",\"@id\":\"https:\\\/\\\/www.apfelpatient.de\\\/#website\",\"url\":\"https:\\\/\\\/www.apfelpatient.de\\\/\",\"name\":\"Apfelpatient\",\"description\":\"Alles rund um Apple!\",\"publisher\":{\"@type\":\"Organization\",\"@id\":\"https:\\\/\\\/www.apfelpatient.de\\\/en\\\/#organization\",\"name\":\"Apfelpatient\",\"url\":\"https:\\\/\\\/www.apfelpatient.de\\\/en\\\/\"},\"alternateName\":\"Apfelpatient\",\"potentialAction\":[{\"@type\":\"SearchAction\",\"target\":{\"@type\":\"EntryPoint\",\"urlTemplate\":\"https:\\\/\\\/www.apfelpatient.de\\\/?s={search_term_string}\"},\"query-input\":{\"@type\":\"PropertyValueSpecification\",\"valueRequired\":true,\"valueName\":\"search_term_string\"}}],\"inLanguage\":\"en-US\"},{\"@type\":[\"Person\",\"Organization\"],\"@id\":\"https:\\\/\\\/www.apfelpatient.de\\\/#\\\/schema\\\/person\\\/7dc56ad6c8e9824b76d2c08d4c140e13\",\"name\":\"Milan\",\"logo\":{\"@id\":\"https:\\\/\\\/www.apfelpatient.de\\\/#\\\/schema\\\/person\\\/image\\\/\"},\"description\":\"Hallo und herzlich willkommen auf meinem Technik-Blog! Als gro\u00dfer Apple-Fan berichte ich hier \u00fcber alles, was mit Apple zu tun hat: von den neuesten News und spannenden Ger\u00fcchten \u00fcber hilfreiche Tipps und Tricks bis hin zu ausf\u00fchrlichen Produkttests. Wenn du genauso technikbegeistert bist wie ich, bist du hier genau richtig!\",\"sameAs\":[\"https:\\\/\\\/www.facebook.com\\\/apfelpatientOfficial\",\"https:\\\/\\\/www.linkedin.com\\\/in\\\/milan-jovicic-42aa0231b\"],\"url\":\"https:\\\/\\\/www.apfelpatient.de\\\/en\\\/author\\\/apfeladmin\"}]}<\/script>\n<!-- \/ Yoast SEO Premium plugin. -->","yoast_head_json":{"title":"Future AirPods to monitor body temperature and more Apfelpatient","description":"More for your health: Apple is repeatedly said to want to adapt its strategy with regard to the AirPods.","robots":{"index":"index","follow":"follow","max-snippet":"max-snippet:-1","max-image-preview":"max-image-preview:large","max-video-preview":"max-video-preview:-1"},"canonical":"https:\/\/www.apfelpatient.de\/en\/rumors\/future-airpods-will-monitor-body-temperature-and-more","og_locale":"en_US","og_type":"article","og_title":"Zuk\u00fcnftige AirPods sollen K\u00f6rpertemperatur und mehr \u00fcberwachen","og_description":"Mehr f\u00fcr die Gesundheit: Immer wieder wird Apple nachgesagt, dass das Unternehmen in Bezug auf die AirPods seine Strategie anpassen m\u00f6chte.","og_url":"https:\/\/www.apfelpatient.de\/en\/rumors\/future-airpods-will-monitor-body-temperature-and-more","og_site_name":"Apfelpatient","article_publisher":"https:\/\/www.facebook.com\/apfelpatientOfficial","article_author":"https:\/\/www.facebook.com\/apfelpatientOfficial","article_published_time":"2021-10-13T14:45:00+00:00","article_modified_time":"2024-05-22T13:06:10+00:00","og_image":[{"width":1600,"height":896,"url":"https:\/\/www.apfelpatient.de\/wp-content\/uploads\/2021\/10\/daniel-romero-luhAYh8JpDc-unsplash.jpg","type":"image\/jpeg"}],"author":"Milan","twitter_card":"summary_large_image","twitter_description":"Mehr f\u00fcr die Gesundheit: Immer wieder wird Apple nachgesagt, dass das Unternehmen in Bezug auf die AirPods seine Strategie anpassen m\u00f6chte.","twitter_misc":{"Written by":"Milan","Est. reading time":"3 minutes"},"schema":{"@context":"https:\/\/schema.org","@graph":[{"@type":"NewsArticle","@id":"https:\/\/www.apfelpatient.de\/rumors\/zukuenftige-airpods-sollen-koerpertemperatur-und-mehr-ueberwachen#article","isPartOf":{"@id":"https:\/\/www.apfelpatient.de\/rumors\/zukuenftige-airpods-sollen-koerpertemperatur-und-mehr-ueberwachen"},"author":{"@type":"Organization","@id":"https:\/\/www.apfelpatient.de\/en\/#organization","name":"Apfelpatient","url":"https:\/\/www.apfelpatient.de\/en\/"},"headline":"Zuk\u00fcnftige AirPods sollen K\u00f6rpertemperatur und mehr \u00fcberwachen","datePublished":"2021-10-13T14:45:00+00:00","dateModified":"2024-05-22T13:06:10+00:00","mainEntityOfPage":{"@id":"https:\/\/www.apfelpatient.de\/rumors\/zukuenftige-airpods-sollen-koerpertemperatur-und-mehr-ueberwachen"},"wordCount":458,"publisher":{"@type":"Organization","@id":"https:\/\/www.apfelpatient.de\/en\/#organization","name":"Apfelpatient","url":"https:\/\/www.apfelpatient.de\/en\/"},"image":{"@id":"https:\/\/www.apfelpatient.de\/rumors\/zukuenftige-airpods-sollen-koerpertemperatur-und-mehr-ueberwachen#primaryimage"},"thumbnailUrl":"https:\/\/www.apfelpatient.de\/wp-content\/uploads\/2021\/10\/daniel-romero-luhAYh8JpDc-unsplash.jpg","keywords":["AirPods"],"articleSection":"Rumors","inLanguage":"en-US","copyrightYear":"2021","copyrightHolder":{"@id":"https:\/\/www.apfelpatient.de\/en\/#organization"}},{"@type":"WebPage","@id":"https:\/\/www.apfelpatient.de\/rumors\/zukuenftige-airpods-sollen-koerpertemperatur-und-mehr-ueberwachen","url":"https:\/\/www.apfelpatient.de\/rumors\/zukuenftige-airpods-sollen-koerpertemperatur-und-mehr-ueberwachen","name":"Future AirPods to monitor body temperature and more Apfelpatient","isPartOf":{"@id":"https:\/\/www.apfelpatient.de\/#website"},"primaryImageOfPage":{"@id":"https:\/\/www.apfelpatient.de\/rumors\/zukuenftige-airpods-sollen-koerpertemperatur-und-mehr-ueberwachen#primaryimage"},"image":{"@id":"https:\/\/www.apfelpatient.de\/rumors\/zukuenftige-airpods-sollen-koerpertemperatur-und-mehr-ueberwachen#primaryimage"},"thumbnailUrl":"https:\/\/www.apfelpatient.de\/wp-content\/uploads\/2021\/10\/daniel-romero-luhAYh8JpDc-unsplash.jpg","datePublished":"2021-10-13T14:45:00+00:00","dateModified":"2024-05-22T13:06:10+00:00","description":"More for your health: Apple is repeatedly said to want to adapt its strategy with regard to the AirPods.","breadcrumb":{"@id":"https:\/\/www.apfelpatient.de\/rumors\/zukuenftige-airpods-sollen-koerpertemperatur-und-mehr-ueberwachen#breadcrumb"},"inLanguage":"en-US","potentialAction":[{"@type":"ReadAction","target":["https:\/\/www.apfelpatient.de\/rumors\/zukuenftige-airpods-sollen-koerpertemperatur-und-mehr-ueberwachen"]}]},{"@type":"ImageObject","inLanguage":"en-US","@id":"https:\/\/www.apfelpatient.de\/rumors\/zukuenftige-airpods-sollen-koerpertemperatur-und-mehr-ueberwachen#primaryimage","url":"https:\/\/www.apfelpatient.de\/wp-content\/uploads\/2021\/10\/daniel-romero-luhAYh8JpDc-unsplash.jpg","contentUrl":"https:\/\/www.apfelpatient.de\/wp-content\/uploads\/2021\/10\/daniel-romero-luhAYh8JpDc-unsplash.jpg","width":1600,"height":896,"caption":"Photo by Unsplash \/ Daniel Romero"},{"@type":"BreadcrumbList","@id":"https:\/\/www.apfelpatient.de\/rumors\/zukuenftige-airpods-sollen-koerpertemperatur-und-mehr-ueberwachen#breadcrumb","itemListElement":[{"@type":"ListItem","position":1,"name":"Startseite","item":"https:\/\/www.apfelpatient.de\/"},{"@type":"ListItem","position":2,"name":"Zuk\u00fcnftige AirPods sollen K\u00f6rpertemperatur und mehr \u00fcberwachen"}]},{"@type":"WebSite","@id":"https:\/\/www.apfelpatient.de\/#website","url":"https:\/\/www.apfelpatient.de\/","name":"apple patient","description":"Everything about Apple!","publisher":{"@type":"Organization","@id":"https:\/\/www.apfelpatient.de\/en\/#organization","name":"Apfelpatient","url":"https:\/\/www.apfelpatient.de\/en\/"},"alternateName":"Apfelpatient","potentialAction":[{"@type":"SearchAction","target":{"@type":"EntryPoint","urlTemplate":"https:\/\/www.apfelpatient.de\/?s={search_term_string}"},"query-input":{"@type":"PropertyValueSpecification","valueRequired":true,"valueName":"search_term_string"}}],"inLanguage":"en-US"},{"@type":["Person","Organization"],"@id":"https:\/\/www.apfelpatient.de\/#\/schema\/person\/7dc56ad6c8e9824b76d2c08d4c140e13","name":"Milan","logo":{"@id":"https:\/\/www.apfelpatient.de\/#\/schema\/person\/image\/"},"description":"Hello and welcome to my technology blog! As a big Apple fan, I report on everything to do with Apple: from the latest news and exciting rumors to helpful tips and tricks and detailed product tests. If you are as enthusiastic about technology as I am, you have come to the right place!","sameAs":["https:\/\/www.facebook.com\/apfelpatientOfficial","https:\/\/www.linkedin.com\/in\/milan-jovicic-42aa0231b"],"url":"https:\/\/www.apfelpatient.de\/en\/author\/apfeladmin"}]}},"_links":{"self":[{"href":"https:\/\/www.apfelpatient.de\/en\/wp-json\/wp\/v2\/posts\/27425","targetHints":{"allow":["GET"]}}],"collection":[{"href":"https:\/\/www.apfelpatient.de\/en\/wp-json\/wp\/v2\/posts"}],"about":[{"href":"https:\/\/www.apfelpatient.de\/en\/wp-json\/wp\/v2\/types\/post"}],"author":[{"embeddable":true,"href":"https:\/\/www.apfelpatient.de\/en\/wp-json\/wp\/v2\/users\/2"}],"replies":[{"embeddable":true,"href":"https:\/\/www.apfelpatient.de\/en\/wp-json\/wp\/v2\/comments?post=27425"}],"version-history":[{"count":0,"href":"https:\/\/www.apfelpatient.de\/en\/wp-json\/wp\/v2\/posts\/27425\/revisions"}],"wp:featuredmedia":[{"embeddable":true,"href":"https:\/\/www.apfelpatient.de\/en\/wp-json\/wp\/v2\/media\/27427"}],"wp:attachment":[{"href":"https:\/\/www.apfelpatient.de\/en\/wp-json\/wp\/v2\/media?parent=27425"}],"wp:term":[{"taxonomy":"category","embeddable":true,"href":"https:\/\/www.apfelpatient.de\/en\/wp-json\/wp\/v2\/categories?post=27425"},{"taxonomy":"post_tag","embeddable":true,"href":"https:\/\/www.apfelpatient.de\/en\/wp-json\/wp\/v2\/tags?post=27425"}],"curies":[{"name":"wp","href":"https:\/\/api.w.org\/{rel}","templated":true}]}}