{"id":27415,"date":"2021-10-13T15:55:59","date_gmt":"2021-10-13T13:55:59","guid":{"rendered":"https:\/\/www.apfelpatient.de\/?p=27415"},"modified":"2025-02-06T08:07:06","modified_gmt":"2025-02-06T07:07:06","slug":"unleashed-event-apple-will-introduce-the-airpods-3","status":"publish","type":"post","link":"https:\/\/www.apfelpatient.de\/en\/rumors\/unleashed-event-wird-apple-die-airpods-3-vorstellen","title":{"rendered":"\u201cUnleashed\u201d event: Will Apple unveil the AirPods 3?"},"content":{"rendered":"<p class=\"has-drop-cap\"><strong>The AirPods 3 have been the subject of rumors for months. The launch was last expected in September. Now another event is coming up. Will Apple finally unveil the new earphones?<\/strong><\/p>\n\n\n\n<p>Rumors initially suggested that the new AirPods 3 would be presented at the September keynote. After all, they are best suited to an iPhone or an Apple Watch. But nothing came of that. Now the &quot;Unleashed&quot; event is coming up, which will take place on Monday, October 18th. The focus will be on brand new MacBook Pro models. But what about new audio accessories? The Weibo leaker @PandaIsBald, who announced the presentation of the ninth generation iPad for the last Apple event, <a href=\"https:\/\/weibo.com\/overseas\" target=\"_blank\" rel=\"noreferrer noopener\">claimed<\/a>that in addition to the \u201cM1X\u201d Macs, the third generation of AirPods will also be announced.<\/p>\n\n\n\n<h3 class=\"wp-block-heading\">AirPods 3: With or without silicone tips?<\/h3>\n\n\n\n\n\n\n\n<p>According to various rumors, the third generation AirPods will have a similar design to the current AirPods Pro, making them the biggest update to date. Despite the revised casing, however, functions such as active noise cancellation are not to be expected. The audio quality is said to be better than the second generation, however. Among other things, there is said to be &quot;noticeably better bass.&quot; The battery life is also expected to increase. However, it remains unclear whether the new AirPods will be equipped with silicone attachments like the AirPods Pro or whether they will have the same in-ear design as the first and second generation AirPods. If the leaker is right once again, we will know more by Monday evening at the latest.<\/p>\n\n\n\n<h3 class=\"wp-block-heading\" id=\"h-app-herunterladen-push-nachrichten-aktivieren\">Download the app, activate push notifications<\/h3>\n\n\n\n<p><a href=\"https:\/\/www.apfelpatient.de\/en\/news\/unleashed-apple-announces-new-event\">&quot;Unleashed.&quot; event<\/a> Reminder: If you don\u2019t want to miss anything, you should\u00a0<a href=\"https:\/\/apps.apple.com\/de\/app\/apfelpatient-news\/id1517273672\" target=\"_blank\" rel=\"noreferrer noopener\">download our app<\/a>\u00a0and activate push notifications. In our separate event section you will find all relevant articles about the next event - we look forward to seeing you. Are you looking for new MagSafe accessories from Apple?\u00a0<a href=\"https:\/\/www.amazon.de\/shop\/apfelpatientofficial?listId=21E2RFFAY554S&amp;ref=cm_sw_em_r_inf_list_own_apfelpatientofficial_dp_riZhz1Vqdb3gV\" target=\"_blank\" rel=\"noreferrer noopener\">Then take a look at Amazon<\/a>There you will find Apple&#039;s MagSafe chargers, power adapters, cases and the external battery at a discount. In addition, we have dozens of other recommendations\u00a0<a href=\"https:\/\/www.amazon.de\/shop\/apfelpatientofficial\" target=\"_blank\" rel=\"noreferrer noopener\">in our storefront<\/a>, including from Nomad, Anker and Pitaka \u2013 enjoy browsing. (Photo by Unsplash \/ Nathan De Fortunato)<\/p>\n\n\n\n<ul class=\"wp-block-list\"><li><a href=\"https:\/\/www.apfelpatient.de\/en\/tips-tricks\/airpods-pro-conversation-amplifier-turn-on-how-to-do-it\">AirPods Pro: How to turn on the conversation amplifier<\/a><\/li><\/ul>\n\n\n\n<h6 class=\"wp-block-heading translation-block\" id=\"h-kennt-ihr-schon-unsere-amazon-storefront-dort-findet-ihr-eine-handverlesene-auswahl-von-diversen-produkten-f-r-euer-iphone-und-co-viel-spa-beim-st-bern\"><em>Have you already visited our Amazon Storefront? There you&#039;ll find a hand-picked selection of various products for your iPhone and other devices \u2013 <span class=\"has-inline-color has-vivid-red-color\"><a href=\"https:\/\/www.amazon.de\/shop\/apfelpatientofficial\" class=\"ek-link\" data-wpel-link=\"exclude\" rel=\"follow noopener\" target=\"_self\"><span style=\"text-decoration: underline\" class=\"ek-underline\">enjoy browsing<\/span><\/a> !<\/span><\/em><\/h6>\n\n\n\n<h6 class=\"wp-block-heading translation-block\" id=\"h-der-beitrag-enthalt-partnerlinks\">This post contains <a data-type=\"URL\" data-id=\"https:\/\/www.apfelpatient.de\/partnerprogramm\" href=\"https:\/\/www.apfelpatient.de\/en\/partner-program\" data-wpel-link=\"internal\" target=\"_self\">affiliate links<\/a>.<\/h6>","protected":false},"excerpt":{"rendered":"<p>&quot;Unleashed&quot; event: The AirPods 3 have been rumored for months. Now another event is coming up.<\/p>","protected":false},"author":2,"featured_media":27414,"comment_status":"closed","ping_status":"closed","sticky":false,"template":"","format":"standard","meta":{"jnews-multi-image_gallery":[],"jnews_single_post":{"subtitle":"","format":"standard","video":"","gallery":"","source_name":"","source_url":"","via_name":"","via_url":"","override":[{"single_blog_custom":"","sidebar":"","second_sidebar":"","share_position":"","share_float_style":"","post_date_format":"","post_date_format_custom":"","post_reading_time_wpm":"","zoom_button_out_step":"1","zoom_button_in_step":"1","number_popup_post":"1"}],"image_override":[{"single_post_thumbnail_size":"","single_post_gallery_size":""}],"trending_post_position":"","trending_post_label":"","sponsored_post_label":"","sponsored_post_name":"","sponsored_post_url":"","sponsored_post_logo":"","sponsored_post_desc":""},"jnews_primary_category":{"id":"25"},"footnotes":""},"categories":[25],"tags":[28],"class_list":["post-27415","post","type-post","status-publish","format-standard","has-post-thumbnail","hentry","category-rumors","tag-airpods"],"yoast_head":"<!-- This site is optimized with the Yoast SEO Premium plugin v27.5 (Yoast SEO v27.5) - https:\/\/yoast.com\/product\/yoast-seo-premium-wordpress\/ -->\n<title>&quot;Unleashed&quot;-Event: Wird Apple die AirPods 3 vorstellen? Apfelpatient<\/title>\n<meta name=\"description\" content=\"&quot;Unleashed&quot;-Event: Die AirPods 3 werden schon seit Monaten in der Ger\u00fcchtek\u00fcche thematisiert. Nun steht ein weiteres Event an.\" \/>\n<meta name=\"robots\" content=\"index, follow, max-snippet:-1, max-image-preview:large, max-video-preview:-1\" \/>\n<link rel=\"canonical\" href=\"https:\/\/www.apfelpatient.de\/en\/rumors\/unleashed-event-apple-will-introduce-the-airpods-3\" \/>\n<meta property=\"og:locale\" content=\"en_US\" \/>\n<meta property=\"og:type\" content=\"article\" \/>\n<meta property=\"og:title\" content=\"&quot;Unleashed&quot;-Event: Wird Apple die AirPods 3 vorstellen?\" \/>\n<meta property=\"og:description\" content=\"&quot;Unleashed&quot;-Event: Die AirPods 3 werden schon seit Monaten in der Ger\u00fcchtek\u00fcche thematisiert. Nun steht ein weiteres Event an.\" \/>\n<meta property=\"og:url\" content=\"https:\/\/www.apfelpatient.de\/en\/rumors\/unleashed-event-apple-will-introduce-the-airpods-3\" \/>\n<meta property=\"og:site_name\" content=\"Apfelpatient\" \/>\n<meta property=\"article:publisher\" content=\"https:\/\/www.facebook.com\/apfelpatientOfficial\" \/>\n<meta property=\"article:author\" content=\"https:\/\/www.facebook.com\/apfelpatientOfficial\" \/>\n<meta property=\"article:published_time\" content=\"2021-10-13T13:55:59+00:00\" \/>\n<meta property=\"article:modified_time\" content=\"2025-02-06T07:07:06+00:00\" \/>\n<meta property=\"og:image\" content=\"https:\/\/www.apfelpatient.de\/wp-content\/uploads\/2021\/10\/nathan-de-fortunato-m8s4n0Qs1BE-unsplash.jpg\" \/>\n\t<meta property=\"og:image:width\" content=\"1600\" \/>\n\t<meta property=\"og:image:height\" content=\"1067\" \/>\n\t<meta property=\"og:image:type\" content=\"image\/jpeg\" \/>\n<meta name=\"author\" content=\"Milan\" \/>\n<meta name=\"twitter:card\" content=\"summary_large_image\" \/>\n<meta name=\"twitter:description\" content=\"&quot;Unleashed&quot;-Event: Die AirPods 3 werden schon seit Monaten in der Ger\u00fcchtek\u00fcche thematisiert. Nun steht ein weiteres Event an.\" \/>\n<meta name=\"twitter:label1\" content=\"Written by\" \/>\n\t<meta name=\"twitter:data1\" content=\"Milan\" \/>\n\t<meta name=\"twitter:label2\" content=\"Est. reading time\" \/>\n\t<meta name=\"twitter:data2\" content=\"2 minutes\" \/>\n<script type=\"application\/ld+json\" class=\"yoast-schema-graph\">{\"@context\":\"https:\\\/\\\/schema.org\",\"@graph\":[{\"@type\":\"NewsArticle\",\"@id\":\"https:\\\/\\\/www.apfelpatient.de\\\/rumors\\\/unleashed-event-wird-apple-die-airpods-3-vorstellen#article\",\"isPartOf\":{\"@id\":\"https:\\\/\\\/www.apfelpatient.de\\\/rumors\\\/unleashed-event-wird-apple-die-airpods-3-vorstellen\"},\"author\":{\"@type\":\"Organization\",\"@id\":\"https:\\\/\\\/www.apfelpatient.de\\\/en\\\/#organization\",\"name\":\"Apfelpatient\",\"url\":\"https:\\\/\\\/www.apfelpatient.de\\\/en\\\/\"},\"headline\":\"&#8222;Unleashed&#8220;-Event: Wird Apple die AirPods 3 vorstellen?\",\"datePublished\":\"2021-10-13T13:55:59+00:00\",\"dateModified\":\"2025-02-06T07:07:06+00:00\",\"mainEntityOfPage\":{\"@id\":\"https:\\\/\\\/www.apfelpatient.de\\\/rumors\\\/unleashed-event-wird-apple-die-airpods-3-vorstellen\"},\"wordCount\":372,\"publisher\":{\"@type\":\"Organization\",\"@id\":\"https:\\\/\\\/www.apfelpatient.de\\\/en\\\/#organization\",\"name\":\"Apfelpatient\",\"url\":\"https:\\\/\\\/www.apfelpatient.de\\\/en\\\/\"},\"image\":{\"@id\":\"https:\\\/\\\/www.apfelpatient.de\\\/rumors\\\/unleashed-event-wird-apple-die-airpods-3-vorstellen#primaryimage\"},\"thumbnailUrl\":\"https:\\\/\\\/www.apfelpatient.de\\\/wp-content\\\/uploads\\\/2021\\\/10\\\/nathan-de-fortunato-m8s4n0Qs1BE-unsplash.jpg\",\"keywords\":[\"AirPods\"],\"articleSection\":\"Rumors\",\"inLanguage\":\"en-US\",\"copyrightYear\":\"2021\",\"copyrightHolder\":{\"@id\":\"https:\\\/\\\/www.apfelpatient.de\\\/en\\\/#organization\"}},{\"@type\":\"WebPage\",\"@id\":\"https:\\\/\\\/www.apfelpatient.de\\\/rumors\\\/unleashed-event-wird-apple-die-airpods-3-vorstellen\",\"url\":\"https:\\\/\\\/www.apfelpatient.de\\\/rumors\\\/unleashed-event-wird-apple-die-airpods-3-vorstellen\",\"name\":\"\\\"Unleashed\\\"-Event: Wird Apple die AirPods 3 vorstellen? Apfelpatient\",\"isPartOf\":{\"@id\":\"https:\\\/\\\/www.apfelpatient.de\\\/#website\"},\"primaryImageOfPage\":{\"@id\":\"https:\\\/\\\/www.apfelpatient.de\\\/rumors\\\/unleashed-event-wird-apple-die-airpods-3-vorstellen#primaryimage\"},\"image\":{\"@id\":\"https:\\\/\\\/www.apfelpatient.de\\\/rumors\\\/unleashed-event-wird-apple-die-airpods-3-vorstellen#primaryimage\"},\"thumbnailUrl\":\"https:\\\/\\\/www.apfelpatient.de\\\/wp-content\\\/uploads\\\/2021\\\/10\\\/nathan-de-fortunato-m8s4n0Qs1BE-unsplash.jpg\",\"datePublished\":\"2021-10-13T13:55:59+00:00\",\"dateModified\":\"2025-02-06T07:07:06+00:00\",\"description\":\"\\\"Unleashed\\\"-Event: Die AirPods 3 werden schon seit Monaten in der Ger\u00fcchtek\u00fcche thematisiert. Nun steht ein weiteres Event an.\",\"breadcrumb\":{\"@id\":\"https:\\\/\\\/www.apfelpatient.de\\\/rumors\\\/unleashed-event-wird-apple-die-airpods-3-vorstellen#breadcrumb\"},\"inLanguage\":\"en-US\",\"potentialAction\":[{\"@type\":\"ReadAction\",\"target\":[\"https:\\\/\\\/www.apfelpatient.de\\\/rumors\\\/unleashed-event-wird-apple-die-airpods-3-vorstellen\"]}]},{\"@type\":\"ImageObject\",\"inLanguage\":\"en-US\",\"@id\":\"https:\\\/\\\/www.apfelpatient.de\\\/rumors\\\/unleashed-event-wird-apple-die-airpods-3-vorstellen#primaryimage\",\"url\":\"https:\\\/\\\/www.apfelpatient.de\\\/wp-content\\\/uploads\\\/2021\\\/10\\\/nathan-de-fortunato-m8s4n0Qs1BE-unsplash.jpg\",\"contentUrl\":\"https:\\\/\\\/www.apfelpatient.de\\\/wp-content\\\/uploads\\\/2021\\\/10\\\/nathan-de-fortunato-m8s4n0Qs1BE-unsplash.jpg\",\"width\":1600,\"height\":1067,\"caption\":\"Photo by Unsplash \\\/ Nathan De Fortunato\"},{\"@type\":\"BreadcrumbList\",\"@id\":\"https:\\\/\\\/www.apfelpatient.de\\\/rumors\\\/unleashed-event-wird-apple-die-airpods-3-vorstellen#breadcrumb\",\"itemListElement\":[{\"@type\":\"ListItem\",\"position\":1,\"name\":\"Startseite\",\"item\":\"https:\\\/\\\/www.apfelpatient.de\\\/\"},{\"@type\":\"ListItem\",\"position\":2,\"name\":\"&#8220;Unleashed&#8221;-Event: Wird Apple die AirPods 3 vorstellen?\"}]},{\"@type\":\"WebSite\",\"@id\":\"https:\\\/\\\/www.apfelpatient.de\\\/#website\",\"url\":\"https:\\\/\\\/www.apfelpatient.de\\\/\",\"name\":\"Apfelpatient\",\"description\":\"Alles rund um Apple!\",\"publisher\":{\"@type\":\"Organization\",\"@id\":\"https:\\\/\\\/www.apfelpatient.de\\\/en\\\/#organization\",\"name\":\"Apfelpatient\",\"url\":\"https:\\\/\\\/www.apfelpatient.de\\\/en\\\/\"},\"alternateName\":\"Apfelpatient\",\"potentialAction\":[{\"@type\":\"SearchAction\",\"target\":{\"@type\":\"EntryPoint\",\"urlTemplate\":\"https:\\\/\\\/www.apfelpatient.de\\\/?s={search_term_string}\"},\"query-input\":{\"@type\":\"PropertyValueSpecification\",\"valueRequired\":true,\"valueName\":\"search_term_string\"}}],\"inLanguage\":\"en-US\"},{\"@type\":[\"Person\",\"Organization\"],\"@id\":\"https:\\\/\\\/www.apfelpatient.de\\\/#\\\/schema\\\/person\\\/7dc56ad6c8e9824b76d2c08d4c140e13\",\"name\":\"Milan\",\"logo\":{\"@id\":\"https:\\\/\\\/www.apfelpatient.de\\\/#\\\/schema\\\/person\\\/image\\\/\"},\"description\":\"Hallo und herzlich willkommen auf meinem Technik-Blog! Als gro\u00dfer Apple-Fan berichte ich hier \u00fcber alles, was mit Apple zu tun hat: von den neuesten News und spannenden Ger\u00fcchten \u00fcber hilfreiche Tipps und Tricks bis hin zu ausf\u00fchrlichen Produkttests. Wenn du genauso technikbegeistert bist wie ich, bist du hier genau richtig!\",\"sameAs\":[\"https:\\\/\\\/www.facebook.com\\\/apfelpatientOfficial\",\"https:\\\/\\\/www.linkedin.com\\\/in\\\/milan-jovicic-42aa0231b\"],\"url\":\"https:\\\/\\\/www.apfelpatient.de\\\/en\\\/author\\\/apfeladmin\"}]}<\/script>\n<!-- \/ Yoast SEO Premium plugin. -->","yoast_head_json":{"title":"&quot;Unleashed&quot; event: Will Apple unveil the AirPods 3? Apfelpatient","description":"&quot;Unleashed&quot; event: The AirPods 3 have been the subject of rumors for months. Now another event is coming up.","robots":{"index":"index","follow":"follow","max-snippet":"max-snippet:-1","max-image-preview":"max-image-preview:large","max-video-preview":"max-video-preview:-1"},"canonical":"https:\/\/www.apfelpatient.de\/en\/rumors\/unleashed-event-apple-will-introduce-the-airpods-3","og_locale":"en_US","og_type":"article","og_title":"\"Unleashed\"-Event: Wird Apple die AirPods 3 vorstellen?","og_description":"\"Unleashed\"-Event: Die AirPods 3 werden schon seit Monaten in der Ger\u00fcchtek\u00fcche thematisiert. Nun steht ein weiteres Event an.","og_url":"https:\/\/www.apfelpatient.de\/en\/rumors\/unleashed-event-apple-will-introduce-the-airpods-3","og_site_name":"Apfelpatient","article_publisher":"https:\/\/www.facebook.com\/apfelpatientOfficial","article_author":"https:\/\/www.facebook.com\/apfelpatientOfficial","article_published_time":"2021-10-13T13:55:59+00:00","article_modified_time":"2025-02-06T07:07:06+00:00","og_image":[{"width":1600,"height":1067,"url":"https:\/\/www.apfelpatient.de\/wp-content\/uploads\/2021\/10\/nathan-de-fortunato-m8s4n0Qs1BE-unsplash.jpg","type":"image\/jpeg"}],"author":"Milan","twitter_card":"summary_large_image","twitter_description":"\"Unleashed\"-Event: Die AirPods 3 werden schon seit Monaten in der Ger\u00fcchtek\u00fcche thematisiert. Nun steht ein weiteres Event an.","twitter_misc":{"Written by":"Milan","Est. reading time":"2 minutes"},"schema":{"@context":"https:\/\/schema.org","@graph":[{"@type":"NewsArticle","@id":"https:\/\/www.apfelpatient.de\/rumors\/unleashed-event-wird-apple-die-airpods-3-vorstellen#article","isPartOf":{"@id":"https:\/\/www.apfelpatient.de\/rumors\/unleashed-event-wird-apple-die-airpods-3-vorstellen"},"author":{"@type":"Organization","@id":"https:\/\/www.apfelpatient.de\/en\/#organization","name":"Apfelpatient","url":"https:\/\/www.apfelpatient.de\/en\/"},"headline":"&#8222;Unleashed&#8220;-Event: Wird Apple die AirPods 3 vorstellen?","datePublished":"2021-10-13T13:55:59+00:00","dateModified":"2025-02-06T07:07:06+00:00","mainEntityOfPage":{"@id":"https:\/\/www.apfelpatient.de\/rumors\/unleashed-event-wird-apple-die-airpods-3-vorstellen"},"wordCount":372,"publisher":{"@type":"Organization","@id":"https:\/\/www.apfelpatient.de\/en\/#organization","name":"Apfelpatient","url":"https:\/\/www.apfelpatient.de\/en\/"},"image":{"@id":"https:\/\/www.apfelpatient.de\/rumors\/unleashed-event-wird-apple-die-airpods-3-vorstellen#primaryimage"},"thumbnailUrl":"https:\/\/www.apfelpatient.de\/wp-content\/uploads\/2021\/10\/nathan-de-fortunato-m8s4n0Qs1BE-unsplash.jpg","keywords":["AirPods"],"articleSection":"Rumors","inLanguage":"en-US","copyrightYear":"2021","copyrightHolder":{"@id":"https:\/\/www.apfelpatient.de\/en\/#organization"}},{"@type":"WebPage","@id":"https:\/\/www.apfelpatient.de\/rumors\/unleashed-event-wird-apple-die-airpods-3-vorstellen","url":"https:\/\/www.apfelpatient.de\/rumors\/unleashed-event-wird-apple-die-airpods-3-vorstellen","name":"&quot;Unleashed&quot; event: Will Apple unveil the AirPods 3? Apfelpatient","isPartOf":{"@id":"https:\/\/www.apfelpatient.de\/#website"},"primaryImageOfPage":{"@id":"https:\/\/www.apfelpatient.de\/rumors\/unleashed-event-wird-apple-die-airpods-3-vorstellen#primaryimage"},"image":{"@id":"https:\/\/www.apfelpatient.de\/rumors\/unleashed-event-wird-apple-die-airpods-3-vorstellen#primaryimage"},"thumbnailUrl":"https:\/\/www.apfelpatient.de\/wp-content\/uploads\/2021\/10\/nathan-de-fortunato-m8s4n0Qs1BE-unsplash.jpg","datePublished":"2021-10-13T13:55:59+00:00","dateModified":"2025-02-06T07:07:06+00:00","description":"&quot;Unleashed&quot; event: The AirPods 3 have been the subject of rumors for months. Now another event is coming up.","breadcrumb":{"@id":"https:\/\/www.apfelpatient.de\/rumors\/unleashed-event-wird-apple-die-airpods-3-vorstellen#breadcrumb"},"inLanguage":"en-US","potentialAction":[{"@type":"ReadAction","target":["https:\/\/www.apfelpatient.de\/rumors\/unleashed-event-wird-apple-die-airpods-3-vorstellen"]}]},{"@type":"ImageObject","inLanguage":"en-US","@id":"https:\/\/www.apfelpatient.de\/rumors\/unleashed-event-wird-apple-die-airpods-3-vorstellen#primaryimage","url":"https:\/\/www.apfelpatient.de\/wp-content\/uploads\/2021\/10\/nathan-de-fortunato-m8s4n0Qs1BE-unsplash.jpg","contentUrl":"https:\/\/www.apfelpatient.de\/wp-content\/uploads\/2021\/10\/nathan-de-fortunato-m8s4n0Qs1BE-unsplash.jpg","width":1600,"height":1067,"caption":"Photo by Unsplash \/ Nathan De Fortunato"},{"@type":"BreadcrumbList","@id":"https:\/\/www.apfelpatient.de\/rumors\/unleashed-event-wird-apple-die-airpods-3-vorstellen#breadcrumb","itemListElement":[{"@type":"ListItem","position":1,"name":"Startseite","item":"https:\/\/www.apfelpatient.de\/"},{"@type":"ListItem","position":2,"name":"&#8220;Unleashed&#8221;-Event: Wird Apple die AirPods 3 vorstellen?"}]},{"@type":"WebSite","@id":"https:\/\/www.apfelpatient.de\/#website","url":"https:\/\/www.apfelpatient.de\/","name":"apple patient","description":"Everything about Apple!","publisher":{"@type":"Organization","@id":"https:\/\/www.apfelpatient.de\/en\/#organization","name":"Apfelpatient","url":"https:\/\/www.apfelpatient.de\/en\/"},"alternateName":"Apfelpatient","potentialAction":[{"@type":"SearchAction","target":{"@type":"EntryPoint","urlTemplate":"https:\/\/www.apfelpatient.de\/?s={search_term_string}"},"query-input":{"@type":"PropertyValueSpecification","valueRequired":true,"valueName":"search_term_string"}}],"inLanguage":"en-US"},{"@type":["Person","Organization"],"@id":"https:\/\/www.apfelpatient.de\/#\/schema\/person\/7dc56ad6c8e9824b76d2c08d4c140e13","name":"Milan","logo":{"@id":"https:\/\/www.apfelpatient.de\/#\/schema\/person\/image\/"},"description":"Hello and welcome to my technology blog! As a big Apple fan, I report on everything to do with Apple: from the latest news and exciting rumors to helpful tips and tricks and detailed product tests. If you are as enthusiastic about technology as I am, you have come to the right place!","sameAs":["https:\/\/www.facebook.com\/apfelpatientOfficial","https:\/\/www.linkedin.com\/in\/milan-jovicic-42aa0231b"],"url":"https:\/\/www.apfelpatient.de\/en\/author\/apfeladmin"}]}},"_links":{"self":[{"href":"https:\/\/www.apfelpatient.de\/en\/wp-json\/wp\/v2\/posts\/27415","targetHints":{"allow":["GET"]}}],"collection":[{"href":"https:\/\/www.apfelpatient.de\/en\/wp-json\/wp\/v2\/posts"}],"about":[{"href":"https:\/\/www.apfelpatient.de\/en\/wp-json\/wp\/v2\/types\/post"}],"author":[{"embeddable":true,"href":"https:\/\/www.apfelpatient.de\/en\/wp-json\/wp\/v2\/users\/2"}],"replies":[{"embeddable":true,"href":"https:\/\/www.apfelpatient.de\/en\/wp-json\/wp\/v2\/comments?post=27415"}],"version-history":[{"count":0,"href":"https:\/\/www.apfelpatient.de\/en\/wp-json\/wp\/v2\/posts\/27415\/revisions"}],"wp:featuredmedia":[{"embeddable":true,"href":"https:\/\/www.apfelpatient.de\/en\/wp-json\/wp\/v2\/media\/27414"}],"wp:attachment":[{"href":"https:\/\/www.apfelpatient.de\/en\/wp-json\/wp\/v2\/media?parent=27415"}],"wp:term":[{"taxonomy":"category","embeddable":true,"href":"https:\/\/www.apfelpatient.de\/en\/wp-json\/wp\/v2\/categories?post=27415"},{"taxonomy":"post_tag","embeddable":true,"href":"https:\/\/www.apfelpatient.de\/en\/wp-json\/wp\/v2\/tags?post=27415"}],"curies":[{"name":"wp","href":"https:\/\/api.w.org\/{rel}","templated":true}]}}