{"id":27263,"date":"2021-10-07T00:18:42","date_gmt":"2021-10-06T22:18:42","guid":{"rendered":"https:\/\/www.apfelpatient.de\/?p=27263"},"modified":"2021-10-07T00:18:43","modified_gmt":"2021-10-06T22:18:43","slug":"iphone-13-pro-ios-15-1-beta-3-adds-auto-macro-switch","status":"publish","type":"post","link":"https:\/\/www.apfelpatient.de\/en\/news\/iphone-13-pro-ios-15-1-beta-3-fuegt-auto-makro-schalter-hinzu","title":{"rendered":"iPhone 13 Pro: iOS 15.1 Beta 3 adds \u201cAuto Macro\u201d switch"},"content":{"rendered":"<p class=\"has-drop-cap\"><strong>Apple released the third preview of iOS 15.1 on Wednesday evening, adding ProRes for the iPhone 13 Pro models. The previously promised &quot;Auto Macro&quot; switch was also integrated.<\/strong><\/p>\n\n\n\n<p>In addition to native support for ProRes video recording, the third iOS 15.1 beta also offers a new switch to disable Auto Macro in the Camera app. With iOS 15 on the iPhone 13 Pro and iPhone 13 Pro Max, the device&#039;s camera switches <a href=\"https:\/\/www.apfelpatient.de\/en\/tips-tricks\/iphone-13-pro-macro-photography-heres-how\">automatically<\/a> into macro mode as soon as the user gets close to a subject. This can result in an annoying animation in the camera app when the iPhone changes lenses. In some cases, you want to avoid this, which is why a switch is a pretty good idea.<\/p>\n\n\n\n<h3 class=\"wp-block-heading\" id=\"h-iphone-13-pro-der-auto-makro-schalter-kommt\">iPhone 13 Pro: The \u201cAuto Macro\u201d switch is coming<\/h3>\n\n\n\n\n\n\n\n<p>In response to the criticism, Apple has promised to introduce a software option to disable automatic macro mode. So with iOS 15.1, the time has come. If you click on &quot;Camera&quot; in the settings, you will see a new switch for &quot;Auto Macro&quot;. When this function is activated, it &quot;automatically switches to the ultra-wide-angle camera to take macro photos and videos&quot;. If the auto function is deactivated, you can activate macro mode manually by setting the camera to the 0.5x lens and moving closer to your subject and focusing on it. You don&#039;t have an iPhone 13 yet? Then take a look\u00a0<a href=\"https:\/\/www.amazon.de\/shop\/apfelpatientofficial?listId=3F65W2IFGYCB4&amp;ref=cm_sw_em_r_inf_list_own_apfelpatientofficial_dp_ORcxvw4mZXrM8\" target=\"_blank\" rel=\"noreferrer noopener\">in our Amazon Storefront<\/a>\u00a0over. (Image: Apple)<\/p>\n\n\n\n<ul class=\"wp-block-list\"><li><a href=\"https:\/\/www.apfelpatient.de\/en\/news\/iphone-13-pro-ios-15-1-beta-3-brings-prores-function\">iPhone 13 Pro: iOS 15.1 Beta 3 brings ProRes feature<\/a><\/li><\/ul>\n\n\n\n<h6 class=\"wp-block-heading translation-block\" id=\"h-kennt-ihr-schon-unsere-amazon-storefront-dort-findet-ihr-eine-handverlesene-auswahl-von-diversen-produkten-f-r-euer-iphone-und-co-viel-spa-beim-st-bern\"><em>Have you already visited our Amazon Storefront? There you&#039;ll find a hand-picked selection of various products for your iPhone and other devices \u2013 <span class=\"has-inline-color has-vivid-red-color\"><a href=\"https:\/\/www.amazon.de\/shop\/apfelpatientofficial\" class=\"ek-link\" data-wpel-link=\"exclude\" rel=\"follow noopener\" target=\"_self\"><span style=\"text-decoration: underline\" class=\"ek-underline\">enjoy browsing<\/span><\/a> !<\/span><\/em><\/h6>\n\n\n\n<h6 class=\"wp-block-heading translation-block\" id=\"h-der-beitrag-enthalt-partnerlinks\">This post contains <a data-type=\"URL\" data-id=\"https:\/\/www.apfelpatient.de\/partnerprogramm\" href=\"https:\/\/www.apfelpatient.de\/en\/partner-program\" data-wpel-link=\"internal\" target=\"_self\">affiliate links<\/a>.<\/h6>","protected":false},"excerpt":{"rendered":"<p>Apple has released the third preview of iOS 15.1 and added an \u201cAuto Macro\u201d switch for the iPhone 13 Pro models.<\/p>","protected":false},"author":2,"featured_media":27262,"comment_status":"closed","ping_status":"closed","sticky":false,"template":"","format":"standard","meta":{"jnews-multi-image_gallery":[],"jnews_single_post":{"subtitle":"","format":"standard","video":"","gallery":"","source_name":"","source_url":"","via_name":"","via_url":"","override":[{"single_blog_custom":"","sidebar":"","second_sidebar":"","share_position":"","share_float_style":"","post_date_format":"","post_date_format_custom":"","post_reading_time_wpm":"","zoom_button_out_step":"1","zoom_button_in_step":"1","number_popup_post":"1"}],"image_override":[{"single_post_thumbnail_size":"","single_post_gallery_size":""}],"trending_post_position":"","trending_post_label":"","sponsored_post_label":"","sponsored_post_name":"","sponsored_post_url":"","sponsored_post_logo":"","sponsored_post_desc":""},"jnews_primary_category":{"id":"9"},"footnotes":""},"categories":[9],"tags":[3,658,8,311],"class_list":["post-27263","post","type-post","status-publish","format-standard","has-post-thumbnail","hentry","category-news","tag-ios","tag-ios-15-1","tag-iphone","tag-iphone-2021"],"yoast_head":"<!-- This site is optimized with the Yoast SEO Premium plugin v27.5 (Yoast SEO v27.5) - https:\/\/yoast.com\/product\/yoast-seo-premium-wordpress\/ -->\n<title>iPhone 13 Pro: iOS 15.1 Beta 3 f\u00fcgt &quot;Auto Makro&quot;-Schalter hinzu<\/title>\n<meta name=\"description\" content=\"Apple hat die dritte Vorschau von iOS 15.1 ver\u00f6ffentlicht und dabei einen &quot;Auto Makro&quot;-Schalter f\u00fcr die iPhone 13 Pro Modelle hinzugef\u00fcgt.\" \/>\n<meta name=\"robots\" content=\"index, follow, max-snippet:-1, max-image-preview:large, max-video-preview:-1\" \/>\n<link rel=\"canonical\" href=\"https:\/\/www.apfelpatient.de\/en\/news\/iphone-13-pro-ios-15-1-beta-3-adds-auto-macro-switch\" \/>\n<meta property=\"og:locale\" content=\"en_US\" \/>\n<meta property=\"og:type\" content=\"article\" \/>\n<meta property=\"og:title\" content=\"iPhone 13 Pro: iOS 15.1 Beta 3 f\u00fcgt &quot;Auto Makro&quot;-Schalter hinzu\" \/>\n<meta property=\"og:description\" content=\"Apple hat die dritte Vorschau von iOS 15.1 ver\u00f6ffentlicht und dabei einen &quot;Auto Makro&quot;-Schalter f\u00fcr die iPhone 13 Pro Modelle hinzugef\u00fcgt.\" \/>\n<meta property=\"og:url\" content=\"https:\/\/www.apfelpatient.de\/en\/news\/iphone-13-pro-ios-15-1-beta-3-adds-auto-macro-switch\" \/>\n<meta property=\"og:site_name\" content=\"Apfelpatient\" \/>\n<meta property=\"article:publisher\" content=\"https:\/\/www.facebook.com\/apfelpatientOfficial\" \/>\n<meta property=\"article:author\" content=\"https:\/\/www.facebook.com\/apfelpatientOfficial\" \/>\n<meta property=\"article:published_time\" content=\"2021-10-06T22:18:42+00:00\" \/>\n<meta property=\"article:modified_time\" content=\"2021-10-06T22:18:43+00:00\" \/>\n<meta property=\"og:image\" content=\"https:\/\/www.apfelpatient.de\/wp-content\/uploads\/2021\/10\/Apple_iPhone-13-Pro_Mushroom_09142021.jpg\" \/>\n\t<meta property=\"og:image:width\" content=\"1600\" \/>\n\t<meta property=\"og:image:height\" content=\"1200\" \/>\n\t<meta property=\"og:image:type\" content=\"image\/jpeg\" \/>\n<meta name=\"author\" content=\"Milan\" \/>\n<meta name=\"twitter:card\" content=\"summary_large_image\" \/>\n<meta name=\"twitter:description\" content=\"Apple hat die dritte Vorschau von iOS 15.1 ver\u00f6ffentlicht und dabei einen &quot;Auto Makro&quot;-Schalter f\u00fcr die iPhone 13 Pro Modelle hinzugef\u00fcgt.\" \/>\n<meta name=\"twitter:label1\" content=\"Written by\" \/>\n\t<meta name=\"twitter:data1\" content=\"Milan\" \/>\n\t<meta name=\"twitter:label2\" content=\"Est. reading time\" \/>\n\t<meta name=\"twitter:data2\" content=\"2 minutes\" \/>\n<script type=\"application\/ld+json\" class=\"yoast-schema-graph\">{\"@context\":\"https:\\\/\\\/schema.org\",\"@graph\":[{\"@type\":\"NewsArticle\",\"@id\":\"https:\\\/\\\/www.apfelpatient.de\\\/news\\\/iphone-13-pro-ios-15-1-beta-3-fuegt-auto-makro-schalter-hinzu#article\",\"isPartOf\":{\"@id\":\"https:\\\/\\\/www.apfelpatient.de\\\/news\\\/iphone-13-pro-ios-15-1-beta-3-fuegt-auto-makro-schalter-hinzu\"},\"author\":{\"@type\":\"Organization\",\"@id\":\"https:\\\/\\\/www.apfelpatient.de\\\/en\\\/#organization\",\"name\":\"Apfelpatient\",\"url\":\"https:\\\/\\\/www.apfelpatient.de\\\/en\\\/\"},\"headline\":\"iPhone 13 Pro: iOS 15.1 Beta 3 f\u00fcgt &#8222;Auto Makro&#8220;-Schalter hinzu\",\"datePublished\":\"2021-10-06T22:18:42+00:00\",\"dateModified\":\"2021-10-06T22:18:43+00:00\",\"mainEntityOfPage\":{\"@id\":\"https:\\\/\\\/www.apfelpatient.de\\\/news\\\/iphone-13-pro-ios-15-1-beta-3-fuegt-auto-makro-schalter-hinzu\"},\"wordCount\":254,\"publisher\":{\"@type\":\"Organization\",\"@id\":\"https:\\\/\\\/www.apfelpatient.de\\\/en\\\/#organization\",\"name\":\"Apfelpatient\",\"url\":\"https:\\\/\\\/www.apfelpatient.de\\\/en\\\/\"},\"image\":{\"@id\":\"https:\\\/\\\/www.apfelpatient.de\\\/news\\\/iphone-13-pro-ios-15-1-beta-3-fuegt-auto-makro-schalter-hinzu#primaryimage\"},\"thumbnailUrl\":\"https:\\\/\\\/www.apfelpatient.de\\\/wp-content\\\/uploads\\\/2021\\\/10\\\/Apple_iPhone-13-Pro_Mushroom_09142021.jpg\",\"keywords\":[\"iOS\",\"iOS 15.1\",\"iPhone\",\"iPhone 13\"],\"articleSection\":\"News\",\"inLanguage\":\"en-US\",\"copyrightYear\":\"2021\",\"copyrightHolder\":{\"@id\":\"https:\\\/\\\/www.apfelpatient.de\\\/en\\\/#organization\"}},{\"@type\":\"WebPage\",\"@id\":\"https:\\\/\\\/www.apfelpatient.de\\\/news\\\/iphone-13-pro-ios-15-1-beta-3-fuegt-auto-makro-schalter-hinzu\",\"url\":\"https:\\\/\\\/www.apfelpatient.de\\\/news\\\/iphone-13-pro-ios-15-1-beta-3-fuegt-auto-makro-schalter-hinzu\",\"name\":\"iPhone 13 Pro: iOS 15.1 Beta 3 f\u00fcgt \\\"Auto Makro\\\"-Schalter hinzu\",\"isPartOf\":{\"@id\":\"https:\\\/\\\/www.apfelpatient.de\\\/#website\"},\"primaryImageOfPage\":{\"@id\":\"https:\\\/\\\/www.apfelpatient.de\\\/news\\\/iphone-13-pro-ios-15-1-beta-3-fuegt-auto-makro-schalter-hinzu#primaryimage\"},\"image\":{\"@id\":\"https:\\\/\\\/www.apfelpatient.de\\\/news\\\/iphone-13-pro-ios-15-1-beta-3-fuegt-auto-makro-schalter-hinzu#primaryimage\"},\"thumbnailUrl\":\"https:\\\/\\\/www.apfelpatient.de\\\/wp-content\\\/uploads\\\/2021\\\/10\\\/Apple_iPhone-13-Pro_Mushroom_09142021.jpg\",\"datePublished\":\"2021-10-06T22:18:42+00:00\",\"dateModified\":\"2021-10-06T22:18:43+00:00\",\"description\":\"Apple hat die dritte Vorschau von iOS 15.1 ver\u00f6ffentlicht und dabei einen \\\"Auto Makro\\\"-Schalter f\u00fcr die iPhone 13 Pro Modelle hinzugef\u00fcgt.\",\"breadcrumb\":{\"@id\":\"https:\\\/\\\/www.apfelpatient.de\\\/news\\\/iphone-13-pro-ios-15-1-beta-3-fuegt-auto-makro-schalter-hinzu#breadcrumb\"},\"inLanguage\":\"en-US\",\"potentialAction\":[{\"@type\":\"ReadAction\",\"target\":[\"https:\\\/\\\/www.apfelpatient.de\\\/news\\\/iphone-13-pro-ios-15-1-beta-3-fuegt-auto-makro-schalter-hinzu\"]}]},{\"@type\":\"ImageObject\",\"inLanguage\":\"en-US\",\"@id\":\"https:\\\/\\\/www.apfelpatient.de\\\/news\\\/iphone-13-pro-ios-15-1-beta-3-fuegt-auto-makro-schalter-hinzu#primaryimage\",\"url\":\"https:\\\/\\\/www.apfelpatient.de\\\/wp-content\\\/uploads\\\/2021\\\/10\\\/Apple_iPhone-13-Pro_Mushroom_09142021.jpg\",\"contentUrl\":\"https:\\\/\\\/www.apfelpatient.de\\\/wp-content\\\/uploads\\\/2021\\\/10\\\/Apple_iPhone-13-Pro_Mushroom_09142021.jpg\",\"width\":1600,\"height\":1200,\"caption\":\"Bild: Apple\"},{\"@type\":\"BreadcrumbList\",\"@id\":\"https:\\\/\\\/www.apfelpatient.de\\\/news\\\/iphone-13-pro-ios-15-1-beta-3-fuegt-auto-makro-schalter-hinzu#breadcrumb\",\"itemListElement\":[{\"@type\":\"ListItem\",\"position\":1,\"name\":\"Startseite\",\"item\":\"https:\\\/\\\/www.apfelpatient.de\\\/\"},{\"@type\":\"ListItem\",\"position\":2,\"name\":\"iPhone 13 Pro: iOS 15.1 Beta 3 f\u00fcgt &#8222;Auto Makro&#8220;-Schalter hinzu\"}]},{\"@type\":\"WebSite\",\"@id\":\"https:\\\/\\\/www.apfelpatient.de\\\/#website\",\"url\":\"https:\\\/\\\/www.apfelpatient.de\\\/\",\"name\":\"Apfelpatient\",\"description\":\"Alles rund um Apple!\",\"publisher\":{\"@type\":\"Organization\",\"@id\":\"https:\\\/\\\/www.apfelpatient.de\\\/en\\\/#organization\",\"name\":\"Apfelpatient\",\"url\":\"https:\\\/\\\/www.apfelpatient.de\\\/en\\\/\"},\"alternateName\":\"Apfelpatient\",\"potentialAction\":[{\"@type\":\"SearchAction\",\"target\":{\"@type\":\"EntryPoint\",\"urlTemplate\":\"https:\\\/\\\/www.apfelpatient.de\\\/?s={search_term_string}\"},\"query-input\":{\"@type\":\"PropertyValueSpecification\",\"valueRequired\":true,\"valueName\":\"search_term_string\"}}],\"inLanguage\":\"en-US\"},{\"@type\":[\"Person\",\"Organization\"],\"@id\":\"https:\\\/\\\/www.apfelpatient.de\\\/#\\\/schema\\\/person\\\/35b3ddba5832f2bfc7fff5206d4f6b7b\",\"name\":\"Milan\",\"logo\":{\"@id\":\"https:\\\/\\\/www.apfelpatient.de\\\/#\\\/schema\\\/person\\\/image\\\/\"},\"description\":\"Hallo und herzlich willkommen auf meinem Technik-Blog! Als gro\u00dfer Apple-Fan berichte ich hier \u00fcber alles, was mit Apple zu tun hat: von den neuesten News und spannenden Ger\u00fcchten \u00fcber hilfreiche Tipps und Tricks bis hin zu ausf\u00fchrlichen Produkttests. Wenn du genauso technikbegeistert bist wie ich, bist du hier genau richtig!\",\"sameAs\":[\"https:\\\/\\\/www.facebook.com\\\/apfelpatientOfficial\",\"https:\\\/\\\/www.linkedin.com\\\/in\\\/milan-jovicic-42aa0231b\"],\"url\":\"https:\\\/\\\/www.apfelpatient.de\\\/en\\\/author\\\/apfeladmin\"}]}<\/script>\n<!-- \/ Yoast SEO Premium plugin. -->","yoast_head_json":{"title":"iPhone 13 Pro: iOS 15.1 Beta 3 adds &quot;Auto Macro&quot; switch","description":"Apple has released the third preview of iOS 15.1 and added an &quot;Auto Macro&quot; switch for the iPhone 13 Pro models.","robots":{"index":"index","follow":"follow","max-snippet":"max-snippet:-1","max-image-preview":"max-image-preview:large","max-video-preview":"max-video-preview:-1"},"canonical":"https:\/\/www.apfelpatient.de\/en\/news\/iphone-13-pro-ios-15-1-beta-3-adds-auto-macro-switch","og_locale":"en_US","og_type":"article","og_title":"iPhone 13 Pro: iOS 15.1 Beta 3 f\u00fcgt \"Auto Makro\"-Schalter hinzu","og_description":"Apple hat die dritte Vorschau von iOS 15.1 ver\u00f6ffentlicht und dabei einen \"Auto Makro\"-Schalter f\u00fcr die iPhone 13 Pro Modelle hinzugef\u00fcgt.","og_url":"https:\/\/www.apfelpatient.de\/en\/news\/iphone-13-pro-ios-15-1-beta-3-adds-auto-macro-switch","og_site_name":"Apfelpatient","article_publisher":"https:\/\/www.facebook.com\/apfelpatientOfficial","article_author":"https:\/\/www.facebook.com\/apfelpatientOfficial","article_published_time":"2021-10-06T22:18:42+00:00","article_modified_time":"2021-10-06T22:18:43+00:00","og_image":[{"width":1600,"height":1200,"url":"https:\/\/www.apfelpatient.de\/wp-content\/uploads\/2021\/10\/Apple_iPhone-13-Pro_Mushroom_09142021.jpg","type":"image\/jpeg"}],"author":"Milan","twitter_card":"summary_large_image","twitter_description":"Apple hat die dritte Vorschau von iOS 15.1 ver\u00f6ffentlicht und dabei einen \"Auto Makro\"-Schalter f\u00fcr die iPhone 13 Pro Modelle hinzugef\u00fcgt.","twitter_misc":{"Written by":"Milan","Est. reading time":"2 minutes"},"schema":{"@context":"https:\/\/schema.org","@graph":[{"@type":"NewsArticle","@id":"https:\/\/www.apfelpatient.de\/news\/iphone-13-pro-ios-15-1-beta-3-fuegt-auto-makro-schalter-hinzu#article","isPartOf":{"@id":"https:\/\/www.apfelpatient.de\/news\/iphone-13-pro-ios-15-1-beta-3-fuegt-auto-makro-schalter-hinzu"},"author":{"@type":"Organization","@id":"https:\/\/www.apfelpatient.de\/en\/#organization","name":"Apfelpatient","url":"https:\/\/www.apfelpatient.de\/en\/"},"headline":"iPhone 13 Pro: iOS 15.1 Beta 3 f\u00fcgt &#8222;Auto Makro&#8220;-Schalter hinzu","datePublished":"2021-10-06T22:18:42+00:00","dateModified":"2021-10-06T22:18:43+00:00","mainEntityOfPage":{"@id":"https:\/\/www.apfelpatient.de\/news\/iphone-13-pro-ios-15-1-beta-3-fuegt-auto-makro-schalter-hinzu"},"wordCount":254,"publisher":{"@type":"Organization","@id":"https:\/\/www.apfelpatient.de\/en\/#organization","name":"Apfelpatient","url":"https:\/\/www.apfelpatient.de\/en\/"},"image":{"@id":"https:\/\/www.apfelpatient.de\/news\/iphone-13-pro-ios-15-1-beta-3-fuegt-auto-makro-schalter-hinzu#primaryimage"},"thumbnailUrl":"https:\/\/www.apfelpatient.de\/wp-content\/uploads\/2021\/10\/Apple_iPhone-13-Pro_Mushroom_09142021.jpg","keywords":["iOS","iOS 15.1","iPhone","iPhone 13"],"articleSection":"News","inLanguage":"en-US","copyrightYear":"2021","copyrightHolder":{"@id":"https:\/\/www.apfelpatient.de\/en\/#organization"}},{"@type":"WebPage","@id":"https:\/\/www.apfelpatient.de\/news\/iphone-13-pro-ios-15-1-beta-3-fuegt-auto-makro-schalter-hinzu","url":"https:\/\/www.apfelpatient.de\/news\/iphone-13-pro-ios-15-1-beta-3-fuegt-auto-makro-schalter-hinzu","name":"iPhone 13 Pro: iOS 15.1 Beta 3 adds &quot;Auto Macro&quot; switch","isPartOf":{"@id":"https:\/\/www.apfelpatient.de\/#website"},"primaryImageOfPage":{"@id":"https:\/\/www.apfelpatient.de\/news\/iphone-13-pro-ios-15-1-beta-3-fuegt-auto-makro-schalter-hinzu#primaryimage"},"image":{"@id":"https:\/\/www.apfelpatient.de\/news\/iphone-13-pro-ios-15-1-beta-3-fuegt-auto-makro-schalter-hinzu#primaryimage"},"thumbnailUrl":"https:\/\/www.apfelpatient.de\/wp-content\/uploads\/2021\/10\/Apple_iPhone-13-Pro_Mushroom_09142021.jpg","datePublished":"2021-10-06T22:18:42+00:00","dateModified":"2021-10-06T22:18:43+00:00","description":"Apple has released the third preview of iOS 15.1 and added an &quot;Auto Macro&quot; switch for the iPhone 13 Pro models.","breadcrumb":{"@id":"https:\/\/www.apfelpatient.de\/news\/iphone-13-pro-ios-15-1-beta-3-fuegt-auto-makro-schalter-hinzu#breadcrumb"},"inLanguage":"en-US","potentialAction":[{"@type":"ReadAction","target":["https:\/\/www.apfelpatient.de\/news\/iphone-13-pro-ios-15-1-beta-3-fuegt-auto-makro-schalter-hinzu"]}]},{"@type":"ImageObject","inLanguage":"en-US","@id":"https:\/\/www.apfelpatient.de\/news\/iphone-13-pro-ios-15-1-beta-3-fuegt-auto-makro-schalter-hinzu#primaryimage","url":"https:\/\/www.apfelpatient.de\/wp-content\/uploads\/2021\/10\/Apple_iPhone-13-Pro_Mushroom_09142021.jpg","contentUrl":"https:\/\/www.apfelpatient.de\/wp-content\/uploads\/2021\/10\/Apple_iPhone-13-Pro_Mushroom_09142021.jpg","width":1600,"height":1200,"caption":"Bild: Apple"},{"@type":"BreadcrumbList","@id":"https:\/\/www.apfelpatient.de\/news\/iphone-13-pro-ios-15-1-beta-3-fuegt-auto-makro-schalter-hinzu#breadcrumb","itemListElement":[{"@type":"ListItem","position":1,"name":"Startseite","item":"https:\/\/www.apfelpatient.de\/"},{"@type":"ListItem","position":2,"name":"iPhone 13 Pro: iOS 15.1 Beta 3 f\u00fcgt &#8222;Auto Makro&#8220;-Schalter hinzu"}]},{"@type":"WebSite","@id":"https:\/\/www.apfelpatient.de\/#website","url":"https:\/\/www.apfelpatient.de\/","name":"apple patient","description":"Everything about Apple!","publisher":{"@type":"Organization","@id":"https:\/\/www.apfelpatient.de\/en\/#organization","name":"Apfelpatient","url":"https:\/\/www.apfelpatient.de\/en\/"},"alternateName":"Apfelpatient","potentialAction":[{"@type":"SearchAction","target":{"@type":"EntryPoint","urlTemplate":"https:\/\/www.apfelpatient.de\/?s={search_term_string}"},"query-input":{"@type":"PropertyValueSpecification","valueRequired":true,"valueName":"search_term_string"}}],"inLanguage":"en-US"},{"@type":["Person","Organization"],"@id":"https:\/\/www.apfelpatient.de\/#\/schema\/person\/35b3ddba5832f2bfc7fff5206d4f6b7b","name":"Milan","logo":{"@id":"https:\/\/www.apfelpatient.de\/#\/schema\/person\/image\/"},"description":"Hello and welcome to my technology blog! As a big Apple fan, I report on everything to do with Apple: from the latest news and exciting rumors to helpful tips and tricks and detailed product tests. If you are as enthusiastic about technology as I am, you have come to the right place!","sameAs":["https:\/\/www.facebook.com\/apfelpatientOfficial","https:\/\/www.linkedin.com\/in\/milan-jovicic-42aa0231b"],"url":"https:\/\/www.apfelpatient.de\/en\/author\/apfeladmin"}]}},"_links":{"self":[{"href":"https:\/\/www.apfelpatient.de\/en\/wp-json\/wp\/v2\/posts\/27263","targetHints":{"allow":["GET"]}}],"collection":[{"href":"https:\/\/www.apfelpatient.de\/en\/wp-json\/wp\/v2\/posts"}],"about":[{"href":"https:\/\/www.apfelpatient.de\/en\/wp-json\/wp\/v2\/types\/post"}],"author":[{"embeddable":true,"href":"https:\/\/www.apfelpatient.de\/en\/wp-json\/wp\/v2\/users\/2"}],"replies":[{"embeddable":true,"href":"https:\/\/www.apfelpatient.de\/en\/wp-json\/wp\/v2\/comments?post=27263"}],"version-history":[{"count":0,"href":"https:\/\/www.apfelpatient.de\/en\/wp-json\/wp\/v2\/posts\/27263\/revisions"}],"wp:featuredmedia":[{"embeddable":true,"href":"https:\/\/www.apfelpatient.de\/en\/wp-json\/wp\/v2\/media\/27262"}],"wp:attachment":[{"href":"https:\/\/www.apfelpatient.de\/en\/wp-json\/wp\/v2\/media?parent=27263"}],"wp:term":[{"taxonomy":"category","embeddable":true,"href":"https:\/\/www.apfelpatient.de\/en\/wp-json\/wp\/v2\/categories?post=27263"},{"taxonomy":"post_tag","embeddable":true,"href":"https:\/\/www.apfelpatient.de\/en\/wp-json\/wp\/v2\/tags?post=27263"}],"curies":[{"name":"wp","href":"https:\/\/api.w.org\/{rel}","templated":true}]}}