{"id":2709,"date":"2018-12-02T17:17:24","date_gmt":"2018-12-02T16:17:24","guid":{"rendered":"https:\/\/www.apfelpatient.de\/?p=2709"},"modified":"2018-12-02T17:17:24","modified_gmt":"2018-12-02T16:17:24","slug":"macbook-pro-apple-reminds-of-repair-program","status":"publish","type":"post","link":"https:\/\/www.apfelpatient.de\/en\/news\/macbook-pro-apple-erinnert-an-reparaturprogramm","title":{"rendered":"MacBook Pro: Apple reminds of repair program"},"content":{"rendered":"<p><strong>Apple acknowledged a problem with the SSD in the MacBook Pro 13&quot; model in the first half of November and promised a free repair. This means that affected users will have the repair or replacement carried out free of charge by Apple or an authorized Apple dealer.<\/strong><\/p>\n<p class=\"p1\"><\/p>\n<p>The MacBook Pro 13&quot; is struggling with a serious hardware error. In some models, the SSD fails completely and can cause data loss. Affected models are MacBook Pro 13&quot; devices without TouchBar that were sold between June 2017 and June 2018. Apple offers a verification process for this on its own homepage. Using the serial number, you can check whether your own device is affected by the problem. Here, too, anyone who has previously paid for a replacement can claim their money back by submitting a claim.<\/p>\n<p><strong>&quot;Important information about your MacBook Pro&quot;<\/strong><\/p>\n<p>Now, however, Apple seems to want to make sure that potentially affected parties are aware of the action. The iGroup has sent a circular email entitled &quot;Important information about your MacBook Pro&quot; to the respective users. The email states: &quot;Apple has determined that a limited number of 128 GB and 256 GB solid-state drives (SSD) used in 13&quot; MacBook Pro models (without Touch Bar) have a defect that may lead to data loss or drive failure. The 13&quot; MacBook Pro models with the affected drives were sold between June 2017 and June 2018.&quot;<\/p>\n<p class=\"p1\"><\/p>\n<p>It continues: &quot;Our records indicate that you have a MacBook Pro with an affected solid-state drive - your drive may be replaceable by Apple at no charge.&quot;<\/p>\n<p>Before affected users make use of such a repair, they are also asked to create a backup. Further information on the service program is available<a href=\"https:\/\/www.apple.com\/de\/support\/13-inch-macbook-pro-solid-state-drive-service-program\/\" target=\"_blank\" rel=\"noopener noreferrer\"> here<\/a>.<\/p>\n<p><em>Do you have a Telegram account? Then join our channel. Never miss anything from the world of Apfelpatient again. <strong><a href=\"https:\/\/t.me\/apfelpatient_official\" target=\"_blank\" rel=\"noopener noreferrer\">let&#039;s go<\/a>!<\/strong><\/em><\/p>","protected":false},"excerpt":{"rendered":"<p>Apple hat bereits in der ersten Novemberh\u00e4lfte bei dem MacBook Pro 13\u2033 Modell ein Problem mit der SSD anerkannt und verspricht eine kostenlose Reparatur. Das hei\u00dft, betroffene Nutzer bekommen die Reparatur bzw. den Austausch von Apple oder einem autorisierten Apple-H\u00e4ndler kostenlos durchgef\u00fchrt. Das MacBook Pro 13\u2033 hat mit einem schwerwiegenden Hardwarefehler zu k\u00e4mpfen. Bei manchen [&hellip;]<\/p>\n","protected":false},"author":2,"featured_media":2710,"comment_status":"open","ping_status":"open","sticky":false,"template":"","format":"standard","meta":{"jnews-multi-image_gallery":[],"jnews_single_post":[],"jnews_primary_category":[],"footnotes":""},"categories":[9],"tags":[40,50,139],"class_list":["post-2709","post","type-post","status-publish","format-standard","has-post-thumbnail","hentry","category-news","tag-mac","tag-macbook-pro","tag-reparaturprogramm"],"yoast_head":"<!-- This site is optimized with the Yoast SEO Premium plugin v27.5 (Yoast SEO v27.5) - https:\/\/yoast.com\/product\/yoast-seo-premium-wordpress\/ -->\n<title>MacBook Pro: Apple erinnert an Reparaturprogramm Apfelpatient<\/title>\n<meta name=\"description\" content=\"Apple hat bereits in der ersten Novemberh\u00e4lfte bei dem MacBook Pro 13\u2033 Modell ein Problem mit der SSD anerkannt und verspricht eine kostenlose Reparatur.\" \/>\n<meta name=\"robots\" content=\"index, follow, max-snippet:-1, max-image-preview:large, max-video-preview:-1\" \/>\n<link rel=\"canonical\" href=\"https:\/\/www.apfelpatient.de\/en\/news\/macbook-pro-apple-reminds-of-repair-program\" \/>\n<meta property=\"og:locale\" content=\"en_US\" \/>\n<meta property=\"og:type\" content=\"article\" \/>\n<meta property=\"og:title\" content=\"MacBook Pro: Apple erinnert an Reparaturprogramm\" \/>\n<meta property=\"og:description\" content=\"Apple hat bereits in der ersten Novemberh\u00e4lfte bei dem MacBook Pro 13\u2033 Modell ein Problem mit der SSD anerkannt und verspricht eine kostenlose Reparatur.\" \/>\n<meta property=\"og:url\" content=\"https:\/\/www.apfelpatient.de\/en\/news\/macbook-pro-apple-reminds-of-repair-program\" \/>\n<meta property=\"og:site_name\" content=\"Apfelpatient\" \/>\n<meta property=\"article:publisher\" content=\"https:\/\/www.facebook.com\/apfelpatientOfficial\" \/>\n<meta property=\"article:author\" content=\"https:\/\/www.facebook.com\/apfelpatientOfficial\" \/>\n<meta property=\"article:published_time\" content=\"2018-12-02T16:17:24+00:00\" \/>\n<meta property=\"og:image\" content=\"https:\/\/www.apfelpatient.de\/wp-content\/uploads\/2018\/12\/ales-nesetril-734016-unsplash.jpg\" \/>\n\t<meta property=\"og:image:width\" content=\"4846\" \/>\n\t<meta property=\"og:image:height\" content=\"3431\" \/>\n\t<meta property=\"og:image:type\" content=\"image\/jpeg\" \/>\n<meta name=\"author\" content=\"Milan\" \/>\n<meta name=\"twitter:card\" content=\"summary_large_image\" \/>\n<meta name=\"twitter:label1\" content=\"Written by\" \/>\n\t<meta name=\"twitter:data1\" content=\"Milan\" \/>\n\t<meta name=\"twitter:label2\" content=\"Est. reading time\" \/>\n\t<meta name=\"twitter:data2\" content=\"2 minutes\" \/>\n<script type=\"application\/ld+json\" class=\"yoast-schema-graph\">{\"@context\":\"https:\\\/\\\/schema.org\",\"@graph\":[{\"@type\":\"NewsArticle\",\"@id\":\"https:\\\/\\\/www.apfelpatient.de\\\/news\\\/macbook-pro-apple-erinnert-an-reparaturprogramm#article\",\"isPartOf\":{\"@id\":\"https:\\\/\\\/www.apfelpatient.de\\\/news\\\/macbook-pro-apple-erinnert-an-reparaturprogramm\"},\"author\":{\"@type\":\"Organization\",\"@id\":\"https:\\\/\\\/www.apfelpatient.de\\\/en\\\/#organization\",\"name\":\"Apfelpatient\",\"url\":\"https:\\\/\\\/www.apfelpatient.de\\\/en\\\/\"},\"headline\":\"MacBook Pro: Apple erinnert an Reparaturprogramm\",\"datePublished\":\"2018-12-02T16:17:24+00:00\",\"mainEntityOfPage\":{\"@id\":\"https:\\\/\\\/www.apfelpatient.de\\\/news\\\/macbook-pro-apple-erinnert-an-reparaturprogramm\"},\"wordCount\":306,\"commentCount\":0,\"publisher\":{\"@type\":\"Organization\",\"@id\":\"https:\\\/\\\/www.apfelpatient.de\\\/en\\\/#organization\",\"name\":\"Apfelpatient\",\"url\":\"https:\\\/\\\/www.apfelpatient.de\\\/en\\\/\"},\"image\":{\"@id\":\"https:\\\/\\\/www.apfelpatient.de\\\/news\\\/macbook-pro-apple-erinnert-an-reparaturprogramm#primaryimage\"},\"thumbnailUrl\":\"https:\\\/\\\/www.apfelpatient.de\\\/wp-content\\\/uploads\\\/2018\\\/12\\\/ales-nesetril-734016-unsplash.jpg\",\"keywords\":[\"Mac\",\"MacBook Pro\",\"Reparaturprogramm\"],\"articleSection\":\"News\",\"inLanguage\":\"en-US\",\"potentialAction\":[{\"@type\":\"CommentAction\",\"name\":\"Comment\",\"target\":[\"https:\\\/\\\/www.apfelpatient.de\\\/news\\\/macbook-pro-apple-erinnert-an-reparaturprogramm#respond\"]}],\"copyrightYear\":\"2018\",\"copyrightHolder\":{\"@id\":\"https:\\\/\\\/www.apfelpatient.de\\\/en\\\/#organization\"}},{\"@type\":\"WebPage\",\"@id\":\"https:\\\/\\\/www.apfelpatient.de\\\/news\\\/macbook-pro-apple-erinnert-an-reparaturprogramm\",\"url\":\"https:\\\/\\\/www.apfelpatient.de\\\/news\\\/macbook-pro-apple-erinnert-an-reparaturprogramm\",\"name\":\"MacBook Pro: Apple erinnert an Reparaturprogramm Apfelpatient\",\"isPartOf\":{\"@id\":\"https:\\\/\\\/www.apfelpatient.de\\\/#website\"},\"primaryImageOfPage\":{\"@id\":\"https:\\\/\\\/www.apfelpatient.de\\\/news\\\/macbook-pro-apple-erinnert-an-reparaturprogramm#primaryimage\"},\"image\":{\"@id\":\"https:\\\/\\\/www.apfelpatient.de\\\/news\\\/macbook-pro-apple-erinnert-an-reparaturprogramm#primaryimage\"},\"thumbnailUrl\":\"https:\\\/\\\/www.apfelpatient.de\\\/wp-content\\\/uploads\\\/2018\\\/12\\\/ales-nesetril-734016-unsplash.jpg\",\"datePublished\":\"2018-12-02T16:17:24+00:00\",\"description\":\"Apple hat bereits in der ersten Novemberh\u00e4lfte bei dem MacBook Pro 13\u2033 Modell ein Problem mit der SSD anerkannt und verspricht eine kostenlose Reparatur.\",\"breadcrumb\":{\"@id\":\"https:\\\/\\\/www.apfelpatient.de\\\/news\\\/macbook-pro-apple-erinnert-an-reparaturprogramm#breadcrumb\"},\"inLanguage\":\"en-US\",\"potentialAction\":[{\"@type\":\"ReadAction\",\"target\":[\"https:\\\/\\\/www.apfelpatient.de\\\/news\\\/macbook-pro-apple-erinnert-an-reparaturprogramm\"]}]},{\"@type\":\"ImageObject\",\"inLanguage\":\"en-US\",\"@id\":\"https:\\\/\\\/www.apfelpatient.de\\\/news\\\/macbook-pro-apple-erinnert-an-reparaturprogramm#primaryimage\",\"url\":\"https:\\\/\\\/www.apfelpatient.de\\\/wp-content\\\/uploads\\\/2018\\\/12\\\/ales-nesetril-734016-unsplash.jpg\",\"contentUrl\":\"https:\\\/\\\/www.apfelpatient.de\\\/wp-content\\\/uploads\\\/2018\\\/12\\\/ales-nesetril-734016-unsplash.jpg\",\"width\":4846,\"height\":3431,\"caption\":\"Photo by Unsplash\"},{\"@type\":\"BreadcrumbList\",\"@id\":\"https:\\\/\\\/www.apfelpatient.de\\\/news\\\/macbook-pro-apple-erinnert-an-reparaturprogramm#breadcrumb\",\"itemListElement\":[{\"@type\":\"ListItem\",\"position\":1,\"name\":\"Startseite\",\"item\":\"https:\\\/\\\/www.apfelpatient.de\\\/\"},{\"@type\":\"ListItem\",\"position\":2,\"name\":\"MacBook Pro: Apple erinnert an Reparaturprogramm\"}]},{\"@type\":\"WebSite\",\"@id\":\"https:\\\/\\\/www.apfelpatient.de\\\/#website\",\"url\":\"https:\\\/\\\/www.apfelpatient.de\\\/\",\"name\":\"Apfelpatient\",\"description\":\"Alles rund um Apple!\",\"publisher\":{\"@type\":\"Organization\",\"@id\":\"https:\\\/\\\/www.apfelpatient.de\\\/en\\\/#organization\",\"name\":\"Apfelpatient\",\"url\":\"https:\\\/\\\/www.apfelpatient.de\\\/en\\\/\"},\"alternateName\":\"Apfelpatient\",\"potentialAction\":[{\"@type\":\"SearchAction\",\"target\":{\"@type\":\"EntryPoint\",\"urlTemplate\":\"https:\\\/\\\/www.apfelpatient.de\\\/?s={search_term_string}\"},\"query-input\":{\"@type\":\"PropertyValueSpecification\",\"valueRequired\":true,\"valueName\":\"search_term_string\"}}],\"inLanguage\":\"en-US\"},{\"@type\":[\"Person\",\"Organization\"],\"@id\":\"https:\\\/\\\/www.apfelpatient.de\\\/#\\\/schema\\\/person\\\/7dc56ad6c8e9824b76d2c08d4c140e13\",\"name\":\"Milan\",\"logo\":{\"@id\":\"https:\\\/\\\/www.apfelpatient.de\\\/#\\\/schema\\\/person\\\/image\\\/\"},\"description\":\"Hallo und herzlich willkommen auf meinem Technik-Blog! Als gro\u00dfer Apple-Fan berichte ich hier \u00fcber alles, was mit Apple zu tun hat: von den neuesten News und spannenden Ger\u00fcchten \u00fcber hilfreiche Tipps und Tricks bis hin zu ausf\u00fchrlichen Produkttests. Wenn du genauso technikbegeistert bist wie ich, bist du hier genau richtig!\",\"sameAs\":[\"https:\\\/\\\/www.facebook.com\\\/apfelpatientOfficial\",\"https:\\\/\\\/www.linkedin.com\\\/in\\\/milan-jovicic-42aa0231b\"],\"url\":\"https:\\\/\\\/www.apfelpatient.de\\\/en\\\/author\\\/apfeladmin\"}]}<\/script>\n<!-- \/ Yoast SEO Premium plugin. -->","yoast_head_json":{"title":"MacBook Pro: Apple reminds of repair program Apfelpatient","description":"Apple already acknowledged a problem with the SSD in the MacBook Pro 13\u2033 model in the first half of November and promised a free repair.","robots":{"index":"index","follow":"follow","max-snippet":"max-snippet:-1","max-image-preview":"max-image-preview:large","max-video-preview":"max-video-preview:-1"},"canonical":"https:\/\/www.apfelpatient.de\/en\/news\/macbook-pro-apple-reminds-of-repair-program","og_locale":"en_US","og_type":"article","og_title":"MacBook Pro: Apple erinnert an Reparaturprogramm","og_description":"Apple hat bereits in der ersten Novemberh\u00e4lfte bei dem MacBook Pro 13\u2033 Modell ein Problem mit der SSD anerkannt und verspricht eine kostenlose Reparatur.","og_url":"https:\/\/www.apfelpatient.de\/en\/news\/macbook-pro-apple-reminds-of-repair-program","og_site_name":"Apfelpatient","article_publisher":"https:\/\/www.facebook.com\/apfelpatientOfficial","article_author":"https:\/\/www.facebook.com\/apfelpatientOfficial","article_published_time":"2018-12-02T16:17:24+00:00","og_image":[{"width":4846,"height":3431,"url":"https:\/\/www.apfelpatient.de\/wp-content\/uploads\/2018\/12\/ales-nesetril-734016-unsplash.jpg","type":"image\/jpeg"}],"author":"Milan","twitter_card":"summary_large_image","twitter_misc":{"Written by":"Milan","Est. reading time":"2 minutes"},"schema":{"@context":"https:\/\/schema.org","@graph":[{"@type":"NewsArticle","@id":"https:\/\/www.apfelpatient.de\/news\/macbook-pro-apple-erinnert-an-reparaturprogramm#article","isPartOf":{"@id":"https:\/\/www.apfelpatient.de\/news\/macbook-pro-apple-erinnert-an-reparaturprogramm"},"author":{"@type":"Organization","@id":"https:\/\/www.apfelpatient.de\/en\/#organization","name":"Apfelpatient","url":"https:\/\/www.apfelpatient.de\/en\/"},"headline":"MacBook Pro: Apple erinnert an Reparaturprogramm","datePublished":"2018-12-02T16:17:24+00:00","mainEntityOfPage":{"@id":"https:\/\/www.apfelpatient.de\/news\/macbook-pro-apple-erinnert-an-reparaturprogramm"},"wordCount":306,"commentCount":0,"publisher":{"@type":"Organization","@id":"https:\/\/www.apfelpatient.de\/en\/#organization","name":"Apfelpatient","url":"https:\/\/www.apfelpatient.de\/en\/"},"image":{"@id":"https:\/\/www.apfelpatient.de\/news\/macbook-pro-apple-erinnert-an-reparaturprogramm#primaryimage"},"thumbnailUrl":"https:\/\/www.apfelpatient.de\/wp-content\/uploads\/2018\/12\/ales-nesetril-734016-unsplash.jpg","keywords":["Mac","MacBook Pro","Reparaturprogramm"],"articleSection":"News","inLanguage":"en-US","potentialAction":[{"@type":"CommentAction","name":"Comment","target":["https:\/\/www.apfelpatient.de\/news\/macbook-pro-apple-erinnert-an-reparaturprogramm#respond"]}],"copyrightYear":"2018","copyrightHolder":{"@id":"https:\/\/www.apfelpatient.de\/en\/#organization"}},{"@type":"WebPage","@id":"https:\/\/www.apfelpatient.de\/news\/macbook-pro-apple-erinnert-an-reparaturprogramm","url":"https:\/\/www.apfelpatient.de\/news\/macbook-pro-apple-erinnert-an-reparaturprogramm","name":"MacBook Pro: Apple reminds of repair program Apfelpatient","isPartOf":{"@id":"https:\/\/www.apfelpatient.de\/#website"},"primaryImageOfPage":{"@id":"https:\/\/www.apfelpatient.de\/news\/macbook-pro-apple-erinnert-an-reparaturprogramm#primaryimage"},"image":{"@id":"https:\/\/www.apfelpatient.de\/news\/macbook-pro-apple-erinnert-an-reparaturprogramm#primaryimage"},"thumbnailUrl":"https:\/\/www.apfelpatient.de\/wp-content\/uploads\/2018\/12\/ales-nesetril-734016-unsplash.jpg","datePublished":"2018-12-02T16:17:24+00:00","description":"Apple already acknowledged a problem with the SSD in the MacBook Pro 13\u2033 model in the first half of November and promised a free repair.","breadcrumb":{"@id":"https:\/\/www.apfelpatient.de\/news\/macbook-pro-apple-erinnert-an-reparaturprogramm#breadcrumb"},"inLanguage":"en-US","potentialAction":[{"@type":"ReadAction","target":["https:\/\/www.apfelpatient.de\/news\/macbook-pro-apple-erinnert-an-reparaturprogramm"]}]},{"@type":"ImageObject","inLanguage":"en-US","@id":"https:\/\/www.apfelpatient.de\/news\/macbook-pro-apple-erinnert-an-reparaturprogramm#primaryimage","url":"https:\/\/www.apfelpatient.de\/wp-content\/uploads\/2018\/12\/ales-nesetril-734016-unsplash.jpg","contentUrl":"https:\/\/www.apfelpatient.de\/wp-content\/uploads\/2018\/12\/ales-nesetril-734016-unsplash.jpg","width":4846,"height":3431,"caption":"Photo by Unsplash"},{"@type":"BreadcrumbList","@id":"https:\/\/www.apfelpatient.de\/news\/macbook-pro-apple-erinnert-an-reparaturprogramm#breadcrumb","itemListElement":[{"@type":"ListItem","position":1,"name":"Startseite","item":"https:\/\/www.apfelpatient.de\/"},{"@type":"ListItem","position":2,"name":"MacBook Pro: Apple erinnert an Reparaturprogramm"}]},{"@type":"WebSite","@id":"https:\/\/www.apfelpatient.de\/#website","url":"https:\/\/www.apfelpatient.de\/","name":"apple patient","description":"Everything about Apple!","publisher":{"@type":"Organization","@id":"https:\/\/www.apfelpatient.de\/en\/#organization","name":"Apfelpatient","url":"https:\/\/www.apfelpatient.de\/en\/"},"alternateName":"Apfelpatient","potentialAction":[{"@type":"SearchAction","target":{"@type":"EntryPoint","urlTemplate":"https:\/\/www.apfelpatient.de\/?s={search_term_string}"},"query-input":{"@type":"PropertyValueSpecification","valueRequired":true,"valueName":"search_term_string"}}],"inLanguage":"en-US"},{"@type":["Person","Organization"],"@id":"https:\/\/www.apfelpatient.de\/#\/schema\/person\/7dc56ad6c8e9824b76d2c08d4c140e13","name":"Milan","logo":{"@id":"https:\/\/www.apfelpatient.de\/#\/schema\/person\/image\/"},"description":"Hello and welcome to my technology blog! As a big Apple fan, I report on everything to do with Apple: from the latest news and exciting rumors to helpful tips and tricks and detailed product tests. If you are as enthusiastic about technology as I am, you have come to the right place!","sameAs":["https:\/\/www.facebook.com\/apfelpatientOfficial","https:\/\/www.linkedin.com\/in\/milan-jovicic-42aa0231b"],"url":"https:\/\/www.apfelpatient.de\/en\/author\/apfeladmin"}]}},"_links":{"self":[{"href":"https:\/\/www.apfelpatient.de\/en\/wp-json\/wp\/v2\/posts\/2709","targetHints":{"allow":["GET"]}}],"collection":[{"href":"https:\/\/www.apfelpatient.de\/en\/wp-json\/wp\/v2\/posts"}],"about":[{"href":"https:\/\/www.apfelpatient.de\/en\/wp-json\/wp\/v2\/types\/post"}],"author":[{"embeddable":true,"href":"https:\/\/www.apfelpatient.de\/en\/wp-json\/wp\/v2\/users\/2"}],"replies":[{"embeddable":true,"href":"https:\/\/www.apfelpatient.de\/en\/wp-json\/wp\/v2\/comments?post=2709"}],"version-history":[{"count":0,"href":"https:\/\/www.apfelpatient.de\/en\/wp-json\/wp\/v2\/posts\/2709\/revisions"}],"wp:featuredmedia":[{"embeddable":true,"href":"https:\/\/www.apfelpatient.de\/en\/wp-json\/wp\/v2\/media\/2710"}],"wp:attachment":[{"href":"https:\/\/www.apfelpatient.de\/en\/wp-json\/wp\/v2\/media?parent=2709"}],"wp:term":[{"taxonomy":"category","embeddable":true,"href":"https:\/\/www.apfelpatient.de\/en\/wp-json\/wp\/v2\/categories?post=2709"},{"taxonomy":"post_tag","embeddable":true,"href":"https:\/\/www.apfelpatient.de\/en\/wp-json\/wp\/v2\/tags?post=2709"}],"curies":[{"name":"wp","href":"https:\/\/api.w.org\/{rel}","templated":true}]}}