{"id":26930,"date":"2021-09-27T20:00:00","date_gmt":"2021-09-27T18:00:00","guid":{"rendered":"https:\/\/www.apfelpatient.de\/?p=26930"},"modified":"2021-09-27T22:17:08","modified_gmt":"2021-09-27T20:17:08","slug":"iphone-13-pro-teardown-ifixit-reveals-face-id-changes-more","status":"publish","type":"post","link":"https:\/\/www.apfelpatient.de\/en\/news\/iphone-13-pro-teardown-ifixit-enthuellt-face-id-aenderungen-mehr","title":{"rendered":"iPhone 13 Pro Teardown: iFixit reveals Face ID changes &amp; more"},"content":{"rendered":"<p class=\"has-drop-cap\"><strong>The repair experts at iFixit already took a look at the circuit boards of the new iPhone 13 series on Friday. A preliminary report was published. Now there are further details, including changes to the TrueDepth sensor and more.<\/strong><\/p>\n\n\n\n<p>The repair experts at iFixit already published a first teardown of the device on September 24th <a href=\"https:\/\/www.apfelpatient.de\/en\/news\/iphone-13-pro-teardown-apple-redesigns-interior\">carried out<\/a>Now the repair specialists have completed the second part of the teardown <a href=\"https:\/\/www.ifixit.com\/Teardown\/iPhone+13+Pro+Teardown\/144928\" target=\"_blank\" rel=\"noreferrer noopener\">published<\/a>, which focuses on further changes and the general repairability of the devices. For one thing, the iPhone 13 Pro&#039;s logic board is even smaller than that of the previous generation. The A15 Bionic SoC is overlaid with an LPDDR4X SDRAM from SK Hynix.<\/p>\n\n\n\n<h3 class=\"wp-block-heading\" id=\"h-apple-nimmt-weitreichende-nderungen-bei-face-id-vor\">Apple makes far-reaching changes to Face ID<\/h3>\n\n\n\n<figure class=\"wp-block-image size-large\"><img decoding=\"async\" width=\"1024\" height=\"768\" src=\"https:\/\/www.apfelpatient.de\/wp-content\/uploads\/2021\/09\/CQQNlFQDljgFCDNu.huge_-1024x768.jpeg\" alt=\"iPhone 13 Pro\" class=\"wp-image-26932\" srcset=\"https:\/\/www.apfelpatient.de\/wp-content\/uploads\/2021\/09\/CQQNlFQDljgFCDNu.huge_-1024x768.jpeg 1024w, https:\/\/www.apfelpatient.de\/wp-content\/uploads\/2021\/09\/CQQNlFQDljgFCDNu.huge_-300x225.jpeg 300w, https:\/\/www.apfelpatient.de\/wp-content\/uploads\/2021\/09\/CQQNlFQDljgFCDNu.huge_-768x576.jpeg 768w, https:\/\/www.apfelpatient.de\/wp-content\/uploads\/2021\/09\/CQQNlFQDljgFCDNu.huge_-1536x1152.jpeg 1536w, https:\/\/www.apfelpatient.de\/wp-content\/uploads\/2021\/09\/CQQNlFQDljgFCDNu.huge_-750x563.jpeg 750w, https:\/\/www.apfelpatient.de\/wp-content\/uploads\/2021\/09\/CQQNlFQDljgFCDNu.huge_-1140x855.jpeg 1140w, https:\/\/www.apfelpatient.de\/wp-content\/uploads\/2021\/09\/CQQNlFQDljgFCDNu.huge_.jpeg 1600w\" sizes=\"(max-width: 1024px) 100vw, 1024px\" \/><figcaption>Image: Creative Electron via iFixit<\/figcaption><\/figure>\n\n\n\n<p>Compared to the iPhone 12 Pro, the iPhone 13 Pro&#039;s SIM card reader is now located on the logic board. The earpiece speaker has also been relocated. The component is now located inside the housing, which should make replacing the display easier. The earpiece also has a cutout that fits between the front camera and the Face ID hardware.<\/p>\n\n\n\n<figure class=\"wp-block-image size-large\"><img decoding=\"async\" width=\"1024\" height=\"768\" src=\"https:\/\/www.apfelpatient.de\/wp-content\/uploads\/2021\/09\/Rbf3lXEPOFdTbClc.huge_-1024x768.jpeg\" alt=\"iPhone 13 Pro\" class=\"wp-image-26933\" srcset=\"https:\/\/www.apfelpatient.de\/wp-content\/uploads\/2021\/09\/Rbf3lXEPOFdTbClc.huge_-1024x768.jpeg 1024w, https:\/\/www.apfelpatient.de\/wp-content\/uploads\/2021\/09\/Rbf3lXEPOFdTbClc.huge_-300x225.jpeg 300w, https:\/\/www.apfelpatient.de\/wp-content\/uploads\/2021\/09\/Rbf3lXEPOFdTbClc.huge_-768x576.jpeg 768w, https:\/\/www.apfelpatient.de\/wp-content\/uploads\/2021\/09\/Rbf3lXEPOFdTbClc.huge_-1536x1152.jpeg 1536w, https:\/\/www.apfelpatient.de\/wp-content\/uploads\/2021\/09\/Rbf3lXEPOFdTbClc.huge_-750x563.jpeg 750w, https:\/\/www.apfelpatient.de\/wp-content\/uploads\/2021\/09\/Rbf3lXEPOFdTbClc.huge_-1140x855.jpeg 1140w, https:\/\/www.apfelpatient.de\/wp-content\/uploads\/2021\/09\/Rbf3lXEPOFdTbClc.huge_.jpeg 1600w\" sizes=\"(max-width: 1024px) 100vw, 1024px\" \/><figcaption>Image: iFixit<\/figcaption><\/figure>\n\n\n\n<p>With the redesigned notch and TrueDepth array, iFixit notes that the dot projector has moved from the edge to the center of the sensor module. The floodlight emitter, which was previously part of the display, is now integrated into the module itself. iFixit rates the repairability of the iPhone 13 Pro at five points, which is a tad worse than the iPhone 12 Pro (six points).<\/p>\n\n\n\n<h3 class=\"wp-block-heading\">iPhone 13 Pro: Apple makes display repairs more difficult<\/h3>\n\n\n\n\n\n\n\n<p>According to the repair professionals, all tests for replacing the battery were successful, which means that the component can still be repaired. Replacing the screen, on the other hand, will result in the Face ID functionality no longer working - even though certain components are now separated from the display module.<\/p>\n\n\n\n<figure class=\"wp-block-image size-large\"><img decoding=\"async\" width=\"1024\" height=\"768\" src=\"https:\/\/www.apfelpatient.de\/wp-content\/uploads\/2021\/09\/tsqpNnDtwCo4jGAv.huge_-1024x768.jpeg\" alt=\"iPhone 13 Pro\" class=\"wp-image-26935\" srcset=\"https:\/\/www.apfelpatient.de\/wp-content\/uploads\/2021\/09\/tsqpNnDtwCo4jGAv.huge_-1024x768.jpeg 1024w, https:\/\/www.apfelpatient.de\/wp-content\/uploads\/2021\/09\/tsqpNnDtwCo4jGAv.huge_-300x225.jpeg 300w, https:\/\/www.apfelpatient.de\/wp-content\/uploads\/2021\/09\/tsqpNnDtwCo4jGAv.huge_-768x576.jpeg 768w, https:\/\/www.apfelpatient.de\/wp-content\/uploads\/2021\/09\/tsqpNnDtwCo4jGAv.huge_-1536x1152.jpeg 1536w, https:\/\/www.apfelpatient.de\/wp-content\/uploads\/2021\/09\/tsqpNnDtwCo4jGAv.huge_-750x563.jpeg 750w, https:\/\/www.apfelpatient.de\/wp-content\/uploads\/2021\/09\/tsqpNnDtwCo4jGAv.huge_-1140x855.jpeg 1140w, https:\/\/www.apfelpatient.de\/wp-content\/uploads\/2021\/09\/tsqpNnDtwCo4jGAv.huge_.jpeg 1600w\" sizes=\"(max-width: 1024px) 100vw, 1024px\" \/><figcaption>Image: iFixit<\/figcaption><\/figure>\n\n\n\n<p>According to iFixit, each display appears to be connected to a device as standard. This means that having a third party repair the screen will result in a phone without Face ID. According to iFixit, replacing the display and battery is a priority on the new device, but there are some software components that make many repairs &quot;unnecessarily&quot; difficult. Other components, according to iFixit, are modular and much easier to access. (Image: Apple)<\/p>\n\n\n\n<ul class=\"wp-block-list\"><li><a href=\"https:\/\/www.apfelpatient.de\/en\/tests-experience-reports\/iphone-13-nomad-cases-with-digital-business-card-in-hands-on\">iPhone 13 Nomad cases with digital business card in hands-on<\/a><\/li><\/ul>\n\n\n\n<h6 class=\"wp-block-heading translation-block\" id=\"h-kennt-ihr-schon-unsere-amazon-storefront-dort-findet-ihr-eine-handverlesene-auswahl-von-diversen-produkten-f-r-euer-iphone-und-co-viel-spa-beim-st-bern\"><em>Have you already visited our Amazon Storefront? There you&#039;ll find a hand-picked selection of various products for your iPhone and other devices \u2013 <span class=\"has-inline-color has-vivid-red-color\"><a href=\"https:\/\/www.amazon.de\/shop\/apfelpatientofficial\" class=\"ek-link\" data-wpel-link=\"exclude\" rel=\"follow noopener\" target=\"_self\"><span style=\"text-decoration: underline\" class=\"ek-underline\">enjoy browsing<\/span><\/a> !<\/span><\/em><\/h6>\n\n\n\n<h6 class=\"wp-block-heading translation-block\" id=\"h-der-beitrag-enthalt-partnerlinks\">This post contains <a data-type=\"URL\" data-id=\"https:\/\/www.apfelpatient.de\/partnerprogramm\" href=\"https:\/\/www.apfelpatient.de\/en\/partner-program\" data-wpel-link=\"internal\" target=\"_self\">affiliate links<\/a>.<\/h6>","protected":false},"excerpt":{"rendered":"<p>Further details: The repair experts at iFixit already started working on the circuit boards of the new iPhone 13 series on Friday.<\/p>","protected":false},"author":2,"featured_media":26351,"comment_status":"closed","ping_status":"closed","sticky":false,"template":"","format":"standard","meta":{"jnews-multi-image_gallery":[],"jnews_single_post":{"subtitle":"","format":"standard","video":"","gallery":"","source_name":"","source_url":"","via_name":"","via_url":"","override":[{"single_blog_custom":"","sidebar":"","second_sidebar":"","share_position":"","share_float_style":"","post_date_format":"","post_date_format_custom":"","post_reading_time_wpm":"","zoom_button_out_step":"1","zoom_button_in_step":"1","number_popup_post":"1"}],"image_override":[{"single_post_thumbnail_size":"","single_post_gallery_size":""}],"trending_post_position":"","trending_post_label":"","sponsored_post_label":"","sponsored_post_name":"","sponsored_post_url":"","sponsored_post_logo":"","sponsored_post_desc":""},"jnews_primary_category":{"id":"9"},"footnotes":""},"categories":[9],"tags":[8,311,79],"class_list":["post-26930","post","type-post","status-publish","format-standard","has-post-thumbnail","hentry","category-news","tag-iphone","tag-iphone-2021","tag-teardown"],"yoast_head":"<!-- This site is optimized with the Yoast SEO Premium plugin v27.5 (Yoast SEO v27.5) - https:\/\/yoast.com\/product\/yoast-seo-premium-wordpress\/ -->\n<title>iPhone 13 Pro Teardown: iFixit enth\u00fcllt Face ID \u00c4nderungen &amp; mehr<\/title>\n<meta name=\"description\" content=\"Weitere Details: Die Reparaturexperten von iFixit sind der neuen iPhone 13 Reihe bereits am Freitag an die Platinen gegangen.\" \/>\n<meta name=\"robots\" content=\"index, follow, max-snippet:-1, max-image-preview:large, max-video-preview:-1\" \/>\n<link rel=\"canonical\" href=\"https:\/\/www.apfelpatient.de\/en\/news\/iphone-13-pro-teardown-ifixit-reveals-face-id-changes-more\" \/>\n<meta property=\"og:locale\" content=\"en_US\" \/>\n<meta property=\"og:type\" content=\"article\" \/>\n<meta property=\"og:title\" content=\"iPhone 13 Pro Teardown: iFixit enth\u00fcllt Face ID \u00c4nderungen &amp; mehr\" \/>\n<meta property=\"og:description\" content=\"Weitere Details: Die Reparaturexperten von iFixit sind der neuen iPhone 13 Reihe bereits am Freitag an die Platinen gegangen.\" \/>\n<meta property=\"og:url\" content=\"https:\/\/www.apfelpatient.de\/en\/news\/iphone-13-pro-teardown-ifixit-reveals-face-id-changes-more\" \/>\n<meta property=\"og:site_name\" content=\"Apfelpatient\" \/>\n<meta property=\"article:publisher\" content=\"https:\/\/www.facebook.com\/apfelpatientOfficial\" \/>\n<meta property=\"article:author\" content=\"https:\/\/www.facebook.com\/apfelpatientOfficial\" \/>\n<meta property=\"article:published_time\" content=\"2021-09-27T18:00:00+00:00\" \/>\n<meta property=\"article:modified_time\" content=\"2021-09-27T20:17:08+00:00\" \/>\n<meta property=\"og:image\" content=\"https:\/\/www.apfelpatient.de\/wp-content\/uploads\/2021\/09\/Apple_iPhone-13-Pro_New-Camera-System_09142021.jpg\" \/>\n\t<meta property=\"og:image:width\" content=\"1600\" \/>\n\t<meta property=\"og:image:height\" content=\"900\" \/>\n\t<meta property=\"og:image:type\" content=\"image\/jpeg\" \/>\n<meta name=\"author\" content=\"Milan\" \/>\n<meta name=\"twitter:card\" content=\"summary_large_image\" \/>\n<meta name=\"twitter:description\" content=\"Weitere Details: Die Reparaturexperten von iFixit sind der neuen iPhone 13 Reihe bereits am Freitag an die Platinen gegangen.\" \/>\n<meta name=\"twitter:label1\" content=\"Written by\" \/>\n\t<meta name=\"twitter:data1\" content=\"Milan\" \/>\n\t<meta name=\"twitter:label2\" content=\"Est. reading time\" \/>\n\t<meta name=\"twitter:data2\" content=\"3 minutes\" \/>\n<script type=\"application\/ld+json\" class=\"yoast-schema-graph\">{\"@context\":\"https:\\\/\\\/schema.org\",\"@graph\":[{\"@type\":\"NewsArticle\",\"@id\":\"https:\\\/\\\/www.apfelpatient.de\\\/news\\\/iphone-13-pro-teardown-ifixit-enthuellt-face-id-aenderungen-mehr#article\",\"isPartOf\":{\"@id\":\"https:\\\/\\\/www.apfelpatient.de\\\/news\\\/iphone-13-pro-teardown-ifixit-enthuellt-face-id-aenderungen-mehr\"},\"author\":{\"@type\":\"Organization\",\"@id\":\"https:\\\/\\\/www.apfelpatient.de\\\/en\\\/#organization\",\"name\":\"Apfelpatient\",\"url\":\"https:\\\/\\\/www.apfelpatient.de\\\/en\\\/\"},\"headline\":\"iPhone 13 Pro Teardown: iFixit enth\u00fcllt Face ID \u00c4nderungen &#038; mehr\",\"datePublished\":\"2021-09-27T18:00:00+00:00\",\"dateModified\":\"2021-09-27T20:17:08+00:00\",\"mainEntityOfPage\":{\"@id\":\"https:\\\/\\\/www.apfelpatient.de\\\/news\\\/iphone-13-pro-teardown-ifixit-enthuellt-face-id-aenderungen-mehr\"},\"wordCount\":395,\"publisher\":{\"@type\":\"Organization\",\"@id\":\"https:\\\/\\\/www.apfelpatient.de\\\/en\\\/#organization\",\"name\":\"Apfelpatient\",\"url\":\"https:\\\/\\\/www.apfelpatient.de\\\/en\\\/\"},\"image\":{\"@id\":\"https:\\\/\\\/www.apfelpatient.de\\\/news\\\/iphone-13-pro-teardown-ifixit-enthuellt-face-id-aenderungen-mehr#primaryimage\"},\"thumbnailUrl\":\"https:\\\/\\\/www.apfelpatient.de\\\/wp-content\\\/uploads\\\/2021\\\/09\\\/Apple_iPhone-13-Pro_New-Camera-System_09142021.jpg\",\"keywords\":[\"iPhone\",\"iPhone 13\",\"Teardown\"],\"articleSection\":\"News\",\"inLanguage\":\"en-US\",\"copyrightYear\":\"2021\",\"copyrightHolder\":{\"@id\":\"https:\\\/\\\/www.apfelpatient.de\\\/en\\\/#organization\"}},{\"@type\":\"WebPage\",\"@id\":\"https:\\\/\\\/www.apfelpatient.de\\\/news\\\/iphone-13-pro-teardown-ifixit-enthuellt-face-id-aenderungen-mehr\",\"url\":\"https:\\\/\\\/www.apfelpatient.de\\\/news\\\/iphone-13-pro-teardown-ifixit-enthuellt-face-id-aenderungen-mehr\",\"name\":\"iPhone 13 Pro Teardown: iFixit enth\u00fcllt Face ID \u00c4nderungen & mehr\",\"isPartOf\":{\"@id\":\"https:\\\/\\\/www.apfelpatient.de\\\/#website\"},\"primaryImageOfPage\":{\"@id\":\"https:\\\/\\\/www.apfelpatient.de\\\/news\\\/iphone-13-pro-teardown-ifixit-enthuellt-face-id-aenderungen-mehr#primaryimage\"},\"image\":{\"@id\":\"https:\\\/\\\/www.apfelpatient.de\\\/news\\\/iphone-13-pro-teardown-ifixit-enthuellt-face-id-aenderungen-mehr#primaryimage\"},\"thumbnailUrl\":\"https:\\\/\\\/www.apfelpatient.de\\\/wp-content\\\/uploads\\\/2021\\\/09\\\/Apple_iPhone-13-Pro_New-Camera-System_09142021.jpg\",\"datePublished\":\"2021-09-27T18:00:00+00:00\",\"dateModified\":\"2021-09-27T20:17:08+00:00\",\"description\":\"Weitere Details: Die Reparaturexperten von iFixit sind der neuen iPhone 13 Reihe bereits am Freitag an die Platinen gegangen.\",\"breadcrumb\":{\"@id\":\"https:\\\/\\\/www.apfelpatient.de\\\/news\\\/iphone-13-pro-teardown-ifixit-enthuellt-face-id-aenderungen-mehr#breadcrumb\"},\"inLanguage\":\"en-US\",\"potentialAction\":[{\"@type\":\"ReadAction\",\"target\":[\"https:\\\/\\\/www.apfelpatient.de\\\/news\\\/iphone-13-pro-teardown-ifixit-enthuellt-face-id-aenderungen-mehr\"]}]},{\"@type\":\"ImageObject\",\"inLanguage\":\"en-US\",\"@id\":\"https:\\\/\\\/www.apfelpatient.de\\\/news\\\/iphone-13-pro-teardown-ifixit-enthuellt-face-id-aenderungen-mehr#primaryimage\",\"url\":\"https:\\\/\\\/www.apfelpatient.de\\\/wp-content\\\/uploads\\\/2021\\\/09\\\/Apple_iPhone-13-Pro_New-Camera-System_09142021.jpg\",\"contentUrl\":\"https:\\\/\\\/www.apfelpatient.de\\\/wp-content\\\/uploads\\\/2021\\\/09\\\/Apple_iPhone-13-Pro_New-Camera-System_09142021.jpg\",\"width\":1600,\"height\":900,\"caption\":\"Bild: Apple - iPhone 13 Pro\"},{\"@type\":\"BreadcrumbList\",\"@id\":\"https:\\\/\\\/www.apfelpatient.de\\\/news\\\/iphone-13-pro-teardown-ifixit-enthuellt-face-id-aenderungen-mehr#breadcrumb\",\"itemListElement\":[{\"@type\":\"ListItem\",\"position\":1,\"name\":\"Startseite\",\"item\":\"https:\\\/\\\/www.apfelpatient.de\\\/\"},{\"@type\":\"ListItem\",\"position\":2,\"name\":\"iPhone 13 Pro Teardown: iFixit enth\u00fcllt Face ID \u00c4nderungen &#038; mehr\"}]},{\"@type\":\"WebSite\",\"@id\":\"https:\\\/\\\/www.apfelpatient.de\\\/#website\",\"url\":\"https:\\\/\\\/www.apfelpatient.de\\\/\",\"name\":\"Apfelpatient\",\"description\":\"Alles rund um Apple!\",\"publisher\":{\"@type\":\"Organization\",\"@id\":\"https:\\\/\\\/www.apfelpatient.de\\\/en\\\/#organization\",\"name\":\"Apfelpatient\",\"url\":\"https:\\\/\\\/www.apfelpatient.de\\\/en\\\/\"},\"alternateName\":\"Apfelpatient\",\"potentialAction\":[{\"@type\":\"SearchAction\",\"target\":{\"@type\":\"EntryPoint\",\"urlTemplate\":\"https:\\\/\\\/www.apfelpatient.de\\\/?s={search_term_string}\"},\"query-input\":{\"@type\":\"PropertyValueSpecification\",\"valueRequired\":true,\"valueName\":\"search_term_string\"}}],\"inLanguage\":\"en-US\"},{\"@type\":[\"Person\",\"Organization\"],\"@id\":\"https:\\\/\\\/www.apfelpatient.de\\\/#\\\/schema\\\/person\\\/35b3ddba5832f2bfc7fff5206d4f6b7b\",\"name\":\"Milan\",\"logo\":{\"@id\":\"https:\\\/\\\/www.apfelpatient.de\\\/#\\\/schema\\\/person\\\/image\\\/\"},\"description\":\"Hallo und herzlich willkommen auf meinem Technik-Blog! Als gro\u00dfer Apple-Fan berichte ich hier \u00fcber alles, was mit Apple zu tun hat: von den neuesten News und spannenden Ger\u00fcchten \u00fcber hilfreiche Tipps und Tricks bis hin zu ausf\u00fchrlichen Produkttests. Wenn du genauso technikbegeistert bist wie ich, bist du hier genau richtig!\",\"sameAs\":[\"https:\\\/\\\/www.facebook.com\\\/apfelpatientOfficial\",\"https:\\\/\\\/www.linkedin.com\\\/in\\\/milan-jovicic-42aa0231b\"],\"url\":\"https:\\\/\\\/www.apfelpatient.de\\\/en\\\/author\\\/apfeladmin\"}]}<\/script>\n<!-- \/ Yoast SEO Premium plugin. -->","yoast_head_json":{"title":"iPhone 13 Pro Teardown: iFixit reveals Face ID changes &amp; more","description":"Further details: The repair experts at iFixit already started working on the circuit boards of the new iPhone 13 series on Friday.","robots":{"index":"index","follow":"follow","max-snippet":"max-snippet:-1","max-image-preview":"max-image-preview:large","max-video-preview":"max-video-preview:-1"},"canonical":"https:\/\/www.apfelpatient.de\/en\/news\/iphone-13-pro-teardown-ifixit-reveals-face-id-changes-more","og_locale":"en_US","og_type":"article","og_title":"iPhone 13 Pro Teardown: iFixit enth\u00fcllt Face ID \u00c4nderungen & mehr","og_description":"Weitere Details: Die Reparaturexperten von iFixit sind der neuen iPhone 13 Reihe bereits am Freitag an die Platinen gegangen.","og_url":"https:\/\/www.apfelpatient.de\/en\/news\/iphone-13-pro-teardown-ifixit-reveals-face-id-changes-more","og_site_name":"Apfelpatient","article_publisher":"https:\/\/www.facebook.com\/apfelpatientOfficial","article_author":"https:\/\/www.facebook.com\/apfelpatientOfficial","article_published_time":"2021-09-27T18:00:00+00:00","article_modified_time":"2021-09-27T20:17:08+00:00","og_image":[{"width":1600,"height":900,"url":"https:\/\/www.apfelpatient.de\/wp-content\/uploads\/2021\/09\/Apple_iPhone-13-Pro_New-Camera-System_09142021.jpg","type":"image\/jpeg"}],"author":"Milan","twitter_card":"summary_large_image","twitter_description":"Weitere Details: Die Reparaturexperten von iFixit sind der neuen iPhone 13 Reihe bereits am Freitag an die Platinen gegangen.","twitter_misc":{"Written by":"Milan","Est. reading time":"3 minutes"},"schema":{"@context":"https:\/\/schema.org","@graph":[{"@type":"NewsArticle","@id":"https:\/\/www.apfelpatient.de\/news\/iphone-13-pro-teardown-ifixit-enthuellt-face-id-aenderungen-mehr#article","isPartOf":{"@id":"https:\/\/www.apfelpatient.de\/news\/iphone-13-pro-teardown-ifixit-enthuellt-face-id-aenderungen-mehr"},"author":{"@type":"Organization","@id":"https:\/\/www.apfelpatient.de\/en\/#organization","name":"Apfelpatient","url":"https:\/\/www.apfelpatient.de\/en\/"},"headline":"iPhone 13 Pro Teardown: iFixit enth\u00fcllt Face ID \u00c4nderungen &#038; mehr","datePublished":"2021-09-27T18:00:00+00:00","dateModified":"2021-09-27T20:17:08+00:00","mainEntityOfPage":{"@id":"https:\/\/www.apfelpatient.de\/news\/iphone-13-pro-teardown-ifixit-enthuellt-face-id-aenderungen-mehr"},"wordCount":395,"publisher":{"@type":"Organization","@id":"https:\/\/www.apfelpatient.de\/en\/#organization","name":"Apfelpatient","url":"https:\/\/www.apfelpatient.de\/en\/"},"image":{"@id":"https:\/\/www.apfelpatient.de\/news\/iphone-13-pro-teardown-ifixit-enthuellt-face-id-aenderungen-mehr#primaryimage"},"thumbnailUrl":"https:\/\/www.apfelpatient.de\/wp-content\/uploads\/2021\/09\/Apple_iPhone-13-Pro_New-Camera-System_09142021.jpg","keywords":["iPhone","iPhone 13","Teardown"],"articleSection":"News","inLanguage":"en-US","copyrightYear":"2021","copyrightHolder":{"@id":"https:\/\/www.apfelpatient.de\/en\/#organization"}},{"@type":"WebPage","@id":"https:\/\/www.apfelpatient.de\/news\/iphone-13-pro-teardown-ifixit-enthuellt-face-id-aenderungen-mehr","url":"https:\/\/www.apfelpatient.de\/news\/iphone-13-pro-teardown-ifixit-enthuellt-face-id-aenderungen-mehr","name":"iPhone 13 Pro Teardown: iFixit reveals Face ID changes &amp; more","isPartOf":{"@id":"https:\/\/www.apfelpatient.de\/#website"},"primaryImageOfPage":{"@id":"https:\/\/www.apfelpatient.de\/news\/iphone-13-pro-teardown-ifixit-enthuellt-face-id-aenderungen-mehr#primaryimage"},"image":{"@id":"https:\/\/www.apfelpatient.de\/news\/iphone-13-pro-teardown-ifixit-enthuellt-face-id-aenderungen-mehr#primaryimage"},"thumbnailUrl":"https:\/\/www.apfelpatient.de\/wp-content\/uploads\/2021\/09\/Apple_iPhone-13-Pro_New-Camera-System_09142021.jpg","datePublished":"2021-09-27T18:00:00+00:00","dateModified":"2021-09-27T20:17:08+00:00","description":"Further details: The repair experts at iFixit already started working on the circuit boards of the new iPhone 13 series on Friday.","breadcrumb":{"@id":"https:\/\/www.apfelpatient.de\/news\/iphone-13-pro-teardown-ifixit-enthuellt-face-id-aenderungen-mehr#breadcrumb"},"inLanguage":"en-US","potentialAction":[{"@type":"ReadAction","target":["https:\/\/www.apfelpatient.de\/news\/iphone-13-pro-teardown-ifixit-enthuellt-face-id-aenderungen-mehr"]}]},{"@type":"ImageObject","inLanguage":"en-US","@id":"https:\/\/www.apfelpatient.de\/news\/iphone-13-pro-teardown-ifixit-enthuellt-face-id-aenderungen-mehr#primaryimage","url":"https:\/\/www.apfelpatient.de\/wp-content\/uploads\/2021\/09\/Apple_iPhone-13-Pro_New-Camera-System_09142021.jpg","contentUrl":"https:\/\/www.apfelpatient.de\/wp-content\/uploads\/2021\/09\/Apple_iPhone-13-Pro_New-Camera-System_09142021.jpg","width":1600,"height":900,"caption":"Bild: Apple - iPhone 13 Pro"},{"@type":"BreadcrumbList","@id":"https:\/\/www.apfelpatient.de\/news\/iphone-13-pro-teardown-ifixit-enthuellt-face-id-aenderungen-mehr#breadcrumb","itemListElement":[{"@type":"ListItem","position":1,"name":"Startseite","item":"https:\/\/www.apfelpatient.de\/"},{"@type":"ListItem","position":2,"name":"iPhone 13 Pro Teardown: iFixit enth\u00fcllt Face ID \u00c4nderungen &#038; mehr"}]},{"@type":"WebSite","@id":"https:\/\/www.apfelpatient.de\/#website","url":"https:\/\/www.apfelpatient.de\/","name":"apple patient","description":"Everything about Apple!","publisher":{"@type":"Organization","@id":"https:\/\/www.apfelpatient.de\/en\/#organization","name":"Apfelpatient","url":"https:\/\/www.apfelpatient.de\/en\/"},"alternateName":"Apfelpatient","potentialAction":[{"@type":"SearchAction","target":{"@type":"EntryPoint","urlTemplate":"https:\/\/www.apfelpatient.de\/?s={search_term_string}"},"query-input":{"@type":"PropertyValueSpecification","valueRequired":true,"valueName":"search_term_string"}}],"inLanguage":"en-US"},{"@type":["Person","Organization"],"@id":"https:\/\/www.apfelpatient.de\/#\/schema\/person\/35b3ddba5832f2bfc7fff5206d4f6b7b","name":"Milan","logo":{"@id":"https:\/\/www.apfelpatient.de\/#\/schema\/person\/image\/"},"description":"Hello and welcome to my technology blog! As a big Apple fan, I report on everything to do with Apple: from the latest news and exciting rumors to helpful tips and tricks and detailed product tests. If you are as enthusiastic about technology as I am, you have come to the right place!","sameAs":["https:\/\/www.facebook.com\/apfelpatientOfficial","https:\/\/www.linkedin.com\/in\/milan-jovicic-42aa0231b"],"url":"https:\/\/www.apfelpatient.de\/en\/author\/apfeladmin"}]}},"_links":{"self":[{"href":"https:\/\/www.apfelpatient.de\/en\/wp-json\/wp\/v2\/posts\/26930","targetHints":{"allow":["GET"]}}],"collection":[{"href":"https:\/\/www.apfelpatient.de\/en\/wp-json\/wp\/v2\/posts"}],"about":[{"href":"https:\/\/www.apfelpatient.de\/en\/wp-json\/wp\/v2\/types\/post"}],"author":[{"embeddable":true,"href":"https:\/\/www.apfelpatient.de\/en\/wp-json\/wp\/v2\/users\/2"}],"replies":[{"embeddable":true,"href":"https:\/\/www.apfelpatient.de\/en\/wp-json\/wp\/v2\/comments?post=26930"}],"version-history":[{"count":0,"href":"https:\/\/www.apfelpatient.de\/en\/wp-json\/wp\/v2\/posts\/26930\/revisions"}],"wp:featuredmedia":[{"embeddable":true,"href":"https:\/\/www.apfelpatient.de\/en\/wp-json\/wp\/v2\/media\/26351"}],"wp:attachment":[{"href":"https:\/\/www.apfelpatient.de\/en\/wp-json\/wp\/v2\/media?parent=26930"}],"wp:term":[{"taxonomy":"category","embeddable":true,"href":"https:\/\/www.apfelpatient.de\/en\/wp-json\/wp\/v2\/categories?post=26930"},{"taxonomy":"post_tag","embeddable":true,"href":"https:\/\/www.apfelpatient.de\/en\/wp-json\/wp\/v2\/tags?post=26930"}],"curies":[{"name":"wp","href":"https:\/\/api.w.org\/{rel}","templated":true}]}}