{"id":2685,"date":"2018-11-23T17:10:16","date_gmt":"2018-11-23T16:10:16","guid":{"rendered":"https:\/\/www.apfelpatient.de\/?p=2685"},"modified":"2018-11-23T17:10:16","modified_gmt":"2018-11-23T16:10:16","slug":"apple-opens-shop-on-amazon","status":"publish","type":"post","link":"https:\/\/www.apfelpatient.de\/en\/news\/apple-eroeffnet-shop-auf-amazon","title":{"rendered":"Apple opens shop on Amazon"},"content":{"rendered":"<p><strong>The news was a sensation. Apple and Amazon recently concluded a new deal. The iGroup will become an official Amazon seller - now it&#039;s starting.<span class=\"Apple-converted-space\">\u00a0<\/span><\/strong><\/p>\n\n<p>Apple will soon offer a wide range of products on Amazon.<span class=\"Apple-converted-space\">\u00a0 <\/span>The deal between the two giants applies to the USA, Great Britain, Germany, Italy, France, Spain, India and Japan.<span class=\"Apple-converted-space\">\u00a0<\/span><\/p>\n<p><strong>Apple Shop<\/strong><\/p>\n<p>The iGroup has, among other things, the latest devices from 2018 and some selected products from the Beats family in its range - the recently released iPad Pro is also included. Since the Homepod competes with Amazon&#039;s Echo, the smart speaker is of course excluded. In terms of price, the products remain at the same level as at Apple retailers. They can often be up to 101% cheaper than in the Apple Online Store.<\/p>\n\n<p>Furthermore, the Apple Store on Amazon does not allow product configurations.<span class=\"Apple-converted-space\">\u00a0<\/span><\/p>\n<p><strong>Smaller retailers suffer<\/strong><\/p>\n<p>This new development is not something everyone is happy about. Smaller sellers will suffer as a result. As of January 4, 2019, they will no longer be allowed to sell used or refurbished Apple products on Amazon without permission. In order to obtain permission to sell such products, the dealers in question must be officially certified by Apple.<\/p>","protected":false},"excerpt":{"rendered":"<p>Die Nachricht war eine Sensation. Vor Kurzem haben Apple und Amazon einen neuen Deal abgeschlossen. Der iKonzern wird ein offizieller Amazon-Verk\u00e4ufer &#8211; nun geht es los.\u00a0 Apple bietet zuk\u00fcnftig eine breite Produktpalette auf Amazon an.\u00a0 Der Deal zwischen den beiden Giganten gilt f\u00fcr die USA, Gro\u00dfbritannien, Deutschland, Italien, Frankreich, Spanien, Indien und Japan.\u00a0 Apple Shop [&hellip;]<\/p>\n","protected":false},"author":2,"featured_media":2686,"comment_status":"open","ping_status":"open","sticky":false,"template":"","format":"standard","meta":{"jnews-multi-image_gallery":[],"jnews_single_post":{"subtitle":"","format":"standard"},"jnews_primary_category":[],"footnotes":""},"categories":[9],"tags":[146,18,8],"class_list":["post-2685","post","type-post","status-publish","format-standard","has-post-thumbnail","hentry","category-news","tag-amazon","tag-ipad","tag-iphone"],"yoast_head":"<!-- This site is optimized with the Yoast SEO Premium plugin v27.5 (Yoast SEO v27.5) - https:\/\/yoast.com\/product\/yoast-seo-premium-wordpress\/ -->\n<title>Apple er\u00f6ffnet Shop auf Amazon Apfelpatient<\/title>\n<meta name=\"description\" content=\"Die Nachricht war eine Sensation. Vor Kurzem haben Apple und Amazon einen neuen Deal abgeschlossen. Der iKonzern wird ein offizieller Amazon-Verk\u00e4ufer -\" \/>\n<meta name=\"robots\" content=\"index, follow, max-snippet:-1, max-image-preview:large, max-video-preview:-1\" \/>\n<link rel=\"canonical\" href=\"https:\/\/www.apfelpatient.de\/en\/news\/apple-opens-shop-on-amazon\" \/>\n<meta property=\"og:locale\" content=\"en_US\" \/>\n<meta property=\"og:type\" content=\"article\" \/>\n<meta property=\"og:title\" content=\"Apple er\u00f6ffnet Shop auf Amazon\" \/>\n<meta property=\"og:description\" content=\"Die Nachricht war eine Sensation. Vor Kurzem haben Apple und Amazon einen neuen Deal abgeschlossen. Der iKonzern wird ein offizieller Amazon-Verk\u00e4ufer -\" \/>\n<meta property=\"og:url\" content=\"https:\/\/www.apfelpatient.de\/en\/news\/apple-opens-shop-on-amazon\" \/>\n<meta property=\"og:site_name\" content=\"Apfelpatient\" \/>\n<meta property=\"article:publisher\" content=\"https:\/\/www.facebook.com\/apfelpatientOfficial\" \/>\n<meta property=\"article:author\" content=\"https:\/\/www.facebook.com\/apfelpatientOfficial\" \/>\n<meta property=\"article:published_time\" content=\"2018-11-23T16:10:16+00:00\" \/>\n<meta property=\"og:image\" content=\"https:\/\/www.apfelpatient.de\/wp-content\/uploads\/2018\/11\/Bildschirmfoto-2018-11-23-um-17.08.15.png\" \/>\n\t<meta property=\"og:image:width\" content=\"2090\" \/>\n\t<meta property=\"og:image:height\" content=\"774\" \/>\n\t<meta property=\"og:image:type\" content=\"image\/png\" \/>\n<meta name=\"author\" content=\"Milan\" \/>\n<meta name=\"twitter:card\" content=\"summary_large_image\" \/>\n<meta name=\"twitter:label1\" content=\"Written by\" \/>\n\t<meta name=\"twitter:data1\" content=\"Milan\" \/>\n\t<meta name=\"twitter:label2\" content=\"Est. reading time\" \/>\n\t<meta name=\"twitter:data2\" content=\"1 minute\" \/>\n<script type=\"application\/ld+json\" class=\"yoast-schema-graph\">{\"@context\":\"https:\\\/\\\/schema.org\",\"@graph\":[{\"@type\":\"NewsArticle\",\"@id\":\"https:\\\/\\\/www.apfelpatient.de\\\/news\\\/apple-eroeffnet-shop-auf-amazon#article\",\"isPartOf\":{\"@id\":\"https:\\\/\\\/www.apfelpatient.de\\\/news\\\/apple-eroeffnet-shop-auf-amazon\"},\"author\":{\"@type\":\"Organization\",\"@id\":\"https:\\\/\\\/www.apfelpatient.de\\\/en\\\/#organization\",\"name\":\"Apfelpatient\",\"url\":\"https:\\\/\\\/www.apfelpatient.de\\\/en\\\/\"},\"headline\":\"Apple er\u00f6ffnet Shop auf Amazon\",\"datePublished\":\"2018-11-23T16:10:16+00:00\",\"mainEntityOfPage\":{\"@id\":\"https:\\\/\\\/www.apfelpatient.de\\\/news\\\/apple-eroeffnet-shop-auf-amazon\"},\"wordCount\":209,\"commentCount\":0,\"publisher\":{\"@type\":\"Organization\",\"@id\":\"https:\\\/\\\/www.apfelpatient.de\\\/en\\\/#organization\",\"name\":\"Apfelpatient\",\"url\":\"https:\\\/\\\/www.apfelpatient.de\\\/en\\\/\"},\"image\":{\"@id\":\"https:\\\/\\\/www.apfelpatient.de\\\/news\\\/apple-eroeffnet-shop-auf-amazon#primaryimage\"},\"thumbnailUrl\":\"https:\\\/\\\/www.apfelpatient.de\\\/wp-content\\\/uploads\\\/2018\\\/11\\\/Bildschirmfoto-2018-11-23-um-17.08.15.png\",\"keywords\":[\"Amazon\",\"iPad\",\"iPhone\"],\"articleSection\":\"News\",\"inLanguage\":\"en-US\",\"potentialAction\":[{\"@type\":\"CommentAction\",\"name\":\"Comment\",\"target\":[\"https:\\\/\\\/www.apfelpatient.de\\\/news\\\/apple-eroeffnet-shop-auf-amazon#respond\"]}],\"copyrightYear\":\"2018\",\"copyrightHolder\":{\"@id\":\"https:\\\/\\\/www.apfelpatient.de\\\/en\\\/#organization\"}},{\"@type\":\"WebPage\",\"@id\":\"https:\\\/\\\/www.apfelpatient.de\\\/news\\\/apple-eroeffnet-shop-auf-amazon\",\"url\":\"https:\\\/\\\/www.apfelpatient.de\\\/news\\\/apple-eroeffnet-shop-auf-amazon\",\"name\":\"Apple er\u00f6ffnet Shop auf Amazon Apfelpatient\",\"isPartOf\":{\"@id\":\"https:\\\/\\\/www.apfelpatient.de\\\/#website\"},\"primaryImageOfPage\":{\"@id\":\"https:\\\/\\\/www.apfelpatient.de\\\/news\\\/apple-eroeffnet-shop-auf-amazon#primaryimage\"},\"image\":{\"@id\":\"https:\\\/\\\/www.apfelpatient.de\\\/news\\\/apple-eroeffnet-shop-auf-amazon#primaryimage\"},\"thumbnailUrl\":\"https:\\\/\\\/www.apfelpatient.de\\\/wp-content\\\/uploads\\\/2018\\\/11\\\/Bildschirmfoto-2018-11-23-um-17.08.15.png\",\"datePublished\":\"2018-11-23T16:10:16+00:00\",\"description\":\"Die Nachricht war eine Sensation. Vor Kurzem haben Apple und Amazon einen neuen Deal abgeschlossen. Der iKonzern wird ein offizieller Amazon-Verk\u00e4ufer -\",\"breadcrumb\":{\"@id\":\"https:\\\/\\\/www.apfelpatient.de\\\/news\\\/apple-eroeffnet-shop-auf-amazon#breadcrumb\"},\"inLanguage\":\"en-US\",\"potentialAction\":[{\"@type\":\"ReadAction\",\"target\":[\"https:\\\/\\\/www.apfelpatient.de\\\/news\\\/apple-eroeffnet-shop-auf-amazon\"]}]},{\"@type\":\"ImageObject\",\"inLanguage\":\"en-US\",\"@id\":\"https:\\\/\\\/www.apfelpatient.de\\\/news\\\/apple-eroeffnet-shop-auf-amazon#primaryimage\",\"url\":\"https:\\\/\\\/www.apfelpatient.de\\\/wp-content\\\/uploads\\\/2018\\\/11\\\/Bildschirmfoto-2018-11-23-um-17.08.15.png\",\"contentUrl\":\"https:\\\/\\\/www.apfelpatient.de\\\/wp-content\\\/uploads\\\/2018\\\/11\\\/Bildschirmfoto-2018-11-23-um-17.08.15.png\",\"width\":2090,\"height\":774,\"caption\":\"Bild: amazon.de\"},{\"@type\":\"BreadcrumbList\",\"@id\":\"https:\\\/\\\/www.apfelpatient.de\\\/news\\\/apple-eroeffnet-shop-auf-amazon#breadcrumb\",\"itemListElement\":[{\"@type\":\"ListItem\",\"position\":1,\"name\":\"Startseite\",\"item\":\"https:\\\/\\\/www.apfelpatient.de\\\/\"},{\"@type\":\"ListItem\",\"position\":2,\"name\":\"Apple er\u00f6ffnet Shop auf Amazon\"}]},{\"@type\":\"WebSite\",\"@id\":\"https:\\\/\\\/www.apfelpatient.de\\\/#website\",\"url\":\"https:\\\/\\\/www.apfelpatient.de\\\/\",\"name\":\"Apfelpatient\",\"description\":\"Alles rund um Apple!\",\"publisher\":{\"@type\":\"Organization\",\"@id\":\"https:\\\/\\\/www.apfelpatient.de\\\/en\\\/#organization\",\"name\":\"Apfelpatient\",\"url\":\"https:\\\/\\\/www.apfelpatient.de\\\/en\\\/\"},\"alternateName\":\"Apfelpatient\",\"potentialAction\":[{\"@type\":\"SearchAction\",\"target\":{\"@type\":\"EntryPoint\",\"urlTemplate\":\"https:\\\/\\\/www.apfelpatient.de\\\/?s={search_term_string}\"},\"query-input\":{\"@type\":\"PropertyValueSpecification\",\"valueRequired\":true,\"valueName\":\"search_term_string\"}}],\"inLanguage\":\"en-US\"},{\"@type\":[\"Person\",\"Organization\"],\"@id\":\"https:\\\/\\\/www.apfelpatient.de\\\/#\\\/schema\\\/person\\\/7dc56ad6c8e9824b76d2c08d4c140e13\",\"name\":\"Milan\",\"logo\":{\"@id\":\"https:\\\/\\\/www.apfelpatient.de\\\/#\\\/schema\\\/person\\\/image\\\/\"},\"description\":\"Hallo und herzlich willkommen auf meinem Technik-Blog! Als gro\u00dfer Apple-Fan berichte ich hier \u00fcber alles, was mit Apple zu tun hat: von den neuesten News und spannenden Ger\u00fcchten \u00fcber hilfreiche Tipps und Tricks bis hin zu ausf\u00fchrlichen Produkttests. Wenn du genauso technikbegeistert bist wie ich, bist du hier genau richtig!\",\"sameAs\":[\"https:\\\/\\\/www.facebook.com\\\/apfelpatientOfficial\",\"https:\\\/\\\/www.linkedin.com\\\/in\\\/milan-jovicic-42aa0231b\"],\"url\":\"https:\\\/\\\/www.apfelpatient.de\\\/en\\\/author\\\/apfeladmin\"}]}<\/script>\n<!-- \/ Yoast SEO Premium plugin. -->","yoast_head_json":{"title":"Apple opens shop on Amazon Apfelpatient","description":"The news was a sensation. Apple and Amazon recently concluded a new deal. The iGroup will become an official Amazon seller -","robots":{"index":"index","follow":"follow","max-snippet":"max-snippet:-1","max-image-preview":"max-image-preview:large","max-video-preview":"max-video-preview:-1"},"canonical":"https:\/\/www.apfelpatient.de\/en\/news\/apple-opens-shop-on-amazon","og_locale":"en_US","og_type":"article","og_title":"Apple er\u00f6ffnet Shop auf Amazon","og_description":"Die Nachricht war eine Sensation. Vor Kurzem haben Apple und Amazon einen neuen Deal abgeschlossen. Der iKonzern wird ein offizieller Amazon-Verk\u00e4ufer -","og_url":"https:\/\/www.apfelpatient.de\/en\/news\/apple-opens-shop-on-amazon","og_site_name":"Apfelpatient","article_publisher":"https:\/\/www.facebook.com\/apfelpatientOfficial","article_author":"https:\/\/www.facebook.com\/apfelpatientOfficial","article_published_time":"2018-11-23T16:10:16+00:00","og_image":[{"width":2090,"height":774,"url":"https:\/\/www.apfelpatient.de\/wp-content\/uploads\/2018\/11\/Bildschirmfoto-2018-11-23-um-17.08.15.png","type":"image\/png"}],"author":"Milan","twitter_card":"summary_large_image","twitter_misc":{"Written by":"Milan","Est. reading time":"1 minute"},"schema":{"@context":"https:\/\/schema.org","@graph":[{"@type":"NewsArticle","@id":"https:\/\/www.apfelpatient.de\/news\/apple-eroeffnet-shop-auf-amazon#article","isPartOf":{"@id":"https:\/\/www.apfelpatient.de\/news\/apple-eroeffnet-shop-auf-amazon"},"author":{"@type":"Organization","@id":"https:\/\/www.apfelpatient.de\/en\/#organization","name":"Apfelpatient","url":"https:\/\/www.apfelpatient.de\/en\/"},"headline":"Apple er\u00f6ffnet Shop auf Amazon","datePublished":"2018-11-23T16:10:16+00:00","mainEntityOfPage":{"@id":"https:\/\/www.apfelpatient.de\/news\/apple-eroeffnet-shop-auf-amazon"},"wordCount":209,"commentCount":0,"publisher":{"@type":"Organization","@id":"https:\/\/www.apfelpatient.de\/en\/#organization","name":"Apfelpatient","url":"https:\/\/www.apfelpatient.de\/en\/"},"image":{"@id":"https:\/\/www.apfelpatient.de\/news\/apple-eroeffnet-shop-auf-amazon#primaryimage"},"thumbnailUrl":"https:\/\/www.apfelpatient.de\/wp-content\/uploads\/2018\/11\/Bildschirmfoto-2018-11-23-um-17.08.15.png","keywords":["Amazon","iPad","iPhone"],"articleSection":"News","inLanguage":"en-US","potentialAction":[{"@type":"CommentAction","name":"Comment","target":["https:\/\/www.apfelpatient.de\/news\/apple-eroeffnet-shop-auf-amazon#respond"]}],"copyrightYear":"2018","copyrightHolder":{"@id":"https:\/\/www.apfelpatient.de\/en\/#organization"}},{"@type":"WebPage","@id":"https:\/\/www.apfelpatient.de\/news\/apple-eroeffnet-shop-auf-amazon","url":"https:\/\/www.apfelpatient.de\/news\/apple-eroeffnet-shop-auf-amazon","name":"Apple opens shop on Amazon Apfelpatient","isPartOf":{"@id":"https:\/\/www.apfelpatient.de\/#website"},"primaryImageOfPage":{"@id":"https:\/\/www.apfelpatient.de\/news\/apple-eroeffnet-shop-auf-amazon#primaryimage"},"image":{"@id":"https:\/\/www.apfelpatient.de\/news\/apple-eroeffnet-shop-auf-amazon#primaryimage"},"thumbnailUrl":"https:\/\/www.apfelpatient.de\/wp-content\/uploads\/2018\/11\/Bildschirmfoto-2018-11-23-um-17.08.15.png","datePublished":"2018-11-23T16:10:16+00:00","description":"The news was a sensation. Apple and Amazon recently concluded a new deal. The iGroup will become an official Amazon seller -","breadcrumb":{"@id":"https:\/\/www.apfelpatient.de\/news\/apple-eroeffnet-shop-auf-amazon#breadcrumb"},"inLanguage":"en-US","potentialAction":[{"@type":"ReadAction","target":["https:\/\/www.apfelpatient.de\/news\/apple-eroeffnet-shop-auf-amazon"]}]},{"@type":"ImageObject","inLanguage":"en-US","@id":"https:\/\/www.apfelpatient.de\/news\/apple-eroeffnet-shop-auf-amazon#primaryimage","url":"https:\/\/www.apfelpatient.de\/wp-content\/uploads\/2018\/11\/Bildschirmfoto-2018-11-23-um-17.08.15.png","contentUrl":"https:\/\/www.apfelpatient.de\/wp-content\/uploads\/2018\/11\/Bildschirmfoto-2018-11-23-um-17.08.15.png","width":2090,"height":774,"caption":"Bild: amazon.de"},{"@type":"BreadcrumbList","@id":"https:\/\/www.apfelpatient.de\/news\/apple-eroeffnet-shop-auf-amazon#breadcrumb","itemListElement":[{"@type":"ListItem","position":1,"name":"Startseite","item":"https:\/\/www.apfelpatient.de\/"},{"@type":"ListItem","position":2,"name":"Apple er\u00f6ffnet Shop auf Amazon"}]},{"@type":"WebSite","@id":"https:\/\/www.apfelpatient.de\/#website","url":"https:\/\/www.apfelpatient.de\/","name":"apple patient","description":"Everything about Apple!","publisher":{"@type":"Organization","@id":"https:\/\/www.apfelpatient.de\/en\/#organization","name":"Apfelpatient","url":"https:\/\/www.apfelpatient.de\/en\/"},"alternateName":"Apfelpatient","potentialAction":[{"@type":"SearchAction","target":{"@type":"EntryPoint","urlTemplate":"https:\/\/www.apfelpatient.de\/?s={search_term_string}"},"query-input":{"@type":"PropertyValueSpecification","valueRequired":true,"valueName":"search_term_string"}}],"inLanguage":"en-US"},{"@type":["Person","Organization"],"@id":"https:\/\/www.apfelpatient.de\/#\/schema\/person\/7dc56ad6c8e9824b76d2c08d4c140e13","name":"Milan","logo":{"@id":"https:\/\/www.apfelpatient.de\/#\/schema\/person\/image\/"},"description":"Hello and welcome to my technology blog! As a big Apple fan, I report on everything to do with Apple: from the latest news and exciting rumors to helpful tips and tricks and detailed product tests. If you are as enthusiastic about technology as I am, you have come to the right place!","sameAs":["https:\/\/www.facebook.com\/apfelpatientOfficial","https:\/\/www.linkedin.com\/in\/milan-jovicic-42aa0231b"],"url":"https:\/\/www.apfelpatient.de\/en\/author\/apfeladmin"}]}},"_links":{"self":[{"href":"https:\/\/www.apfelpatient.de\/en\/wp-json\/wp\/v2\/posts\/2685","targetHints":{"allow":["GET"]}}],"collection":[{"href":"https:\/\/www.apfelpatient.de\/en\/wp-json\/wp\/v2\/posts"}],"about":[{"href":"https:\/\/www.apfelpatient.de\/en\/wp-json\/wp\/v2\/types\/post"}],"author":[{"embeddable":true,"href":"https:\/\/www.apfelpatient.de\/en\/wp-json\/wp\/v2\/users\/2"}],"replies":[{"embeddable":true,"href":"https:\/\/www.apfelpatient.de\/en\/wp-json\/wp\/v2\/comments?post=2685"}],"version-history":[{"count":0,"href":"https:\/\/www.apfelpatient.de\/en\/wp-json\/wp\/v2\/posts\/2685\/revisions"}],"wp:featuredmedia":[{"embeddable":true,"href":"https:\/\/www.apfelpatient.de\/en\/wp-json\/wp\/v2\/media\/2686"}],"wp:attachment":[{"href":"https:\/\/www.apfelpatient.de\/en\/wp-json\/wp\/v2\/media?parent=2685"}],"wp:term":[{"taxonomy":"category","embeddable":true,"href":"https:\/\/www.apfelpatient.de\/en\/wp-json\/wp\/v2\/categories?post=2685"},{"taxonomy":"post_tag","embeddable":true,"href":"https:\/\/www.apfelpatient.de\/en\/wp-json\/wp\/v2\/tags?post=2685"}],"curies":[{"name":"wp","href":"https:\/\/api.w.org\/{rel}","templated":true}]}}