{"id":26142,"date":"2021-09-10T21:50:00","date_gmt":"2021-09-10T19:50:00","guid":{"rendered":"https:\/\/www.apfelpatient.de\/?p=26142"},"modified":"2025-02-06T08:07:00","modified_gmt":"2025-02-06T07:07:00","slug":"imac-24-all-colors-will-soon-be-available-in-the-store","status":"publish","type":"post","link":"https:\/\/www.apfelpatient.de\/en\/rumors\/imac-24-sind-bald-alle-farben-im-store-erhaeltlich","title":{"rendered":"iMac 24\u2033: Will all colors be available in stores soon?"},"content":{"rendered":"<p class=\"has-drop-cap\"><strong>After Apple announced the brand new iMac 24\u2033 with M1 chip, the company stated that not all color variants would be available in the Apple Store. Now that is supposedly about to change.<\/strong><\/p>\n\n\n\n<p>Apple will host its &quot;California streaming&quot; event next week on Tuesday evening, and is expected to announce the iPhone 13, Apple Watch Series 7, and more. The launch of new Mac devices, however, is unlikely.<\/p>\n\n\n\n<h3 class=\"wp-block-heading\">iMac 24\u2033 is available in seven different colors<\/h3>\n\n\n\n\n\n\n\n<p>However, there may be a change in the Apple Store assortment, which <a href=\"https:\/\/twitter.com\/markgurman\/status\/1436404979250565120\" target=\"_blank\" rel=\"noreferrer noopener\">claimed<\/a> Bloomberg journalist Marc Gurman. Strictly speaking, the new iMac 24\u2033 will supposedly be available in all colors locally. As a reminder: The M1 iMac is available in seven colors <a href=\"https:\/\/www.apple.com\/de\/shop\/buy-mac\/imac\" target=\"_blank\" rel=\"noreferrer noopener\">available<\/a>, including green, yellow, orange, pink, purple, blue and silver. The orange, yellow and purple models are only available through the Apple Online Store. Gurman claims to have heard that this will change from next week. Whether he will be right once again remains to be seen.<\/p>\n\n\n\n<figure class=\"wp-block-image size-large\"><img decoding=\"async\" width=\"1024\" height=\"577\" src=\"https:\/\/www.apfelpatient.de\/wp-content\/uploads\/2021\/09\/apple_new-imac-spring21_hero_04202021-scaled-1-1024x577.jpg\" alt=\"iMac 24&quot; Colors\" class=\"wp-image-26141\" srcset=\"https:\/\/www.apfelpatient.de\/wp-content\/uploads\/2021\/09\/apple_new-imac-spring21_hero_04202021-scaled-1-1024x577.jpg 1024w, https:\/\/www.apfelpatient.de\/wp-content\/uploads\/2021\/09\/apple_new-imac-spring21_hero_04202021-scaled-1-300x169.jpg 300w, https:\/\/www.apfelpatient.de\/wp-content\/uploads\/2021\/09\/apple_new-imac-spring21_hero_04202021-scaled-1-768x432.jpg 768w, https:\/\/www.apfelpatient.de\/wp-content\/uploads\/2021\/09\/apple_new-imac-spring21_hero_04202021-scaled-1-1536x865.jpg 1536w, https:\/\/www.apfelpatient.de\/wp-content\/uploads\/2021\/09\/apple_new-imac-spring21_hero_04202021-scaled-1-750x422.jpg 750w, https:\/\/www.apfelpatient.de\/wp-content\/uploads\/2021\/09\/apple_new-imac-spring21_hero_04202021-scaled-1-1140x642.jpg 1140w, https:\/\/www.apfelpatient.de\/wp-content\/uploads\/2021\/09\/apple_new-imac-spring21_hero_04202021-scaled-1.jpg 1600w\" sizes=\"(max-width: 1024px) 100vw, 1024px\" \/><figcaption>Image: Apple<\/figcaption><\/figure>\n\n\n\n<h3 class=\"wp-block-heading\" id=\"h-app-herunterladen-push-nachrichten-aktivieren\">Download the app, activate push notifications<\/h3>\n\n\n\n<p><a href=\"https:\/\/www.apfelpatient.de\/en\/news\/california-streaming-apple-announces-new-event\">\u201cCalifornia streaming\u201d event<\/a>\u00a0Reminder: If you don\u2019t want to miss anything, you should\u00a0<a href=\"https:\/\/apps.apple.com\/de\/app\/apfelpatient-news\/id1517273672\" target=\"_blank\" rel=\"noreferrer noopener\">download our app<\/a>\u00a0and activate push notifications. In our separate event section you will find all relevant articles about the next event - we look forward to seeing you. Are you looking for new MagSafe accessories from Apple?\u00a0<a href=\"https:\/\/www.amazon.de\/shop\/apfelpatientofficial?listId=21E2RFFAY554S&amp;ref=cm_sw_em_r_inf_list_own_apfelpatientofficial_dp_riZhz1Vqdb3gV\" target=\"_blank\" rel=\"noreferrer noopener\">Then take a look at Amazon<\/a>There you will find Apple&#039;s MagSafe chargers, power adapters, cases and the external battery at a discount. In addition, we have dozens of other recommendations\u00a0<a href=\"https:\/\/www.amazon.de\/shop\/apfelpatientofficial\" target=\"_blank\" rel=\"noreferrer noopener\">in our storefront<\/a>, including from Nomad, Anker and Pitaka \u2013 enjoy browsing. (Image: Apple)<\/p>\n\n\n\n<ul class=\"wp-block-list\"><li><a href=\"https:\/\/www.apfelpatient.de\/en\/rumors\/with-mini-leds-macbook-pro-2021-should-be-on-schedule\">With mini-LEDs: MacBook Pro 2021 should be on schedule<\/a><\/li><\/ul>\n\n\n\n<h6 class=\"wp-block-heading translation-block\" id=\"h-kennt-ihr-schon-unsere-amazon-storefront-dort-findet-ihr-eine-handverlesene-auswahl-von-diversen-produkten-f-r-euer-iphone-und-co-viel-spa-beim-st-bern\"><em>Have you already visited our Amazon Storefront? There you&#039;ll find a hand-picked selection of various products for your iPhone and other devices \u2013 <span class=\"has-inline-color has-vivid-red-color\"><a href=\"https:\/\/www.amazon.de\/shop\/apfelpatientofficial\" class=\"ek-link\" data-wpel-link=\"exclude\" rel=\"follow noopener\" target=\"_self\"><span style=\"text-decoration: underline\" class=\"ek-underline\">enjoy browsing<\/span><\/a> !<\/span><\/em><\/h6>\n\n\n\n<h6 class=\"wp-block-heading translation-block\" id=\"h-der-beitrag-enthalt-partnerlinks\">This post contains <a data-type=\"URL\" data-id=\"https:\/\/www.apfelpatient.de\/partnerprogramm\" href=\"https:\/\/www.apfelpatient.de\/en\/partner-program\" data-wpel-link=\"internal\" target=\"_self\">affiliate links<\/a>.<\/h6>","protected":false},"excerpt":{"rendered":"<p>After Apple announced the 24-inch iMac, the company stated that not all color variants would be available in the Apple Store.<\/p>","protected":false},"author":2,"featured_media":26141,"comment_status":"closed","ping_status":"closed","sticky":false,"template":"","format":"standard","meta":{"jnews-multi-image_gallery":[],"jnews_single_post":{"subtitle":"","format":"standard","video":"","gallery":"","source_name":"","source_url":"","via_name":"","via_url":"","override":[{"single_blog_custom":"","sidebar":"","second_sidebar":"","share_position":"","share_float_style":"","post_date_format":"","post_date_format_custom":"","post_reading_time_wpm":"","zoom_button_out_step":"1","zoom_button_in_step":"1","number_popup_post":"1"}],"image_override":[{"single_post_thumbnail_size":"","single_post_gallery_size":""}],"trending_post_position":"","trending_post_label":"","sponsored_post_label":"","sponsored_post_name":"","sponsored_post_url":"","sponsored_post_logo":"","sponsored_post_desc":""},"jnews_primary_category":{"id":"25"},"footnotes":""},"categories":[25],"tags":[72,40],"class_list":["post-26142","post","type-post","status-publish","format-standard","has-post-thumbnail","hentry","category-rumors","tag-imac","tag-mac"],"yoast_head":"<!-- This site is optimized with the Yoast SEO Premium plugin v27.5 (Yoast SEO v27.5) - https:\/\/yoast.com\/product\/yoast-seo-premium-wordpress\/ -->\n<title>iMac 24&quot;: Sind bald alle Farben im Store erh\u00e4ltlich? Apfelpatient<\/title>\n<meta name=\"description\" content=\"Nachdem Apple den iMac 24&quot; angek\u00fcndigt hat, erkl\u00e4rte das Unternehmen, dass nicht alle Farbvarianten im Apple Store verf\u00fcgbar sein werden.\" \/>\n<meta name=\"robots\" content=\"index, follow, max-snippet:-1, max-image-preview:large, max-video-preview:-1\" \/>\n<link rel=\"canonical\" href=\"https:\/\/www.apfelpatient.de\/en\/rumors\/imac-24-all-colors-will-soon-be-available-in-the-store\" \/>\n<meta property=\"og:locale\" content=\"en_US\" \/>\n<meta property=\"og:type\" content=\"article\" \/>\n<meta property=\"og:title\" content=\"iMac 24&quot;: Sind bald alle Farben im Store erh\u00e4ltlich?\" \/>\n<meta property=\"og:description\" content=\"Nachdem Apple den iMac 24&quot; angek\u00fcndigt hat, erkl\u00e4rte das Unternehmen, dass nicht alle Farbvarianten im Apple Store verf\u00fcgbar sein werden.\" \/>\n<meta property=\"og:url\" content=\"https:\/\/www.apfelpatient.de\/en\/rumors\/imac-24-all-colors-will-soon-be-available-in-the-store\" \/>\n<meta property=\"og:site_name\" content=\"Apfelpatient\" \/>\n<meta property=\"article:publisher\" content=\"https:\/\/www.facebook.com\/apfelpatientOfficial\" \/>\n<meta property=\"article:author\" content=\"https:\/\/www.facebook.com\/apfelpatientOfficial\" \/>\n<meta property=\"article:published_time\" content=\"2021-09-10T19:50:00+00:00\" \/>\n<meta property=\"article:modified_time\" content=\"2025-02-06T07:07:00+00:00\" \/>\n<meta property=\"og:image\" content=\"https:\/\/www.apfelpatient.de\/wp-content\/uploads\/2021\/09\/apple_new-imac-spring21_hero_04202021-scaled-1.jpg\" \/>\n\t<meta property=\"og:image:width\" content=\"1600\" \/>\n\t<meta property=\"og:image:height\" content=\"901\" \/>\n\t<meta property=\"og:image:type\" content=\"image\/jpeg\" \/>\n<meta name=\"author\" content=\"Milan\" \/>\n<meta name=\"twitter:card\" content=\"summary_large_image\" \/>\n<meta name=\"twitter:description\" content=\"Nachdem Apple den iMac 24&quot; angek\u00fcndigt hat, erkl\u00e4rte das Unternehmen, dass nicht alle Farbvarianten im Apple Store verf\u00fcgbar sein werden.\" \/>\n<meta name=\"twitter:label1\" content=\"Written by\" \/>\n\t<meta name=\"twitter:data1\" content=\"Milan\" \/>\n\t<meta name=\"twitter:label2\" content=\"Est. reading time\" \/>\n\t<meta name=\"twitter:data2\" content=\"2 minutes\" \/>\n<script type=\"application\/ld+json\" class=\"yoast-schema-graph\">{\"@context\":\"https:\\\/\\\/schema.org\",\"@graph\":[{\"@type\":\"NewsArticle\",\"@id\":\"https:\\\/\\\/www.apfelpatient.de\\\/rumors\\\/imac-24-sind-bald-alle-farben-im-store-erhaeltlich#article\",\"isPartOf\":{\"@id\":\"https:\\\/\\\/www.apfelpatient.de\\\/rumors\\\/imac-24-sind-bald-alle-farben-im-store-erhaeltlich\"},\"author\":{\"@type\":\"Organization\",\"@id\":\"https:\\\/\\\/www.apfelpatient.de\\\/en\\\/#organization\",\"name\":\"Apfelpatient\",\"url\":\"https:\\\/\\\/www.apfelpatient.de\\\/en\\\/\"},\"headline\":\"iMac 24&#8243;: Sind bald alle Farben im Store erh\u00e4ltlich?\",\"datePublished\":\"2021-09-10T19:50:00+00:00\",\"dateModified\":\"2025-02-06T07:07:00+00:00\",\"mainEntityOfPage\":{\"@id\":\"https:\\\/\\\/www.apfelpatient.de\\\/rumors\\\/imac-24-sind-bald-alle-farben-im-store-erhaeltlich\"},\"wordCount\":287,\"publisher\":{\"@type\":\"Organization\",\"@id\":\"https:\\\/\\\/www.apfelpatient.de\\\/en\\\/#organization\",\"name\":\"Apfelpatient\",\"url\":\"https:\\\/\\\/www.apfelpatient.de\\\/en\\\/\"},\"image\":{\"@id\":\"https:\\\/\\\/www.apfelpatient.de\\\/rumors\\\/imac-24-sind-bald-alle-farben-im-store-erhaeltlich#primaryimage\"},\"thumbnailUrl\":\"https:\\\/\\\/www.apfelpatient.de\\\/wp-content\\\/uploads\\\/2021\\\/09\\\/apple_new-imac-spring21_hero_04202021-scaled-1.jpg\",\"keywords\":[\"iMac\",\"Mac\"],\"articleSection\":\"Rumors\",\"inLanguage\":\"en-US\",\"copyrightYear\":\"2021\",\"copyrightHolder\":{\"@id\":\"https:\\\/\\\/www.apfelpatient.de\\\/en\\\/#organization\"}},{\"@type\":\"WebPage\",\"@id\":\"https:\\\/\\\/www.apfelpatient.de\\\/rumors\\\/imac-24-sind-bald-alle-farben-im-store-erhaeltlich\",\"url\":\"https:\\\/\\\/www.apfelpatient.de\\\/rumors\\\/imac-24-sind-bald-alle-farben-im-store-erhaeltlich\",\"name\":\"iMac 24\\\": Sind bald alle Farben im Store erh\u00e4ltlich? Apfelpatient\",\"isPartOf\":{\"@id\":\"https:\\\/\\\/www.apfelpatient.de\\\/#website\"},\"primaryImageOfPage\":{\"@id\":\"https:\\\/\\\/www.apfelpatient.de\\\/rumors\\\/imac-24-sind-bald-alle-farben-im-store-erhaeltlich#primaryimage\"},\"image\":{\"@id\":\"https:\\\/\\\/www.apfelpatient.de\\\/rumors\\\/imac-24-sind-bald-alle-farben-im-store-erhaeltlich#primaryimage\"},\"thumbnailUrl\":\"https:\\\/\\\/www.apfelpatient.de\\\/wp-content\\\/uploads\\\/2021\\\/09\\\/apple_new-imac-spring21_hero_04202021-scaled-1.jpg\",\"datePublished\":\"2021-09-10T19:50:00+00:00\",\"dateModified\":\"2025-02-06T07:07:00+00:00\",\"description\":\"Nachdem Apple den iMac 24\\\" angek\u00fcndigt hat, erkl\u00e4rte das Unternehmen, dass nicht alle Farbvarianten im Apple Store verf\u00fcgbar sein werden.\",\"breadcrumb\":{\"@id\":\"https:\\\/\\\/www.apfelpatient.de\\\/rumors\\\/imac-24-sind-bald-alle-farben-im-store-erhaeltlich#breadcrumb\"},\"inLanguage\":\"en-US\",\"potentialAction\":[{\"@type\":\"ReadAction\",\"target\":[\"https:\\\/\\\/www.apfelpatient.de\\\/rumors\\\/imac-24-sind-bald-alle-farben-im-store-erhaeltlich\"]}]},{\"@type\":\"ImageObject\",\"inLanguage\":\"en-US\",\"@id\":\"https:\\\/\\\/www.apfelpatient.de\\\/rumors\\\/imac-24-sind-bald-alle-farben-im-store-erhaeltlich#primaryimage\",\"url\":\"https:\\\/\\\/www.apfelpatient.de\\\/wp-content\\\/uploads\\\/2021\\\/09\\\/apple_new-imac-spring21_hero_04202021-scaled-1.jpg\",\"contentUrl\":\"https:\\\/\\\/www.apfelpatient.de\\\/wp-content\\\/uploads\\\/2021\\\/09\\\/apple_new-imac-spring21_hero_04202021-scaled-1.jpg\",\"width\":1600,\"height\":901,\"caption\":\"Bild: Apple\"},{\"@type\":\"BreadcrumbList\",\"@id\":\"https:\\\/\\\/www.apfelpatient.de\\\/rumors\\\/imac-24-sind-bald-alle-farben-im-store-erhaeltlich#breadcrumb\",\"itemListElement\":[{\"@type\":\"ListItem\",\"position\":1,\"name\":\"Startseite\",\"item\":\"https:\\\/\\\/www.apfelpatient.de\\\/\"},{\"@type\":\"ListItem\",\"position\":2,\"name\":\"iMac 24&#8243;: Sind bald alle Farben im Store erh\u00e4ltlich?\"}]},{\"@type\":\"WebSite\",\"@id\":\"https:\\\/\\\/www.apfelpatient.de\\\/#website\",\"url\":\"https:\\\/\\\/www.apfelpatient.de\\\/\",\"name\":\"Apfelpatient\",\"description\":\"Alles rund um Apple!\",\"publisher\":{\"@type\":\"Organization\",\"@id\":\"https:\\\/\\\/www.apfelpatient.de\\\/en\\\/#organization\",\"name\":\"Apfelpatient\",\"url\":\"https:\\\/\\\/www.apfelpatient.de\\\/en\\\/\"},\"alternateName\":\"Apfelpatient\",\"potentialAction\":[{\"@type\":\"SearchAction\",\"target\":{\"@type\":\"EntryPoint\",\"urlTemplate\":\"https:\\\/\\\/www.apfelpatient.de\\\/?s={search_term_string}\"},\"query-input\":{\"@type\":\"PropertyValueSpecification\",\"valueRequired\":true,\"valueName\":\"search_term_string\"}}],\"inLanguage\":\"en-US\"},{\"@type\":[\"Person\",\"Organization\"],\"@id\":\"https:\\\/\\\/www.apfelpatient.de\\\/#\\\/schema\\\/person\\\/35b3ddba5832f2bfc7fff5206d4f6b7b\",\"name\":\"Milan\",\"logo\":{\"@id\":\"https:\\\/\\\/www.apfelpatient.de\\\/#\\\/schema\\\/person\\\/image\\\/\"},\"description\":\"Hallo und herzlich willkommen auf meinem Technik-Blog! Als gro\u00dfer Apple-Fan berichte ich hier \u00fcber alles, was mit Apple zu tun hat: von den neuesten News und spannenden Ger\u00fcchten \u00fcber hilfreiche Tipps und Tricks bis hin zu ausf\u00fchrlichen Produkttests. Wenn du genauso technikbegeistert bist wie ich, bist du hier genau richtig!\",\"sameAs\":[\"https:\\\/\\\/www.facebook.com\\\/apfelpatientOfficial\",\"https:\\\/\\\/www.linkedin.com\\\/in\\\/milan-jovicic-42aa0231b\"],\"url\":\"https:\\\/\\\/www.apfelpatient.de\\\/en\\\/author\\\/apfeladmin\"}]}<\/script>\n<!-- \/ Yoast SEO Premium plugin. -->","yoast_head_json":{"title":"iMac 24&quot;: Will all colors soon be available in the store? Apfelpatient","description":"After Apple announced the iMac 24&quot;, the company stated that not all color variants will be available in the Apple Store.","robots":{"index":"index","follow":"follow","max-snippet":"max-snippet:-1","max-image-preview":"max-image-preview:large","max-video-preview":"max-video-preview:-1"},"canonical":"https:\/\/www.apfelpatient.de\/en\/rumors\/imac-24-all-colors-will-soon-be-available-in-the-store","og_locale":"en_US","og_type":"article","og_title":"iMac 24\": Sind bald alle Farben im Store erh\u00e4ltlich?","og_description":"Nachdem Apple den iMac 24\" angek\u00fcndigt hat, erkl\u00e4rte das Unternehmen, dass nicht alle Farbvarianten im Apple Store verf\u00fcgbar sein werden.","og_url":"https:\/\/www.apfelpatient.de\/en\/rumors\/imac-24-all-colors-will-soon-be-available-in-the-store","og_site_name":"Apfelpatient","article_publisher":"https:\/\/www.facebook.com\/apfelpatientOfficial","article_author":"https:\/\/www.facebook.com\/apfelpatientOfficial","article_published_time":"2021-09-10T19:50:00+00:00","article_modified_time":"2025-02-06T07:07:00+00:00","og_image":[{"width":1600,"height":901,"url":"https:\/\/www.apfelpatient.de\/wp-content\/uploads\/2021\/09\/apple_new-imac-spring21_hero_04202021-scaled-1.jpg","type":"image\/jpeg"}],"author":"Milan","twitter_card":"summary_large_image","twitter_description":"Nachdem Apple den iMac 24\" angek\u00fcndigt hat, erkl\u00e4rte das Unternehmen, dass nicht alle Farbvarianten im Apple Store verf\u00fcgbar sein werden.","twitter_misc":{"Written by":"Milan","Est. reading time":"2 minutes"},"schema":{"@context":"https:\/\/schema.org","@graph":[{"@type":"NewsArticle","@id":"https:\/\/www.apfelpatient.de\/rumors\/imac-24-sind-bald-alle-farben-im-store-erhaeltlich#article","isPartOf":{"@id":"https:\/\/www.apfelpatient.de\/rumors\/imac-24-sind-bald-alle-farben-im-store-erhaeltlich"},"author":{"@type":"Organization","@id":"https:\/\/www.apfelpatient.de\/en\/#organization","name":"Apfelpatient","url":"https:\/\/www.apfelpatient.de\/en\/"},"headline":"iMac 24&#8243;: Sind bald alle Farben im Store erh\u00e4ltlich?","datePublished":"2021-09-10T19:50:00+00:00","dateModified":"2025-02-06T07:07:00+00:00","mainEntityOfPage":{"@id":"https:\/\/www.apfelpatient.de\/rumors\/imac-24-sind-bald-alle-farben-im-store-erhaeltlich"},"wordCount":287,"publisher":{"@type":"Organization","@id":"https:\/\/www.apfelpatient.de\/en\/#organization","name":"Apfelpatient","url":"https:\/\/www.apfelpatient.de\/en\/"},"image":{"@id":"https:\/\/www.apfelpatient.de\/rumors\/imac-24-sind-bald-alle-farben-im-store-erhaeltlich#primaryimage"},"thumbnailUrl":"https:\/\/www.apfelpatient.de\/wp-content\/uploads\/2021\/09\/apple_new-imac-spring21_hero_04202021-scaled-1.jpg","keywords":["iMac","Mac"],"articleSection":"Rumors","inLanguage":"en-US","copyrightYear":"2021","copyrightHolder":{"@id":"https:\/\/www.apfelpatient.de\/en\/#organization"}},{"@type":"WebPage","@id":"https:\/\/www.apfelpatient.de\/rumors\/imac-24-sind-bald-alle-farben-im-store-erhaeltlich","url":"https:\/\/www.apfelpatient.de\/rumors\/imac-24-sind-bald-alle-farben-im-store-erhaeltlich","name":"iMac 24&quot;: Will all colors soon be available in the store? Apfelpatient","isPartOf":{"@id":"https:\/\/www.apfelpatient.de\/#website"},"primaryImageOfPage":{"@id":"https:\/\/www.apfelpatient.de\/rumors\/imac-24-sind-bald-alle-farben-im-store-erhaeltlich#primaryimage"},"image":{"@id":"https:\/\/www.apfelpatient.de\/rumors\/imac-24-sind-bald-alle-farben-im-store-erhaeltlich#primaryimage"},"thumbnailUrl":"https:\/\/www.apfelpatient.de\/wp-content\/uploads\/2021\/09\/apple_new-imac-spring21_hero_04202021-scaled-1.jpg","datePublished":"2021-09-10T19:50:00+00:00","dateModified":"2025-02-06T07:07:00+00:00","description":"After Apple announced the iMac 24&quot;, the company stated that not all color variants will be available in the Apple Store.","breadcrumb":{"@id":"https:\/\/www.apfelpatient.de\/rumors\/imac-24-sind-bald-alle-farben-im-store-erhaeltlich#breadcrumb"},"inLanguage":"en-US","potentialAction":[{"@type":"ReadAction","target":["https:\/\/www.apfelpatient.de\/rumors\/imac-24-sind-bald-alle-farben-im-store-erhaeltlich"]}]},{"@type":"ImageObject","inLanguage":"en-US","@id":"https:\/\/www.apfelpatient.de\/rumors\/imac-24-sind-bald-alle-farben-im-store-erhaeltlich#primaryimage","url":"https:\/\/www.apfelpatient.de\/wp-content\/uploads\/2021\/09\/apple_new-imac-spring21_hero_04202021-scaled-1.jpg","contentUrl":"https:\/\/www.apfelpatient.de\/wp-content\/uploads\/2021\/09\/apple_new-imac-spring21_hero_04202021-scaled-1.jpg","width":1600,"height":901,"caption":"Bild: Apple"},{"@type":"BreadcrumbList","@id":"https:\/\/www.apfelpatient.de\/rumors\/imac-24-sind-bald-alle-farben-im-store-erhaeltlich#breadcrumb","itemListElement":[{"@type":"ListItem","position":1,"name":"Startseite","item":"https:\/\/www.apfelpatient.de\/"},{"@type":"ListItem","position":2,"name":"iMac 24&#8243;: Sind bald alle Farben im Store erh\u00e4ltlich?"}]},{"@type":"WebSite","@id":"https:\/\/www.apfelpatient.de\/#website","url":"https:\/\/www.apfelpatient.de\/","name":"apple patient","description":"Everything about Apple!","publisher":{"@type":"Organization","@id":"https:\/\/www.apfelpatient.de\/en\/#organization","name":"Apfelpatient","url":"https:\/\/www.apfelpatient.de\/en\/"},"alternateName":"Apfelpatient","potentialAction":[{"@type":"SearchAction","target":{"@type":"EntryPoint","urlTemplate":"https:\/\/www.apfelpatient.de\/?s={search_term_string}"},"query-input":{"@type":"PropertyValueSpecification","valueRequired":true,"valueName":"search_term_string"}}],"inLanguage":"en-US"},{"@type":["Person","Organization"],"@id":"https:\/\/www.apfelpatient.de\/#\/schema\/person\/35b3ddba5832f2bfc7fff5206d4f6b7b","name":"Milan","logo":{"@id":"https:\/\/www.apfelpatient.de\/#\/schema\/person\/image\/"},"description":"Hello and welcome to my technology blog! As a big Apple fan, I report on everything to do with Apple: from the latest news and exciting rumors to helpful tips and tricks and detailed product tests. If you are as enthusiastic about technology as I am, you have come to the right place!","sameAs":["https:\/\/www.facebook.com\/apfelpatientOfficial","https:\/\/www.linkedin.com\/in\/milan-jovicic-42aa0231b"],"url":"https:\/\/www.apfelpatient.de\/en\/author\/apfeladmin"}]}},"_links":{"self":[{"href":"https:\/\/www.apfelpatient.de\/en\/wp-json\/wp\/v2\/posts\/26142","targetHints":{"allow":["GET"]}}],"collection":[{"href":"https:\/\/www.apfelpatient.de\/en\/wp-json\/wp\/v2\/posts"}],"about":[{"href":"https:\/\/www.apfelpatient.de\/en\/wp-json\/wp\/v2\/types\/post"}],"author":[{"embeddable":true,"href":"https:\/\/www.apfelpatient.de\/en\/wp-json\/wp\/v2\/users\/2"}],"replies":[{"embeddable":true,"href":"https:\/\/www.apfelpatient.de\/en\/wp-json\/wp\/v2\/comments?post=26142"}],"version-history":[{"count":0,"href":"https:\/\/www.apfelpatient.de\/en\/wp-json\/wp\/v2\/posts\/26142\/revisions"}],"wp:featuredmedia":[{"embeddable":true,"href":"https:\/\/www.apfelpatient.de\/en\/wp-json\/wp\/v2\/media\/26141"}],"wp:attachment":[{"href":"https:\/\/www.apfelpatient.de\/en\/wp-json\/wp\/v2\/media?parent=26142"}],"wp:term":[{"taxonomy":"category","embeddable":true,"href":"https:\/\/www.apfelpatient.de\/en\/wp-json\/wp\/v2\/categories?post=26142"},{"taxonomy":"post_tag","embeddable":true,"href":"https:\/\/www.apfelpatient.de\/en\/wp-json\/wp\/v2\/tags?post=26142"}],"curies":[{"name":"wp","href":"https:\/\/api.w.org\/{rel}","templated":true}]}}