{"id":26122,"date":"2021-09-10T16:14:57","date_gmt":"2021-09-10T14:14:57","guid":{"rendered":"https:\/\/www.apfelpatient.de\/?p=26122"},"modified":"2025-02-06T08:06:52","modified_gmt":"2025-02-06T07:06:52","slug":"ipod-touch-with-16-gb-is-now-considered-obsolete-worldwide","status":"publish","type":"post","link":"https:\/\/www.apfelpatient.de\/en\/news\/ipod-touch-mit-16-gb-gilt-jetzt-weltweit-als-veraltet","title":{"rendered":"iPod touch with 16 GB is now considered obsolete worldwide"},"content":{"rendered":"<p class=\"has-drop-cap\"><strong>Apple has placed its fifth-generation 16 GB iPod touch from 2013 on the list of products that are officially obsolete worldwide, meaning the company no longer offers service.<\/strong><\/p>\n\n\n\n<p>The launch of the 16GB iPod touch in May 2013 was an important step for Apple, as the company wanted to lower the overall price of entry for users into the iOS world. It was a variation of the then-current fifth-generation iPod touch and did not include the rear iSight camera. The elimination of the camera helped Apple lower the price of the 16GB iPod touch to $229. The 16GB model featured a 4-inch Retina display, ran on the Dual Core A5 processor, and shipped with Apple EarPods. The device was only available in black or white at launch and did not offer the option for a wrist strap. The entire fifth-generation iPod touch line was discontinued in July 2015.<\/p>\n\n\n\n<h3 class=\"wp-block-heading\" id=\"h-ipod-touch-obsolet-welche-bedeutung-hat-das-f-r-anwender\">iPod touch obsolete: What does this mean for users?<\/h3>\n\n\n\n\n\n\n\n<p>It was then replaced by the sixth generation iPod touch, which again included a camera. The last update took place in 2019, when Apple presented the seventh generation iPod touch. But what <a href=\"https:\/\/support.apple.com\/en-us\/HT201624\" target=\"_blank\" rel=\"noreferrer noopener\">means<\/a> What now? This means that users can no longer get repairs from Apple or authorized service providers. In the event of a problem, they have to resort to independent service providers. Apart from a few exceptions, Apple&#039;s rule of thumb is to produce spare parts for devices for five years - but this period only starts when production of the respective device is discontinued. Only then is the customer forced to look for spare parts elsewhere. (Photo by tiraspr \/ Bigstockphoto)<\/p>\n\n\n\n<ul class=\"wp-block-list\"><li><a href=\"https:\/\/www.apfelpatient.de\/en\/news\/california-streaming-apple-announces-new-event\">\u201cCalifornia streaming\u201d: Apple announces new event<\/a><\/li><\/ul>\n\n\n\n<h6 class=\"wp-block-heading translation-block\" id=\"h-kennt-ihr-schon-unsere-amazon-storefront-dort-findet-ihr-eine-handverlesene-auswahl-von-diversen-produkten-f-r-euer-iphone-und-co-viel-spa-beim-st-bern\"><em>Have you already visited our Amazon Storefront? There you&#039;ll find a hand-picked selection of various products for your iPhone and other devices \u2013 <span class=\"has-inline-color has-vivid-red-color\"><a href=\"https:\/\/www.amazon.de\/shop\/apfelpatientofficial\" class=\"ek-link\" data-wpel-link=\"exclude\" rel=\"follow noopener\" target=\"_self\"><span style=\"text-decoration: underline\" class=\"ek-underline\">enjoy browsing<\/span><\/a> !<\/span><\/em><\/h6>\n\n\n\n<h6 class=\"wp-block-heading translation-block\" id=\"h-der-beitrag-enthalt-partnerlinks\">This post contains <a data-type=\"URL\" data-id=\"https:\/\/www.apfelpatient.de\/partnerprogramm\" href=\"https:\/\/www.apfelpatient.de\/en\/partner-program\" data-wpel-link=\"internal\" target=\"_self\">affiliate links<\/a>.<\/h6>","protected":false},"excerpt":{"rendered":"<p>Apple has added its 2013 fifth-generation 16GB iPod touch to the list of products that are officially obsolete worldwide.<\/p>","protected":false},"author":2,"featured_media":26121,"comment_status":"closed","ping_status":"closed","sticky":false,"template":"","format":"standard","meta":{"jnews-multi-image_gallery":[],"jnews_single_post":{"subtitle":"","format":"standard","video":"","gallery":"","source_name":"","source_url":"","via_name":"","via_url":"","override":[{"single_blog_custom":"","sidebar":"","second_sidebar":"","share_position":"","share_float_style":"","post_date_format":"","post_date_format_custom":"","post_reading_time_wpm":"","zoom_button_out_step":"1","zoom_button_in_step":"1","number_popup_post":"1"}],"image_override":[{"single_post_thumbnail_size":"","single_post_gallery_size":""}],"trending_post_position":"","trending_post_label":"","sponsored_post_label":"","sponsored_post_name":"","sponsored_post_url":"","sponsored_post_logo":"","sponsored_post_desc":""},"jnews_primary_category":{"id":"9"},"footnotes":""},"categories":[9],"tags":[8,211],"class_list":["post-26122","post","type-post","status-publish","format-standard","has-post-thumbnail","hentry","category-news","tag-iphone","tag-ipod-touch"],"yoast_head":"<!-- This site is optimized with the Yoast SEO Premium plugin v27.5 (Yoast SEO v27.5) - https:\/\/yoast.com\/product\/yoast-seo-premium-wordpress\/ -->\n<title>iPod touch mit 16 GB gilt jetzt weltweit als veraltet Apfelpatient<\/title>\n<meta name=\"description\" content=\"Apple hat seinen 16 GB iPod touch der f\u00fcnften Generation aus 2013 auf die Liste der Produkte gesetzt, die offiziell weltweit veraltet sind.\" \/>\n<meta name=\"robots\" content=\"index, follow, max-snippet:-1, max-image-preview:large, max-video-preview:-1\" \/>\n<link rel=\"canonical\" href=\"https:\/\/www.apfelpatient.de\/en\/news\/ipod-touch-with-16-gb-is-now-considered-obsolete-worldwide\" \/>\n<meta property=\"og:locale\" content=\"en_US\" \/>\n<meta property=\"og:type\" content=\"article\" \/>\n<meta property=\"og:title\" content=\"iPod touch mit 16 GB gilt jetzt weltweit als veraltet\" \/>\n<meta property=\"og:description\" content=\"Apple hat seinen 16 GB iPod touch der f\u00fcnften Generation aus 2013 auf die Liste der Produkte gesetzt, die offiziell weltweit veraltet sind.\" \/>\n<meta property=\"og:url\" content=\"https:\/\/www.apfelpatient.de\/en\/news\/ipod-touch-with-16-gb-is-now-considered-obsolete-worldwide\" \/>\n<meta property=\"og:site_name\" content=\"Apfelpatient\" \/>\n<meta property=\"article:publisher\" content=\"https:\/\/www.facebook.com\/apfelpatientOfficial\" \/>\n<meta property=\"article:author\" content=\"https:\/\/www.facebook.com\/apfelpatientOfficial\" \/>\n<meta property=\"article:published_time\" content=\"2021-09-10T14:14:57+00:00\" \/>\n<meta property=\"article:modified_time\" content=\"2025-02-06T07:06:52+00:00\" \/>\n<meta property=\"og:image\" content=\"https:\/\/www.apfelpatient.de\/wp-content\/uploads\/2021\/09\/bigstock-171066758.jpg\" \/>\n\t<meta property=\"og:image:width\" content=\"1600\" \/>\n\t<meta property=\"og:image:height\" content=\"1121\" \/>\n\t<meta property=\"og:image:type\" content=\"image\/jpeg\" \/>\n<meta name=\"author\" content=\"Milan\" \/>\n<meta name=\"twitter:card\" content=\"summary_large_image\" \/>\n<meta name=\"twitter:description\" content=\"Apple hat seinen 16 GB iPod touch der f\u00fcnften Generation aus 2013 auf die Liste der Produkte gesetzt, die offiziell weltweit veraltet sind.\" \/>\n<meta name=\"twitter:label1\" content=\"Written by\" \/>\n\t<meta name=\"twitter:data1\" content=\"Milan\" \/>\n\t<meta name=\"twitter:label2\" content=\"Est. reading time\" \/>\n\t<meta name=\"twitter:data2\" content=\"2 minutes\" \/>\n<script type=\"application\/ld+json\" class=\"yoast-schema-graph\">{\"@context\":\"https:\\\/\\\/schema.org\",\"@graph\":[{\"@type\":\"NewsArticle\",\"@id\":\"https:\\\/\\\/www.apfelpatient.de\\\/news\\\/ipod-touch-mit-16-gb-gilt-jetzt-weltweit-als-veraltet#article\",\"isPartOf\":{\"@id\":\"https:\\\/\\\/www.apfelpatient.de\\\/news\\\/ipod-touch-mit-16-gb-gilt-jetzt-weltweit-als-veraltet\"},\"author\":{\"@type\":\"Organization\",\"@id\":\"https:\\\/\\\/www.apfelpatient.de\\\/en\\\/#organization\",\"name\":\"Apfelpatient\",\"url\":\"https:\\\/\\\/www.apfelpatient.de\\\/en\\\/\"},\"headline\":\"iPod touch mit 16 GB gilt jetzt weltweit als veraltet\",\"datePublished\":\"2021-09-10T14:14:57+00:00\",\"dateModified\":\"2025-02-06T07:06:52+00:00\",\"mainEntityOfPage\":{\"@id\":\"https:\\\/\\\/www.apfelpatient.de\\\/news\\\/ipod-touch-mit-16-gb-gilt-jetzt-weltweit-als-veraltet\"},\"wordCount\":298,\"publisher\":{\"@type\":\"Organization\",\"@id\":\"https:\\\/\\\/www.apfelpatient.de\\\/en\\\/#organization\",\"name\":\"Apfelpatient\",\"url\":\"https:\\\/\\\/www.apfelpatient.de\\\/en\\\/\"},\"image\":{\"@id\":\"https:\\\/\\\/www.apfelpatient.de\\\/news\\\/ipod-touch-mit-16-gb-gilt-jetzt-weltweit-als-veraltet#primaryimage\"},\"thumbnailUrl\":\"https:\\\/\\\/www.apfelpatient.de\\\/wp-content\\\/uploads\\\/2021\\\/09\\\/bigstock-171066758.jpg\",\"keywords\":[\"iPhone\",\"iPod touch\"],\"articleSection\":\"News\",\"inLanguage\":\"en-US\",\"copyrightYear\":\"2021\",\"copyrightHolder\":{\"@id\":\"https:\\\/\\\/www.apfelpatient.de\\\/en\\\/#organization\"}},{\"@type\":\"WebPage\",\"@id\":\"https:\\\/\\\/www.apfelpatient.de\\\/news\\\/ipod-touch-mit-16-gb-gilt-jetzt-weltweit-als-veraltet\",\"url\":\"https:\\\/\\\/www.apfelpatient.de\\\/news\\\/ipod-touch-mit-16-gb-gilt-jetzt-weltweit-als-veraltet\",\"name\":\"iPod touch mit 16 GB gilt jetzt weltweit als veraltet Apfelpatient\",\"isPartOf\":{\"@id\":\"https:\\\/\\\/www.apfelpatient.de\\\/#website\"},\"primaryImageOfPage\":{\"@id\":\"https:\\\/\\\/www.apfelpatient.de\\\/news\\\/ipod-touch-mit-16-gb-gilt-jetzt-weltweit-als-veraltet#primaryimage\"},\"image\":{\"@id\":\"https:\\\/\\\/www.apfelpatient.de\\\/news\\\/ipod-touch-mit-16-gb-gilt-jetzt-weltweit-als-veraltet#primaryimage\"},\"thumbnailUrl\":\"https:\\\/\\\/www.apfelpatient.de\\\/wp-content\\\/uploads\\\/2021\\\/09\\\/bigstock-171066758.jpg\",\"datePublished\":\"2021-09-10T14:14:57+00:00\",\"dateModified\":\"2025-02-06T07:06:52+00:00\",\"description\":\"Apple hat seinen 16 GB iPod touch der f\u00fcnften Generation aus 2013 auf die Liste der Produkte gesetzt, die offiziell weltweit veraltet sind.\",\"breadcrumb\":{\"@id\":\"https:\\\/\\\/www.apfelpatient.de\\\/news\\\/ipod-touch-mit-16-gb-gilt-jetzt-weltweit-als-veraltet#breadcrumb\"},\"inLanguage\":\"en-US\",\"potentialAction\":[{\"@type\":\"ReadAction\",\"target\":[\"https:\\\/\\\/www.apfelpatient.de\\\/news\\\/ipod-touch-mit-16-gb-gilt-jetzt-weltweit-als-veraltet\"]}]},{\"@type\":\"ImageObject\",\"inLanguage\":\"en-US\",\"@id\":\"https:\\\/\\\/www.apfelpatient.de\\\/news\\\/ipod-touch-mit-16-gb-gilt-jetzt-weltweit-als-veraltet#primaryimage\",\"url\":\"https:\\\/\\\/www.apfelpatient.de\\\/wp-content\\\/uploads\\\/2021\\\/09\\\/bigstock-171066758.jpg\",\"contentUrl\":\"https:\\\/\\\/www.apfelpatient.de\\\/wp-content\\\/uploads\\\/2021\\\/09\\\/bigstock-171066758.jpg\",\"width\":1600,\"height\":1121,\"caption\":\"New York February 9 2017: The new iPod Touch and Beats headphones are set on display in Apple store on 5th Avenue.\"},{\"@type\":\"BreadcrumbList\",\"@id\":\"https:\\\/\\\/www.apfelpatient.de\\\/news\\\/ipod-touch-mit-16-gb-gilt-jetzt-weltweit-als-veraltet#breadcrumb\",\"itemListElement\":[{\"@type\":\"ListItem\",\"position\":1,\"name\":\"Startseite\",\"item\":\"https:\\\/\\\/www.apfelpatient.de\\\/\"},{\"@type\":\"ListItem\",\"position\":2,\"name\":\"iPod touch mit 16 GB gilt jetzt weltweit als veraltet\"}]},{\"@type\":\"WebSite\",\"@id\":\"https:\\\/\\\/www.apfelpatient.de\\\/#website\",\"url\":\"https:\\\/\\\/www.apfelpatient.de\\\/\",\"name\":\"Apfelpatient\",\"description\":\"Alles rund um Apple!\",\"publisher\":{\"@type\":\"Organization\",\"@id\":\"https:\\\/\\\/www.apfelpatient.de\\\/en\\\/#organization\",\"name\":\"Apfelpatient\",\"url\":\"https:\\\/\\\/www.apfelpatient.de\\\/en\\\/\"},\"alternateName\":\"Apfelpatient\",\"potentialAction\":[{\"@type\":\"SearchAction\",\"target\":{\"@type\":\"EntryPoint\",\"urlTemplate\":\"https:\\\/\\\/www.apfelpatient.de\\\/?s={search_term_string}\"},\"query-input\":{\"@type\":\"PropertyValueSpecification\",\"valueRequired\":true,\"valueName\":\"search_term_string\"}}],\"inLanguage\":\"en-US\"},{\"@type\":[\"Person\",\"Organization\"],\"@id\":\"https:\\\/\\\/www.apfelpatient.de\\\/#\\\/schema\\\/person\\\/7dc56ad6c8e9824b76d2c08d4c140e13\",\"name\":\"Milan\",\"logo\":{\"@id\":\"https:\\\/\\\/www.apfelpatient.de\\\/#\\\/schema\\\/person\\\/image\\\/\"},\"description\":\"Hallo und herzlich willkommen auf meinem Technik-Blog! Als gro\u00dfer Apple-Fan berichte ich hier \u00fcber alles, was mit Apple zu tun hat: von den neuesten News und spannenden Ger\u00fcchten \u00fcber hilfreiche Tipps und Tricks bis hin zu ausf\u00fchrlichen Produkttests. Wenn du genauso technikbegeistert bist wie ich, bist du hier genau richtig!\",\"sameAs\":[\"https:\\\/\\\/www.facebook.com\\\/apfelpatientOfficial\",\"https:\\\/\\\/www.linkedin.com\\\/in\\\/milan-jovicic-42aa0231b\"],\"url\":\"https:\\\/\\\/www.apfelpatient.de\\\/en\\\/author\\\/apfeladmin\"}]}<\/script>\n<!-- \/ Yoast SEO Premium plugin. -->","yoast_head_json":{"title":"iPod touch with 16 GB is now considered obsolete worldwide Apfelpatient","description":"Apple has added its 2013 fifth-generation 16GB iPod touch to the list of products that are officially obsolete worldwide.","robots":{"index":"index","follow":"follow","max-snippet":"max-snippet:-1","max-image-preview":"max-image-preview:large","max-video-preview":"max-video-preview:-1"},"canonical":"https:\/\/www.apfelpatient.de\/en\/news\/ipod-touch-with-16-gb-is-now-considered-obsolete-worldwide","og_locale":"en_US","og_type":"article","og_title":"iPod touch mit 16 GB gilt jetzt weltweit als veraltet","og_description":"Apple hat seinen 16 GB iPod touch der f\u00fcnften Generation aus 2013 auf die Liste der Produkte gesetzt, die offiziell weltweit veraltet sind.","og_url":"https:\/\/www.apfelpatient.de\/en\/news\/ipod-touch-with-16-gb-is-now-considered-obsolete-worldwide","og_site_name":"Apfelpatient","article_publisher":"https:\/\/www.facebook.com\/apfelpatientOfficial","article_author":"https:\/\/www.facebook.com\/apfelpatientOfficial","article_published_time":"2021-09-10T14:14:57+00:00","article_modified_time":"2025-02-06T07:06:52+00:00","og_image":[{"width":1600,"height":1121,"url":"https:\/\/www.apfelpatient.de\/wp-content\/uploads\/2021\/09\/bigstock-171066758.jpg","type":"image\/jpeg"}],"author":"Milan","twitter_card":"summary_large_image","twitter_description":"Apple hat seinen 16 GB iPod touch der f\u00fcnften Generation aus 2013 auf die Liste der Produkte gesetzt, die offiziell weltweit veraltet sind.","twitter_misc":{"Written by":"Milan","Est. reading time":"2 minutes"},"schema":{"@context":"https:\/\/schema.org","@graph":[{"@type":"NewsArticle","@id":"https:\/\/www.apfelpatient.de\/news\/ipod-touch-mit-16-gb-gilt-jetzt-weltweit-als-veraltet#article","isPartOf":{"@id":"https:\/\/www.apfelpatient.de\/news\/ipod-touch-mit-16-gb-gilt-jetzt-weltweit-als-veraltet"},"author":{"@type":"Organization","@id":"https:\/\/www.apfelpatient.de\/en\/#organization","name":"Apfelpatient","url":"https:\/\/www.apfelpatient.de\/en\/"},"headline":"iPod touch mit 16 GB gilt jetzt weltweit als veraltet","datePublished":"2021-09-10T14:14:57+00:00","dateModified":"2025-02-06T07:06:52+00:00","mainEntityOfPage":{"@id":"https:\/\/www.apfelpatient.de\/news\/ipod-touch-mit-16-gb-gilt-jetzt-weltweit-als-veraltet"},"wordCount":298,"publisher":{"@type":"Organization","@id":"https:\/\/www.apfelpatient.de\/en\/#organization","name":"Apfelpatient","url":"https:\/\/www.apfelpatient.de\/en\/"},"image":{"@id":"https:\/\/www.apfelpatient.de\/news\/ipod-touch-mit-16-gb-gilt-jetzt-weltweit-als-veraltet#primaryimage"},"thumbnailUrl":"https:\/\/www.apfelpatient.de\/wp-content\/uploads\/2021\/09\/bigstock-171066758.jpg","keywords":["iPhone","iPod touch"],"articleSection":"News","inLanguage":"en-US","copyrightYear":"2021","copyrightHolder":{"@id":"https:\/\/www.apfelpatient.de\/en\/#organization"}},{"@type":"WebPage","@id":"https:\/\/www.apfelpatient.de\/news\/ipod-touch-mit-16-gb-gilt-jetzt-weltweit-als-veraltet","url":"https:\/\/www.apfelpatient.de\/news\/ipod-touch-mit-16-gb-gilt-jetzt-weltweit-als-veraltet","name":"iPod touch with 16 GB is now considered obsolete worldwide Apfelpatient","isPartOf":{"@id":"https:\/\/www.apfelpatient.de\/#website"},"primaryImageOfPage":{"@id":"https:\/\/www.apfelpatient.de\/news\/ipod-touch-mit-16-gb-gilt-jetzt-weltweit-als-veraltet#primaryimage"},"image":{"@id":"https:\/\/www.apfelpatient.de\/news\/ipod-touch-mit-16-gb-gilt-jetzt-weltweit-als-veraltet#primaryimage"},"thumbnailUrl":"https:\/\/www.apfelpatient.de\/wp-content\/uploads\/2021\/09\/bigstock-171066758.jpg","datePublished":"2021-09-10T14:14:57+00:00","dateModified":"2025-02-06T07:06:52+00:00","description":"Apple has added its 2013 fifth-generation 16GB iPod touch to the list of products that are officially obsolete worldwide.","breadcrumb":{"@id":"https:\/\/www.apfelpatient.de\/news\/ipod-touch-mit-16-gb-gilt-jetzt-weltweit-als-veraltet#breadcrumb"},"inLanguage":"en-US","potentialAction":[{"@type":"ReadAction","target":["https:\/\/www.apfelpatient.de\/news\/ipod-touch-mit-16-gb-gilt-jetzt-weltweit-als-veraltet"]}]},{"@type":"ImageObject","inLanguage":"en-US","@id":"https:\/\/www.apfelpatient.de\/news\/ipod-touch-mit-16-gb-gilt-jetzt-weltweit-als-veraltet#primaryimage","url":"https:\/\/www.apfelpatient.de\/wp-content\/uploads\/2021\/09\/bigstock-171066758.jpg","contentUrl":"https:\/\/www.apfelpatient.de\/wp-content\/uploads\/2021\/09\/bigstock-171066758.jpg","width":1600,"height":1121,"caption":"New York February 9 2017: The new iPod Touch and Beats headphones are set on display in Apple store on 5th Avenue."},{"@type":"BreadcrumbList","@id":"https:\/\/www.apfelpatient.de\/news\/ipod-touch-mit-16-gb-gilt-jetzt-weltweit-als-veraltet#breadcrumb","itemListElement":[{"@type":"ListItem","position":1,"name":"Startseite","item":"https:\/\/www.apfelpatient.de\/"},{"@type":"ListItem","position":2,"name":"iPod touch mit 16 GB gilt jetzt weltweit als veraltet"}]},{"@type":"WebSite","@id":"https:\/\/www.apfelpatient.de\/#website","url":"https:\/\/www.apfelpatient.de\/","name":"apple patient","description":"Everything about Apple!","publisher":{"@type":"Organization","@id":"https:\/\/www.apfelpatient.de\/en\/#organization","name":"Apfelpatient","url":"https:\/\/www.apfelpatient.de\/en\/"},"alternateName":"Apfelpatient","potentialAction":[{"@type":"SearchAction","target":{"@type":"EntryPoint","urlTemplate":"https:\/\/www.apfelpatient.de\/?s={search_term_string}"},"query-input":{"@type":"PropertyValueSpecification","valueRequired":true,"valueName":"search_term_string"}}],"inLanguage":"en-US"},{"@type":["Person","Organization"],"@id":"https:\/\/www.apfelpatient.de\/#\/schema\/person\/7dc56ad6c8e9824b76d2c08d4c140e13","name":"Milan","logo":{"@id":"https:\/\/www.apfelpatient.de\/#\/schema\/person\/image\/"},"description":"Hello and welcome to my technology blog! As a big Apple fan, I report on everything to do with Apple: from the latest news and exciting rumors to helpful tips and tricks and detailed product tests. If you are as enthusiastic about technology as I am, you have come to the right place!","sameAs":["https:\/\/www.facebook.com\/apfelpatientOfficial","https:\/\/www.linkedin.com\/in\/milan-jovicic-42aa0231b"],"url":"https:\/\/www.apfelpatient.de\/en\/author\/apfeladmin"}]}},"_links":{"self":[{"href":"https:\/\/www.apfelpatient.de\/en\/wp-json\/wp\/v2\/posts\/26122","targetHints":{"allow":["GET"]}}],"collection":[{"href":"https:\/\/www.apfelpatient.de\/en\/wp-json\/wp\/v2\/posts"}],"about":[{"href":"https:\/\/www.apfelpatient.de\/en\/wp-json\/wp\/v2\/types\/post"}],"author":[{"embeddable":true,"href":"https:\/\/www.apfelpatient.de\/en\/wp-json\/wp\/v2\/users\/2"}],"replies":[{"embeddable":true,"href":"https:\/\/www.apfelpatient.de\/en\/wp-json\/wp\/v2\/comments?post=26122"}],"version-history":[{"count":0,"href":"https:\/\/www.apfelpatient.de\/en\/wp-json\/wp\/v2\/posts\/26122\/revisions"}],"wp:featuredmedia":[{"embeddable":true,"href":"https:\/\/www.apfelpatient.de\/en\/wp-json\/wp\/v2\/media\/26121"}],"wp:attachment":[{"href":"https:\/\/www.apfelpatient.de\/en\/wp-json\/wp\/v2\/media?parent=26122"}],"wp:term":[{"taxonomy":"category","embeddable":true,"href":"https:\/\/www.apfelpatient.de\/en\/wp-json\/wp\/v2\/categories?post=26122"},{"taxonomy":"post_tag","embeddable":true,"href":"https:\/\/www.apfelpatient.de\/en\/wp-json\/wp\/v2\/tags?post=26122"}],"curies":[{"name":"wp","href":"https:\/\/api.w.org\/{rel}","templated":true}]}}