{"id":25992,"date":"2021-09-07T16:20:12","date_gmt":"2021-09-07T14:20:12","guid":{"rendered":"https:\/\/www.apfelpatient.de\/?p=25992"},"modified":"2021-09-07T16:20:13","modified_gmt":"2021-09-07T14:20:13","slug":"with-mini-leds-macbook-pro-2021-should-be-on-schedule","status":"publish","type":"post","link":"https:\/\/www.apfelpatient.de\/en\/rumors\/mit-mini-leds-macbook-pro-2021-soll-im-zeitplan-liegen","title":{"rendered":"With mini-LEDs: MacBook Pro 2021 should be on schedule"},"content":{"rendered":"<p class=\"has-drop-cap\"><strong>Apple is reportedly planning to introduce a brand new MacBook Pro in two sizes (14&quot; and 16&quot;) this fall. Now it is reported that the new professional notebook is on schedule.<\/strong><\/p>\n\n\n\n<p>The Taiwanese news site DigiTimes <a href=\"https:\/\/www.digitimes.com\/news\/a20210907PD208.html\" target=\"_blank\" rel=\"noreferrer noopener\">reported<\/a> now, citing Apple&#039;s supplier, that Apple&#039;s MacBook Pro with mini-LED display is actually on schedule. Previously, <a href=\"https:\/\/www.apfelpatient.de\/en\/rumors\/macbook-pro-2021-chip-shortage-jeopardizes-market-launch\">claimed<\/a>that there could be delays due to the chip shortage.<\/p>\n\n\n\n<blockquote class=\"wp-block-quote is-layout-flow wp-block-quote-is-layout-flow\"><p>LED suppliers for Apple&#039;s upcoming MacBook Pro have said their deliveries for the new model are on schedule, responding to recent reports of shortages of the relevant mini-LED chips and other ICs.<\/p><\/blockquote>\n\n\n\n<h3 class=\"wp-block-heading\" id=\"h-macbook-pro-2021-neues-design-besseres-display-und-mehr-anschl-sse\">MacBook Pro 2021: New design, better display and more ports<\/h3>\n\n\n\n\n\n\n\n<p>Digitimes reports that the new MacBooks are apparently set to be unveiled in October or November. According to the sources, suppliers are preparing to ship around four million units by the end of 2021. Apple is expected to unveil its new MacBook Pro models with mini-LED backlighting this fall. They will reportedly feature a new M1X Apple Silicon chip with 10 cores and up to 32GB of RAM. Apple is also expected to revamp the design slightly, introducing a new, squarer chassis and more ports, including HDMI and an SD card slot. (Image: rendersbyian)<\/p>\n\n\n\n<ul class=\"wp-block-list\"><li><a href=\"https:\/\/www.apfelpatient.de\/en\/rumors\/macbook-pro-2021-cpu-should-be-identical-in-both-models\">MacBook Pro 2021: CPU should be identical in both models<\/a><\/li><\/ul>\n\n\n\n<h6 class=\"wp-block-heading translation-block\" id=\"h-kennt-ihr-schon-unsere-amazon-storefront-dort-findet-ihr-eine-handverlesene-auswahl-von-diversen-produkten-f-r-euer-iphone-und-co-viel-spa-beim-st-bern\"><em>Have you already visited our Amazon Storefront? There you&#039;ll find a hand-picked selection of various products for your iPhone and other devices \u2013 <span class=\"has-inline-color has-vivid-red-color\"><a href=\"https:\/\/www.amazon.de\/shop\/apfelpatientofficial\" class=\"ek-link\" data-wpel-link=\"exclude\" rel=\"follow noopener\" target=\"_self\"><span style=\"text-decoration: underline\" class=\"ek-underline\">enjoy browsing<\/span><\/a> !<\/span><\/em><\/h6>\n\n\n\n<h6 class=\"wp-block-heading translation-block\" id=\"h-der-beitrag-enthalt-partnerlinks\">This post contains <a data-type=\"URL\" data-id=\"https:\/\/www.apfelpatient.de\/partnerprogramm\" href=\"https:\/\/www.apfelpatient.de\/en\/partner-program\" data-wpel-link=\"internal\" target=\"_self\">affiliate links<\/a>.<\/h6>","protected":false},"excerpt":{"rendered":"<p>With mini-LEDs: Apple reportedly plans to introduce a brand-new MacBook Pro in two sizes (14\u2033 and 16\u2033) this fall.<\/p>","protected":false},"author":2,"featured_media":25845,"comment_status":"closed","ping_status":"closed","sticky":false,"template":"","format":"standard","meta":{"jnews-multi-image_gallery":[],"jnews_single_post":{"subtitle":"","format":"standard","video":"","gallery":"","source_name":"","source_url":"","via_name":"","via_url":"","override":[{"single_blog_custom":"","sidebar":"","second_sidebar":"","share_position":"","share_float_style":"","post_date_format":"","post_date_format_custom":"","post_reading_time_wpm":"","zoom_button_out_step":"1","zoom_button_in_step":"1","number_popup_post":"1"}],"image_override":[{"single_post_thumbnail_size":"","single_post_gallery_size":""}],"trending_post_position":"","trending_post_label":"","sponsored_post_label":"","sponsored_post_name":"","sponsored_post_url":"","sponsored_post_logo":"","sponsored_post_desc":""},"jnews_primary_category":{"id":"25"},"footnotes":""},"categories":[25],"tags":[40,50],"class_list":["post-25992","post","type-post","status-publish","format-standard","has-post-thumbnail","hentry","category-rumors","tag-mac","tag-macbook-pro"],"yoast_head":"<!-- This site is optimized with the Yoast SEO Premium plugin v27.5 (Yoast SEO v27.5) - https:\/\/yoast.com\/product\/yoast-seo-premium-wordpress\/ -->\n<title>Mit Mini-LEDs: MacBook Pro 2021 soll im Zeitplan liegen Apfelpatient<\/title>\n<meta name=\"description\" content=\"Mit Mini-LEDs: Berichten zufolge plant Apple diesen Herbst ein brandneues MacBook Pro in zwei Gr\u00f6\u00dfen (14&quot; und 16&quot;) vorzustellen.\" \/>\n<meta name=\"robots\" content=\"index, follow, max-snippet:-1, max-image-preview:large, max-video-preview:-1\" \/>\n<link rel=\"canonical\" href=\"https:\/\/www.apfelpatient.de\/en\/rumors\/with-mini-leds-macbook-pro-2021-should-be-on-schedule\" \/>\n<meta property=\"og:locale\" content=\"en_US\" \/>\n<meta property=\"og:type\" content=\"article\" \/>\n<meta property=\"og:title\" content=\"Mit Mini-LEDs: MacBook Pro 2021 soll im Zeitplan liegen\" \/>\n<meta property=\"og:description\" content=\"Mit Mini-LEDs: Berichten zufolge plant Apple diesen Herbst ein brandneues MacBook Pro in zwei Gr\u00f6\u00dfen (14&quot; und 16&quot;) vorzustellen.\" \/>\n<meta property=\"og:url\" content=\"https:\/\/www.apfelpatient.de\/en\/rumors\/with-mini-leds-macbook-pro-2021-should-be-on-schedule\" \/>\n<meta property=\"og:site_name\" content=\"Apfelpatient\" \/>\n<meta property=\"article:publisher\" content=\"https:\/\/www.facebook.com\/apfelpatientOfficial\" \/>\n<meta property=\"article:author\" content=\"https:\/\/www.facebook.com\/apfelpatientOfficial\" \/>\n<meta property=\"article:published_time\" content=\"2021-09-07T14:20:12+00:00\" \/>\n<meta property=\"article:modified_time\" content=\"2021-09-07T14:20:13+00:00\" \/>\n<meta property=\"og:image\" content=\"https:\/\/www.apfelpatient.de\/wp-content\/uploads\/2021\/09\/c5f09de8-8b88-4e84-a79a-ba374a041661_rw_3840.png\" \/>\n\t<meta property=\"og:image:width\" content=\"1600\" \/>\n\t<meta property=\"og:image:height\" content=\"899\" \/>\n\t<meta property=\"og:image:type\" content=\"image\/png\" \/>\n<meta name=\"author\" content=\"Milan\" \/>\n<meta name=\"twitter:card\" content=\"summary_large_image\" \/>\n<meta name=\"twitter:description\" content=\"Mit Mini-LEDs: Berichten zufolge plant Apple diesen Herbst ein brandneues MacBook Pro in zwei Gr\u00f6\u00dfen (14&quot; und 16&quot;) vorzustellen.\" \/>\n<meta name=\"twitter:label1\" content=\"Written by\" \/>\n\t<meta name=\"twitter:data1\" content=\"Milan\" \/>\n\t<meta name=\"twitter:label2\" content=\"Est. reading time\" \/>\n\t<meta name=\"twitter:data2\" content=\"1 minute\" \/>\n<script type=\"application\/ld+json\" class=\"yoast-schema-graph\">{\"@context\":\"https:\\\/\\\/schema.org\",\"@graph\":[{\"@type\":\"NewsArticle\",\"@id\":\"https:\\\/\\\/www.apfelpatient.de\\\/rumors\\\/mit-mini-leds-macbook-pro-2021-soll-im-zeitplan-liegen#article\",\"isPartOf\":{\"@id\":\"https:\\\/\\\/www.apfelpatient.de\\\/rumors\\\/mit-mini-leds-macbook-pro-2021-soll-im-zeitplan-liegen\"},\"author\":{\"@type\":\"Organization\",\"@id\":\"https:\\\/\\\/www.apfelpatient.de\\\/en\\\/#organization\",\"name\":\"Apfelpatient\",\"url\":\"https:\\\/\\\/www.apfelpatient.de\\\/en\\\/\"},\"headline\":\"Mit Mini-LEDs: MacBook Pro 2021 soll im Zeitplan liegen\",\"datePublished\":\"2021-09-07T14:20:12+00:00\",\"dateModified\":\"2021-09-07T14:20:13+00:00\",\"mainEntityOfPage\":{\"@id\":\"https:\\\/\\\/www.apfelpatient.de\\\/rumors\\\/mit-mini-leds-macbook-pro-2021-soll-im-zeitplan-liegen\"},\"wordCount\":225,\"publisher\":{\"@type\":\"Organization\",\"@id\":\"https:\\\/\\\/www.apfelpatient.de\\\/en\\\/#organization\",\"name\":\"Apfelpatient\",\"url\":\"https:\\\/\\\/www.apfelpatient.de\\\/en\\\/\"},\"image\":{\"@id\":\"https:\\\/\\\/www.apfelpatient.de\\\/rumors\\\/mit-mini-leds-macbook-pro-2021-soll-im-zeitplan-liegen#primaryimage\"},\"thumbnailUrl\":\"https:\\\/\\\/www.apfelpatient.de\\\/wp-content\\\/uploads\\\/2021\\\/09\\\/c5f09de8-8b88-4e84-a79a-ba374a041661_rw_3840.png\",\"keywords\":[\"Mac\",\"MacBook Pro\"],\"articleSection\":\"Rumors\",\"inLanguage\":\"en-US\",\"copyrightYear\":\"2021\",\"copyrightHolder\":{\"@id\":\"https:\\\/\\\/www.apfelpatient.de\\\/en\\\/#organization\"}},{\"@type\":\"WebPage\",\"@id\":\"https:\\\/\\\/www.apfelpatient.de\\\/rumors\\\/mit-mini-leds-macbook-pro-2021-soll-im-zeitplan-liegen\",\"url\":\"https:\\\/\\\/www.apfelpatient.de\\\/rumors\\\/mit-mini-leds-macbook-pro-2021-soll-im-zeitplan-liegen\",\"name\":\"Mit Mini-LEDs: MacBook Pro 2021 soll im Zeitplan liegen Apfelpatient\",\"isPartOf\":{\"@id\":\"https:\\\/\\\/www.apfelpatient.de\\\/#website\"},\"primaryImageOfPage\":{\"@id\":\"https:\\\/\\\/www.apfelpatient.de\\\/rumors\\\/mit-mini-leds-macbook-pro-2021-soll-im-zeitplan-liegen#primaryimage\"},\"image\":{\"@id\":\"https:\\\/\\\/www.apfelpatient.de\\\/rumors\\\/mit-mini-leds-macbook-pro-2021-soll-im-zeitplan-liegen#primaryimage\"},\"thumbnailUrl\":\"https:\\\/\\\/www.apfelpatient.de\\\/wp-content\\\/uploads\\\/2021\\\/09\\\/c5f09de8-8b88-4e84-a79a-ba374a041661_rw_3840.png\",\"datePublished\":\"2021-09-07T14:20:12+00:00\",\"dateModified\":\"2021-09-07T14:20:13+00:00\",\"description\":\"Mit Mini-LEDs: Berichten zufolge plant Apple diesen Herbst ein brandneues MacBook Pro in zwei Gr\u00f6\u00dfen (14\\\" und 16\\\") vorzustellen.\",\"breadcrumb\":{\"@id\":\"https:\\\/\\\/www.apfelpatient.de\\\/rumors\\\/mit-mini-leds-macbook-pro-2021-soll-im-zeitplan-liegen#breadcrumb\"},\"inLanguage\":\"en-US\",\"potentialAction\":[{\"@type\":\"ReadAction\",\"target\":[\"https:\\\/\\\/www.apfelpatient.de\\\/rumors\\\/mit-mini-leds-macbook-pro-2021-soll-im-zeitplan-liegen\"]}]},{\"@type\":\"ImageObject\",\"inLanguage\":\"en-US\",\"@id\":\"https:\\\/\\\/www.apfelpatient.de\\\/rumors\\\/mit-mini-leds-macbook-pro-2021-soll-im-zeitplan-liegen#primaryimage\",\"url\":\"https:\\\/\\\/www.apfelpatient.de\\\/wp-content\\\/uploads\\\/2021\\\/09\\\/c5f09de8-8b88-4e84-a79a-ba374a041661_rw_3840.png\",\"contentUrl\":\"https:\\\/\\\/www.apfelpatient.de\\\/wp-content\\\/uploads\\\/2021\\\/09\\\/c5f09de8-8b88-4e84-a79a-ba374a041661_rw_3840.png\",\"width\":1600,\"height\":899,\"caption\":\"Bild: rendersbyian\"},{\"@type\":\"BreadcrumbList\",\"@id\":\"https:\\\/\\\/www.apfelpatient.de\\\/rumors\\\/mit-mini-leds-macbook-pro-2021-soll-im-zeitplan-liegen#breadcrumb\",\"itemListElement\":[{\"@type\":\"ListItem\",\"position\":1,\"name\":\"Startseite\",\"item\":\"https:\\\/\\\/www.apfelpatient.de\\\/\"},{\"@type\":\"ListItem\",\"position\":2,\"name\":\"Mit Mini-LEDs: MacBook Pro 2021 soll im Zeitplan liegen\"}]},{\"@type\":\"WebSite\",\"@id\":\"https:\\\/\\\/www.apfelpatient.de\\\/#website\",\"url\":\"https:\\\/\\\/www.apfelpatient.de\\\/\",\"name\":\"Apfelpatient\",\"description\":\"Alles rund um Apple!\",\"publisher\":{\"@type\":\"Organization\",\"@id\":\"https:\\\/\\\/www.apfelpatient.de\\\/en\\\/#organization\",\"name\":\"Apfelpatient\",\"url\":\"https:\\\/\\\/www.apfelpatient.de\\\/en\\\/\"},\"alternateName\":\"Apfelpatient\",\"potentialAction\":[{\"@type\":\"SearchAction\",\"target\":{\"@type\":\"EntryPoint\",\"urlTemplate\":\"https:\\\/\\\/www.apfelpatient.de\\\/?s={search_term_string}\"},\"query-input\":{\"@type\":\"PropertyValueSpecification\",\"valueRequired\":true,\"valueName\":\"search_term_string\"}}],\"inLanguage\":\"en-US\"},{\"@type\":[\"Person\",\"Organization\"],\"@id\":\"https:\\\/\\\/www.apfelpatient.de\\\/#\\\/schema\\\/person\\\/35b3ddba5832f2bfc7fff5206d4f6b7b\",\"name\":\"Milan\",\"logo\":{\"@id\":\"https:\\\/\\\/www.apfelpatient.de\\\/#\\\/schema\\\/person\\\/image\\\/\"},\"description\":\"Hallo und herzlich willkommen auf meinem Technik-Blog! Als gro\u00dfer Apple-Fan berichte ich hier \u00fcber alles, was mit Apple zu tun hat: von den neuesten News und spannenden Ger\u00fcchten \u00fcber hilfreiche Tipps und Tricks bis hin zu ausf\u00fchrlichen Produkttests. Wenn du genauso technikbegeistert bist wie ich, bist du hier genau richtig!\",\"sameAs\":[\"https:\\\/\\\/www.facebook.com\\\/apfelpatientOfficial\",\"https:\\\/\\\/www.linkedin.com\\\/in\\\/milan-jovicic-42aa0231b\"],\"url\":\"https:\\\/\\\/www.apfelpatient.de\\\/en\\\/author\\\/apfeladmin\"}]}<\/script>\n<!-- \/ Yoast SEO Premium plugin. -->","yoast_head_json":{"title":"With mini-LEDs: MacBook Pro 2021 should be on schedule Apfelpatient","description":"With mini-LEDs: Apple reportedly plans to introduce a brand new MacBook Pro in two sizes (14&quot; and 16&quot;) this fall.","robots":{"index":"index","follow":"follow","max-snippet":"max-snippet:-1","max-image-preview":"max-image-preview:large","max-video-preview":"max-video-preview:-1"},"canonical":"https:\/\/www.apfelpatient.de\/en\/rumors\/with-mini-leds-macbook-pro-2021-should-be-on-schedule","og_locale":"en_US","og_type":"article","og_title":"Mit Mini-LEDs: MacBook Pro 2021 soll im Zeitplan liegen","og_description":"Mit Mini-LEDs: Berichten zufolge plant Apple diesen Herbst ein brandneues MacBook Pro in zwei Gr\u00f6\u00dfen (14\" und 16\") vorzustellen.","og_url":"https:\/\/www.apfelpatient.de\/en\/rumors\/with-mini-leds-macbook-pro-2021-should-be-on-schedule","og_site_name":"Apfelpatient","article_publisher":"https:\/\/www.facebook.com\/apfelpatientOfficial","article_author":"https:\/\/www.facebook.com\/apfelpatientOfficial","article_published_time":"2021-09-07T14:20:12+00:00","article_modified_time":"2021-09-07T14:20:13+00:00","og_image":[{"width":1600,"height":899,"url":"https:\/\/www.apfelpatient.de\/wp-content\/uploads\/2021\/09\/c5f09de8-8b88-4e84-a79a-ba374a041661_rw_3840.png","type":"image\/png"}],"author":"Milan","twitter_card":"summary_large_image","twitter_description":"Mit Mini-LEDs: Berichten zufolge plant Apple diesen Herbst ein brandneues MacBook Pro in zwei Gr\u00f6\u00dfen (14\" und 16\") vorzustellen.","twitter_misc":{"Written by":"Milan","Est. reading time":"1 minute"},"schema":{"@context":"https:\/\/schema.org","@graph":[{"@type":"NewsArticle","@id":"https:\/\/www.apfelpatient.de\/rumors\/mit-mini-leds-macbook-pro-2021-soll-im-zeitplan-liegen#article","isPartOf":{"@id":"https:\/\/www.apfelpatient.de\/rumors\/mit-mini-leds-macbook-pro-2021-soll-im-zeitplan-liegen"},"author":{"@type":"Organization","@id":"https:\/\/www.apfelpatient.de\/en\/#organization","name":"Apfelpatient","url":"https:\/\/www.apfelpatient.de\/en\/"},"headline":"Mit Mini-LEDs: MacBook Pro 2021 soll im Zeitplan liegen","datePublished":"2021-09-07T14:20:12+00:00","dateModified":"2021-09-07T14:20:13+00:00","mainEntityOfPage":{"@id":"https:\/\/www.apfelpatient.de\/rumors\/mit-mini-leds-macbook-pro-2021-soll-im-zeitplan-liegen"},"wordCount":225,"publisher":{"@type":"Organization","@id":"https:\/\/www.apfelpatient.de\/en\/#organization","name":"Apfelpatient","url":"https:\/\/www.apfelpatient.de\/en\/"},"image":{"@id":"https:\/\/www.apfelpatient.de\/rumors\/mit-mini-leds-macbook-pro-2021-soll-im-zeitplan-liegen#primaryimage"},"thumbnailUrl":"https:\/\/www.apfelpatient.de\/wp-content\/uploads\/2021\/09\/c5f09de8-8b88-4e84-a79a-ba374a041661_rw_3840.png","keywords":["Mac","MacBook Pro"],"articleSection":"Rumors","inLanguage":"en-US","copyrightYear":"2021","copyrightHolder":{"@id":"https:\/\/www.apfelpatient.de\/en\/#organization"}},{"@type":"WebPage","@id":"https:\/\/www.apfelpatient.de\/rumors\/mit-mini-leds-macbook-pro-2021-soll-im-zeitplan-liegen","url":"https:\/\/www.apfelpatient.de\/rumors\/mit-mini-leds-macbook-pro-2021-soll-im-zeitplan-liegen","name":"With mini-LEDs: MacBook Pro 2021 should be on schedule Apfelpatient","isPartOf":{"@id":"https:\/\/www.apfelpatient.de\/#website"},"primaryImageOfPage":{"@id":"https:\/\/www.apfelpatient.de\/rumors\/mit-mini-leds-macbook-pro-2021-soll-im-zeitplan-liegen#primaryimage"},"image":{"@id":"https:\/\/www.apfelpatient.de\/rumors\/mit-mini-leds-macbook-pro-2021-soll-im-zeitplan-liegen#primaryimage"},"thumbnailUrl":"https:\/\/www.apfelpatient.de\/wp-content\/uploads\/2021\/09\/c5f09de8-8b88-4e84-a79a-ba374a041661_rw_3840.png","datePublished":"2021-09-07T14:20:12+00:00","dateModified":"2021-09-07T14:20:13+00:00","description":"With mini-LEDs: Apple reportedly plans to introduce a brand new MacBook Pro in two sizes (14&quot; and 16&quot;) this fall.","breadcrumb":{"@id":"https:\/\/www.apfelpatient.de\/rumors\/mit-mini-leds-macbook-pro-2021-soll-im-zeitplan-liegen#breadcrumb"},"inLanguage":"en-US","potentialAction":[{"@type":"ReadAction","target":["https:\/\/www.apfelpatient.de\/rumors\/mit-mini-leds-macbook-pro-2021-soll-im-zeitplan-liegen"]}]},{"@type":"ImageObject","inLanguage":"en-US","@id":"https:\/\/www.apfelpatient.de\/rumors\/mit-mini-leds-macbook-pro-2021-soll-im-zeitplan-liegen#primaryimage","url":"https:\/\/www.apfelpatient.de\/wp-content\/uploads\/2021\/09\/c5f09de8-8b88-4e84-a79a-ba374a041661_rw_3840.png","contentUrl":"https:\/\/www.apfelpatient.de\/wp-content\/uploads\/2021\/09\/c5f09de8-8b88-4e84-a79a-ba374a041661_rw_3840.png","width":1600,"height":899,"caption":"Bild: rendersbyian"},{"@type":"BreadcrumbList","@id":"https:\/\/www.apfelpatient.de\/rumors\/mit-mini-leds-macbook-pro-2021-soll-im-zeitplan-liegen#breadcrumb","itemListElement":[{"@type":"ListItem","position":1,"name":"Startseite","item":"https:\/\/www.apfelpatient.de\/"},{"@type":"ListItem","position":2,"name":"Mit Mini-LEDs: MacBook Pro 2021 soll im Zeitplan liegen"}]},{"@type":"WebSite","@id":"https:\/\/www.apfelpatient.de\/#website","url":"https:\/\/www.apfelpatient.de\/","name":"apple patient","description":"Everything about Apple!","publisher":{"@type":"Organization","@id":"https:\/\/www.apfelpatient.de\/en\/#organization","name":"Apfelpatient","url":"https:\/\/www.apfelpatient.de\/en\/"},"alternateName":"Apfelpatient","potentialAction":[{"@type":"SearchAction","target":{"@type":"EntryPoint","urlTemplate":"https:\/\/www.apfelpatient.de\/?s={search_term_string}"},"query-input":{"@type":"PropertyValueSpecification","valueRequired":true,"valueName":"search_term_string"}}],"inLanguage":"en-US"},{"@type":["Person","Organization"],"@id":"https:\/\/www.apfelpatient.de\/#\/schema\/person\/35b3ddba5832f2bfc7fff5206d4f6b7b","name":"Milan","logo":{"@id":"https:\/\/www.apfelpatient.de\/#\/schema\/person\/image\/"},"description":"Hello and welcome to my technology blog! As a big Apple fan, I report on everything to do with Apple: from the latest news and exciting rumors to helpful tips and tricks and detailed product tests. If you are as enthusiastic about technology as I am, you have come to the right place!","sameAs":["https:\/\/www.facebook.com\/apfelpatientOfficial","https:\/\/www.linkedin.com\/in\/milan-jovicic-42aa0231b"],"url":"https:\/\/www.apfelpatient.de\/en\/author\/apfeladmin"}]}},"_links":{"self":[{"href":"https:\/\/www.apfelpatient.de\/en\/wp-json\/wp\/v2\/posts\/25992","targetHints":{"allow":["GET"]}}],"collection":[{"href":"https:\/\/www.apfelpatient.de\/en\/wp-json\/wp\/v2\/posts"}],"about":[{"href":"https:\/\/www.apfelpatient.de\/en\/wp-json\/wp\/v2\/types\/post"}],"author":[{"embeddable":true,"href":"https:\/\/www.apfelpatient.de\/en\/wp-json\/wp\/v2\/users\/2"}],"replies":[{"embeddable":true,"href":"https:\/\/www.apfelpatient.de\/en\/wp-json\/wp\/v2\/comments?post=25992"}],"version-history":[{"count":0,"href":"https:\/\/www.apfelpatient.de\/en\/wp-json\/wp\/v2\/posts\/25992\/revisions"}],"wp:featuredmedia":[{"embeddable":true,"href":"https:\/\/www.apfelpatient.de\/en\/wp-json\/wp\/v2\/media\/25845"}],"wp:attachment":[{"href":"https:\/\/www.apfelpatient.de\/en\/wp-json\/wp\/v2\/media?parent=25992"}],"wp:term":[{"taxonomy":"category","embeddable":true,"href":"https:\/\/www.apfelpatient.de\/en\/wp-json\/wp\/v2\/categories?post=25992"},{"taxonomy":"post_tag","embeddable":true,"href":"https:\/\/www.apfelpatient.de\/en\/wp-json\/wp\/v2\/tags?post=25992"}],"curies":[{"name":"wp","href":"https:\/\/api.w.org\/{rel}","templated":true}]}}