{"id":25973,"date":"2021-09-07T11:14:54","date_gmt":"2021-09-07T09:14:54","guid":{"rendered":"https:\/\/www.apfelpatient.de\/?p=25973"},"modified":"2021-09-07T11:14:55","modified_gmt":"2021-09-07T09:14:55","slug":"fcc-documents-reveal-redesigned-apple-magsafe-charger","status":"publish","type":"post","link":"https:\/\/www.apfelpatient.de\/en\/news\/fcc-unterlagen-enthuellen-ueberarbeitetes-apple-magsafe-ladegeraet","title":{"rendered":"FCC documents reveal redesigned Apple MagSafe charger"},"content":{"rendered":"<p class=\"has-drop-cap\"><strong>Apple is expected to unveil the new iPhone 13 series in about a week. Interestingly, new FCC documents have now surfaced revealing a revised version of the MagSafe charger.<\/strong><\/p>\n\n\n\n<p>As by Dave Zatz <a href=\"https:\/\/twitter.com\/davezatz\/status\/1434920116551131147\" target=\"_blank\" rel=\"noreferrer noopener\">discovered<\/a>, the new MagSafe charger that was added to the FCC database on Monday is model A2548, while the current version of the MagSafe charger that was introduced with the iPhone 12 is called A2140. The application was submitted by Apple to the FCC on August 13, 2021, less than a month ago. Based on the <a href=\"https:\/\/fcc.report\/FCC-ID\/BCGA2548\/\" target=\"_blank\" rel=\"noreferrer noopener\">documentation<\/a> we cannot see what changes have been made to the new version. Apple sometimes updates its accessories with new part numbers because it makes small changes that in some cases are not even noticeable. Nevertheless, some details are curious.<\/p>\n\n\n\n<h3 class=\"wp-block-heading\" id=\"h-iphone-13-apple-k-nnte-magsafe-ladeger-t-anpassen\">iPhone 13: Apple could adapt MagSafe charger<\/h3>\n\n\n\n\n\n\n\n<p>The FCC has tested the new MagSafe charger with eight different iPhone models, which is where things get interesting. The document describes iPhone models A2341, A2172, A2176 and A2342 as &quot;legacy phones,&quot; meaning all iPhone 12 models. At the same time, the charger was also tested with four unidentified &quot;New Phone&quot; devices, which may be the four new iPhone 13 models. As a reminder, it was already rumored in July that the iPhone 13 will have a stronger arrangement of magnets for the MagSafe technology. This could mean that we will see some kind of updated MagSafe accessory that uses the new magnets from the iPhone 13 models. Of course, we will see whether this all happens in the next few days and weeks. (Photo by ms_pics_and_more \/ Bigstockphoto)<\/p>\n\n\n\n<ul class=\"wp-block-list\"><li><a href=\"https:\/\/www.apfelpatient.de\/en\/rumors\/iphone-13-performance-of-the-a15-chip-surpasses-android-competition\">iPhone 13: Performance of the A15 chip surpasses Android competition<\/a><\/li><\/ul>\n\n\n\n<h6 class=\"wp-block-heading translation-block\" id=\"h-kennt-ihr-schon-unsere-amazon-storefront-dort-findet-ihr-eine-handverlesene-auswahl-von-diversen-produkten-f-r-euer-iphone-und-co-viel-spa-beim-st-bern\"><em>Have you already visited our Amazon Storefront? There you&#039;ll find a hand-picked selection of various products for your iPhone and other devices \u2013 <span class=\"has-inline-color has-vivid-red-color\"><a href=\"https:\/\/www.amazon.de\/shop\/apfelpatientofficial\" class=\"ek-link\" data-wpel-link=\"exclude\" rel=\"follow noopener\" target=\"_self\"><span style=\"text-decoration: underline\" class=\"ek-underline\">enjoy browsing<\/span><\/a> !<\/span><\/em><\/h6>\n\n\n\n<h6 class=\"wp-block-heading translation-block\" id=\"h-der-beitrag-enthalt-partnerlinks\">This post contains <a data-type=\"URL\" data-id=\"https:\/\/www.apfelpatient.de\/partnerprogramm\" href=\"https:\/\/www.apfelpatient.de\/en\/partner-program\" data-wpel-link=\"internal\" target=\"_self\">affiliate links<\/a>.<\/h6>","protected":false},"excerpt":{"rendered":"<p>FCC documents reveal new MagSafe charger: Apple will probably introduce the new iPhone 13 series in about a week.<\/p>","protected":false},"author":2,"featured_media":25972,"comment_status":"closed","ping_status":"closed","sticky":false,"template":"","format":"standard","meta":{"jnews-multi-image_gallery":[],"jnews_single_post":{"subtitle":"","format":"standard","video":"","gallery":"","source_name":"","source_url":"","via_name":"","via_url":"","override":[{"single_blog_custom":"","sidebar":"","second_sidebar":"","share_position":"","share_float_style":"","post_date_format":"","post_date_format_custom":"","post_reading_time_wpm":"","zoom_button_out_step":"1","zoom_button_in_step":"1","number_popup_post":"1"}],"image_override":[{"single_post_thumbnail_size":"","single_post_gallery_size":""}],"trending_post_position":"","trending_post_label":"","sponsored_post_label":"","sponsored_post_name":"","sponsored_post_url":"","sponsored_post_logo":"","sponsored_post_desc":""},"jnews_primary_category":{"id":"9"},"footnotes":""},"categories":[9],"tags":[8,311],"class_list":["post-25973","post","type-post","status-publish","format-standard","has-post-thumbnail","hentry","category-news","tag-iphone","tag-iphone-2021"],"yoast_head":"<!-- This site is optimized with the Yoast SEO Premium plugin v27.5 (Yoast SEO v27.5) - https:\/\/yoast.com\/product\/yoast-seo-premium-wordpress\/ -->\n<title>FCC-Unterlagen enth\u00fcllen \u00fcberarbeitetes Apple MagSafe-Ladeger\u00e4t<\/title>\n<meta name=\"description\" content=\"FCC-Unterlagen enth\u00fcllen neues MagSafe-Ladeger\u00e4t: Apple wird vermutlich in rund einer Woche die neue iPhone 13 Reihe vorstellen.\" \/>\n<meta name=\"robots\" content=\"index, follow, max-snippet:-1, max-image-preview:large, max-video-preview:-1\" \/>\n<link rel=\"canonical\" href=\"https:\/\/www.apfelpatient.de\/en\/news\/fcc-documents-reveal-redesigned-apple-magsafe-charger\" \/>\n<meta property=\"og:locale\" content=\"en_US\" \/>\n<meta property=\"og:type\" content=\"article\" \/>\n<meta property=\"og:title\" content=\"FCC-Unterlagen enth\u00fcllen \u00fcberarbeitetes Apple MagSafe-Ladeger\u00e4t\" \/>\n<meta property=\"og:description\" content=\"FCC-Unterlagen enth\u00fcllen neues MagSafe-Ladeger\u00e4t: Apple wird vermutlich in rund einer Woche die neue iPhone 13 Reihe vorstellen.\" \/>\n<meta property=\"og:url\" content=\"https:\/\/www.apfelpatient.de\/en\/news\/fcc-documents-reveal-redesigned-apple-magsafe-charger\" \/>\n<meta property=\"og:site_name\" content=\"Apfelpatient\" \/>\n<meta property=\"article:publisher\" content=\"https:\/\/www.facebook.com\/apfelpatientOfficial\" \/>\n<meta property=\"article:author\" content=\"https:\/\/www.facebook.com\/apfelpatientOfficial\" \/>\n<meta property=\"article:published_time\" content=\"2021-09-07T09:14:54+00:00\" \/>\n<meta property=\"article:modified_time\" content=\"2021-09-07T09:14:55+00:00\" \/>\n<meta property=\"og:image\" content=\"https:\/\/www.apfelpatient.de\/wp-content\/uploads\/2021\/09\/bigstock-Frankfurt-Germany-November-394919096.jpg\" \/>\n\t<meta property=\"og:image:width\" content=\"1600\" \/>\n\t<meta property=\"og:image:height\" content=\"1067\" \/>\n\t<meta property=\"og:image:type\" content=\"image\/jpeg\" \/>\n<meta name=\"author\" content=\"Milan\" \/>\n<meta name=\"twitter:card\" content=\"summary_large_image\" \/>\n<meta name=\"twitter:description\" content=\"FCC-Unterlagen enth\u00fcllen neues MagSafe-Ladeger\u00e4t: Apple wird vermutlich in rund einer Woche die neue iPhone 13 Reihe vorstellen.\" \/>\n<meta name=\"twitter:label1\" content=\"Written by\" \/>\n\t<meta name=\"twitter:data1\" content=\"Milan\" \/>\n\t<meta name=\"twitter:label2\" content=\"Est. reading time\" \/>\n\t<meta name=\"twitter:data2\" content=\"2 minutes\" \/>\n<script type=\"application\/ld+json\" class=\"yoast-schema-graph\">{\"@context\":\"https:\\\/\\\/schema.org\",\"@graph\":[{\"@type\":\"NewsArticle\",\"@id\":\"https:\\\/\\\/www.apfelpatient.de\\\/news\\\/fcc-unterlagen-enthuellen-ueberarbeitetes-apple-magsafe-ladegeraet#article\",\"isPartOf\":{\"@id\":\"https:\\\/\\\/www.apfelpatient.de\\\/news\\\/fcc-unterlagen-enthuellen-ueberarbeitetes-apple-magsafe-ladegeraet\"},\"author\":{\"@type\":\"Organization\",\"@id\":\"https:\\\/\\\/www.apfelpatient.de\\\/en\\\/#organization\",\"name\":\"Apfelpatient\",\"url\":\"https:\\\/\\\/www.apfelpatient.de\\\/en\\\/\"},\"headline\":\"FCC-Unterlagen enth\u00fcllen \u00fcberarbeitetes Apple MagSafe-Ladeger\u00e4t\",\"datePublished\":\"2021-09-07T09:14:54+00:00\",\"dateModified\":\"2021-09-07T09:14:55+00:00\",\"mainEntityOfPage\":{\"@id\":\"https:\\\/\\\/www.apfelpatient.de\\\/news\\\/fcc-unterlagen-enthuellen-ueberarbeitetes-apple-magsafe-ladegeraet\"},\"wordCount\":287,\"publisher\":{\"@type\":\"Organization\",\"@id\":\"https:\\\/\\\/www.apfelpatient.de\\\/en\\\/#organization\",\"name\":\"Apfelpatient\",\"url\":\"https:\\\/\\\/www.apfelpatient.de\\\/en\\\/\"},\"image\":{\"@id\":\"https:\\\/\\\/www.apfelpatient.de\\\/news\\\/fcc-unterlagen-enthuellen-ueberarbeitetes-apple-magsafe-ladegeraet#primaryimage\"},\"thumbnailUrl\":\"https:\\\/\\\/www.apfelpatient.de\\\/wp-content\\\/uploads\\\/2021\\\/09\\\/bigstock-Frankfurt-Germany-November-394919096.jpg\",\"keywords\":[\"iPhone\",\"iPhone 13\"],\"articleSection\":\"News\",\"inLanguage\":\"en-US\",\"copyrightYear\":\"2021\",\"copyrightHolder\":{\"@id\":\"https:\\\/\\\/www.apfelpatient.de\\\/en\\\/#organization\"}},{\"@type\":\"WebPage\",\"@id\":\"https:\\\/\\\/www.apfelpatient.de\\\/news\\\/fcc-unterlagen-enthuellen-ueberarbeitetes-apple-magsafe-ladegeraet\",\"url\":\"https:\\\/\\\/www.apfelpatient.de\\\/news\\\/fcc-unterlagen-enthuellen-ueberarbeitetes-apple-magsafe-ladegeraet\",\"name\":\"FCC-Unterlagen enth\u00fcllen \u00fcberarbeitetes Apple MagSafe-Ladeger\u00e4t\",\"isPartOf\":{\"@id\":\"https:\\\/\\\/www.apfelpatient.de\\\/#website\"},\"primaryImageOfPage\":{\"@id\":\"https:\\\/\\\/www.apfelpatient.de\\\/news\\\/fcc-unterlagen-enthuellen-ueberarbeitetes-apple-magsafe-ladegeraet#primaryimage\"},\"image\":{\"@id\":\"https:\\\/\\\/www.apfelpatient.de\\\/news\\\/fcc-unterlagen-enthuellen-ueberarbeitetes-apple-magsafe-ladegeraet#primaryimage\"},\"thumbnailUrl\":\"https:\\\/\\\/www.apfelpatient.de\\\/wp-content\\\/uploads\\\/2021\\\/09\\\/bigstock-Frankfurt-Germany-November-394919096.jpg\",\"datePublished\":\"2021-09-07T09:14:54+00:00\",\"dateModified\":\"2021-09-07T09:14:55+00:00\",\"description\":\"FCC-Unterlagen enth\u00fcllen neues MagSafe-Ladeger\u00e4t: Apple wird vermutlich in rund einer Woche die neue iPhone 13 Reihe vorstellen.\",\"breadcrumb\":{\"@id\":\"https:\\\/\\\/www.apfelpatient.de\\\/news\\\/fcc-unterlagen-enthuellen-ueberarbeitetes-apple-magsafe-ladegeraet#breadcrumb\"},\"inLanguage\":\"en-US\",\"potentialAction\":[{\"@type\":\"ReadAction\",\"target\":[\"https:\\\/\\\/www.apfelpatient.de\\\/news\\\/fcc-unterlagen-enthuellen-ueberarbeitetes-apple-magsafe-ladegeraet\"]}]},{\"@type\":\"ImageObject\",\"inLanguage\":\"en-US\",\"@id\":\"https:\\\/\\\/www.apfelpatient.de\\\/news\\\/fcc-unterlagen-enthuellen-ueberarbeitetes-apple-magsafe-ladegeraet#primaryimage\",\"url\":\"https:\\\/\\\/www.apfelpatient.de\\\/wp-content\\\/uploads\\\/2021\\\/09\\\/bigstock-Frankfurt-Germany-November-394919096.jpg\",\"contentUrl\":\"https:\\\/\\\/www.apfelpatient.de\\\/wp-content\\\/uploads\\\/2021\\\/09\\\/bigstock-Frankfurt-Germany-November-394919096.jpg\",\"width\":1600,\"height\":1067,\"caption\":\"Frankfurt, Germany - November 13th 2020: A german photographer bought the new iPhone 12 Pro Max with MagSafe accessories as the charger, taking pictures of the unboxing.\"},{\"@type\":\"BreadcrumbList\",\"@id\":\"https:\\\/\\\/www.apfelpatient.de\\\/news\\\/fcc-unterlagen-enthuellen-ueberarbeitetes-apple-magsafe-ladegeraet#breadcrumb\",\"itemListElement\":[{\"@type\":\"ListItem\",\"position\":1,\"name\":\"Startseite\",\"item\":\"https:\\\/\\\/www.apfelpatient.de\\\/\"},{\"@type\":\"ListItem\",\"position\":2,\"name\":\"FCC-Unterlagen enth\u00fcllen \u00fcberarbeitetes Apple MagSafe-Ladeger\u00e4t\"}]},{\"@type\":\"WebSite\",\"@id\":\"https:\\\/\\\/www.apfelpatient.de\\\/#website\",\"url\":\"https:\\\/\\\/www.apfelpatient.de\\\/\",\"name\":\"Apfelpatient\",\"description\":\"Alles rund um Apple!\",\"publisher\":{\"@type\":\"Organization\",\"@id\":\"https:\\\/\\\/www.apfelpatient.de\\\/en\\\/#organization\",\"name\":\"Apfelpatient\",\"url\":\"https:\\\/\\\/www.apfelpatient.de\\\/en\\\/\"},\"alternateName\":\"Apfelpatient\",\"potentialAction\":[{\"@type\":\"SearchAction\",\"target\":{\"@type\":\"EntryPoint\",\"urlTemplate\":\"https:\\\/\\\/www.apfelpatient.de\\\/?s={search_term_string}\"},\"query-input\":{\"@type\":\"PropertyValueSpecification\",\"valueRequired\":true,\"valueName\":\"search_term_string\"}}],\"inLanguage\":\"en-US\"},{\"@type\":[\"Person\",\"Organization\"],\"@id\":\"https:\\\/\\\/www.apfelpatient.de\\\/#\\\/schema\\\/person\\\/35b3ddba5832f2bfc7fff5206d4f6b7b\",\"name\":\"Milan\",\"logo\":{\"@id\":\"https:\\\/\\\/www.apfelpatient.de\\\/#\\\/schema\\\/person\\\/image\\\/\"},\"description\":\"Hallo und herzlich willkommen auf meinem Technik-Blog! Als gro\u00dfer Apple-Fan berichte ich hier \u00fcber alles, was mit Apple zu tun hat: von den neuesten News und spannenden Ger\u00fcchten \u00fcber hilfreiche Tipps und Tricks bis hin zu ausf\u00fchrlichen Produkttests. Wenn du genauso technikbegeistert bist wie ich, bist du hier genau richtig!\",\"sameAs\":[\"https:\\\/\\\/www.facebook.com\\\/apfelpatientOfficial\",\"https:\\\/\\\/www.linkedin.com\\\/in\\\/milan-jovicic-42aa0231b\"],\"url\":\"https:\\\/\\\/www.apfelpatient.de\\\/en\\\/author\\\/apfeladmin\"}]}<\/script>\n<!-- \/ Yoast SEO Premium plugin. -->","yoast_head_json":{"title":"FCC documents reveal redesigned Apple MagSafe charger","description":"FCC documents reveal new MagSafe charger: Apple will probably introduce the new iPhone 13 series in about a week.","robots":{"index":"index","follow":"follow","max-snippet":"max-snippet:-1","max-image-preview":"max-image-preview:large","max-video-preview":"max-video-preview:-1"},"canonical":"https:\/\/www.apfelpatient.de\/en\/news\/fcc-documents-reveal-redesigned-apple-magsafe-charger","og_locale":"en_US","og_type":"article","og_title":"FCC-Unterlagen enth\u00fcllen \u00fcberarbeitetes Apple MagSafe-Ladeger\u00e4t","og_description":"FCC-Unterlagen enth\u00fcllen neues MagSafe-Ladeger\u00e4t: Apple wird vermutlich in rund einer Woche die neue iPhone 13 Reihe vorstellen.","og_url":"https:\/\/www.apfelpatient.de\/en\/news\/fcc-documents-reveal-redesigned-apple-magsafe-charger","og_site_name":"Apfelpatient","article_publisher":"https:\/\/www.facebook.com\/apfelpatientOfficial","article_author":"https:\/\/www.facebook.com\/apfelpatientOfficial","article_published_time":"2021-09-07T09:14:54+00:00","article_modified_time":"2021-09-07T09:14:55+00:00","og_image":[{"width":1600,"height":1067,"url":"https:\/\/www.apfelpatient.de\/wp-content\/uploads\/2021\/09\/bigstock-Frankfurt-Germany-November-394919096.jpg","type":"image\/jpeg"}],"author":"Milan","twitter_card":"summary_large_image","twitter_description":"FCC-Unterlagen enth\u00fcllen neues MagSafe-Ladeger\u00e4t: Apple wird vermutlich in rund einer Woche die neue iPhone 13 Reihe vorstellen.","twitter_misc":{"Written by":"Milan","Est. reading time":"2 minutes"},"schema":{"@context":"https:\/\/schema.org","@graph":[{"@type":"NewsArticle","@id":"https:\/\/www.apfelpatient.de\/news\/fcc-unterlagen-enthuellen-ueberarbeitetes-apple-magsafe-ladegeraet#article","isPartOf":{"@id":"https:\/\/www.apfelpatient.de\/news\/fcc-unterlagen-enthuellen-ueberarbeitetes-apple-magsafe-ladegeraet"},"author":{"@type":"Organization","@id":"https:\/\/www.apfelpatient.de\/en\/#organization","name":"Apfelpatient","url":"https:\/\/www.apfelpatient.de\/en\/"},"headline":"FCC-Unterlagen enth\u00fcllen \u00fcberarbeitetes Apple MagSafe-Ladeger\u00e4t","datePublished":"2021-09-07T09:14:54+00:00","dateModified":"2021-09-07T09:14:55+00:00","mainEntityOfPage":{"@id":"https:\/\/www.apfelpatient.de\/news\/fcc-unterlagen-enthuellen-ueberarbeitetes-apple-magsafe-ladegeraet"},"wordCount":287,"publisher":{"@type":"Organization","@id":"https:\/\/www.apfelpatient.de\/en\/#organization","name":"Apfelpatient","url":"https:\/\/www.apfelpatient.de\/en\/"},"image":{"@id":"https:\/\/www.apfelpatient.de\/news\/fcc-unterlagen-enthuellen-ueberarbeitetes-apple-magsafe-ladegeraet#primaryimage"},"thumbnailUrl":"https:\/\/www.apfelpatient.de\/wp-content\/uploads\/2021\/09\/bigstock-Frankfurt-Germany-November-394919096.jpg","keywords":["iPhone","iPhone 13"],"articleSection":"News","inLanguage":"en-US","copyrightYear":"2021","copyrightHolder":{"@id":"https:\/\/www.apfelpatient.de\/en\/#organization"}},{"@type":"WebPage","@id":"https:\/\/www.apfelpatient.de\/news\/fcc-unterlagen-enthuellen-ueberarbeitetes-apple-magsafe-ladegeraet","url":"https:\/\/www.apfelpatient.de\/news\/fcc-unterlagen-enthuellen-ueberarbeitetes-apple-magsafe-ladegeraet","name":"FCC documents reveal redesigned Apple MagSafe charger","isPartOf":{"@id":"https:\/\/www.apfelpatient.de\/#website"},"primaryImageOfPage":{"@id":"https:\/\/www.apfelpatient.de\/news\/fcc-unterlagen-enthuellen-ueberarbeitetes-apple-magsafe-ladegeraet#primaryimage"},"image":{"@id":"https:\/\/www.apfelpatient.de\/news\/fcc-unterlagen-enthuellen-ueberarbeitetes-apple-magsafe-ladegeraet#primaryimage"},"thumbnailUrl":"https:\/\/www.apfelpatient.de\/wp-content\/uploads\/2021\/09\/bigstock-Frankfurt-Germany-November-394919096.jpg","datePublished":"2021-09-07T09:14:54+00:00","dateModified":"2021-09-07T09:14:55+00:00","description":"FCC documents reveal new MagSafe charger: Apple will probably introduce the new iPhone 13 series in about a week.","breadcrumb":{"@id":"https:\/\/www.apfelpatient.de\/news\/fcc-unterlagen-enthuellen-ueberarbeitetes-apple-magsafe-ladegeraet#breadcrumb"},"inLanguage":"en-US","potentialAction":[{"@type":"ReadAction","target":["https:\/\/www.apfelpatient.de\/news\/fcc-unterlagen-enthuellen-ueberarbeitetes-apple-magsafe-ladegeraet"]}]},{"@type":"ImageObject","inLanguage":"en-US","@id":"https:\/\/www.apfelpatient.de\/news\/fcc-unterlagen-enthuellen-ueberarbeitetes-apple-magsafe-ladegeraet#primaryimage","url":"https:\/\/www.apfelpatient.de\/wp-content\/uploads\/2021\/09\/bigstock-Frankfurt-Germany-November-394919096.jpg","contentUrl":"https:\/\/www.apfelpatient.de\/wp-content\/uploads\/2021\/09\/bigstock-Frankfurt-Germany-November-394919096.jpg","width":1600,"height":1067,"caption":"Frankfurt, Germany - November 13th 2020: A german photographer bought the new iPhone 12 Pro Max with MagSafe accessories as the charger, taking pictures of the unboxing."},{"@type":"BreadcrumbList","@id":"https:\/\/www.apfelpatient.de\/news\/fcc-unterlagen-enthuellen-ueberarbeitetes-apple-magsafe-ladegeraet#breadcrumb","itemListElement":[{"@type":"ListItem","position":1,"name":"Startseite","item":"https:\/\/www.apfelpatient.de\/"},{"@type":"ListItem","position":2,"name":"FCC-Unterlagen enth\u00fcllen \u00fcberarbeitetes Apple MagSafe-Ladeger\u00e4t"}]},{"@type":"WebSite","@id":"https:\/\/www.apfelpatient.de\/#website","url":"https:\/\/www.apfelpatient.de\/","name":"apple patient","description":"Everything about Apple!","publisher":{"@type":"Organization","@id":"https:\/\/www.apfelpatient.de\/en\/#organization","name":"Apfelpatient","url":"https:\/\/www.apfelpatient.de\/en\/"},"alternateName":"Apfelpatient","potentialAction":[{"@type":"SearchAction","target":{"@type":"EntryPoint","urlTemplate":"https:\/\/www.apfelpatient.de\/?s={search_term_string}"},"query-input":{"@type":"PropertyValueSpecification","valueRequired":true,"valueName":"search_term_string"}}],"inLanguage":"en-US"},{"@type":["Person","Organization"],"@id":"https:\/\/www.apfelpatient.de\/#\/schema\/person\/35b3ddba5832f2bfc7fff5206d4f6b7b","name":"Milan","logo":{"@id":"https:\/\/www.apfelpatient.de\/#\/schema\/person\/image\/"},"description":"Hello and welcome to my technology blog! As a big Apple fan, I report on everything to do with Apple: from the latest news and exciting rumors to helpful tips and tricks and detailed product tests. If you are as enthusiastic about technology as I am, you have come to the right place!","sameAs":["https:\/\/www.facebook.com\/apfelpatientOfficial","https:\/\/www.linkedin.com\/in\/milan-jovicic-42aa0231b"],"url":"https:\/\/www.apfelpatient.de\/en\/author\/apfeladmin"}]}},"_links":{"self":[{"href":"https:\/\/www.apfelpatient.de\/en\/wp-json\/wp\/v2\/posts\/25973","targetHints":{"allow":["GET"]}}],"collection":[{"href":"https:\/\/www.apfelpatient.de\/en\/wp-json\/wp\/v2\/posts"}],"about":[{"href":"https:\/\/www.apfelpatient.de\/en\/wp-json\/wp\/v2\/types\/post"}],"author":[{"embeddable":true,"href":"https:\/\/www.apfelpatient.de\/en\/wp-json\/wp\/v2\/users\/2"}],"replies":[{"embeddable":true,"href":"https:\/\/www.apfelpatient.de\/en\/wp-json\/wp\/v2\/comments?post=25973"}],"version-history":[{"count":0,"href":"https:\/\/www.apfelpatient.de\/en\/wp-json\/wp\/v2\/posts\/25973\/revisions"}],"wp:featuredmedia":[{"embeddable":true,"href":"https:\/\/www.apfelpatient.de\/en\/wp-json\/wp\/v2\/media\/25972"}],"wp:attachment":[{"href":"https:\/\/www.apfelpatient.de\/en\/wp-json\/wp\/v2\/media?parent=25973"}],"wp:term":[{"taxonomy":"category","embeddable":true,"href":"https:\/\/www.apfelpatient.de\/en\/wp-json\/wp\/v2\/categories?post=25973"},{"taxonomy":"post_tag","embeddable":true,"href":"https:\/\/www.apfelpatient.de\/en\/wp-json\/wp\/v2\/tags?post=25973"}],"curies":[{"name":"wp","href":"https:\/\/api.w.org\/{rel}","templated":true}]}}