{"id":25901,"date":"2021-09-05T16:56:59","date_gmt":"2021-09-05T14:56:59","guid":{"rendered":"https:\/\/www.apfelpatient.de\/?p=25901"},"modified":"2021-09-05T17:21:15","modified_gmt":"2021-09-05T15:21:15","slug":"apple-watch-series-7-to-launch-in-very-small-numbers","status":"publish","type":"post","link":"https:\/\/www.apfelpatient.de\/en\/rumors\/apple-watch-series-7-soll-in-sehr-geringer-stueckzahl-starten","title":{"rendered":"Apple Watch Series 7 to launch in very small quantities"},"content":{"rendered":"<p class=\"has-drop-cap\"><strong>Despite reported production issues with the Apple Watch Series 7, Apple is reportedly sticking to its plan to unveil the new smartwatch in the middle of the month. However, it will be available in very limited quantities at launch, according to Mark Gurman.<\/strong><\/p>\n\n\n\n<p>In the latest <a href=\"https:\/\/www.bloomberg.com\/account\/newsletters\/power-on\" target=\"_blank\" rel=\"noreferrer noopener\">output<\/a> In his &quot;Power On&quot; newsletter, Bloomberg journalist and Apple leaker Mark Gurman outlines three possible scenarios: The Apple Watch Series 7 announcement is delayed while production issues are resolved, the announcement is brought forward and the device is only available in limited quantities, or the device is announced but does not go on sale until a later date. However, Gurman believes the product will be announced as part of the September event, which is expected on September 14.<\/p>\n\n\n\n<h3 class=\"wp-block-heading\" id=\"h-apple-watch-series-7-neues-design-aber-keine-neuen-gesundheitsfunktionen\">Apple Watch Series 7: New design but no new health features<\/h3>\n\n\n\n\n\n\n\n<blockquote class=\"wp-block-quote is-layout-flow wp-block-quote-is-layout-flow\"><p>My colleague Debby Wu and I have reported that the new display is causing problems in production. When this happens with a new product, there are usually three possibilities: the announcement is delayed until the problems are resolved, the product is released on time in small quantities, or the device is announced on time but goes on sale later. I expect we&#039;ll see an announcement during the usual September event along with the iPhone, but there will be a mix of models that ship late or in small quantities. For those who saw the Apple Watch launch in 2015, this shouldn&#039;t be too unusual.<\/p><\/blockquote>\n\n\n\n<p>The Apple Watch Series 7 is expected to have a new design with flat edges and will be available in 41 mm and 45 mm sizes. Bloomberg has already <a href=\"https:\/\/www.apfelpatient.de\/en\/rumors\/apple-watch-series-7-details-about-new-watch-faces-surfaced\">reported<\/a>that the larger display will result in new exclusive watch faces. However, no new health functions are expected among the innovations. Gurman emphasized again that the Series 7 will not have the ability to measure blood pressure, as previously claimed by Nikkei. Are you looking for new MagSafe accessories from Apple? <a href=\"https:\/\/www.amazon.de\/shop\/apfelpatientofficial?listId=21E2RFFAY554S&amp;ref=cm_sw_em_r_inf_list_own_apfelpatientofficial_dp_riZhz1Vqdb3gV\" target=\"_blank\" rel=\"noreferrer noopener\">Then take a look at Amazon<\/a>There you will find Apple&#039;s MagSafe chargers, power adapters, cases and the external battery at a discount. In addition, we have dozens of other recommendations <a href=\"https:\/\/www.amazon.de\/shop\/apfelpatientofficial\" target=\"_blank\" rel=\"noreferrer noopener\">in our storefront<\/a>, including from Nomad, Anker and Pitaka \u2013 enjoy browsing. (Image: Jon Prosser x Rendersbyan)<\/p>\n\n\n\n<ul class=\"wp-block-list\"><li><a href=\"https:\/\/www.apfelpatient.de\/en\/rumors\/apple-watch-these-health-features-are-working-on\">Apple Watch: These are the health features Apple is working on<\/a><\/li><\/ul>\n\n\n\n<h6 class=\"wp-block-heading translation-block\" id=\"h-kennt-ihr-schon-unsere-amazon-storefront-dort-findet-ihr-eine-handverlesene-auswahl-von-diversen-produkten-f-r-euer-iphone-und-co-viel-spa-beim-st-bern\"><em>Have you already visited our Amazon Storefront? There you&#039;ll find a hand-picked selection of various products for your iPhone and other devices \u2013 <span class=\"has-inline-color has-vivid-red-color\"><a href=\"https:\/\/www.amazon.de\/shop\/apfelpatientofficial\" class=\"ek-link\" data-wpel-link=\"exclude\" rel=\"follow noopener\" target=\"_self\"><span style=\"text-decoration: underline\" class=\"ek-underline\">enjoy browsing<\/span><\/a> !<\/span><\/em><\/h6>\n\n\n\n<h6 class=\"wp-block-heading translation-block\" id=\"h-der-beitrag-enthalt-partnerlinks\">This post contains <a data-type=\"URL\" data-id=\"https:\/\/www.apfelpatient.de\/partnerprogramm\" href=\"https:\/\/www.apfelpatient.de\/en\/partner-program\" data-wpel-link=\"internal\" target=\"_self\">affiliate links<\/a>.<\/h6>","protected":false},"excerpt":{"rendered":"<p>Event: Although there are reportedly production issues with the Apple Watch Series 7, Apple is reportedly sticking to the plan despite this.<\/p>","protected":false},"author":2,"featured_media":22594,"comment_status":"closed","ping_status":"closed","sticky":false,"template":"","format":"standard","meta":{"jnews-multi-image_gallery":[],"jnews_single_post":{"subtitle":"","format":"standard","video":"","gallery":"","source_name":"","source_url":"","via_name":"","via_url":"","override":[{"single_blog_custom":"","sidebar":"","second_sidebar":"","share_position":"","share_float_style":"","post_date_format":"","post_date_format_custom":"","post_reading_time_wpm":"","zoom_button_out_step":"1","zoom_button_in_step":"1","number_popup_post":"1"}],"image_override":[{"single_post_thumbnail_size":"","single_post_gallery_size":""}],"trending_post_position":"","trending_post_label":"","sponsored_post_label":"","sponsored_post_name":"","sponsored_post_url":"","sponsored_post_logo":"","sponsored_post_desc":""},"jnews_primary_category":{"id":"25"},"footnotes":""},"categories":[25],"tags":[14,391],"class_list":["post-25901","post","type-post","status-publish","format-standard","has-post-thumbnail","hentry","category-rumors","tag-apple-watch","tag-apple-watch-series-7"],"yoast_head":"<!-- This site is optimized with the Yoast SEO Premium plugin v27.5 (Yoast SEO v27.5) - https:\/\/yoast.com\/product\/yoast-seo-premium-wordpress\/ -->\n<title>Apple Watch Series 7 soll in sehr geringer St\u00fcckzahl starten Apfelpatient<\/title>\n<meta name=\"description\" content=\"Event: Obwohl es Berichten zufolge Produktionsprobleme bei der Apple Watch Series 7 gibt, h\u00e4lt Apple angeblich trotz dessen an dem Plan fest.\" \/>\n<meta name=\"robots\" content=\"index, follow, max-snippet:-1, max-image-preview:large, max-video-preview:-1\" \/>\n<link rel=\"canonical\" href=\"https:\/\/www.apfelpatient.de\/en\/rumors\/apple-watch-series-7-to-launch-in-very-small-numbers\" \/>\n<meta property=\"og:locale\" content=\"en_US\" \/>\n<meta property=\"og:type\" content=\"article\" \/>\n<meta property=\"og:title\" content=\"Apple Watch Series 7 soll in sehr geringer St\u00fcckzahl starten\" \/>\n<meta property=\"og:description\" content=\"Event: Obwohl es Berichten zufolge Produktionsprobleme bei der Apple Watch Series 7 gibt, h\u00e4lt Apple angeblich trotz dessen an dem Plan fest.\" \/>\n<meta property=\"og:url\" content=\"https:\/\/www.apfelpatient.de\/en\/rumors\/apple-watch-series-7-to-launch-in-very-small-numbers\" \/>\n<meta property=\"og:site_name\" content=\"Apfelpatient\" \/>\n<meta property=\"article:publisher\" content=\"https:\/\/www.facebook.com\/apfelpatientOfficial\" \/>\n<meta property=\"article:author\" content=\"https:\/\/www.facebook.com\/apfelpatientOfficial\" \/>\n<meta property=\"article:published_time\" content=\"2021-09-05T14:56:59+00:00\" \/>\n<meta property=\"article:modified_time\" content=\"2021-09-05T15:21:15+00:00\" \/>\n<meta property=\"og:image\" content=\"https:\/\/www.apfelpatient.de\/wp-content\/uploads\/2021\/05\/s7-black.jpg\" \/>\n\t<meta property=\"og:image:width\" content=\"1600\" \/>\n\t<meta property=\"og:image:height\" content=\"900\" \/>\n\t<meta property=\"og:image:type\" content=\"image\/jpeg\" \/>\n<meta name=\"author\" content=\"Milan\" \/>\n<meta name=\"twitter:card\" content=\"summary_large_image\" \/>\n<meta name=\"twitter:description\" content=\"Event: Obwohl es Berichten zufolge Produktionsprobleme bei der Apple Watch Series 7 gibt, h\u00e4lt Apple angeblich trotz dessen an dem Plan fest.\" \/>\n<meta name=\"twitter:label1\" content=\"Written by\" \/>\n\t<meta name=\"twitter:data1\" content=\"Milan\" \/>\n\t<meta name=\"twitter:label2\" content=\"Est. reading time\" \/>\n\t<meta name=\"twitter:data2\" content=\"2 minutes\" \/>\n<script type=\"application\/ld+json\" class=\"yoast-schema-graph\">{\"@context\":\"https:\\\/\\\/schema.org\",\"@graph\":[{\"@type\":\"NewsArticle\",\"@id\":\"https:\\\/\\\/www.apfelpatient.de\\\/rumors\\\/apple-watch-series-7-soll-in-sehr-geringer-stueckzahl-starten#article\",\"isPartOf\":{\"@id\":\"https:\\\/\\\/www.apfelpatient.de\\\/rumors\\\/apple-watch-series-7-soll-in-sehr-geringer-stueckzahl-starten\"},\"author\":{\"@type\":\"Organization\",\"@id\":\"https:\\\/\\\/www.apfelpatient.de\\\/en\\\/#organization\",\"name\":\"Apfelpatient\",\"url\":\"https:\\\/\\\/www.apfelpatient.de\\\/en\\\/\"},\"headline\":\"Apple Watch Series 7 soll in sehr geringer St\u00fcckzahl starten\",\"datePublished\":\"2021-09-05T14:56:59+00:00\",\"dateModified\":\"2021-09-05T15:21:15+00:00\",\"mainEntityOfPage\":{\"@id\":\"https:\\\/\\\/www.apfelpatient.de\\\/rumors\\\/apple-watch-series-7-soll-in-sehr-geringer-stueckzahl-starten\"},\"wordCount\":426,\"publisher\":{\"@type\":\"Organization\",\"@id\":\"https:\\\/\\\/www.apfelpatient.de\\\/en\\\/#organization\",\"name\":\"Apfelpatient\",\"url\":\"https:\\\/\\\/www.apfelpatient.de\\\/en\\\/\"},\"image\":{\"@id\":\"https:\\\/\\\/www.apfelpatient.de\\\/rumors\\\/apple-watch-series-7-soll-in-sehr-geringer-stueckzahl-starten#primaryimage\"},\"thumbnailUrl\":\"https:\\\/\\\/www.apfelpatient.de\\\/wp-content\\\/uploads\\\/2021\\\/05\\\/s7-black.jpg\",\"keywords\":[\"Apple Watch\",\"Apple Watch Series 7\"],\"articleSection\":\"Rumors\",\"inLanguage\":\"en-US\",\"copyrightYear\":\"2021\",\"copyrightHolder\":{\"@id\":\"https:\\\/\\\/www.apfelpatient.de\\\/en\\\/#organization\"}},{\"@type\":\"WebPage\",\"@id\":\"https:\\\/\\\/www.apfelpatient.de\\\/rumors\\\/apple-watch-series-7-soll-in-sehr-geringer-stueckzahl-starten\",\"url\":\"https:\\\/\\\/www.apfelpatient.de\\\/rumors\\\/apple-watch-series-7-soll-in-sehr-geringer-stueckzahl-starten\",\"name\":\"Apple Watch Series 7 soll in sehr geringer St\u00fcckzahl starten Apfelpatient\",\"isPartOf\":{\"@id\":\"https:\\\/\\\/www.apfelpatient.de\\\/#website\"},\"primaryImageOfPage\":{\"@id\":\"https:\\\/\\\/www.apfelpatient.de\\\/rumors\\\/apple-watch-series-7-soll-in-sehr-geringer-stueckzahl-starten#primaryimage\"},\"image\":{\"@id\":\"https:\\\/\\\/www.apfelpatient.de\\\/rumors\\\/apple-watch-series-7-soll-in-sehr-geringer-stueckzahl-starten#primaryimage\"},\"thumbnailUrl\":\"https:\\\/\\\/www.apfelpatient.de\\\/wp-content\\\/uploads\\\/2021\\\/05\\\/s7-black.jpg\",\"datePublished\":\"2021-09-05T14:56:59+00:00\",\"dateModified\":\"2021-09-05T15:21:15+00:00\",\"description\":\"Event: Obwohl es Berichten zufolge Produktionsprobleme bei der Apple Watch Series 7 gibt, h\u00e4lt Apple angeblich trotz dessen an dem Plan fest.\",\"breadcrumb\":{\"@id\":\"https:\\\/\\\/www.apfelpatient.de\\\/rumors\\\/apple-watch-series-7-soll-in-sehr-geringer-stueckzahl-starten#breadcrumb\"},\"inLanguage\":\"en-US\",\"potentialAction\":[{\"@type\":\"ReadAction\",\"target\":[\"https:\\\/\\\/www.apfelpatient.de\\\/rumors\\\/apple-watch-series-7-soll-in-sehr-geringer-stueckzahl-starten\"]}]},{\"@type\":\"ImageObject\",\"inLanguage\":\"en-US\",\"@id\":\"https:\\\/\\\/www.apfelpatient.de\\\/rumors\\\/apple-watch-series-7-soll-in-sehr-geringer-stueckzahl-starten#primaryimage\",\"url\":\"https:\\\/\\\/www.apfelpatient.de\\\/wp-content\\\/uploads\\\/2021\\\/05\\\/s7-black.jpg\",\"contentUrl\":\"https:\\\/\\\/www.apfelpatient.de\\\/wp-content\\\/uploads\\\/2021\\\/05\\\/s7-black.jpg\",\"width\":1600,\"height\":900,\"caption\":\"Bild: Jon Prosser x Rendersbyan - Apple Watch Series 7\"},{\"@type\":\"BreadcrumbList\",\"@id\":\"https:\\\/\\\/www.apfelpatient.de\\\/rumors\\\/apple-watch-series-7-soll-in-sehr-geringer-stueckzahl-starten#breadcrumb\",\"itemListElement\":[{\"@type\":\"ListItem\",\"position\":1,\"name\":\"Startseite\",\"item\":\"https:\\\/\\\/www.apfelpatient.de\\\/\"},{\"@type\":\"ListItem\",\"position\":2,\"name\":\"Apple Watch Series 7 soll in sehr geringer St\u00fcckzahl starten\"}]},{\"@type\":\"WebSite\",\"@id\":\"https:\\\/\\\/www.apfelpatient.de\\\/#website\",\"url\":\"https:\\\/\\\/www.apfelpatient.de\\\/\",\"name\":\"Apfelpatient\",\"description\":\"Alles rund um Apple!\",\"publisher\":{\"@type\":\"Organization\",\"@id\":\"https:\\\/\\\/www.apfelpatient.de\\\/en\\\/#organization\",\"name\":\"Apfelpatient\",\"url\":\"https:\\\/\\\/www.apfelpatient.de\\\/en\\\/\"},\"alternateName\":\"Apfelpatient\",\"potentialAction\":[{\"@type\":\"SearchAction\",\"target\":{\"@type\":\"EntryPoint\",\"urlTemplate\":\"https:\\\/\\\/www.apfelpatient.de\\\/?s={search_term_string}\"},\"query-input\":{\"@type\":\"PropertyValueSpecification\",\"valueRequired\":true,\"valueName\":\"search_term_string\"}}],\"inLanguage\":\"en-US\"},{\"@type\":[\"Person\",\"Organization\"],\"@id\":\"https:\\\/\\\/www.apfelpatient.de\\\/#\\\/schema\\\/person\\\/35b3ddba5832f2bfc7fff5206d4f6b7b\",\"name\":\"Milan\",\"logo\":{\"@id\":\"https:\\\/\\\/www.apfelpatient.de\\\/#\\\/schema\\\/person\\\/image\\\/\"},\"description\":\"Hallo und herzlich willkommen auf meinem Technik-Blog! Als gro\u00dfer Apple-Fan berichte ich hier \u00fcber alles, was mit Apple zu tun hat: von den neuesten News und spannenden Ger\u00fcchten \u00fcber hilfreiche Tipps und Tricks bis hin zu ausf\u00fchrlichen Produkttests. Wenn du genauso technikbegeistert bist wie ich, bist du hier genau richtig!\",\"sameAs\":[\"https:\\\/\\\/www.facebook.com\\\/apfelpatientOfficial\",\"https:\\\/\\\/www.linkedin.com\\\/in\\\/milan-jovicic-42aa0231b\"],\"url\":\"https:\\\/\\\/www.apfelpatient.de\\\/en\\\/author\\\/apfeladmin\"}]}<\/script>\n<!-- \/ Yoast SEO Premium plugin. -->","yoast_head_json":{"title":"Apple Watch Series 7 to launch in very small numbers Apfelpatient","description":"Event: Although there are reportedly production issues with the Apple Watch Series 7, Apple is reportedly sticking to the plan despite this.","robots":{"index":"index","follow":"follow","max-snippet":"max-snippet:-1","max-image-preview":"max-image-preview:large","max-video-preview":"max-video-preview:-1"},"canonical":"https:\/\/www.apfelpatient.de\/en\/rumors\/apple-watch-series-7-to-launch-in-very-small-numbers","og_locale":"en_US","og_type":"article","og_title":"Apple Watch Series 7 soll in sehr geringer St\u00fcckzahl starten","og_description":"Event: Obwohl es Berichten zufolge Produktionsprobleme bei der Apple Watch Series 7 gibt, h\u00e4lt Apple angeblich trotz dessen an dem Plan fest.","og_url":"https:\/\/www.apfelpatient.de\/en\/rumors\/apple-watch-series-7-to-launch-in-very-small-numbers","og_site_name":"Apfelpatient","article_publisher":"https:\/\/www.facebook.com\/apfelpatientOfficial","article_author":"https:\/\/www.facebook.com\/apfelpatientOfficial","article_published_time":"2021-09-05T14:56:59+00:00","article_modified_time":"2021-09-05T15:21:15+00:00","og_image":[{"width":1600,"height":900,"url":"https:\/\/www.apfelpatient.de\/wp-content\/uploads\/2021\/05\/s7-black.jpg","type":"image\/jpeg"}],"author":"Milan","twitter_card":"summary_large_image","twitter_description":"Event: Obwohl es Berichten zufolge Produktionsprobleme bei der Apple Watch Series 7 gibt, h\u00e4lt Apple angeblich trotz dessen an dem Plan fest.","twitter_misc":{"Written by":"Milan","Est. reading time":"2 minutes"},"schema":{"@context":"https:\/\/schema.org","@graph":[{"@type":"NewsArticle","@id":"https:\/\/www.apfelpatient.de\/rumors\/apple-watch-series-7-soll-in-sehr-geringer-stueckzahl-starten#article","isPartOf":{"@id":"https:\/\/www.apfelpatient.de\/rumors\/apple-watch-series-7-soll-in-sehr-geringer-stueckzahl-starten"},"author":{"@type":"Organization","@id":"https:\/\/www.apfelpatient.de\/en\/#organization","name":"Apfelpatient","url":"https:\/\/www.apfelpatient.de\/en\/"},"headline":"Apple Watch Series 7 soll in sehr geringer St\u00fcckzahl starten","datePublished":"2021-09-05T14:56:59+00:00","dateModified":"2021-09-05T15:21:15+00:00","mainEntityOfPage":{"@id":"https:\/\/www.apfelpatient.de\/rumors\/apple-watch-series-7-soll-in-sehr-geringer-stueckzahl-starten"},"wordCount":426,"publisher":{"@type":"Organization","@id":"https:\/\/www.apfelpatient.de\/en\/#organization","name":"Apfelpatient","url":"https:\/\/www.apfelpatient.de\/en\/"},"image":{"@id":"https:\/\/www.apfelpatient.de\/rumors\/apple-watch-series-7-soll-in-sehr-geringer-stueckzahl-starten#primaryimage"},"thumbnailUrl":"https:\/\/www.apfelpatient.de\/wp-content\/uploads\/2021\/05\/s7-black.jpg","keywords":["Apple Watch","Apple Watch Series 7"],"articleSection":"Rumors","inLanguage":"en-US","copyrightYear":"2021","copyrightHolder":{"@id":"https:\/\/www.apfelpatient.de\/en\/#organization"}},{"@type":"WebPage","@id":"https:\/\/www.apfelpatient.de\/rumors\/apple-watch-series-7-soll-in-sehr-geringer-stueckzahl-starten","url":"https:\/\/www.apfelpatient.de\/rumors\/apple-watch-series-7-soll-in-sehr-geringer-stueckzahl-starten","name":"Apple Watch Series 7 to launch in very small numbers Apfelpatient","isPartOf":{"@id":"https:\/\/www.apfelpatient.de\/#website"},"primaryImageOfPage":{"@id":"https:\/\/www.apfelpatient.de\/rumors\/apple-watch-series-7-soll-in-sehr-geringer-stueckzahl-starten#primaryimage"},"image":{"@id":"https:\/\/www.apfelpatient.de\/rumors\/apple-watch-series-7-soll-in-sehr-geringer-stueckzahl-starten#primaryimage"},"thumbnailUrl":"https:\/\/www.apfelpatient.de\/wp-content\/uploads\/2021\/05\/s7-black.jpg","datePublished":"2021-09-05T14:56:59+00:00","dateModified":"2021-09-05T15:21:15+00:00","description":"Event: Although there are reportedly production issues with the Apple Watch Series 7, Apple is reportedly sticking to the plan despite this.","breadcrumb":{"@id":"https:\/\/www.apfelpatient.de\/rumors\/apple-watch-series-7-soll-in-sehr-geringer-stueckzahl-starten#breadcrumb"},"inLanguage":"en-US","potentialAction":[{"@type":"ReadAction","target":["https:\/\/www.apfelpatient.de\/rumors\/apple-watch-series-7-soll-in-sehr-geringer-stueckzahl-starten"]}]},{"@type":"ImageObject","inLanguage":"en-US","@id":"https:\/\/www.apfelpatient.de\/rumors\/apple-watch-series-7-soll-in-sehr-geringer-stueckzahl-starten#primaryimage","url":"https:\/\/www.apfelpatient.de\/wp-content\/uploads\/2021\/05\/s7-black.jpg","contentUrl":"https:\/\/www.apfelpatient.de\/wp-content\/uploads\/2021\/05\/s7-black.jpg","width":1600,"height":900,"caption":"Bild: Jon Prosser x Rendersbyan - Apple Watch Series 7"},{"@type":"BreadcrumbList","@id":"https:\/\/www.apfelpatient.de\/rumors\/apple-watch-series-7-soll-in-sehr-geringer-stueckzahl-starten#breadcrumb","itemListElement":[{"@type":"ListItem","position":1,"name":"Startseite","item":"https:\/\/www.apfelpatient.de\/"},{"@type":"ListItem","position":2,"name":"Apple Watch Series 7 soll in sehr geringer St\u00fcckzahl starten"}]},{"@type":"WebSite","@id":"https:\/\/www.apfelpatient.de\/#website","url":"https:\/\/www.apfelpatient.de\/","name":"apple patient","description":"Everything about Apple!","publisher":{"@type":"Organization","@id":"https:\/\/www.apfelpatient.de\/en\/#organization","name":"Apfelpatient","url":"https:\/\/www.apfelpatient.de\/en\/"},"alternateName":"Apfelpatient","potentialAction":[{"@type":"SearchAction","target":{"@type":"EntryPoint","urlTemplate":"https:\/\/www.apfelpatient.de\/?s={search_term_string}"},"query-input":{"@type":"PropertyValueSpecification","valueRequired":true,"valueName":"search_term_string"}}],"inLanguage":"en-US"},{"@type":["Person","Organization"],"@id":"https:\/\/www.apfelpatient.de\/#\/schema\/person\/35b3ddba5832f2bfc7fff5206d4f6b7b","name":"Milan","logo":{"@id":"https:\/\/www.apfelpatient.de\/#\/schema\/person\/image\/"},"description":"Hello and welcome to my technology blog! As a big Apple fan, I report on everything to do with Apple: from the latest news and exciting rumors to helpful tips and tricks and detailed product tests. If you are as enthusiastic about technology as I am, you have come to the right place!","sameAs":["https:\/\/www.facebook.com\/apfelpatientOfficial","https:\/\/www.linkedin.com\/in\/milan-jovicic-42aa0231b"],"url":"https:\/\/www.apfelpatient.de\/en\/author\/apfeladmin"}]}},"_links":{"self":[{"href":"https:\/\/www.apfelpatient.de\/en\/wp-json\/wp\/v2\/posts\/25901","targetHints":{"allow":["GET"]}}],"collection":[{"href":"https:\/\/www.apfelpatient.de\/en\/wp-json\/wp\/v2\/posts"}],"about":[{"href":"https:\/\/www.apfelpatient.de\/en\/wp-json\/wp\/v2\/types\/post"}],"author":[{"embeddable":true,"href":"https:\/\/www.apfelpatient.de\/en\/wp-json\/wp\/v2\/users\/2"}],"replies":[{"embeddable":true,"href":"https:\/\/www.apfelpatient.de\/en\/wp-json\/wp\/v2\/comments?post=25901"}],"version-history":[{"count":0,"href":"https:\/\/www.apfelpatient.de\/en\/wp-json\/wp\/v2\/posts\/25901\/revisions"}],"wp:featuredmedia":[{"embeddable":true,"href":"https:\/\/www.apfelpatient.de\/en\/wp-json\/wp\/v2\/media\/22594"}],"wp:attachment":[{"href":"https:\/\/www.apfelpatient.de\/en\/wp-json\/wp\/v2\/media?parent=25901"}],"wp:term":[{"taxonomy":"category","embeddable":true,"href":"https:\/\/www.apfelpatient.de\/en\/wp-json\/wp\/v2\/categories?post=25901"},{"taxonomy":"post_tag","embeddable":true,"href":"https:\/\/www.apfelpatient.de\/en\/wp-json\/wp\/v2\/tags?post=25901"}],"curies":[{"name":"wp","href":"https:\/\/api.w.org\/{rel}","templated":true}]}}