{"id":25868,"date":"2021-09-03T17:36:48","date_gmt":"2021-09-03T15:36:48","guid":{"rendered":"https:\/\/www.apfelpatient.de\/?p=25868"},"modified":"2021-09-03T17:36:48","modified_gmt":"2021-09-03T15:36:48","slug":"child-protection-apple-postpones-start-of-csam-detection","status":"publish","type":"post","link":"https:\/\/www.apfelpatient.de\/en\/news\/kinderschutz-apple-verschiebt-start-von-csam-erkennung","title":{"rendered":"Child protection: Apple postpones start of CSAM detection"},"content":{"rendered":"<p class=\"has-drop-cap\"><strong>Following widespread criticism, Apple has now announced that the company will not introduce its child protection features as planned and will instead take \u201cadditional time\u201d for consultation.<\/strong><\/p>\n\n\n\n<p>Apple has sent an email to various US media <a href=\"https:\/\/9to5mac.com\/2021\/09\/03\/apple-delays-csam-detection-feature\/\" target=\"_blank\" rel=\"noreferrer noopener\">confirmed<\/a>that due to the reaction to the original announcement, the company has decided to delay parental control features, including CSAM detection.<\/p>\n\n\n\n<blockquote class=\"wp-block-quote is-layout-flow wp-block-quote-is-layout-flow\"><p>Last month, we announced plans for features to help protect children from sex offenders who use communication tools to recruit and exploit them and to limit the spread of child sexual abuse material. Based on feedback from customers, stakeholders, researchers and others, we have decided to take more time in the coming months to gather input and make improvements before releasing these critically important child protection features.<\/p><\/blockquote>\n\n\n\n<h3 class=\"wp-block-heading\" id=\"h-csam-erkennung-und-co-start-unbekannt\">CSAM detection and co.: start unknown<\/h3>\n\n\n\n\n\n\n\n<p>No specific details were given. It remains unclear what these consultations will look like. Apple originally announced CSAM features and more on August 5, 2021, stating that they would be introduced in the US during 2021. Other countries should then follow. Industry experts responded with an open letter urging Apple not to introduce these features. The objection was that these features could be used for surveillance. When the whole thing will actually be implemented is currently unknown. (Photo by Unsplash \/ Carles Rabada)<\/p>\n\n\n\n<ul class=\"wp-block-list\"><li><a href=\"https:\/\/www.apfelpatient.de\/en\/generally\/icloud-photos-imessage-what-you-need-to-know-about-apples-child-protection\">iCloud Photos &amp; iMessage: What you need to know about Apple&#039;s child protection<\/a><\/li><\/ul>\n\n\n\n<h6 class=\"wp-block-heading translation-block\" id=\"h-kennt-ihr-schon-unsere-amazon-storefront-dort-findet-ihr-eine-handverlesene-auswahl-von-diversen-produkten-f-r-euer-iphone-und-co-viel-spa-beim-st-bern\"><em>Have you already visited our Amazon Storefront? There you&#039;ll find a hand-picked selection of various products for your iPhone and other devices \u2013 <span class=\"has-inline-color has-vivid-red-color\"><a href=\"https:\/\/www.amazon.de\/shop\/apfelpatientofficial\" class=\"ek-link\" data-wpel-link=\"exclude\" rel=\"follow noopener\" target=\"_self\"><span style=\"text-decoration: underline\" class=\"ek-underline\">enjoy browsing<\/span><\/a> !<\/span><\/em><\/h6>\n\n\n\n<h6 class=\"wp-block-heading translation-block\" id=\"h-der-beitrag-enthalt-partnerlinks\">This post contains <a data-type=\"URL\" data-id=\"https:\/\/www.apfelpatient.de\/partnerprogramm\" href=\"https:\/\/www.apfelpatient.de\/en\/partner-program\" data-wpel-link=\"internal\" target=\"_self\">affiliate links<\/a>.<\/h6>","protected":false},"excerpt":{"rendered":"<p>CSAM: After widespread criticism, Apple has now announced that the company will not introduce its child protection features as planned.<\/p>","protected":false},"author":2,"featured_media":25168,"comment_status":"closed","ping_status":"closed","sticky":false,"template":"","format":"standard","meta":{"jnews-multi-image_gallery":[],"jnews_single_post":{"subtitle":"","format":"standard","video":"","gallery":"","source_name":"","source_url":"","via_name":"","via_url":"","override":[{"single_blog_custom":"","sidebar":"","second_sidebar":"","share_position":"","share_float_style":"","post_date_format":"","post_date_format_custom":"","post_reading_time_wpm":"","zoom_button_out_step":"1","zoom_button_in_step":"1","number_popup_post":"1"}],"image_override":[{"single_post_thumbnail_size":"","single_post_gallery_size":""}],"trending_post_position":"","trending_post_label":"","sponsored_post_label":"","sponsored_post_name":"","sponsored_post_url":"","sponsored_post_logo":"","sponsored_post_desc":""},"jnews_primary_category":{"id":"9"},"footnotes":""},"categories":[9],"tags":[3,33,4],"class_list":["post-25868","post","type-post","status-publish","format-standard","has-post-thumbnail","hentry","category-news","tag-ios","tag-ipados","tag-macos"],"yoast_head":"<!-- This site is optimized with the Yoast SEO Premium plugin v27.5 (Yoast SEO v27.5) - https:\/\/yoast.com\/product\/yoast-seo-premium-wordpress\/ -->\n<title>Kinderschutz: Apple verschiebt Start von CSAM-Erkennung Apfelpatient<\/title>\n<meta name=\"description\" content=\"CSAM: Nach breiter Kritik hat Apple nun bekanntgegeben, dass das Unternehmen seine Kinderschutzfunktionen nicht wie geplant einf\u00fchren wird.\" \/>\n<meta name=\"robots\" content=\"index, follow, max-snippet:-1, max-image-preview:large, max-video-preview:-1\" \/>\n<link rel=\"canonical\" href=\"https:\/\/www.apfelpatient.de\/en\/news\/child-protection-apple-postpones-start-of-csam-detection\" \/>\n<meta property=\"og:locale\" content=\"en_US\" \/>\n<meta property=\"og:type\" content=\"article\" \/>\n<meta property=\"og:title\" content=\"Kinderschutz: Apple verschiebt Start von CSAM-Erkennung\" \/>\n<meta property=\"og:description\" content=\"CSAM: Nach breiter Kritik hat Apple nun bekanntgegeben, dass das Unternehmen seine Kinderschutzfunktionen nicht wie geplant einf\u00fchren wird.\" \/>\n<meta property=\"og:url\" content=\"https:\/\/www.apfelpatient.de\/en\/news\/child-protection-apple-postpones-start-of-csam-detection\" \/>\n<meta property=\"og:site_name\" content=\"Apfelpatient\" \/>\n<meta property=\"article:publisher\" content=\"https:\/\/www.facebook.com\/apfelpatientOfficial\" \/>\n<meta property=\"article:author\" content=\"https:\/\/www.facebook.com\/apfelpatientOfficial\" \/>\n<meta property=\"article:published_time\" content=\"2021-09-03T15:36:48+00:00\" \/>\n<meta property=\"og:image\" content=\"https:\/\/www.apfelpatient.de\/wp-content\/uploads\/2021\/08\/carles-rabada-FouyeA9HH5U-unsplash.jpg\" \/>\n\t<meta property=\"og:image:width\" content=\"1600\" \/>\n\t<meta property=\"og:image:height\" content=\"899\" \/>\n\t<meta property=\"og:image:type\" content=\"image\/jpeg\" \/>\n<meta name=\"author\" content=\"Milan\" \/>\n<meta name=\"twitter:card\" content=\"summary_large_image\" \/>\n<meta name=\"twitter:description\" content=\"CSAM: Nach breiter Kritik hat Apple nun bekanntgegeben, dass das Unternehmen seine Kinderschutzfunktionen nicht wie geplant einf\u00fchren wird.\" \/>\n<meta name=\"twitter:label1\" content=\"Written by\" \/>\n\t<meta name=\"twitter:data1\" content=\"Milan\" \/>\n\t<meta name=\"twitter:label2\" content=\"Est. reading time\" \/>\n\t<meta name=\"twitter:data2\" content=\"2 minutes\" \/>\n<script type=\"application\/ld+json\" class=\"yoast-schema-graph\">{\"@context\":\"https:\\\/\\\/schema.org\",\"@graph\":[{\"@type\":\"NewsArticle\",\"@id\":\"https:\\\/\\\/www.apfelpatient.de\\\/news\\\/kinderschutz-apple-verschiebt-start-von-csam-erkennung#article\",\"isPartOf\":{\"@id\":\"https:\\\/\\\/www.apfelpatient.de\\\/news\\\/kinderschutz-apple-verschiebt-start-von-csam-erkennung\"},\"author\":{\"@type\":\"Organization\",\"@id\":\"https:\\\/\\\/www.apfelpatient.de\\\/en\\\/#organization\",\"name\":\"Apfelpatient\",\"url\":\"https:\\\/\\\/www.apfelpatient.de\\\/en\\\/\"},\"headline\":\"Kinderschutz: Apple verschiebt Start von CSAM-Erkennung\",\"datePublished\":\"2021-09-03T15:36:48+00:00\",\"mainEntityOfPage\":{\"@id\":\"https:\\\/\\\/www.apfelpatient.de\\\/news\\\/kinderschutz-apple-verschiebt-start-von-csam-erkennung\"},\"wordCount\":255,\"publisher\":{\"@type\":\"Organization\",\"@id\":\"https:\\\/\\\/www.apfelpatient.de\\\/en\\\/#organization\",\"name\":\"Apfelpatient\",\"url\":\"https:\\\/\\\/www.apfelpatient.de\\\/en\\\/\"},\"image\":{\"@id\":\"https:\\\/\\\/www.apfelpatient.de\\\/news\\\/kinderschutz-apple-verschiebt-start-von-csam-erkennung#primaryimage\"},\"thumbnailUrl\":\"https:\\\/\\\/www.apfelpatient.de\\\/wp-content\\\/uploads\\\/2021\\\/08\\\/carles-rabada-FouyeA9HH5U-unsplash.jpg\",\"keywords\":[\"iOS\",\"iPadOS\",\"macOS\"],\"articleSection\":\"News\",\"inLanguage\":\"en-US\",\"copyrightYear\":\"2021\",\"copyrightHolder\":{\"@id\":\"https:\\\/\\\/www.apfelpatient.de\\\/en\\\/#organization\"}},{\"@type\":\"WebPage\",\"@id\":\"https:\\\/\\\/www.apfelpatient.de\\\/news\\\/kinderschutz-apple-verschiebt-start-von-csam-erkennung\",\"url\":\"https:\\\/\\\/www.apfelpatient.de\\\/news\\\/kinderschutz-apple-verschiebt-start-von-csam-erkennung\",\"name\":\"Kinderschutz: Apple verschiebt Start von CSAM-Erkennung Apfelpatient\",\"isPartOf\":{\"@id\":\"https:\\\/\\\/www.apfelpatient.de\\\/#website\"},\"primaryImageOfPage\":{\"@id\":\"https:\\\/\\\/www.apfelpatient.de\\\/news\\\/kinderschutz-apple-verschiebt-start-von-csam-erkennung#primaryimage\"},\"image\":{\"@id\":\"https:\\\/\\\/www.apfelpatient.de\\\/news\\\/kinderschutz-apple-verschiebt-start-von-csam-erkennung#primaryimage\"},\"thumbnailUrl\":\"https:\\\/\\\/www.apfelpatient.de\\\/wp-content\\\/uploads\\\/2021\\\/08\\\/carles-rabada-FouyeA9HH5U-unsplash.jpg\",\"datePublished\":\"2021-09-03T15:36:48+00:00\",\"description\":\"CSAM: Nach breiter Kritik hat Apple nun bekanntgegeben, dass das Unternehmen seine Kinderschutzfunktionen nicht wie geplant einf\u00fchren wird.\",\"breadcrumb\":{\"@id\":\"https:\\\/\\\/www.apfelpatient.de\\\/news\\\/kinderschutz-apple-verschiebt-start-von-csam-erkennung#breadcrumb\"},\"inLanguage\":\"en-US\",\"potentialAction\":[{\"@type\":\"ReadAction\",\"target\":[\"https:\\\/\\\/www.apfelpatient.de\\\/news\\\/kinderschutz-apple-verschiebt-start-von-csam-erkennung\"]}]},{\"@type\":\"ImageObject\",\"inLanguage\":\"en-US\",\"@id\":\"https:\\\/\\\/www.apfelpatient.de\\\/news\\\/kinderschutz-apple-verschiebt-start-von-csam-erkennung#primaryimage\",\"url\":\"https:\\\/\\\/www.apfelpatient.de\\\/wp-content\\\/uploads\\\/2021\\\/08\\\/carles-rabada-FouyeA9HH5U-unsplash.jpg\",\"contentUrl\":\"https:\\\/\\\/www.apfelpatient.de\\\/wp-content\\\/uploads\\\/2021\\\/08\\\/carles-rabada-FouyeA9HH5U-unsplash.jpg\",\"width\":1600,\"height\":899,\"caption\":\"Photo by Unsplash \\\/ Carles Rabada\"},{\"@type\":\"BreadcrumbList\",\"@id\":\"https:\\\/\\\/www.apfelpatient.de\\\/news\\\/kinderschutz-apple-verschiebt-start-von-csam-erkennung#breadcrumb\",\"itemListElement\":[{\"@type\":\"ListItem\",\"position\":1,\"name\":\"Startseite\",\"item\":\"https:\\\/\\\/www.apfelpatient.de\\\/\"},{\"@type\":\"ListItem\",\"position\":2,\"name\":\"Kinderschutz: Apple verschiebt Start von CSAM-Erkennung\"}]},{\"@type\":\"WebSite\",\"@id\":\"https:\\\/\\\/www.apfelpatient.de\\\/#website\",\"url\":\"https:\\\/\\\/www.apfelpatient.de\\\/\",\"name\":\"Apfelpatient\",\"description\":\"Alles rund um Apple!\",\"publisher\":{\"@type\":\"Organization\",\"@id\":\"https:\\\/\\\/www.apfelpatient.de\\\/en\\\/#organization\",\"name\":\"Apfelpatient\",\"url\":\"https:\\\/\\\/www.apfelpatient.de\\\/en\\\/\"},\"alternateName\":\"Apfelpatient\",\"potentialAction\":[{\"@type\":\"SearchAction\",\"target\":{\"@type\":\"EntryPoint\",\"urlTemplate\":\"https:\\\/\\\/www.apfelpatient.de\\\/?s={search_term_string}\"},\"query-input\":{\"@type\":\"PropertyValueSpecification\",\"valueRequired\":true,\"valueName\":\"search_term_string\"}}],\"inLanguage\":\"en-US\"},{\"@type\":[\"Person\",\"Organization\"],\"@id\":\"https:\\\/\\\/www.apfelpatient.de\\\/#\\\/schema\\\/person\\\/35b3ddba5832f2bfc7fff5206d4f6b7b\",\"name\":\"Milan\",\"logo\":{\"@id\":\"https:\\\/\\\/www.apfelpatient.de\\\/#\\\/schema\\\/person\\\/image\\\/\"},\"description\":\"Hallo und herzlich willkommen auf meinem Technik-Blog! Als gro\u00dfer Apple-Fan berichte ich hier \u00fcber alles, was mit Apple zu tun hat: von den neuesten News und spannenden Ger\u00fcchten \u00fcber hilfreiche Tipps und Tricks bis hin zu ausf\u00fchrlichen Produkttests. Wenn du genauso technikbegeistert bist wie ich, bist du hier genau richtig!\",\"sameAs\":[\"https:\\\/\\\/www.facebook.com\\\/apfelpatientOfficial\",\"https:\\\/\\\/www.linkedin.com\\\/in\\\/milan-jovicic-42aa0231b\"],\"url\":\"https:\\\/\\\/www.apfelpatient.de\\\/en\\\/author\\\/apfeladmin\"}]}<\/script>\n<!-- \/ Yoast SEO Premium plugin. -->","yoast_head_json":{"title":"Child protection: Apple postpones start of CSAM detection Apfelpatient","description":"CSAM: After widespread criticism, Apple has now announced that the company will not introduce its child protection features as planned.","robots":{"index":"index","follow":"follow","max-snippet":"max-snippet:-1","max-image-preview":"max-image-preview:large","max-video-preview":"max-video-preview:-1"},"canonical":"https:\/\/www.apfelpatient.de\/en\/news\/child-protection-apple-postpones-start-of-csam-detection","og_locale":"en_US","og_type":"article","og_title":"Kinderschutz: Apple verschiebt Start von CSAM-Erkennung","og_description":"CSAM: Nach breiter Kritik hat Apple nun bekanntgegeben, dass das Unternehmen seine Kinderschutzfunktionen nicht wie geplant einf\u00fchren wird.","og_url":"https:\/\/www.apfelpatient.de\/en\/news\/child-protection-apple-postpones-start-of-csam-detection","og_site_name":"Apfelpatient","article_publisher":"https:\/\/www.facebook.com\/apfelpatientOfficial","article_author":"https:\/\/www.facebook.com\/apfelpatientOfficial","article_published_time":"2021-09-03T15:36:48+00:00","og_image":[{"width":1600,"height":899,"url":"https:\/\/www.apfelpatient.de\/wp-content\/uploads\/2021\/08\/carles-rabada-FouyeA9HH5U-unsplash.jpg","type":"image\/jpeg"}],"author":"Milan","twitter_card":"summary_large_image","twitter_description":"CSAM: Nach breiter Kritik hat Apple nun bekanntgegeben, dass das Unternehmen seine Kinderschutzfunktionen nicht wie geplant einf\u00fchren wird.","twitter_misc":{"Written by":"Milan","Est. reading time":"2 minutes"},"schema":{"@context":"https:\/\/schema.org","@graph":[{"@type":"NewsArticle","@id":"https:\/\/www.apfelpatient.de\/news\/kinderschutz-apple-verschiebt-start-von-csam-erkennung#article","isPartOf":{"@id":"https:\/\/www.apfelpatient.de\/news\/kinderschutz-apple-verschiebt-start-von-csam-erkennung"},"author":{"@type":"Organization","@id":"https:\/\/www.apfelpatient.de\/en\/#organization","name":"Apfelpatient","url":"https:\/\/www.apfelpatient.de\/en\/"},"headline":"Kinderschutz: Apple verschiebt Start von CSAM-Erkennung","datePublished":"2021-09-03T15:36:48+00:00","mainEntityOfPage":{"@id":"https:\/\/www.apfelpatient.de\/news\/kinderschutz-apple-verschiebt-start-von-csam-erkennung"},"wordCount":255,"publisher":{"@type":"Organization","@id":"https:\/\/www.apfelpatient.de\/en\/#organization","name":"Apfelpatient","url":"https:\/\/www.apfelpatient.de\/en\/"},"image":{"@id":"https:\/\/www.apfelpatient.de\/news\/kinderschutz-apple-verschiebt-start-von-csam-erkennung#primaryimage"},"thumbnailUrl":"https:\/\/www.apfelpatient.de\/wp-content\/uploads\/2021\/08\/carles-rabada-FouyeA9HH5U-unsplash.jpg","keywords":["iOS","iPadOS","macOS"],"articleSection":"News","inLanguage":"en-US","copyrightYear":"2021","copyrightHolder":{"@id":"https:\/\/www.apfelpatient.de\/en\/#organization"}},{"@type":"WebPage","@id":"https:\/\/www.apfelpatient.de\/news\/kinderschutz-apple-verschiebt-start-von-csam-erkennung","url":"https:\/\/www.apfelpatient.de\/news\/kinderschutz-apple-verschiebt-start-von-csam-erkennung","name":"Child protection: Apple postpones start of CSAM detection Apfelpatient","isPartOf":{"@id":"https:\/\/www.apfelpatient.de\/#website"},"primaryImageOfPage":{"@id":"https:\/\/www.apfelpatient.de\/news\/kinderschutz-apple-verschiebt-start-von-csam-erkennung#primaryimage"},"image":{"@id":"https:\/\/www.apfelpatient.de\/news\/kinderschutz-apple-verschiebt-start-von-csam-erkennung#primaryimage"},"thumbnailUrl":"https:\/\/www.apfelpatient.de\/wp-content\/uploads\/2021\/08\/carles-rabada-FouyeA9HH5U-unsplash.jpg","datePublished":"2021-09-03T15:36:48+00:00","description":"CSAM: After widespread criticism, Apple has now announced that the company will not introduce its child protection features as planned.","breadcrumb":{"@id":"https:\/\/www.apfelpatient.de\/news\/kinderschutz-apple-verschiebt-start-von-csam-erkennung#breadcrumb"},"inLanguage":"en-US","potentialAction":[{"@type":"ReadAction","target":["https:\/\/www.apfelpatient.de\/news\/kinderschutz-apple-verschiebt-start-von-csam-erkennung"]}]},{"@type":"ImageObject","inLanguage":"en-US","@id":"https:\/\/www.apfelpatient.de\/news\/kinderschutz-apple-verschiebt-start-von-csam-erkennung#primaryimage","url":"https:\/\/www.apfelpatient.de\/wp-content\/uploads\/2021\/08\/carles-rabada-FouyeA9HH5U-unsplash.jpg","contentUrl":"https:\/\/www.apfelpatient.de\/wp-content\/uploads\/2021\/08\/carles-rabada-FouyeA9HH5U-unsplash.jpg","width":1600,"height":899,"caption":"Photo by Unsplash \/ Carles Rabada"},{"@type":"BreadcrumbList","@id":"https:\/\/www.apfelpatient.de\/news\/kinderschutz-apple-verschiebt-start-von-csam-erkennung#breadcrumb","itemListElement":[{"@type":"ListItem","position":1,"name":"Startseite","item":"https:\/\/www.apfelpatient.de\/"},{"@type":"ListItem","position":2,"name":"Kinderschutz: Apple verschiebt Start von CSAM-Erkennung"}]},{"@type":"WebSite","@id":"https:\/\/www.apfelpatient.de\/#website","url":"https:\/\/www.apfelpatient.de\/","name":"apple patient","description":"Everything about Apple!","publisher":{"@type":"Organization","@id":"https:\/\/www.apfelpatient.de\/en\/#organization","name":"Apfelpatient","url":"https:\/\/www.apfelpatient.de\/en\/"},"alternateName":"Apfelpatient","potentialAction":[{"@type":"SearchAction","target":{"@type":"EntryPoint","urlTemplate":"https:\/\/www.apfelpatient.de\/?s={search_term_string}"},"query-input":{"@type":"PropertyValueSpecification","valueRequired":true,"valueName":"search_term_string"}}],"inLanguage":"en-US"},{"@type":["Person","Organization"],"@id":"https:\/\/www.apfelpatient.de\/#\/schema\/person\/35b3ddba5832f2bfc7fff5206d4f6b7b","name":"Milan","logo":{"@id":"https:\/\/www.apfelpatient.de\/#\/schema\/person\/image\/"},"description":"Hello and welcome to my technology blog! As a big Apple fan, I report on everything to do with Apple: from the latest news and exciting rumors to helpful tips and tricks and detailed product tests. If you are as enthusiastic about technology as I am, you have come to the right place!","sameAs":["https:\/\/www.facebook.com\/apfelpatientOfficial","https:\/\/www.linkedin.com\/in\/milan-jovicic-42aa0231b"],"url":"https:\/\/www.apfelpatient.de\/en\/author\/apfeladmin"}]}},"_links":{"self":[{"href":"https:\/\/www.apfelpatient.de\/en\/wp-json\/wp\/v2\/posts\/25868","targetHints":{"allow":["GET"]}}],"collection":[{"href":"https:\/\/www.apfelpatient.de\/en\/wp-json\/wp\/v2\/posts"}],"about":[{"href":"https:\/\/www.apfelpatient.de\/en\/wp-json\/wp\/v2\/types\/post"}],"author":[{"embeddable":true,"href":"https:\/\/www.apfelpatient.de\/en\/wp-json\/wp\/v2\/users\/2"}],"replies":[{"embeddable":true,"href":"https:\/\/www.apfelpatient.de\/en\/wp-json\/wp\/v2\/comments?post=25868"}],"version-history":[{"count":0,"href":"https:\/\/www.apfelpatient.de\/en\/wp-json\/wp\/v2\/posts\/25868\/revisions"}],"wp:featuredmedia":[{"embeddable":true,"href":"https:\/\/www.apfelpatient.de\/en\/wp-json\/wp\/v2\/media\/25168"}],"wp:attachment":[{"href":"https:\/\/www.apfelpatient.de\/en\/wp-json\/wp\/v2\/media?parent=25868"}],"wp:term":[{"taxonomy":"category","embeddable":true,"href":"https:\/\/www.apfelpatient.de\/en\/wp-json\/wp\/v2\/categories?post=25868"},{"taxonomy":"post_tag","embeddable":true,"href":"https:\/\/www.apfelpatient.de\/en\/wp-json\/wp\/v2\/tags?post=25868"}],"curies":[{"name":"wp","href":"https:\/\/api.w.org\/{rel}","templated":true}]}}