{"id":25605,"date":"2021-08-24T14:30:31","date_gmt":"2021-08-24T12:30:31","guid":{"rendered":"https:\/\/www.apfelpatient.de\/?p=25605"},"modified":"2021-08-24T14:30:31","modified_gmt":"2021-08-24T12:30:31","slug":"macbook-pro-2021-cpu-should-be-identical-in-both-models","status":"publish","type":"post","link":"https:\/\/www.apfelpatient.de\/en\/rumors\/macbook-pro-2021-cpu-soll-bei-beiden-modellen-identisch-sein","title":{"rendered":"MacBook Pro 2021: CPU should be identical in both models"},"content":{"rendered":"<p class=\"has-drop-cap\"><strong>A leaker with a pretty good track record now claims that the new MacBook Pro 14-inch model will have the same CPU as the 16-inch version.<\/strong><\/p>\n\n\n\n<p>The current 13-inch Intel MacBook Pro, for example, has a high-end configuration with a 2.3 GHz i7 processor, Iris Plus GPU, 32 GB RAM and 4 TB SSD. The 16-inch model, on the other hand, is equipped with a 2.4 GHz i9 processor, a Radeon Pro 5600M, 64 GB RAM and an 8 TB SSD. In terms of performance, the new MacBook Pro generation, which is due to be released with an Apple Silicon chip, will look different. The leaker <a href=\"https:\/\/twitter.com\/dylandkt\/status\/1430010276473102336\" target=\"_blank\" rel=\"noreferrer noopener\">Dylan<\/a> According to Apple, there will no longer be any performance differences as we are used to with Intel devices. The M1X chip will therefore deliver the same performance in both models (14&quot; and 16&quot;). This way, Apple also wants to appeal to users who want maximum performance but prefer a smaller device.<\/p>\n\n\n\n<h3 class=\"wp-block-heading\" id=\"h-macbook-pro-2021-vorstellung-soll-diesen-herbst-stattfinden\">MacBook Pro 2021: Launch to take place this fall<\/h3>\n\n\n\n\n\n\n\n<blockquote class=\"wp-block-quote is-layout-flow wp-block-quote-is-layout-flow\"><p>It&#039;s reassuring to see that both MacBook Pro&#039;s coming out this fall will have the same chip and performance. That&#039;s definitely a win for those who are happy to go for the smaller size. Just so everyone understands, I&#039;m referring to the 16 and 14 inch Pros, both of which have the same M1X.<\/p><\/blockquote>\n\n\n\n<p>It is currently unknown when the new devices will be released. Observers believe that Apple will unveil the new MacBook Pro 2021 models sometime between September and November. In addition to the switch to Apple Silicon, the new professional notebooks are expected to feature a brand new design, offer more ports and possibly use mini-LED displays. (Image: rendersbyian)<\/p>\n\n\n\n<ul class=\"wp-block-list\"><li><a href=\"https:\/\/www.apfelpatient.de\/en\/rumors\/new-design-more-ports-apple-is-working-on-new-mac-mini\">New design &amp; more ports: Apple is working on a new Mac mini<\/a><\/li><\/ul>\n\n\n\n<h6 class=\"wp-block-heading translation-block\" id=\"h-kennt-ihr-schon-unsere-amazon-storefront-dort-findet-ihr-eine-handverlesene-auswahl-von-diversen-produkten-f-r-euer-iphone-und-co-viel-spa-beim-st-bern\"><em>Have you already visited our Amazon Storefront? There you&#039;ll find a hand-picked selection of various products for your iPhone and other devices \u2013 <span class=\"has-inline-color has-vivid-red-color\"><a href=\"https:\/\/www.amazon.de\/shop\/apfelpatientofficial\" class=\"ek-link\" data-wpel-link=\"exclude\" rel=\"follow noopener\" target=\"_self\"><span style=\"text-decoration: underline\" class=\"ek-underline\">enjoy browsing<\/span><\/a> !<\/span><\/em><\/h6>\n\n\n\n<h6 class=\"wp-block-heading translation-block\" id=\"h-der-beitrag-enthalt-partnerlinks\">This post contains <a data-type=\"URL\" data-id=\"https:\/\/www.apfelpatient.de\/partnerprogramm\" href=\"https:\/\/www.apfelpatient.de\/en\/partner-program\" data-wpel-link=\"internal\" target=\"_self\">affiliate links<\/a>.<\/h6>","protected":false},"excerpt":{"rendered":"<p>A leaker now claims that the new MacBook Pro 14-inch model will have the same CPU as the 16-inch version.<\/p>","protected":false},"author":2,"featured_media":25604,"comment_status":"closed","ping_status":"closed","sticky":false,"template":"","format":"standard","meta":{"jnews-multi-image_gallery":[],"jnews_single_post":{"subtitle":"","format":"standard","video":"","gallery":"","source_name":"","source_url":"","via_name":"","via_url":"","override":[{"single_blog_custom":"","sidebar":"","second_sidebar":"","share_position":"","share_float_style":"","post_date_format":"","post_date_format_custom":"","post_reading_time_wpm":"","zoom_button_out_step":"1","zoom_button_in_step":"1","number_popup_post":"1"}],"image_override":[{"single_post_thumbnail_size":"","single_post_gallery_size":""}],"trending_post_position":"","trending_post_label":"","sponsored_post_label":"","sponsored_post_name":"","sponsored_post_url":"","sponsored_post_logo":"","sponsored_post_desc":""},"jnews_primary_category":{"id":"25"},"footnotes":""},"categories":[25],"tags":[40,50],"class_list":["post-25605","post","type-post","status-publish","format-standard","has-post-thumbnail","hentry","category-rumors","tag-mac","tag-macbook-pro"],"yoast_head":"<!-- This site is optimized with the Yoast SEO Premium plugin v27.5 (Yoast SEO v27.5) - https:\/\/yoast.com\/product\/yoast-seo-premium-wordpress\/ -->\n<title>MacBook Pro 2021: CPU soll bei beiden Modellen identisch sein<\/title>\n<meta name=\"description\" content=\"MacBook Pro 2021: Ein Leaker behauptet, dass das neue MacBook Pro 14-Zoll Modell \u00fcber die gleiche CPU verf\u00fcgen wird, wie die 16-Zoll Version.\" \/>\n<meta name=\"robots\" content=\"index, follow, max-snippet:-1, max-image-preview:large, max-video-preview:-1\" \/>\n<link rel=\"canonical\" href=\"https:\/\/www.apfelpatient.de\/en\/rumors\/macbook-pro-2021-cpu-should-be-identical-in-both-models\" \/>\n<meta property=\"og:locale\" content=\"en_US\" \/>\n<meta property=\"og:type\" content=\"article\" \/>\n<meta property=\"og:title\" content=\"MacBook Pro 2021: CPU soll bei beiden Modellen identisch sein\" \/>\n<meta property=\"og:description\" content=\"MacBook Pro 2021: Ein Leaker behauptet, dass das neue MacBook Pro 14-Zoll Modell \u00fcber die gleiche CPU verf\u00fcgen wird, wie die 16-Zoll Version.\" \/>\n<meta property=\"og:url\" content=\"https:\/\/www.apfelpatient.de\/en\/rumors\/macbook-pro-2021-cpu-should-be-identical-in-both-models\" \/>\n<meta property=\"og:site_name\" content=\"Apfelpatient\" \/>\n<meta property=\"article:publisher\" content=\"https:\/\/www.facebook.com\/apfelpatientOfficial\" \/>\n<meta property=\"article:author\" content=\"https:\/\/www.facebook.com\/apfelpatientOfficial\" \/>\n<meta property=\"article:published_time\" content=\"2021-08-24T12:30:31+00:00\" \/>\n<meta property=\"og:image\" content=\"https:\/\/www.apfelpatient.de\/wp-content\/uploads\/2021\/08\/c99b0971-1c9f-4ef2-8b38-99a5af08cd6b_rw_3840.png\" \/>\n\t<meta property=\"og:image:width\" content=\"1600\" \/>\n\t<meta property=\"og:image:height\" content=\"900\" \/>\n\t<meta property=\"og:image:type\" content=\"image\/png\" \/>\n<meta name=\"author\" content=\"Milan\" \/>\n<meta name=\"twitter:card\" content=\"summary_large_image\" \/>\n<meta name=\"twitter:description\" content=\"MacBook Pro 2021: Ein Leaker behauptet, dass das neue MacBook Pro 14-Zoll Modell \u00fcber die gleiche CPU verf\u00fcgen wird, wie die 16-Zoll Version.\" \/>\n<meta name=\"twitter:label1\" content=\"Written by\" \/>\n\t<meta name=\"twitter:data1\" content=\"Milan\" \/>\n\t<meta name=\"twitter:label2\" content=\"Est. reading time\" \/>\n\t<meta name=\"twitter:data2\" content=\"2 minutes\" \/>\n<script type=\"application\/ld+json\" class=\"yoast-schema-graph\">{\"@context\":\"https:\\\/\\\/schema.org\",\"@graph\":[{\"@type\":\"NewsArticle\",\"@id\":\"https:\\\/\\\/www.apfelpatient.de\\\/rumors\\\/macbook-pro-2021-cpu-soll-bei-beiden-modellen-identisch-sein#article\",\"isPartOf\":{\"@id\":\"https:\\\/\\\/www.apfelpatient.de\\\/rumors\\\/macbook-pro-2021-cpu-soll-bei-beiden-modellen-identisch-sein\"},\"author\":{\"@type\":\"Organization\",\"@id\":\"https:\\\/\\\/www.apfelpatient.de\\\/en\\\/#organization\",\"name\":\"Apfelpatient\",\"url\":\"https:\\\/\\\/www.apfelpatient.de\\\/en\\\/\"},\"headline\":\"MacBook Pro 2021: CPU soll bei beiden Modellen identisch sein\",\"datePublished\":\"2021-08-24T12:30:31+00:00\",\"mainEntityOfPage\":{\"@id\":\"https:\\\/\\\/www.apfelpatient.de\\\/rumors\\\/macbook-pro-2021-cpu-soll-bei-beiden-modellen-identisch-sein\"},\"wordCount\":298,\"publisher\":{\"@type\":\"Organization\",\"@id\":\"https:\\\/\\\/www.apfelpatient.de\\\/en\\\/#organization\",\"name\":\"Apfelpatient\",\"url\":\"https:\\\/\\\/www.apfelpatient.de\\\/en\\\/\"},\"image\":{\"@id\":\"https:\\\/\\\/www.apfelpatient.de\\\/rumors\\\/macbook-pro-2021-cpu-soll-bei-beiden-modellen-identisch-sein#primaryimage\"},\"thumbnailUrl\":\"https:\\\/\\\/www.apfelpatient.de\\\/wp-content\\\/uploads\\\/2021\\\/08\\\/c99b0971-1c9f-4ef2-8b38-99a5af08cd6b_rw_3840.png\",\"keywords\":[\"Mac\",\"MacBook Pro\"],\"articleSection\":\"Rumors\",\"inLanguage\":\"en-US\",\"copyrightYear\":\"2021\",\"copyrightHolder\":{\"@id\":\"https:\\\/\\\/www.apfelpatient.de\\\/en\\\/#organization\"}},{\"@type\":\"WebPage\",\"@id\":\"https:\\\/\\\/www.apfelpatient.de\\\/rumors\\\/macbook-pro-2021-cpu-soll-bei-beiden-modellen-identisch-sein\",\"url\":\"https:\\\/\\\/www.apfelpatient.de\\\/rumors\\\/macbook-pro-2021-cpu-soll-bei-beiden-modellen-identisch-sein\",\"name\":\"MacBook Pro 2021: CPU soll bei beiden Modellen identisch sein\",\"isPartOf\":{\"@id\":\"https:\\\/\\\/www.apfelpatient.de\\\/#website\"},\"primaryImageOfPage\":{\"@id\":\"https:\\\/\\\/www.apfelpatient.de\\\/rumors\\\/macbook-pro-2021-cpu-soll-bei-beiden-modellen-identisch-sein#primaryimage\"},\"image\":{\"@id\":\"https:\\\/\\\/www.apfelpatient.de\\\/rumors\\\/macbook-pro-2021-cpu-soll-bei-beiden-modellen-identisch-sein#primaryimage\"},\"thumbnailUrl\":\"https:\\\/\\\/www.apfelpatient.de\\\/wp-content\\\/uploads\\\/2021\\\/08\\\/c99b0971-1c9f-4ef2-8b38-99a5af08cd6b_rw_3840.png\",\"datePublished\":\"2021-08-24T12:30:31+00:00\",\"description\":\"MacBook Pro 2021: Ein Leaker behauptet, dass das neue MacBook Pro 14-Zoll Modell \u00fcber die gleiche CPU verf\u00fcgen wird, wie die 16-Zoll Version.\",\"breadcrumb\":{\"@id\":\"https:\\\/\\\/www.apfelpatient.de\\\/rumors\\\/macbook-pro-2021-cpu-soll-bei-beiden-modellen-identisch-sein#breadcrumb\"},\"inLanguage\":\"en-US\",\"potentialAction\":[{\"@type\":\"ReadAction\",\"target\":[\"https:\\\/\\\/www.apfelpatient.de\\\/rumors\\\/macbook-pro-2021-cpu-soll-bei-beiden-modellen-identisch-sein\"]}]},{\"@type\":\"ImageObject\",\"inLanguage\":\"en-US\",\"@id\":\"https:\\\/\\\/www.apfelpatient.de\\\/rumors\\\/macbook-pro-2021-cpu-soll-bei-beiden-modellen-identisch-sein#primaryimage\",\"url\":\"https:\\\/\\\/www.apfelpatient.de\\\/wp-content\\\/uploads\\\/2021\\\/08\\\/c99b0971-1c9f-4ef2-8b38-99a5af08cd6b_rw_3840.png\",\"contentUrl\":\"https:\\\/\\\/www.apfelpatient.de\\\/wp-content\\\/uploads\\\/2021\\\/08\\\/c99b0971-1c9f-4ef2-8b38-99a5af08cd6b_rw_3840.png\",\"width\":1600,\"height\":900,\"caption\":\"Bild: rendersbyian\"},{\"@type\":\"BreadcrumbList\",\"@id\":\"https:\\\/\\\/www.apfelpatient.de\\\/rumors\\\/macbook-pro-2021-cpu-soll-bei-beiden-modellen-identisch-sein#breadcrumb\",\"itemListElement\":[{\"@type\":\"ListItem\",\"position\":1,\"name\":\"Startseite\",\"item\":\"https:\\\/\\\/www.apfelpatient.de\\\/\"},{\"@type\":\"ListItem\",\"position\":2,\"name\":\"MacBook Pro 2021: CPU soll bei beiden Modellen identisch sein\"}]},{\"@type\":\"WebSite\",\"@id\":\"https:\\\/\\\/www.apfelpatient.de\\\/#website\",\"url\":\"https:\\\/\\\/www.apfelpatient.de\\\/\",\"name\":\"Apfelpatient\",\"description\":\"Alles rund um Apple!\",\"publisher\":{\"@type\":\"Organization\",\"@id\":\"https:\\\/\\\/www.apfelpatient.de\\\/en\\\/#organization\",\"name\":\"Apfelpatient\",\"url\":\"https:\\\/\\\/www.apfelpatient.de\\\/en\\\/\"},\"alternateName\":\"Apfelpatient\",\"potentialAction\":[{\"@type\":\"SearchAction\",\"target\":{\"@type\":\"EntryPoint\",\"urlTemplate\":\"https:\\\/\\\/www.apfelpatient.de\\\/?s={search_term_string}\"},\"query-input\":{\"@type\":\"PropertyValueSpecification\",\"valueRequired\":true,\"valueName\":\"search_term_string\"}}],\"inLanguage\":\"en-US\"},{\"@type\":[\"Person\",\"Organization\"],\"@id\":\"https:\\\/\\\/www.apfelpatient.de\\\/#\\\/schema\\\/person\\\/7dc56ad6c8e9824b76d2c08d4c140e13\",\"name\":\"Milan\",\"logo\":{\"@id\":\"https:\\\/\\\/www.apfelpatient.de\\\/#\\\/schema\\\/person\\\/image\\\/\"},\"description\":\"Hallo und herzlich willkommen auf meinem Technik-Blog! Als gro\u00dfer Apple-Fan berichte ich hier \u00fcber alles, was mit Apple zu tun hat: von den neuesten News und spannenden Ger\u00fcchten \u00fcber hilfreiche Tipps und Tricks bis hin zu ausf\u00fchrlichen Produkttests. Wenn du genauso technikbegeistert bist wie ich, bist du hier genau richtig!\",\"sameAs\":[\"https:\\\/\\\/www.facebook.com\\\/apfelpatientOfficial\",\"https:\\\/\\\/www.linkedin.com\\\/in\\\/milan-jovicic-42aa0231b\"],\"url\":\"https:\\\/\\\/www.apfelpatient.de\\\/en\\\/author\\\/apfeladmin\"}]}<\/script>\n<!-- \/ Yoast SEO Premium plugin. -->","yoast_head_json":{"title":"MacBook Pro 2021: CPU should be identical in both models","description":"MacBook Pro 2021: A leaker claims that the new MacBook Pro 14-inch model will have the same CPU as the 16-inch version.","robots":{"index":"index","follow":"follow","max-snippet":"max-snippet:-1","max-image-preview":"max-image-preview:large","max-video-preview":"max-video-preview:-1"},"canonical":"https:\/\/www.apfelpatient.de\/en\/rumors\/macbook-pro-2021-cpu-should-be-identical-in-both-models","og_locale":"en_US","og_type":"article","og_title":"MacBook Pro 2021: CPU soll bei beiden Modellen identisch sein","og_description":"MacBook Pro 2021: Ein Leaker behauptet, dass das neue MacBook Pro 14-Zoll Modell \u00fcber die gleiche CPU verf\u00fcgen wird, wie die 16-Zoll Version.","og_url":"https:\/\/www.apfelpatient.de\/en\/rumors\/macbook-pro-2021-cpu-should-be-identical-in-both-models","og_site_name":"Apfelpatient","article_publisher":"https:\/\/www.facebook.com\/apfelpatientOfficial","article_author":"https:\/\/www.facebook.com\/apfelpatientOfficial","article_published_time":"2021-08-24T12:30:31+00:00","og_image":[{"width":1600,"height":900,"url":"https:\/\/www.apfelpatient.de\/wp-content\/uploads\/2021\/08\/c99b0971-1c9f-4ef2-8b38-99a5af08cd6b_rw_3840.png","type":"image\/png"}],"author":"Milan","twitter_card":"summary_large_image","twitter_description":"MacBook Pro 2021: Ein Leaker behauptet, dass das neue MacBook Pro 14-Zoll Modell \u00fcber die gleiche CPU verf\u00fcgen wird, wie die 16-Zoll Version.","twitter_misc":{"Written by":"Milan","Est. reading time":"2 minutes"},"schema":{"@context":"https:\/\/schema.org","@graph":[{"@type":"NewsArticle","@id":"https:\/\/www.apfelpatient.de\/rumors\/macbook-pro-2021-cpu-soll-bei-beiden-modellen-identisch-sein#article","isPartOf":{"@id":"https:\/\/www.apfelpatient.de\/rumors\/macbook-pro-2021-cpu-soll-bei-beiden-modellen-identisch-sein"},"author":{"@type":"Organization","@id":"https:\/\/www.apfelpatient.de\/en\/#organization","name":"Apfelpatient","url":"https:\/\/www.apfelpatient.de\/en\/"},"headline":"MacBook Pro 2021: CPU soll bei beiden Modellen identisch sein","datePublished":"2021-08-24T12:30:31+00:00","mainEntityOfPage":{"@id":"https:\/\/www.apfelpatient.de\/rumors\/macbook-pro-2021-cpu-soll-bei-beiden-modellen-identisch-sein"},"wordCount":298,"publisher":{"@type":"Organization","@id":"https:\/\/www.apfelpatient.de\/en\/#organization","name":"Apfelpatient","url":"https:\/\/www.apfelpatient.de\/en\/"},"image":{"@id":"https:\/\/www.apfelpatient.de\/rumors\/macbook-pro-2021-cpu-soll-bei-beiden-modellen-identisch-sein#primaryimage"},"thumbnailUrl":"https:\/\/www.apfelpatient.de\/wp-content\/uploads\/2021\/08\/c99b0971-1c9f-4ef2-8b38-99a5af08cd6b_rw_3840.png","keywords":["Mac","MacBook Pro"],"articleSection":"Rumors","inLanguage":"en-US","copyrightYear":"2021","copyrightHolder":{"@id":"https:\/\/www.apfelpatient.de\/en\/#organization"}},{"@type":"WebPage","@id":"https:\/\/www.apfelpatient.de\/rumors\/macbook-pro-2021-cpu-soll-bei-beiden-modellen-identisch-sein","url":"https:\/\/www.apfelpatient.de\/rumors\/macbook-pro-2021-cpu-soll-bei-beiden-modellen-identisch-sein","name":"MacBook Pro 2021: CPU should be identical in both models","isPartOf":{"@id":"https:\/\/www.apfelpatient.de\/#website"},"primaryImageOfPage":{"@id":"https:\/\/www.apfelpatient.de\/rumors\/macbook-pro-2021-cpu-soll-bei-beiden-modellen-identisch-sein#primaryimage"},"image":{"@id":"https:\/\/www.apfelpatient.de\/rumors\/macbook-pro-2021-cpu-soll-bei-beiden-modellen-identisch-sein#primaryimage"},"thumbnailUrl":"https:\/\/www.apfelpatient.de\/wp-content\/uploads\/2021\/08\/c99b0971-1c9f-4ef2-8b38-99a5af08cd6b_rw_3840.png","datePublished":"2021-08-24T12:30:31+00:00","description":"MacBook Pro 2021: A leaker claims that the new MacBook Pro 14-inch model will have the same CPU as the 16-inch version.","breadcrumb":{"@id":"https:\/\/www.apfelpatient.de\/rumors\/macbook-pro-2021-cpu-soll-bei-beiden-modellen-identisch-sein#breadcrumb"},"inLanguage":"en-US","potentialAction":[{"@type":"ReadAction","target":["https:\/\/www.apfelpatient.de\/rumors\/macbook-pro-2021-cpu-soll-bei-beiden-modellen-identisch-sein"]}]},{"@type":"ImageObject","inLanguage":"en-US","@id":"https:\/\/www.apfelpatient.de\/rumors\/macbook-pro-2021-cpu-soll-bei-beiden-modellen-identisch-sein#primaryimage","url":"https:\/\/www.apfelpatient.de\/wp-content\/uploads\/2021\/08\/c99b0971-1c9f-4ef2-8b38-99a5af08cd6b_rw_3840.png","contentUrl":"https:\/\/www.apfelpatient.de\/wp-content\/uploads\/2021\/08\/c99b0971-1c9f-4ef2-8b38-99a5af08cd6b_rw_3840.png","width":1600,"height":900,"caption":"Bild: rendersbyian"},{"@type":"BreadcrumbList","@id":"https:\/\/www.apfelpatient.de\/rumors\/macbook-pro-2021-cpu-soll-bei-beiden-modellen-identisch-sein#breadcrumb","itemListElement":[{"@type":"ListItem","position":1,"name":"Startseite","item":"https:\/\/www.apfelpatient.de\/"},{"@type":"ListItem","position":2,"name":"MacBook Pro 2021: CPU soll bei beiden Modellen identisch sein"}]},{"@type":"WebSite","@id":"https:\/\/www.apfelpatient.de\/#website","url":"https:\/\/www.apfelpatient.de\/","name":"apple patient","description":"Everything about Apple!","publisher":{"@type":"Organization","@id":"https:\/\/www.apfelpatient.de\/en\/#organization","name":"Apfelpatient","url":"https:\/\/www.apfelpatient.de\/en\/"},"alternateName":"Apfelpatient","potentialAction":[{"@type":"SearchAction","target":{"@type":"EntryPoint","urlTemplate":"https:\/\/www.apfelpatient.de\/?s={search_term_string}"},"query-input":{"@type":"PropertyValueSpecification","valueRequired":true,"valueName":"search_term_string"}}],"inLanguage":"en-US"},{"@type":["Person","Organization"],"@id":"https:\/\/www.apfelpatient.de\/#\/schema\/person\/7dc56ad6c8e9824b76d2c08d4c140e13","name":"Milan","logo":{"@id":"https:\/\/www.apfelpatient.de\/#\/schema\/person\/image\/"},"description":"Hello and welcome to my technology blog! As a big Apple fan, I report on everything to do with Apple: from the latest news and exciting rumors to helpful tips and tricks and detailed product tests. If you are as enthusiastic about technology as I am, you have come to the right place!","sameAs":["https:\/\/www.facebook.com\/apfelpatientOfficial","https:\/\/www.linkedin.com\/in\/milan-jovicic-42aa0231b"],"url":"https:\/\/www.apfelpatient.de\/en\/author\/apfeladmin"}]}},"_links":{"self":[{"href":"https:\/\/www.apfelpatient.de\/en\/wp-json\/wp\/v2\/posts\/25605","targetHints":{"allow":["GET"]}}],"collection":[{"href":"https:\/\/www.apfelpatient.de\/en\/wp-json\/wp\/v2\/posts"}],"about":[{"href":"https:\/\/www.apfelpatient.de\/en\/wp-json\/wp\/v2\/types\/post"}],"author":[{"embeddable":true,"href":"https:\/\/www.apfelpatient.de\/en\/wp-json\/wp\/v2\/users\/2"}],"replies":[{"embeddable":true,"href":"https:\/\/www.apfelpatient.de\/en\/wp-json\/wp\/v2\/comments?post=25605"}],"version-history":[{"count":0,"href":"https:\/\/www.apfelpatient.de\/en\/wp-json\/wp\/v2\/posts\/25605\/revisions"}],"wp:featuredmedia":[{"embeddable":true,"href":"https:\/\/www.apfelpatient.de\/en\/wp-json\/wp\/v2\/media\/25604"}],"wp:attachment":[{"href":"https:\/\/www.apfelpatient.de\/en\/wp-json\/wp\/v2\/media?parent=25605"}],"wp:term":[{"taxonomy":"category","embeddable":true,"href":"https:\/\/www.apfelpatient.de\/en\/wp-json\/wp\/v2\/categories?post=25605"},{"taxonomy":"post_tag","embeddable":true,"href":"https:\/\/www.apfelpatient.de\/en\/wp-json\/wp\/v2\/tags?post=25605"}],"curies":[{"name":"wp","href":"https:\/\/api.w.org\/{rel}","templated":true}]}}