{"id":25599,"date":"2021-08-24T00:42:53","date_gmt":"2021-08-23T22:42:53","guid":{"rendered":"https:\/\/www.apfelpatient.de\/?p=25599"},"modified":"2021-08-24T00:42:54","modified_gmt":"2021-08-23T22:42:54","slug":"appletoo-racism-sexism-and-inequality-at-apple","status":"publish","type":"post","link":"https:\/\/www.apfelpatient.de\/en\/news\/appletoo-rassismus-sexismus-und-ungleichheit-bei-apple","title":{"rendered":"#AppleToo: Racism, Sexism and Inequality at Apple"},"content":{"rendered":"<p class=\"has-drop-cap\"><strong>A group of Apple employees founded the organization #AppleToo with the goal of exposing racist, sexist, unfair and abusive behavior within the company.<\/strong><\/p>\n\n\n\n<p>The group was founded after weeks of public statements by Apple employees about internal complaints that went unanswered or simply ignored. A Discord community of around 200 Apple employees was used to launch the movement. <a href=\"https:\/\/www.theverge.com\/2021\/8\/23\/22638150\/apple-appletoo-employee-harassment-discord\" target=\"_blank\" rel=\"noreferrer noopener\">reported<\/a> The Verge reports that about 15 current and former Apple employees were directly involved in organizing the movement. The AppleToo website contains a short explanation and a login with a secret password that can be obtained from the AppleToo organizers. This is stated on the <a href=\"https:\/\/appletoo.us\" target=\"_blank\" rel=\"noreferrer noopener\">website<\/a>:<\/p>\n\n\n\n<blockquote class=\"wp-block-quote is-layout-flow wp-block-quote-is-layout-flow\"><p>Connect with us to share your own experiences, stay informed, or stand in solidarity with other current or former Apple employees. United, we can work together to create a healthier workplace. We&#039;re working together to create a statement on our behalf that reflects our stories and outlines the changes we hope to see from Apple.<\/p><\/blockquote>\n\n\n\n<h3 class=\"wp-block-heading\" id=\"h-appletoo-etwa-15-apple-mitarbeiter-waren-an-der-entwicklung-der-website-beteiligt\">#AppleToo: About 15 Apple employees were involved in the development of the website<\/h3>\n\n\n\n\n\n\n\n<p>The group features a range of stories of conflict between employees and Apple&#039;s internal\/HR teams - including internal issues, remote work, controversial hiring, and of course stories of sexism, racism, discrimination, harassment, retaliation, and unequal pay. About 15 Apple employees were involved in developing the site, as were some from Google. The team says they want to &quot;spread the word&quot; and encourage other employees to join in. The site went live a few hours ago, as did an official <a href=\"https:\/\/twitter.com\/AppleLaborers\" target=\"_blank\" rel=\"noreferrer noopener\">Twitter account<\/a>.<\/p>\n\n\n\n<blockquote class=\"wp-block-quote is-layout-flow wp-block-quote-is-layout-flow\"><p>When collected and presented together, our stories help expose persistent patterns of racism, sexism, injustice, discrimination, bullying, oppression, coercion, abuse, unfair punishment, and unfettered privilege. We must work together to demand systemic change in our workplace.<\/p><\/blockquote>\n\n\n\n<p>Apple has not yet commented on the issue. Since the new AppleToo movement is only just beginning, the whole thing will certainly be with us for a while. Whether it will have the desired effect remains to be seen, of course. (Photo by Unsplash \/ Carles Rabada)<\/p>\n\n\n\n<ul class=\"wp-block-list\"><li><a href=\"https:\/\/www.apfelpatient.de\/en\/news\/a-jailbreaking-community-member-worked-as-a-spy-for-apple\">Did a jailbreaking community member work as a \u201cspy\u201d for Apple?<\/a><\/li><\/ul>\n\n\n\n<h6 class=\"wp-block-heading translation-block\" id=\"h-kennt-ihr-schon-unsere-amazon-storefront-dort-findet-ihr-eine-handverlesene-auswahl-von-diversen-produkten-f-r-euer-iphone-und-co-viel-spa-beim-st-bern\"><em>Have you already visited our Amazon Storefront? There you&#039;ll find a hand-picked selection of various products for your iPhone and other devices \u2013 <span class=\"has-inline-color has-vivid-red-color\"><a href=\"https:\/\/www.amazon.de\/shop\/apfelpatientofficial\" class=\"ek-link\" data-wpel-link=\"exclude\" rel=\"follow noopener\" target=\"_self\"><span style=\"text-decoration: underline\" class=\"ek-underline\">enjoy browsing<\/span><\/a> !<\/span><\/em><\/h6>\n\n\n\n<h6 class=\"wp-block-heading translation-block\" id=\"h-der-beitrag-enthalt-partnerlinks\">This post contains <a data-type=\"URL\" data-id=\"https:\/\/www.apfelpatient.de\/partnerprogramm\" href=\"https:\/\/www.apfelpatient.de\/en\/partner-program\" data-wpel-link=\"internal\" target=\"_self\">affiliate links<\/a>.<\/h6>","protected":false},"excerpt":{"rendered":"<p>Apple employees founded #AppleToo with the goal of exposing racist, sexist and abusive behavior within the company.<\/p>","protected":false},"author":2,"featured_media":25598,"comment_status":"closed","ping_status":"closed","sticky":false,"template":"","format":"standard","meta":{"jnews-multi-image_gallery":[],"jnews_single_post":{"subtitle":"","format":"standard","video":"","gallery":"","source_name":"","source_url":"","via_name":"","via_url":"","override":[{"single_blog_custom":"","sidebar":"","second_sidebar":"","share_position":"","share_float_style":"","post_date_format":"","post_date_format_custom":"","post_reading_time_wpm":"","zoom_button_out_step":"1","zoom_button_in_step":"1","number_popup_post":"1"}],"image_override":[{"single_post_thumbnail_size":"","single_post_gallery_size":""}],"trending_post_position":"","trending_post_label":"","sponsored_post_label":"","sponsored_post_name":"","sponsored_post_url":"","sponsored_post_logo":"","sponsored_post_desc":""},"jnews_primary_category":{"id":"9"},"footnotes":""},"categories":[9],"tags":[13],"class_list":["post-25599","post","type-post","status-publish","format-standard","has-post-thumbnail","hentry","category-news","tag-techpatient"],"yoast_head":"<!-- This site is optimized with the Yoast SEO Premium plugin v27.5 (Yoast SEO v27.5) - https:\/\/yoast.com\/product\/yoast-seo-premium-wordpress\/ -->\n<title>#AppleToo: Rassismus, Sexismus und Ungleichheit bei Apple<\/title>\n<meta name=\"description\" content=\"Apple-Mitarbeiter haben #AppleToo mit dem Ziel gegr\u00fcndet, rassistische, sexistische und missbr\u00e4uchliche Verhaltensweisen innerhalb des Unternehmens aufzudecken.\" \/>\n<meta name=\"robots\" content=\"index, follow, max-snippet:-1, max-image-preview:large, max-video-preview:-1\" \/>\n<link rel=\"canonical\" href=\"https:\/\/www.apfelpatient.de\/en\/news\/appletoo-racism-sexism-and-inequality-at-apple\" \/>\n<meta property=\"og:locale\" content=\"en_US\" \/>\n<meta property=\"og:type\" content=\"article\" \/>\n<meta property=\"og:title\" content=\"#AppleToo: Rassismus, Sexismus und Ungleichheit bei Apple\" \/>\n<meta property=\"og:description\" content=\"Apple-Mitarbeiter haben #AppleToo mit dem Ziel gegr\u00fcndet, rassistische, sexistische und missbr\u00e4uchliche Verhaltensweisen innerhalb des Unternehmens aufzudecken.\" \/>\n<meta property=\"og:url\" content=\"https:\/\/www.apfelpatient.de\/en\/news\/appletoo-racism-sexism-and-inequality-at-apple\" \/>\n<meta property=\"og:site_name\" content=\"Apfelpatient\" \/>\n<meta property=\"article:publisher\" content=\"https:\/\/www.facebook.com\/apfelpatientOfficial\" \/>\n<meta property=\"article:author\" content=\"https:\/\/www.facebook.com\/apfelpatientOfficial\" \/>\n<meta property=\"article:published_time\" content=\"2021-08-23T22:42:53+00:00\" \/>\n<meta property=\"article:modified_time\" content=\"2021-08-23T22:42:54+00:00\" \/>\n<meta property=\"og:image\" content=\"https:\/\/www.apfelpatient.de\/wp-content\/uploads\/2021\/08\/carles-rabada-GulyvMt9UwI-unsplash.jpg\" \/>\n\t<meta property=\"og:image:width\" content=\"1600\" \/>\n\t<meta property=\"og:image:height\" content=\"899\" \/>\n\t<meta property=\"og:image:type\" content=\"image\/jpeg\" \/>\n<meta name=\"author\" content=\"Milan\" \/>\n<meta name=\"twitter:card\" content=\"summary_large_image\" \/>\n<meta name=\"twitter:description\" content=\"Apple-Mitarbeiter haben #AppleToo mit dem Ziel gegr\u00fcndet, rassistische, sexistische und missbr\u00e4uchliche Verhaltensweisen innerhalb des Unternehmens aufzudecken.\" \/>\n<meta name=\"twitter:label1\" content=\"Written by\" \/>\n\t<meta name=\"twitter:data1\" content=\"Milan\" \/>\n\t<meta name=\"twitter:label2\" content=\"Est. reading time\" \/>\n\t<meta name=\"twitter:data2\" content=\"2 minutes\" \/>\n<script type=\"application\/ld+json\" class=\"yoast-schema-graph\">{\"@context\":\"https:\\\/\\\/schema.org\",\"@graph\":[{\"@type\":\"NewsArticle\",\"@id\":\"https:\\\/\\\/www.apfelpatient.de\\\/news\\\/appletoo-rassismus-sexismus-und-ungleichheit-bei-apple#article\",\"isPartOf\":{\"@id\":\"https:\\\/\\\/www.apfelpatient.de\\\/news\\\/appletoo-rassismus-sexismus-und-ungleichheit-bei-apple\"},\"author\":{\"@type\":\"Organization\",\"@id\":\"https:\\\/\\\/www.apfelpatient.de\\\/en\\\/#organization\",\"name\":\"Apfelpatient\",\"url\":\"https:\\\/\\\/www.apfelpatient.de\\\/en\\\/\"},\"headline\":\"#AppleToo: Rassismus, Sexismus und Ungleichheit bei Apple\",\"datePublished\":\"2021-08-23T22:42:53+00:00\",\"dateModified\":\"2021-08-23T22:42:54+00:00\",\"mainEntityOfPage\":{\"@id\":\"https:\\\/\\\/www.apfelpatient.de\\\/news\\\/appletoo-rassismus-sexismus-und-ungleichheit-bei-apple\"},\"wordCount\":372,\"publisher\":{\"@type\":\"Organization\",\"@id\":\"https:\\\/\\\/www.apfelpatient.de\\\/en\\\/#organization\",\"name\":\"Apfelpatient\",\"url\":\"https:\\\/\\\/www.apfelpatient.de\\\/en\\\/\"},\"image\":{\"@id\":\"https:\\\/\\\/www.apfelpatient.de\\\/news\\\/appletoo-rassismus-sexismus-und-ungleichheit-bei-apple#primaryimage\"},\"thumbnailUrl\":\"https:\\\/\\\/www.apfelpatient.de\\\/wp-content\\\/uploads\\\/2021\\\/08\\\/carles-rabada-GulyvMt9UwI-unsplash.jpg\",\"keywords\":[\"TechPatient\"],\"articleSection\":\"News\",\"inLanguage\":\"en-US\",\"copyrightYear\":\"2021\",\"copyrightHolder\":{\"@id\":\"https:\\\/\\\/www.apfelpatient.de\\\/en\\\/#organization\"}},{\"@type\":\"WebPage\",\"@id\":\"https:\\\/\\\/www.apfelpatient.de\\\/news\\\/appletoo-rassismus-sexismus-und-ungleichheit-bei-apple\",\"url\":\"https:\\\/\\\/www.apfelpatient.de\\\/news\\\/appletoo-rassismus-sexismus-und-ungleichheit-bei-apple\",\"name\":\"#AppleToo: Rassismus, Sexismus und Ungleichheit bei Apple\",\"isPartOf\":{\"@id\":\"https:\\\/\\\/www.apfelpatient.de\\\/#website\"},\"primaryImageOfPage\":{\"@id\":\"https:\\\/\\\/www.apfelpatient.de\\\/news\\\/appletoo-rassismus-sexismus-und-ungleichheit-bei-apple#primaryimage\"},\"image\":{\"@id\":\"https:\\\/\\\/www.apfelpatient.de\\\/news\\\/appletoo-rassismus-sexismus-und-ungleichheit-bei-apple#primaryimage\"},\"thumbnailUrl\":\"https:\\\/\\\/www.apfelpatient.de\\\/wp-content\\\/uploads\\\/2021\\\/08\\\/carles-rabada-GulyvMt9UwI-unsplash.jpg\",\"datePublished\":\"2021-08-23T22:42:53+00:00\",\"dateModified\":\"2021-08-23T22:42:54+00:00\",\"description\":\"Apple-Mitarbeiter haben #AppleToo mit dem Ziel gegr\u00fcndet, rassistische, sexistische und missbr\u00e4uchliche Verhaltensweisen innerhalb des Unternehmens aufzudecken.\",\"breadcrumb\":{\"@id\":\"https:\\\/\\\/www.apfelpatient.de\\\/news\\\/appletoo-rassismus-sexismus-und-ungleichheit-bei-apple#breadcrumb\"},\"inLanguage\":\"en-US\",\"potentialAction\":[{\"@type\":\"ReadAction\",\"target\":[\"https:\\\/\\\/www.apfelpatient.de\\\/news\\\/appletoo-rassismus-sexismus-und-ungleichheit-bei-apple\"]}]},{\"@type\":\"ImageObject\",\"inLanguage\":\"en-US\",\"@id\":\"https:\\\/\\\/www.apfelpatient.de\\\/news\\\/appletoo-rassismus-sexismus-und-ungleichheit-bei-apple#primaryimage\",\"url\":\"https:\\\/\\\/www.apfelpatient.de\\\/wp-content\\\/uploads\\\/2021\\\/08\\\/carles-rabada-GulyvMt9UwI-unsplash.jpg\",\"contentUrl\":\"https:\\\/\\\/www.apfelpatient.de\\\/wp-content\\\/uploads\\\/2021\\\/08\\\/carles-rabada-GulyvMt9UwI-unsplash.jpg\",\"width\":1600,\"height\":899,\"caption\":\"Photo by Unsplash \\\/ Carles Rabada\"},{\"@type\":\"BreadcrumbList\",\"@id\":\"https:\\\/\\\/www.apfelpatient.de\\\/news\\\/appletoo-rassismus-sexismus-und-ungleichheit-bei-apple#breadcrumb\",\"itemListElement\":[{\"@type\":\"ListItem\",\"position\":1,\"name\":\"Startseite\",\"item\":\"https:\\\/\\\/www.apfelpatient.de\\\/\"},{\"@type\":\"ListItem\",\"position\":2,\"name\":\"#AppleToo: Rassismus, Sexismus und Ungleichheit bei Apple\"}]},{\"@type\":\"WebSite\",\"@id\":\"https:\\\/\\\/www.apfelpatient.de\\\/#website\",\"url\":\"https:\\\/\\\/www.apfelpatient.de\\\/\",\"name\":\"Apfelpatient\",\"description\":\"Alles rund um Apple!\",\"publisher\":{\"@type\":\"Organization\",\"@id\":\"https:\\\/\\\/www.apfelpatient.de\\\/en\\\/#organization\",\"name\":\"Apfelpatient\",\"url\":\"https:\\\/\\\/www.apfelpatient.de\\\/en\\\/\"},\"alternateName\":\"Apfelpatient\",\"potentialAction\":[{\"@type\":\"SearchAction\",\"target\":{\"@type\":\"EntryPoint\",\"urlTemplate\":\"https:\\\/\\\/www.apfelpatient.de\\\/?s={search_term_string}\"},\"query-input\":{\"@type\":\"PropertyValueSpecification\",\"valueRequired\":true,\"valueName\":\"search_term_string\"}}],\"inLanguage\":\"en-US\"},{\"@type\":[\"Person\",\"Organization\"],\"@id\":\"https:\\\/\\\/www.apfelpatient.de\\\/#\\\/schema\\\/person\\\/7dc56ad6c8e9824b76d2c08d4c140e13\",\"name\":\"Milan\",\"logo\":{\"@id\":\"https:\\\/\\\/www.apfelpatient.de\\\/#\\\/schema\\\/person\\\/image\\\/\"},\"description\":\"Hallo und herzlich willkommen auf meinem Technik-Blog! Als gro\u00dfer Apple-Fan berichte ich hier \u00fcber alles, was mit Apple zu tun hat: von den neuesten News und spannenden Ger\u00fcchten \u00fcber hilfreiche Tipps und Tricks bis hin zu ausf\u00fchrlichen Produkttests. Wenn du genauso technikbegeistert bist wie ich, bist du hier genau richtig!\",\"sameAs\":[\"https:\\\/\\\/www.facebook.com\\\/apfelpatientOfficial\",\"https:\\\/\\\/www.linkedin.com\\\/in\\\/milan-jovicic-42aa0231b\"],\"url\":\"https:\\\/\\\/www.apfelpatient.de\\\/en\\\/author\\\/apfeladmin\"}]}<\/script>\n<!-- \/ Yoast SEO Premium plugin. -->","yoast_head_json":{"title":"#AppleToo: Racism, Sexism and Inequality at Apple","description":"Apple employees founded #AppleToo with the goal of exposing racist, sexist and abusive behavior within the company.","robots":{"index":"index","follow":"follow","max-snippet":"max-snippet:-1","max-image-preview":"max-image-preview:large","max-video-preview":"max-video-preview:-1"},"canonical":"https:\/\/www.apfelpatient.de\/en\/news\/appletoo-racism-sexism-and-inequality-at-apple","og_locale":"en_US","og_type":"article","og_title":"#AppleToo: Rassismus, Sexismus und Ungleichheit bei Apple","og_description":"Apple-Mitarbeiter haben #AppleToo mit dem Ziel gegr\u00fcndet, rassistische, sexistische und missbr\u00e4uchliche Verhaltensweisen innerhalb des Unternehmens aufzudecken.","og_url":"https:\/\/www.apfelpatient.de\/en\/news\/appletoo-racism-sexism-and-inequality-at-apple","og_site_name":"Apfelpatient","article_publisher":"https:\/\/www.facebook.com\/apfelpatientOfficial","article_author":"https:\/\/www.facebook.com\/apfelpatientOfficial","article_published_time":"2021-08-23T22:42:53+00:00","article_modified_time":"2021-08-23T22:42:54+00:00","og_image":[{"width":1600,"height":899,"url":"https:\/\/www.apfelpatient.de\/wp-content\/uploads\/2021\/08\/carles-rabada-GulyvMt9UwI-unsplash.jpg","type":"image\/jpeg"}],"author":"Milan","twitter_card":"summary_large_image","twitter_description":"Apple-Mitarbeiter haben #AppleToo mit dem Ziel gegr\u00fcndet, rassistische, sexistische und missbr\u00e4uchliche Verhaltensweisen innerhalb des Unternehmens aufzudecken.","twitter_misc":{"Written by":"Milan","Est. reading time":"2 minutes"},"schema":{"@context":"https:\/\/schema.org","@graph":[{"@type":"NewsArticle","@id":"https:\/\/www.apfelpatient.de\/news\/appletoo-rassismus-sexismus-und-ungleichheit-bei-apple#article","isPartOf":{"@id":"https:\/\/www.apfelpatient.de\/news\/appletoo-rassismus-sexismus-und-ungleichheit-bei-apple"},"author":{"@type":"Organization","@id":"https:\/\/www.apfelpatient.de\/en\/#organization","name":"Apfelpatient","url":"https:\/\/www.apfelpatient.de\/en\/"},"headline":"#AppleToo: Rassismus, Sexismus und Ungleichheit bei Apple","datePublished":"2021-08-23T22:42:53+00:00","dateModified":"2021-08-23T22:42:54+00:00","mainEntityOfPage":{"@id":"https:\/\/www.apfelpatient.de\/news\/appletoo-rassismus-sexismus-und-ungleichheit-bei-apple"},"wordCount":372,"publisher":{"@type":"Organization","@id":"https:\/\/www.apfelpatient.de\/en\/#organization","name":"Apfelpatient","url":"https:\/\/www.apfelpatient.de\/en\/"},"image":{"@id":"https:\/\/www.apfelpatient.de\/news\/appletoo-rassismus-sexismus-und-ungleichheit-bei-apple#primaryimage"},"thumbnailUrl":"https:\/\/www.apfelpatient.de\/wp-content\/uploads\/2021\/08\/carles-rabada-GulyvMt9UwI-unsplash.jpg","keywords":["TechPatient"],"articleSection":"News","inLanguage":"en-US","copyrightYear":"2021","copyrightHolder":{"@id":"https:\/\/www.apfelpatient.de\/en\/#organization"}},{"@type":"WebPage","@id":"https:\/\/www.apfelpatient.de\/news\/appletoo-rassismus-sexismus-und-ungleichheit-bei-apple","url":"https:\/\/www.apfelpatient.de\/news\/appletoo-rassismus-sexismus-und-ungleichheit-bei-apple","name":"#AppleToo: Racism, Sexism and Inequality at Apple","isPartOf":{"@id":"https:\/\/www.apfelpatient.de\/#website"},"primaryImageOfPage":{"@id":"https:\/\/www.apfelpatient.de\/news\/appletoo-rassismus-sexismus-und-ungleichheit-bei-apple#primaryimage"},"image":{"@id":"https:\/\/www.apfelpatient.de\/news\/appletoo-rassismus-sexismus-und-ungleichheit-bei-apple#primaryimage"},"thumbnailUrl":"https:\/\/www.apfelpatient.de\/wp-content\/uploads\/2021\/08\/carles-rabada-GulyvMt9UwI-unsplash.jpg","datePublished":"2021-08-23T22:42:53+00:00","dateModified":"2021-08-23T22:42:54+00:00","description":"Apple employees founded #AppleToo with the goal of exposing racist, sexist and abusive behavior within the company.","breadcrumb":{"@id":"https:\/\/www.apfelpatient.de\/news\/appletoo-rassismus-sexismus-und-ungleichheit-bei-apple#breadcrumb"},"inLanguage":"en-US","potentialAction":[{"@type":"ReadAction","target":["https:\/\/www.apfelpatient.de\/news\/appletoo-rassismus-sexismus-und-ungleichheit-bei-apple"]}]},{"@type":"ImageObject","inLanguage":"en-US","@id":"https:\/\/www.apfelpatient.de\/news\/appletoo-rassismus-sexismus-und-ungleichheit-bei-apple#primaryimage","url":"https:\/\/www.apfelpatient.de\/wp-content\/uploads\/2021\/08\/carles-rabada-GulyvMt9UwI-unsplash.jpg","contentUrl":"https:\/\/www.apfelpatient.de\/wp-content\/uploads\/2021\/08\/carles-rabada-GulyvMt9UwI-unsplash.jpg","width":1600,"height":899,"caption":"Photo by Unsplash \/ Carles Rabada"},{"@type":"BreadcrumbList","@id":"https:\/\/www.apfelpatient.de\/news\/appletoo-rassismus-sexismus-und-ungleichheit-bei-apple#breadcrumb","itemListElement":[{"@type":"ListItem","position":1,"name":"Startseite","item":"https:\/\/www.apfelpatient.de\/"},{"@type":"ListItem","position":2,"name":"#AppleToo: Rassismus, Sexismus und Ungleichheit bei Apple"}]},{"@type":"WebSite","@id":"https:\/\/www.apfelpatient.de\/#website","url":"https:\/\/www.apfelpatient.de\/","name":"apple patient","description":"Everything about Apple!","publisher":{"@type":"Organization","@id":"https:\/\/www.apfelpatient.de\/en\/#organization","name":"Apfelpatient","url":"https:\/\/www.apfelpatient.de\/en\/"},"alternateName":"Apfelpatient","potentialAction":[{"@type":"SearchAction","target":{"@type":"EntryPoint","urlTemplate":"https:\/\/www.apfelpatient.de\/?s={search_term_string}"},"query-input":{"@type":"PropertyValueSpecification","valueRequired":true,"valueName":"search_term_string"}}],"inLanguage":"en-US"},{"@type":["Person","Organization"],"@id":"https:\/\/www.apfelpatient.de\/#\/schema\/person\/7dc56ad6c8e9824b76d2c08d4c140e13","name":"Milan","logo":{"@id":"https:\/\/www.apfelpatient.de\/#\/schema\/person\/image\/"},"description":"Hello and welcome to my technology blog! As a big Apple fan, I report on everything to do with Apple: from the latest news and exciting rumors to helpful tips and tricks and detailed product tests. If you are as enthusiastic about technology as I am, you have come to the right place!","sameAs":["https:\/\/www.facebook.com\/apfelpatientOfficial","https:\/\/www.linkedin.com\/in\/milan-jovicic-42aa0231b"],"url":"https:\/\/www.apfelpatient.de\/en\/author\/apfeladmin"}]}},"_links":{"self":[{"href":"https:\/\/www.apfelpatient.de\/en\/wp-json\/wp\/v2\/posts\/25599","targetHints":{"allow":["GET"]}}],"collection":[{"href":"https:\/\/www.apfelpatient.de\/en\/wp-json\/wp\/v2\/posts"}],"about":[{"href":"https:\/\/www.apfelpatient.de\/en\/wp-json\/wp\/v2\/types\/post"}],"author":[{"embeddable":true,"href":"https:\/\/www.apfelpatient.de\/en\/wp-json\/wp\/v2\/users\/2"}],"replies":[{"embeddable":true,"href":"https:\/\/www.apfelpatient.de\/en\/wp-json\/wp\/v2\/comments?post=25599"}],"version-history":[{"count":0,"href":"https:\/\/www.apfelpatient.de\/en\/wp-json\/wp\/v2\/posts\/25599\/revisions"}],"wp:featuredmedia":[{"embeddable":true,"href":"https:\/\/www.apfelpatient.de\/en\/wp-json\/wp\/v2\/media\/25598"}],"wp:attachment":[{"href":"https:\/\/www.apfelpatient.de\/en\/wp-json\/wp\/v2\/media?parent=25599"}],"wp:term":[{"taxonomy":"category","embeddable":true,"href":"https:\/\/www.apfelpatient.de\/en\/wp-json\/wp\/v2\/categories?post=25599"},{"taxonomy":"post_tag","embeddable":true,"href":"https:\/\/www.apfelpatient.de\/en\/wp-json\/wp\/v2\/tags?post=25599"}],"curies":[{"name":"wp","href":"https:\/\/api.w.org\/{rel}","templated":true}]}}