{"id":25589,"date":"2021-08-22T20:42:41","date_gmt":"2021-08-22T18:42:41","guid":{"rendered":"https:\/\/www.apfelpatient.de\/?p=25589"},"modified":"2021-08-22T20:42:42","modified_gmt":"2021-08-22T18:42:42","slug":"new-design-more-ports-apple-is-working-on-new-mac-mini","status":"publish","type":"post","link":"https:\/\/www.apfelpatient.de\/en\/rumors\/neues-design-mehr-anschluesse-apple-arbeitet-an-neuem-mac-mini","title":{"rendered":"New design &amp; more ports: Apple is working on a new Mac mini"},"content":{"rendered":"<p class=\"has-drop-cap\"><strong>Apple last updated the Mac mini in November 2020. The biggest change was the integration of the first Apple Silicon processor. But a brand new device is due to be released soon.<\/strong><\/p>\n\n\n\n<p>The Mac Mini was one of the first Apple products to receive the M1 processor in 2020, alongside the MacBook Air and MacBook Pro. At that time, the design of the devices was left untouched. But this is set to change soon, as Mark Gurman reports in the latest edition of his newsletter <a href=\"https:\/\/www.bloomberg.com\/account\/newsletters\/power-on\" target=\"_blank\" rel=\"noreferrer noopener\">reported<\/a>Gurman says the company still sells an Intel model because people use it &quot;as a software development machine, as a server, or for their video editing needs.&quot; But that will change with the next model, a Mac mini with the M1X chip.<\/p>\n\n\n\n<h3 class=\"wp-block-heading\" id=\"h-mac-mini-in-neuem-design-markteinf-hrung-k-nnte-bis-ende-des-jahres-erfolgen\">Mac mini in new design: Market launch could take place by the end of the year<\/h3>\n\n\n\n\n\n\n\n<p>Gurman claims that the new model will also have an updated design and more ports than the current device. Gurman originally wrote that the next Mac mini will be released shortly after the new MacBook Pro is released. Jon Prosser has also promised a new design as part of the next update. According to him, the 2021 Mac mini will have a new case with a &quot;plexiglass-like&quot; reflective surface on the top in an otherwise aluminum case. In addition, the device will offer more ports, including four USB4 \/ Thunderbolt 3 ports, two USB-A, Ethernet and HDMI ports. The market launch is scheduled to take place by the end of the year. So it should remain exciting. (Image: rendersbyian x Jon Prosser)<\/p>\n\n\n\n<ul class=\"wp-block-list\"><li><a href=\"https:\/\/www.apfelpatient.de\/en\/rumors\/macbook-air-2022-more-color-options-new-design-and-more\">MacBook Air 2022: More color options, new design and more<\/a><\/li><\/ul>\n\n\n\n<h6 class=\"wp-block-heading translation-block\" id=\"h-kennt-ihr-schon-unsere-amazon-storefront-dort-findet-ihr-eine-handverlesene-auswahl-von-diversen-produkten-f-r-euer-iphone-und-co-viel-spa-beim-st-bern\"><em>Have you already visited our Amazon Storefront? There you&#039;ll find a hand-picked selection of various products for your iPhone and other devices \u2013 <span class=\"has-inline-color has-vivid-red-color\"><a href=\"https:\/\/www.amazon.de\/shop\/apfelpatientofficial\" class=\"ek-link\" data-wpel-link=\"exclude\" rel=\"follow noopener\" target=\"_self\"><span style=\"text-decoration: underline\" class=\"ek-underline\">enjoy browsing<\/span><\/a> !<\/span><\/em><\/h6>\n\n\n\n<h6 class=\"wp-block-heading translation-block\" id=\"h-der-beitrag-enthalt-partnerlinks\">This post contains <a data-type=\"URL\" data-id=\"https:\/\/www.apfelpatient.de\/partnerprogramm\" href=\"https:\/\/www.apfelpatient.de\/en\/partner-program\" data-wpel-link=\"internal\" target=\"_self\">affiliate links<\/a>.<\/h6>","protected":false},"excerpt":{"rendered":"<p>New design, more ports: Apple last updated the Mac mini in November 2020. But a brand new device is due to be released soon.<\/p>","protected":false},"author":2,"featured_media":25583,"comment_status":"closed","ping_status":"closed","sticky":false,"template":"","format":"standard","meta":{"jnews-multi-image_gallery":[],"jnews_single_post":{"subtitle":"","format":"standard","video":"","gallery":"","source_name":"","source_url":"","via_name":"","via_url":"","override":[{"single_blog_custom":"","sidebar":"","second_sidebar":"","share_position":"","share_float_style":"","post_date_format":"","post_date_format_custom":"","post_reading_time_wpm":"","zoom_button_out_step":"1","zoom_button_in_step":"1","number_popup_post":"1"}],"image_override":[{"single_post_thumbnail_size":"","single_post_gallery_size":""}],"trending_post_position":"","trending_post_label":"","sponsored_post_label":"","sponsored_post_name":"","sponsored_post_url":"","sponsored_post_logo":"","sponsored_post_desc":""},"jnews_primary_category":{"id":"25"},"footnotes":""},"categories":[25],"tags":[40],"class_list":["post-25589","post","type-post","status-publish","format-standard","has-post-thumbnail","hentry","category-rumors","tag-mac"],"yoast_head":"<!-- This site is optimized with the Yoast SEO Premium plugin v27.5 (Yoast SEO v27.5) - https:\/\/yoast.com\/product\/yoast-seo-premium-wordpress\/ -->\n<title>Neues Design &amp; mehr Anschl\u00fcsse: Apple arbeitet an neuem Mac mini<\/title>\n<meta name=\"description\" content=\"Neues Design, mehr Anschl\u00fcsse: Apple hat den Mac mini zuletzt im November 2020 aktualisiert. Doch bald soll ein brandneues Ger\u00e4t erscheinen.\" \/>\n<meta name=\"robots\" content=\"index, follow, max-snippet:-1, max-image-preview:large, max-video-preview:-1\" \/>\n<link rel=\"canonical\" href=\"https:\/\/www.apfelpatient.de\/en\/rumors\/new-design-more-ports-apple-is-working-on-new-mac-mini\" \/>\n<meta property=\"og:locale\" content=\"en_US\" \/>\n<meta property=\"og:type\" content=\"article\" \/>\n<meta property=\"og:title\" content=\"Neues Design &amp; mehr Anschl\u00fcsse: Apple arbeitet an neuem Mac mini\" \/>\n<meta property=\"og:description\" content=\"Neues Design, mehr Anschl\u00fcsse: Apple hat den Mac mini zuletzt im November 2020 aktualisiert. Doch bald soll ein brandneues Ger\u00e4t erscheinen.\" \/>\n<meta property=\"og:url\" content=\"https:\/\/www.apfelpatient.de\/en\/rumors\/new-design-more-ports-apple-is-working-on-new-mac-mini\" \/>\n<meta property=\"og:site_name\" content=\"Apfelpatient\" \/>\n<meta property=\"article:publisher\" content=\"https:\/\/www.facebook.com\/apfelpatientOfficial\" \/>\n<meta property=\"article:author\" content=\"https:\/\/www.facebook.com\/apfelpatientOfficial\" \/>\n<meta property=\"article:published_time\" content=\"2021-08-22T18:42:41+00:00\" \/>\n<meta property=\"article:modified_time\" content=\"2021-08-22T18:42:42+00:00\" \/>\n<meta property=\"og:image\" content=\"https:\/\/www.apfelpatient.de\/wp-content\/uploads\/2021\/08\/4fafb463-ab82-4d7b-8b90-ae436d493025_rw_3840.jpg\" \/>\n\t<meta property=\"og:image:width\" content=\"1600\" \/>\n\t<meta property=\"og:image:height\" content=\"900\" \/>\n\t<meta property=\"og:image:type\" content=\"image\/jpeg\" \/>\n<meta name=\"author\" content=\"Milan\" \/>\n<meta name=\"twitter:card\" content=\"summary_large_image\" \/>\n<meta name=\"twitter:description\" content=\"Neues Design, mehr Anschl\u00fcsse: Apple hat den Mac mini zuletzt im November 2020 aktualisiert. Doch bald soll ein brandneues Ger\u00e4t erscheinen.\" \/>\n<meta name=\"twitter:label1\" content=\"Written by\" \/>\n\t<meta name=\"twitter:data1\" content=\"Milan\" \/>\n\t<meta name=\"twitter:label2\" content=\"Est. reading time\" \/>\n\t<meta name=\"twitter:data2\" content=\"2 minutes\" \/>\n<script type=\"application\/ld+json\" class=\"yoast-schema-graph\">{\"@context\":\"https:\\\/\\\/schema.org\",\"@graph\":[{\"@type\":\"NewsArticle\",\"@id\":\"https:\\\/\\\/www.apfelpatient.de\\\/rumors\\\/neues-design-mehr-anschluesse-apple-arbeitet-an-neuem-mac-mini#article\",\"isPartOf\":{\"@id\":\"https:\\\/\\\/www.apfelpatient.de\\\/rumors\\\/neues-design-mehr-anschluesse-apple-arbeitet-an-neuem-mac-mini\"},\"author\":{\"@type\":\"Organization\",\"@id\":\"https:\\\/\\\/www.apfelpatient.de\\\/en\\\/#organization\",\"name\":\"Apfelpatient\",\"url\":\"https:\\\/\\\/www.apfelpatient.de\\\/en\\\/\"},\"headline\":\"Neues Design &#038; mehr Anschl\u00fcsse: Apple arbeitet an neuem Mac mini\",\"datePublished\":\"2021-08-22T18:42:41+00:00\",\"dateModified\":\"2021-08-22T18:42:42+00:00\",\"mainEntityOfPage\":{\"@id\":\"https:\\\/\\\/www.apfelpatient.de\\\/rumors\\\/neues-design-mehr-anschluesse-apple-arbeitet-an-neuem-mac-mini\"},\"wordCount\":289,\"publisher\":{\"@type\":\"Organization\",\"@id\":\"https:\\\/\\\/www.apfelpatient.de\\\/en\\\/#organization\",\"name\":\"Apfelpatient\",\"url\":\"https:\\\/\\\/www.apfelpatient.de\\\/en\\\/\"},\"image\":{\"@id\":\"https:\\\/\\\/www.apfelpatient.de\\\/rumors\\\/neues-design-mehr-anschluesse-apple-arbeitet-an-neuem-mac-mini#primaryimage\"},\"thumbnailUrl\":\"https:\\\/\\\/www.apfelpatient.de\\\/wp-content\\\/uploads\\\/2021\\\/08\\\/4fafb463-ab82-4d7b-8b90-ae436d493025_rw_3840.jpg\",\"keywords\":[\"Mac\"],\"articleSection\":\"Rumors\",\"inLanguage\":\"en-US\",\"copyrightYear\":\"2021\",\"copyrightHolder\":{\"@id\":\"https:\\\/\\\/www.apfelpatient.de\\\/en\\\/#organization\"}},{\"@type\":\"WebPage\",\"@id\":\"https:\\\/\\\/www.apfelpatient.de\\\/rumors\\\/neues-design-mehr-anschluesse-apple-arbeitet-an-neuem-mac-mini\",\"url\":\"https:\\\/\\\/www.apfelpatient.de\\\/rumors\\\/neues-design-mehr-anschluesse-apple-arbeitet-an-neuem-mac-mini\",\"name\":\"Neues Design & mehr Anschl\u00fcsse: Apple arbeitet an neuem Mac mini\",\"isPartOf\":{\"@id\":\"https:\\\/\\\/www.apfelpatient.de\\\/#website\"},\"primaryImageOfPage\":{\"@id\":\"https:\\\/\\\/www.apfelpatient.de\\\/rumors\\\/neues-design-mehr-anschluesse-apple-arbeitet-an-neuem-mac-mini#primaryimage\"},\"image\":{\"@id\":\"https:\\\/\\\/www.apfelpatient.de\\\/rumors\\\/neues-design-mehr-anschluesse-apple-arbeitet-an-neuem-mac-mini#primaryimage\"},\"thumbnailUrl\":\"https:\\\/\\\/www.apfelpatient.de\\\/wp-content\\\/uploads\\\/2021\\\/08\\\/4fafb463-ab82-4d7b-8b90-ae436d493025_rw_3840.jpg\",\"datePublished\":\"2021-08-22T18:42:41+00:00\",\"dateModified\":\"2021-08-22T18:42:42+00:00\",\"description\":\"Neues Design, mehr Anschl\u00fcsse: Apple hat den Mac mini zuletzt im November 2020 aktualisiert. Doch bald soll ein brandneues Ger\u00e4t erscheinen.\",\"breadcrumb\":{\"@id\":\"https:\\\/\\\/www.apfelpatient.de\\\/rumors\\\/neues-design-mehr-anschluesse-apple-arbeitet-an-neuem-mac-mini#breadcrumb\"},\"inLanguage\":\"en-US\",\"potentialAction\":[{\"@type\":\"ReadAction\",\"target\":[\"https:\\\/\\\/www.apfelpatient.de\\\/rumors\\\/neues-design-mehr-anschluesse-apple-arbeitet-an-neuem-mac-mini\"]}]},{\"@type\":\"ImageObject\",\"inLanguage\":\"en-US\",\"@id\":\"https:\\\/\\\/www.apfelpatient.de\\\/rumors\\\/neues-design-mehr-anschluesse-apple-arbeitet-an-neuem-mac-mini#primaryimage\",\"url\":\"https:\\\/\\\/www.apfelpatient.de\\\/wp-content\\\/uploads\\\/2021\\\/08\\\/4fafb463-ab82-4d7b-8b90-ae436d493025_rw_3840.jpg\",\"contentUrl\":\"https:\\\/\\\/www.apfelpatient.de\\\/wp-content\\\/uploads\\\/2021\\\/08\\\/4fafb463-ab82-4d7b-8b90-ae436d493025_rw_3840.jpg\",\"width\":1600,\"height\":900,\"caption\":\"Bild: rendersbyian x Jon Prosser\"},{\"@type\":\"BreadcrumbList\",\"@id\":\"https:\\\/\\\/www.apfelpatient.de\\\/rumors\\\/neues-design-mehr-anschluesse-apple-arbeitet-an-neuem-mac-mini#breadcrumb\",\"itemListElement\":[{\"@type\":\"ListItem\",\"position\":1,\"name\":\"Startseite\",\"item\":\"https:\\\/\\\/www.apfelpatient.de\\\/\"},{\"@type\":\"ListItem\",\"position\":2,\"name\":\"Neues Design &#038; mehr Anschl\u00fcsse: Apple arbeitet an neuem Mac mini\"}]},{\"@type\":\"WebSite\",\"@id\":\"https:\\\/\\\/www.apfelpatient.de\\\/#website\",\"url\":\"https:\\\/\\\/www.apfelpatient.de\\\/\",\"name\":\"Apfelpatient\",\"description\":\"Alles rund um Apple!\",\"publisher\":{\"@type\":\"Organization\",\"@id\":\"https:\\\/\\\/www.apfelpatient.de\\\/en\\\/#organization\",\"name\":\"Apfelpatient\",\"url\":\"https:\\\/\\\/www.apfelpatient.de\\\/en\\\/\"},\"alternateName\":\"Apfelpatient\",\"potentialAction\":[{\"@type\":\"SearchAction\",\"target\":{\"@type\":\"EntryPoint\",\"urlTemplate\":\"https:\\\/\\\/www.apfelpatient.de\\\/?s={search_term_string}\"},\"query-input\":{\"@type\":\"PropertyValueSpecification\",\"valueRequired\":true,\"valueName\":\"search_term_string\"}}],\"inLanguage\":\"en-US\"},{\"@type\":[\"Person\",\"Organization\"],\"@id\":\"https:\\\/\\\/www.apfelpatient.de\\\/#\\\/schema\\\/person\\\/7dc56ad6c8e9824b76d2c08d4c140e13\",\"name\":\"Milan\",\"logo\":{\"@id\":\"https:\\\/\\\/www.apfelpatient.de\\\/#\\\/schema\\\/person\\\/image\\\/\"},\"description\":\"Hallo und herzlich willkommen auf meinem Technik-Blog! Als gro\u00dfer Apple-Fan berichte ich hier \u00fcber alles, was mit Apple zu tun hat: von den neuesten News und spannenden Ger\u00fcchten \u00fcber hilfreiche Tipps und Tricks bis hin zu ausf\u00fchrlichen Produkttests. Wenn du genauso technikbegeistert bist wie ich, bist du hier genau richtig!\",\"sameAs\":[\"https:\\\/\\\/www.facebook.com\\\/apfelpatientOfficial\",\"https:\\\/\\\/www.linkedin.com\\\/in\\\/milan-jovicic-42aa0231b\"],\"url\":\"https:\\\/\\\/www.apfelpatient.de\\\/en\\\/author\\\/apfeladmin\"}]}<\/script>\n<!-- \/ Yoast SEO Premium plugin. -->","yoast_head_json":{"title":"New design &amp; more ports: Apple is working on a new Mac mini","description":"New design, more ports: Apple last updated the Mac mini in November 2020. But a brand new device is due to be released soon.","robots":{"index":"index","follow":"follow","max-snippet":"max-snippet:-1","max-image-preview":"max-image-preview:large","max-video-preview":"max-video-preview:-1"},"canonical":"https:\/\/www.apfelpatient.de\/en\/rumors\/new-design-more-ports-apple-is-working-on-new-mac-mini","og_locale":"en_US","og_type":"article","og_title":"Neues Design & mehr Anschl\u00fcsse: Apple arbeitet an neuem Mac mini","og_description":"Neues Design, mehr Anschl\u00fcsse: Apple hat den Mac mini zuletzt im November 2020 aktualisiert. Doch bald soll ein brandneues Ger\u00e4t erscheinen.","og_url":"https:\/\/www.apfelpatient.de\/en\/rumors\/new-design-more-ports-apple-is-working-on-new-mac-mini","og_site_name":"Apfelpatient","article_publisher":"https:\/\/www.facebook.com\/apfelpatientOfficial","article_author":"https:\/\/www.facebook.com\/apfelpatientOfficial","article_published_time":"2021-08-22T18:42:41+00:00","article_modified_time":"2021-08-22T18:42:42+00:00","og_image":[{"width":1600,"height":900,"url":"https:\/\/www.apfelpatient.de\/wp-content\/uploads\/2021\/08\/4fafb463-ab82-4d7b-8b90-ae436d493025_rw_3840.jpg","type":"image\/jpeg"}],"author":"Milan","twitter_card":"summary_large_image","twitter_description":"Neues Design, mehr Anschl\u00fcsse: Apple hat den Mac mini zuletzt im November 2020 aktualisiert. Doch bald soll ein brandneues Ger\u00e4t erscheinen.","twitter_misc":{"Written by":"Milan","Est. reading time":"2 minutes"},"schema":{"@context":"https:\/\/schema.org","@graph":[{"@type":"NewsArticle","@id":"https:\/\/www.apfelpatient.de\/rumors\/neues-design-mehr-anschluesse-apple-arbeitet-an-neuem-mac-mini#article","isPartOf":{"@id":"https:\/\/www.apfelpatient.de\/rumors\/neues-design-mehr-anschluesse-apple-arbeitet-an-neuem-mac-mini"},"author":{"@type":"Organization","@id":"https:\/\/www.apfelpatient.de\/en\/#organization","name":"Apfelpatient","url":"https:\/\/www.apfelpatient.de\/en\/"},"headline":"Neues Design &#038; mehr Anschl\u00fcsse: Apple arbeitet an neuem Mac mini","datePublished":"2021-08-22T18:42:41+00:00","dateModified":"2021-08-22T18:42:42+00:00","mainEntityOfPage":{"@id":"https:\/\/www.apfelpatient.de\/rumors\/neues-design-mehr-anschluesse-apple-arbeitet-an-neuem-mac-mini"},"wordCount":289,"publisher":{"@type":"Organization","@id":"https:\/\/www.apfelpatient.de\/en\/#organization","name":"Apfelpatient","url":"https:\/\/www.apfelpatient.de\/en\/"},"image":{"@id":"https:\/\/www.apfelpatient.de\/rumors\/neues-design-mehr-anschluesse-apple-arbeitet-an-neuem-mac-mini#primaryimage"},"thumbnailUrl":"https:\/\/www.apfelpatient.de\/wp-content\/uploads\/2021\/08\/4fafb463-ab82-4d7b-8b90-ae436d493025_rw_3840.jpg","keywords":["Mac"],"articleSection":"Rumors","inLanguage":"en-US","copyrightYear":"2021","copyrightHolder":{"@id":"https:\/\/www.apfelpatient.de\/en\/#organization"}},{"@type":"WebPage","@id":"https:\/\/www.apfelpatient.de\/rumors\/neues-design-mehr-anschluesse-apple-arbeitet-an-neuem-mac-mini","url":"https:\/\/www.apfelpatient.de\/rumors\/neues-design-mehr-anschluesse-apple-arbeitet-an-neuem-mac-mini","name":"New design &amp; more ports: Apple is working on a new Mac mini","isPartOf":{"@id":"https:\/\/www.apfelpatient.de\/#website"},"primaryImageOfPage":{"@id":"https:\/\/www.apfelpatient.de\/rumors\/neues-design-mehr-anschluesse-apple-arbeitet-an-neuem-mac-mini#primaryimage"},"image":{"@id":"https:\/\/www.apfelpatient.de\/rumors\/neues-design-mehr-anschluesse-apple-arbeitet-an-neuem-mac-mini#primaryimage"},"thumbnailUrl":"https:\/\/www.apfelpatient.de\/wp-content\/uploads\/2021\/08\/4fafb463-ab82-4d7b-8b90-ae436d493025_rw_3840.jpg","datePublished":"2021-08-22T18:42:41+00:00","dateModified":"2021-08-22T18:42:42+00:00","description":"New design, more ports: Apple last updated the Mac mini in November 2020. But a brand new device is due to be released soon.","breadcrumb":{"@id":"https:\/\/www.apfelpatient.de\/rumors\/neues-design-mehr-anschluesse-apple-arbeitet-an-neuem-mac-mini#breadcrumb"},"inLanguage":"en-US","potentialAction":[{"@type":"ReadAction","target":["https:\/\/www.apfelpatient.de\/rumors\/neues-design-mehr-anschluesse-apple-arbeitet-an-neuem-mac-mini"]}]},{"@type":"ImageObject","inLanguage":"en-US","@id":"https:\/\/www.apfelpatient.de\/rumors\/neues-design-mehr-anschluesse-apple-arbeitet-an-neuem-mac-mini#primaryimage","url":"https:\/\/www.apfelpatient.de\/wp-content\/uploads\/2021\/08\/4fafb463-ab82-4d7b-8b90-ae436d493025_rw_3840.jpg","contentUrl":"https:\/\/www.apfelpatient.de\/wp-content\/uploads\/2021\/08\/4fafb463-ab82-4d7b-8b90-ae436d493025_rw_3840.jpg","width":1600,"height":900,"caption":"Bild: rendersbyian x Jon Prosser"},{"@type":"BreadcrumbList","@id":"https:\/\/www.apfelpatient.de\/rumors\/neues-design-mehr-anschluesse-apple-arbeitet-an-neuem-mac-mini#breadcrumb","itemListElement":[{"@type":"ListItem","position":1,"name":"Startseite","item":"https:\/\/www.apfelpatient.de\/"},{"@type":"ListItem","position":2,"name":"Neues Design &#038; mehr Anschl\u00fcsse: Apple arbeitet an neuem Mac mini"}]},{"@type":"WebSite","@id":"https:\/\/www.apfelpatient.de\/#website","url":"https:\/\/www.apfelpatient.de\/","name":"apple patient","description":"Everything about Apple!","publisher":{"@type":"Organization","@id":"https:\/\/www.apfelpatient.de\/en\/#organization","name":"Apfelpatient","url":"https:\/\/www.apfelpatient.de\/en\/"},"alternateName":"Apfelpatient","potentialAction":[{"@type":"SearchAction","target":{"@type":"EntryPoint","urlTemplate":"https:\/\/www.apfelpatient.de\/?s={search_term_string}"},"query-input":{"@type":"PropertyValueSpecification","valueRequired":true,"valueName":"search_term_string"}}],"inLanguage":"en-US"},{"@type":["Person","Organization"],"@id":"https:\/\/www.apfelpatient.de\/#\/schema\/person\/7dc56ad6c8e9824b76d2c08d4c140e13","name":"Milan","logo":{"@id":"https:\/\/www.apfelpatient.de\/#\/schema\/person\/image\/"},"description":"Hello and welcome to my technology blog! As a big Apple fan, I report on everything to do with Apple: from the latest news and exciting rumors to helpful tips and tricks and detailed product tests. If you are as enthusiastic about technology as I am, you have come to the right place!","sameAs":["https:\/\/www.facebook.com\/apfelpatientOfficial","https:\/\/www.linkedin.com\/in\/milan-jovicic-42aa0231b"],"url":"https:\/\/www.apfelpatient.de\/en\/author\/apfeladmin"}]}},"_links":{"self":[{"href":"https:\/\/www.apfelpatient.de\/en\/wp-json\/wp\/v2\/posts\/25589","targetHints":{"allow":["GET"]}}],"collection":[{"href":"https:\/\/www.apfelpatient.de\/en\/wp-json\/wp\/v2\/posts"}],"about":[{"href":"https:\/\/www.apfelpatient.de\/en\/wp-json\/wp\/v2\/types\/post"}],"author":[{"embeddable":true,"href":"https:\/\/www.apfelpatient.de\/en\/wp-json\/wp\/v2\/users\/2"}],"replies":[{"embeddable":true,"href":"https:\/\/www.apfelpatient.de\/en\/wp-json\/wp\/v2\/comments?post=25589"}],"version-history":[{"count":0,"href":"https:\/\/www.apfelpatient.de\/en\/wp-json\/wp\/v2\/posts\/25589\/revisions"}],"wp:featuredmedia":[{"embeddable":true,"href":"https:\/\/www.apfelpatient.de\/en\/wp-json\/wp\/v2\/media\/25583"}],"wp:attachment":[{"href":"https:\/\/www.apfelpatient.de\/en\/wp-json\/wp\/v2\/media?parent=25589"}],"wp:term":[{"taxonomy":"category","embeddable":true,"href":"https:\/\/www.apfelpatient.de\/en\/wp-json\/wp\/v2\/categories?post=25589"},{"taxonomy":"post_tag","embeddable":true,"href":"https:\/\/www.apfelpatient.de\/en\/wp-json\/wp\/v2\/tags?post=25589"}],"curies":[{"name":"wp","href":"https:\/\/api.w.org\/{rel}","templated":true}]}}