{"id":2556,"date":"2018-11-11T18:00:49","date_gmt":"2018-11-11T17:00:49","guid":{"rendered":"https:\/\/www.apfelpatient.de\/?p=2556"},"modified":"2018-11-11T18:00:49","modified_gmt":"2018-11-11T17:00:49","slug":"mac-mini-in-teardown","status":"publish","type":"post","link":"https:\/\/www.apfelpatient.de\/en\/news\/mac-mini-im-teardown","title":{"rendered":"Mac mini in teardown"},"content":{"rendered":"<p><strong>The first teardowns have already been presented. Now the specialists at iFixit are taking a look at the circuit board of the new Mac mini.<\/strong><\/p>\n<p class=\"p1\"><\/p>\n<p>Not much has changed on the outside, but the professional device shines on the inside. Four processor cores are now standard. However, Apple offers the option of purchasing the device with six cores. The Mac mini can also be equipped with up to 64 GB of RAM.<\/p>\n<p><strong>Easy opening<\/strong><\/p>\n<p>Opening the Mac mini is quite easy. After removing the plastic cover, the antenna plate can be removed using a Torx screwdriver. The internals are then easily accessible and the Mac mini can be easily repaired.<\/p>\n<p class=\"p1\"><\/p>\n<p>After opening the device, the professional mechanics discovered that the RAM was not soldered to the motherboard. This was the case with the previous model. This means that the RAM can now be expanded as desired. In contrast, Apple&#039;s T2 security chip, the CPU and SSD are soldered to the motherboard. Upgrading the hard drive is therefore not possible. In the event of a single defect, the entire motherboard would have to be replaced. This is neither cheap nor can it be considered environmentally friendly.<\/p>\n<p><strong>ports firmly connected<\/strong><\/p>\n<p class=\"p1\"><\/p>\n<p>Due to the fact that all interfaces are also firmly connected to the mainboard, the entire mainboard would have to be replaced in the event of a problem. This is a major criticism from iFixit. Nevertheless, the Mac mini 2018 received a good rating for its ease of repair. iFixit awarded it 6 out of a possible 10 points. Ultimately, the Mac mini performed significantly better than other Macs.<\/p>\n<p>The basic model offers a 3.6 GHz quad-core i3 processor of the 8th generation, 8 GB RAM and 128 GB flash memory. The price of the variant is 899 euros.<\/p>\n<p class=\"p1\"><\/p>\n<p>&nbsp;<\/p>\n<p>&nbsp;<\/p>","protected":false},"excerpt":{"rendered":"<p>Die ersten Teardowns wurden bereits vorgestellt. Nun gehen die Spezialisten von iFixit dem neuen Mac mini an die Platine. \u00c4u\u00dferlich hat sich wenig getan, daf\u00fcr gl\u00e4nzt das Profi-Ger\u00e4t im Inneren. Vier Prozessorkerne sind nun Standard. Apple bietet jedoch die M\u00f6glichkeit an, das Ger\u00e4t mit sechs Kernen zu erwerben. Au\u00dferdem kann der Mac mini mit bis [&hellip;]<\/p>\n","protected":false},"author":2,"featured_media":2515,"comment_status":"open","ping_status":"open","sticky":false,"template":"","format":"standard","meta":{"jnews-multi-image_gallery":[],"jnews_single_post":[],"jnews_primary_category":[],"footnotes":""},"categories":[9],"tags":[40,73,79],"class_list":["post-2556","post","type-post","status-publish","format-standard","has-post-thumbnail","hentry","category-news","tag-mac","tag-mac-mini","tag-teardown"],"yoast_head":"<!-- This site is optimized with the Yoast SEO Premium plugin v27.5 (Yoast SEO v27.5) - https:\/\/yoast.com\/product\/yoast-seo-premium-wordpress\/ -->\n<title>Mac mini im Teardown Apfelpatient<\/title>\n<meta name=\"description\" content=\"Die ersten Teardowns wurden bereits vorgestellt. Nun gehen die Spezialisten von iFixit dem neuen Mac mini an die Platine. \u00c4u\u00dferlich hat sich wenig getan,\" \/>\n<meta name=\"robots\" content=\"index, follow, max-snippet:-1, max-image-preview:large, max-video-preview:-1\" \/>\n<link rel=\"canonical\" href=\"https:\/\/www.apfelpatient.de\/en\/news\/mac-mini-in-teardown\" \/>\n<meta property=\"og:locale\" content=\"en_US\" \/>\n<meta property=\"og:type\" content=\"article\" \/>\n<meta property=\"og:title\" content=\"Mac mini im Teardown\" \/>\n<meta property=\"og:description\" content=\"Die ersten Teardowns wurden bereits vorgestellt. Nun gehen die Spezialisten von iFixit dem neuen Mac mini an die Platine. \u00c4u\u00dferlich hat sich wenig getan,\" \/>\n<meta property=\"og:url\" content=\"https:\/\/www.apfelpatient.de\/en\/news\/mac-mini-in-teardown\" \/>\n<meta property=\"og:site_name\" content=\"Apfelpatient\" \/>\n<meta property=\"article:publisher\" content=\"https:\/\/www.facebook.com\/apfelpatientOfficial\" \/>\n<meta property=\"article:author\" content=\"https:\/\/www.facebook.com\/apfelpatientOfficial\" \/>\n<meta property=\"article:published_time\" content=\"2018-11-11T17:00:49+00:00\" \/>\n<meta property=\"og:image\" content=\"https:\/\/www.apfelpatient.de\/wp-content\/uploads\/2018\/11\/Mac-Mini_interior-display_10302018.jpg\" \/>\n\t<meta property=\"og:image:width\" content=\"1142\" \/>\n\t<meta property=\"og:image:height\" content=\"1142\" \/>\n\t<meta property=\"og:image:type\" content=\"image\/jpeg\" \/>\n<meta name=\"author\" content=\"Milan\" \/>\n<meta name=\"twitter:card\" content=\"summary_large_image\" \/>\n<meta name=\"twitter:label1\" content=\"Written by\" \/>\n\t<meta name=\"twitter:data1\" content=\"Milan\" \/>\n\t<meta name=\"twitter:label2\" content=\"Est. reading time\" \/>\n\t<meta name=\"twitter:data2\" content=\"1 minute\" \/>\n<script type=\"application\/ld+json\" class=\"yoast-schema-graph\">{\"@context\":\"https:\\\/\\\/schema.org\",\"@graph\":[{\"@type\":\"NewsArticle\",\"@id\":\"https:\\\/\\\/www.apfelpatient.de\\\/news\\\/mac-mini-im-teardown#article\",\"isPartOf\":{\"@id\":\"https:\\\/\\\/www.apfelpatient.de\\\/news\\\/mac-mini-im-teardown\"},\"author\":{\"@type\":\"Organization\",\"@id\":\"https:\\\/\\\/www.apfelpatient.de\\\/en\\\/#organization\",\"name\":\"Apfelpatient\",\"url\":\"https:\\\/\\\/www.apfelpatient.de\\\/en\\\/\"},\"headline\":\"Mac mini im Teardown\",\"datePublished\":\"2018-11-11T17:00:49+00:00\",\"mainEntityOfPage\":{\"@id\":\"https:\\\/\\\/www.apfelpatient.de\\\/news\\\/mac-mini-im-teardown\"},\"wordCount\":296,\"commentCount\":0,\"publisher\":{\"@type\":\"Organization\",\"@id\":\"https:\\\/\\\/www.apfelpatient.de\\\/en\\\/#organization\",\"name\":\"Apfelpatient\",\"url\":\"https:\\\/\\\/www.apfelpatient.de\\\/en\\\/\"},\"image\":{\"@id\":\"https:\\\/\\\/www.apfelpatient.de\\\/news\\\/mac-mini-im-teardown#primaryimage\"},\"thumbnailUrl\":\"https:\\\/\\\/www.apfelpatient.de\\\/wp-content\\\/uploads\\\/2018\\\/11\\\/Mac-Mini_interior-display_10302018.jpg\",\"keywords\":[\"Mac\",\"Mac mini\",\"Teardown\"],\"articleSection\":\"News\",\"inLanguage\":\"en-US\",\"potentialAction\":[{\"@type\":\"CommentAction\",\"name\":\"Comment\",\"target\":[\"https:\\\/\\\/www.apfelpatient.de\\\/news\\\/mac-mini-im-teardown#respond\"]}],\"copyrightYear\":\"2018\",\"copyrightHolder\":{\"@id\":\"https:\\\/\\\/www.apfelpatient.de\\\/en\\\/#organization\"}},{\"@type\":\"WebPage\",\"@id\":\"https:\\\/\\\/www.apfelpatient.de\\\/news\\\/mac-mini-im-teardown\",\"url\":\"https:\\\/\\\/www.apfelpatient.de\\\/news\\\/mac-mini-im-teardown\",\"name\":\"Mac mini im Teardown Apfelpatient\",\"isPartOf\":{\"@id\":\"https:\\\/\\\/www.apfelpatient.de\\\/#website\"},\"primaryImageOfPage\":{\"@id\":\"https:\\\/\\\/www.apfelpatient.de\\\/news\\\/mac-mini-im-teardown#primaryimage\"},\"image\":{\"@id\":\"https:\\\/\\\/www.apfelpatient.de\\\/news\\\/mac-mini-im-teardown#primaryimage\"},\"thumbnailUrl\":\"https:\\\/\\\/www.apfelpatient.de\\\/wp-content\\\/uploads\\\/2018\\\/11\\\/Mac-Mini_interior-display_10302018.jpg\",\"datePublished\":\"2018-11-11T17:00:49+00:00\",\"description\":\"Die ersten Teardowns wurden bereits vorgestellt. Nun gehen die Spezialisten von iFixit dem neuen Mac mini an die Platine. \u00c4u\u00dferlich hat sich wenig getan,\",\"breadcrumb\":{\"@id\":\"https:\\\/\\\/www.apfelpatient.de\\\/news\\\/mac-mini-im-teardown#breadcrumb\"},\"inLanguage\":\"en-US\",\"potentialAction\":[{\"@type\":\"ReadAction\",\"target\":[\"https:\\\/\\\/www.apfelpatient.de\\\/news\\\/mac-mini-im-teardown\"]}]},{\"@type\":\"ImageObject\",\"inLanguage\":\"en-US\",\"@id\":\"https:\\\/\\\/www.apfelpatient.de\\\/news\\\/mac-mini-im-teardown#primaryimage\",\"url\":\"https:\\\/\\\/www.apfelpatient.de\\\/wp-content\\\/uploads\\\/2018\\\/11\\\/Mac-Mini_interior-display_10302018.jpg\",\"contentUrl\":\"https:\\\/\\\/www.apfelpatient.de\\\/wp-content\\\/uploads\\\/2018\\\/11\\\/Mac-Mini_interior-display_10302018.jpg\",\"width\":1142,\"height\":1142,\"caption\":\"Bild: Apple\"},{\"@type\":\"BreadcrumbList\",\"@id\":\"https:\\\/\\\/www.apfelpatient.de\\\/news\\\/mac-mini-im-teardown#breadcrumb\",\"itemListElement\":[{\"@type\":\"ListItem\",\"position\":1,\"name\":\"Startseite\",\"item\":\"https:\\\/\\\/www.apfelpatient.de\\\/\"},{\"@type\":\"ListItem\",\"position\":2,\"name\":\"Mac mini im Teardown\"}]},{\"@type\":\"WebSite\",\"@id\":\"https:\\\/\\\/www.apfelpatient.de\\\/#website\",\"url\":\"https:\\\/\\\/www.apfelpatient.de\\\/\",\"name\":\"Apfelpatient\",\"description\":\"Alles rund um Apple!\",\"publisher\":{\"@type\":\"Organization\",\"@id\":\"https:\\\/\\\/www.apfelpatient.de\\\/en\\\/#organization\",\"name\":\"Apfelpatient\",\"url\":\"https:\\\/\\\/www.apfelpatient.de\\\/en\\\/\"},\"alternateName\":\"Apfelpatient\",\"potentialAction\":[{\"@type\":\"SearchAction\",\"target\":{\"@type\":\"EntryPoint\",\"urlTemplate\":\"https:\\\/\\\/www.apfelpatient.de\\\/?s={search_term_string}\"},\"query-input\":{\"@type\":\"PropertyValueSpecification\",\"valueRequired\":true,\"valueName\":\"search_term_string\"}}],\"inLanguage\":\"en-US\"},{\"@type\":[\"Person\",\"Organization\"],\"@id\":\"https:\\\/\\\/www.apfelpatient.de\\\/#\\\/schema\\\/person\\\/7dc56ad6c8e9824b76d2c08d4c140e13\",\"name\":\"Milan\",\"logo\":{\"@id\":\"https:\\\/\\\/www.apfelpatient.de\\\/#\\\/schema\\\/person\\\/image\\\/\"},\"description\":\"Hallo und herzlich willkommen auf meinem Technik-Blog! Als gro\u00dfer Apple-Fan berichte ich hier \u00fcber alles, was mit Apple zu tun hat: von den neuesten News und spannenden Ger\u00fcchten \u00fcber hilfreiche Tipps und Tricks bis hin zu ausf\u00fchrlichen Produkttests. Wenn du genauso technikbegeistert bist wie ich, bist du hier genau richtig!\",\"sameAs\":[\"https:\\\/\\\/www.facebook.com\\\/apfelpatientOfficial\",\"https:\\\/\\\/www.linkedin.com\\\/in\\\/milan-jovicic-42aa0231b\"],\"url\":\"https:\\\/\\\/www.apfelpatient.de\\\/en\\\/author\\\/apfeladmin\"}]}<\/script>\n<!-- \/ Yoast SEO Premium plugin. -->","yoast_head_json":{"title":"Mac mini in teardown Apfelpatient","description":"The first teardowns have already been presented. Now the specialists at iFixit are taking a look at the circuit board of the new Mac mini. Externally, little has changed,","robots":{"index":"index","follow":"follow","max-snippet":"max-snippet:-1","max-image-preview":"max-image-preview:large","max-video-preview":"max-video-preview:-1"},"canonical":"https:\/\/www.apfelpatient.de\/en\/news\/mac-mini-in-teardown","og_locale":"en_US","og_type":"article","og_title":"Mac mini im Teardown","og_description":"Die ersten Teardowns wurden bereits vorgestellt. Nun gehen die Spezialisten von iFixit dem neuen Mac mini an die Platine. \u00c4u\u00dferlich hat sich wenig getan,","og_url":"https:\/\/www.apfelpatient.de\/en\/news\/mac-mini-in-teardown","og_site_name":"Apfelpatient","article_publisher":"https:\/\/www.facebook.com\/apfelpatientOfficial","article_author":"https:\/\/www.facebook.com\/apfelpatientOfficial","article_published_time":"2018-11-11T17:00:49+00:00","og_image":[{"width":1142,"height":1142,"url":"https:\/\/www.apfelpatient.de\/wp-content\/uploads\/2018\/11\/Mac-Mini_interior-display_10302018.jpg","type":"image\/jpeg"}],"author":"Milan","twitter_card":"summary_large_image","twitter_misc":{"Written by":"Milan","Est. reading time":"1 minute"},"schema":{"@context":"https:\/\/schema.org","@graph":[{"@type":"NewsArticle","@id":"https:\/\/www.apfelpatient.de\/news\/mac-mini-im-teardown#article","isPartOf":{"@id":"https:\/\/www.apfelpatient.de\/news\/mac-mini-im-teardown"},"author":{"@type":"Organization","@id":"https:\/\/www.apfelpatient.de\/en\/#organization","name":"Apfelpatient","url":"https:\/\/www.apfelpatient.de\/en\/"},"headline":"Mac mini im Teardown","datePublished":"2018-11-11T17:00:49+00:00","mainEntityOfPage":{"@id":"https:\/\/www.apfelpatient.de\/news\/mac-mini-im-teardown"},"wordCount":296,"commentCount":0,"publisher":{"@type":"Organization","@id":"https:\/\/www.apfelpatient.de\/en\/#organization","name":"Apfelpatient","url":"https:\/\/www.apfelpatient.de\/en\/"},"image":{"@id":"https:\/\/www.apfelpatient.de\/news\/mac-mini-im-teardown#primaryimage"},"thumbnailUrl":"https:\/\/www.apfelpatient.de\/wp-content\/uploads\/2018\/11\/Mac-Mini_interior-display_10302018.jpg","keywords":["Mac","Mac mini","Teardown"],"articleSection":"News","inLanguage":"en-US","potentialAction":[{"@type":"CommentAction","name":"Comment","target":["https:\/\/www.apfelpatient.de\/news\/mac-mini-im-teardown#respond"]}],"copyrightYear":"2018","copyrightHolder":{"@id":"https:\/\/www.apfelpatient.de\/en\/#organization"}},{"@type":"WebPage","@id":"https:\/\/www.apfelpatient.de\/news\/mac-mini-im-teardown","url":"https:\/\/www.apfelpatient.de\/news\/mac-mini-im-teardown","name":"Mac mini in teardown Apfelpatient","isPartOf":{"@id":"https:\/\/www.apfelpatient.de\/#website"},"primaryImageOfPage":{"@id":"https:\/\/www.apfelpatient.de\/news\/mac-mini-im-teardown#primaryimage"},"image":{"@id":"https:\/\/www.apfelpatient.de\/news\/mac-mini-im-teardown#primaryimage"},"thumbnailUrl":"https:\/\/www.apfelpatient.de\/wp-content\/uploads\/2018\/11\/Mac-Mini_interior-display_10302018.jpg","datePublished":"2018-11-11T17:00:49+00:00","description":"The first teardowns have already been presented. Now the specialists at iFixit are taking a look at the circuit board of the new Mac mini. Externally, little has changed,","breadcrumb":{"@id":"https:\/\/www.apfelpatient.de\/news\/mac-mini-im-teardown#breadcrumb"},"inLanguage":"en-US","potentialAction":[{"@type":"ReadAction","target":["https:\/\/www.apfelpatient.de\/news\/mac-mini-im-teardown"]}]},{"@type":"ImageObject","inLanguage":"en-US","@id":"https:\/\/www.apfelpatient.de\/news\/mac-mini-im-teardown#primaryimage","url":"https:\/\/www.apfelpatient.de\/wp-content\/uploads\/2018\/11\/Mac-Mini_interior-display_10302018.jpg","contentUrl":"https:\/\/www.apfelpatient.de\/wp-content\/uploads\/2018\/11\/Mac-Mini_interior-display_10302018.jpg","width":1142,"height":1142,"caption":"Bild: Apple"},{"@type":"BreadcrumbList","@id":"https:\/\/www.apfelpatient.de\/news\/mac-mini-im-teardown#breadcrumb","itemListElement":[{"@type":"ListItem","position":1,"name":"Startseite","item":"https:\/\/www.apfelpatient.de\/"},{"@type":"ListItem","position":2,"name":"Mac mini im Teardown"}]},{"@type":"WebSite","@id":"https:\/\/www.apfelpatient.de\/#website","url":"https:\/\/www.apfelpatient.de\/","name":"apple patient","description":"Everything about Apple!","publisher":{"@type":"Organization","@id":"https:\/\/www.apfelpatient.de\/en\/#organization","name":"Apfelpatient","url":"https:\/\/www.apfelpatient.de\/en\/"},"alternateName":"Apfelpatient","potentialAction":[{"@type":"SearchAction","target":{"@type":"EntryPoint","urlTemplate":"https:\/\/www.apfelpatient.de\/?s={search_term_string}"},"query-input":{"@type":"PropertyValueSpecification","valueRequired":true,"valueName":"search_term_string"}}],"inLanguage":"en-US"},{"@type":["Person","Organization"],"@id":"https:\/\/www.apfelpatient.de\/#\/schema\/person\/7dc56ad6c8e9824b76d2c08d4c140e13","name":"Milan","logo":{"@id":"https:\/\/www.apfelpatient.de\/#\/schema\/person\/image\/"},"description":"Hello and welcome to my technology blog! As a big Apple fan, I report on everything to do with Apple: from the latest news and exciting rumors to helpful tips and tricks and detailed product tests. If you are as enthusiastic about technology as I am, you have come to the right place!","sameAs":["https:\/\/www.facebook.com\/apfelpatientOfficial","https:\/\/www.linkedin.com\/in\/milan-jovicic-42aa0231b"],"url":"https:\/\/www.apfelpatient.de\/en\/author\/apfeladmin"}]}},"_links":{"self":[{"href":"https:\/\/www.apfelpatient.de\/en\/wp-json\/wp\/v2\/posts\/2556","targetHints":{"allow":["GET"]}}],"collection":[{"href":"https:\/\/www.apfelpatient.de\/en\/wp-json\/wp\/v2\/posts"}],"about":[{"href":"https:\/\/www.apfelpatient.de\/en\/wp-json\/wp\/v2\/types\/post"}],"author":[{"embeddable":true,"href":"https:\/\/www.apfelpatient.de\/en\/wp-json\/wp\/v2\/users\/2"}],"replies":[{"embeddable":true,"href":"https:\/\/www.apfelpatient.de\/en\/wp-json\/wp\/v2\/comments?post=2556"}],"version-history":[{"count":0,"href":"https:\/\/www.apfelpatient.de\/en\/wp-json\/wp\/v2\/posts\/2556\/revisions"}],"wp:featuredmedia":[{"embeddable":true,"href":"https:\/\/www.apfelpatient.de\/en\/wp-json\/wp\/v2\/media\/2515"}],"wp:attachment":[{"href":"https:\/\/www.apfelpatient.de\/en\/wp-json\/wp\/v2\/media?parent=2556"}],"wp:term":[{"taxonomy":"category","embeddable":true,"href":"https:\/\/www.apfelpatient.de\/en\/wp-json\/wp\/v2\/categories?post=2556"},{"taxonomy":"post_tag","embeddable":true,"href":"https:\/\/www.apfelpatient.de\/en\/wp-json\/wp\/v2\/tags?post=2556"}],"curies":[{"name":"wp","href":"https:\/\/api.w.org\/{rel}","templated":true}]}}