{"id":2552,"date":"2018-11-10T13:49:35","date_gmt":"2018-11-10T12:49:35","guid":{"rendered":"https:\/\/www.apfelpatient.de\/?p=2552"},"modified":"2018-11-10T13:49:35","modified_gmt":"2018-11-10T12:49:35","slug":"iphone-x-macbook-pro-apple-starts-repair-program","status":"publish","type":"post","link":"https:\/\/www.apfelpatient.de\/en\/news\/iphone-x-macbook-pro-apple-startet-reparaturprogramm","title":{"rendered":"iPhone X &amp; MacBook Pro: Apple starts repair program"},"content":{"rendered":"<p><strong>Apple has now acknowledged a problem with the iPhone X and 13\u2033 MacBook Pro and is promising a free repair. This means that affected users will receive a repair or replacement free of charge from Apple or an authorized Apple dealer.<\/strong><\/p>\n\n<p><strong>iPhone X with ghost touch problem<\/strong><\/p>\n<p>The iPhone X is struggling with the so-called ghost touch problem. Affected devices perform various actions without being touched, as if by magic. This topic was first documented in December 2017 and is still hotly debated today. Only now has Apple confirmed the problem and is now offering free display replacements. Customers who previously had their display replaced for a fee will receive a refund upon request. According to Apple, a certain component in the display module causes the failure.<\/p>\n<p><strong>13\u2033 MacBook Pro with faulty SSD<\/strong><\/p>\n\n<p>The MacBook Pro 13\u2033 is struggling with a serious hardware error. In some models, the SSD fails completely and can cause data loss. Affected models are MacBook Pro 13\u2033 devices without TouchBar that were sold between June 2017 and June 2018. Apple offers a verification process on its own homepage. Using the serial number, you can check whether your own device is affected by the problem. Here too, anyone who has previously paid for a replacement can claim their money back by submitting an application. Click here to go to\u00a0<a href=\"https:\/\/www.apple.com\/de\/support\/13-inch-macbook-pro-solid-state-drive-service-program\/\" target=\"_blank\" rel=\"noopener noreferrer\"><em>service program<\/em><\/a>!<\/p>","protected":false},"excerpt":{"rendered":"<p>Apple hat nun ein Problem bei dem iPhone X und 13&#8243; MacBook Pro anerkannt und verspricht eine kostenlose Reparatur. Das hei\u00dft, betroffene Nutzer bekommen die Reparatur bzw. den Austausch von Apple oder einem autorisierten Apple-H\u00e4ndler kostenlos durchgef\u00fchrt. iPhone X mit Ghost-Touch-Problem Das iPhone X hat mit dem sogenannten Ghost-Touch-Problem zu k\u00e4mpfen. Betroffene Ger\u00e4te f\u00fchren ohne [&hellip;]<\/p>\n","protected":false},"author":2,"featured_media":1875,"comment_status":"open","ping_status":"open","sticky":false,"template":"","format":"standard","meta":{"jnews-multi-image_gallery":[],"jnews_single_post":[],"jnews_primary_category":[],"footnotes":""},"categories":[9],"tags":[8,38,40,50,139],"class_list":["post-2552","post","type-post","status-publish","format-standard","has-post-thumbnail","hentry","category-news","tag-iphone","tag-iphone-x","tag-mac","tag-macbook-pro","tag-reparaturprogramm"],"yoast_head":"<!-- This site is optimized with the Yoast SEO Premium plugin v27.5 (Yoast SEO v27.5) - https:\/\/yoast.com\/product\/yoast-seo-premium-wordpress\/ -->\n<title>iPhone X &amp; MacBook Pro: Apple startet Reparaturprogramm Apfelpatient<\/title>\n<meta name=\"description\" content=\"Apple hat nun ein Problem bei dem iPhone X und 13&quot; MacBook Pro anerkannt und verspricht eine kostenlose Reparatur. Das hei\u00dft, betroffene Nutzer bekommen\" \/>\n<meta name=\"robots\" content=\"index, follow, max-snippet:-1, max-image-preview:large, max-video-preview:-1\" \/>\n<link rel=\"canonical\" href=\"https:\/\/www.apfelpatient.de\/en\/news\/iphone-x-macbook-pro-apple-starts-repair-program\" \/>\n<meta property=\"og:locale\" content=\"en_US\" \/>\n<meta property=\"og:type\" content=\"article\" \/>\n<meta property=\"og:title\" content=\"iPhone X &amp; MacBook Pro: Apple startet Reparaturprogramm\" \/>\n<meta property=\"og:description\" content=\"Apple hat nun ein Problem bei dem iPhone X und 13&quot; MacBook Pro anerkannt und verspricht eine kostenlose Reparatur. Das hei\u00dft, betroffene Nutzer bekommen\" \/>\n<meta property=\"og:url\" content=\"https:\/\/www.apfelpatient.de\/en\/news\/iphone-x-macbook-pro-apple-starts-repair-program\" \/>\n<meta property=\"og:site_name\" content=\"Apfelpatient\" \/>\n<meta property=\"article:publisher\" content=\"https:\/\/www.facebook.com\/apfelpatientOfficial\" \/>\n<meta property=\"article:author\" content=\"https:\/\/www.facebook.com\/apfelpatientOfficial\" \/>\n<meta property=\"article:published_time\" content=\"2018-11-10T12:49:35+00:00\" \/>\n<meta property=\"og:image\" content=\"https:\/\/www.apfelpatient.de\/wp-content\/uploads\/2018\/09\/tim-bennett-538189-unsplash.jpg\" \/>\n\t<meta property=\"og:image:width\" content=\"1024\" \/>\n\t<meta property=\"og:image:height\" content=\"768\" \/>\n\t<meta property=\"og:image:type\" content=\"image\/jpeg\" \/>\n<meta name=\"author\" content=\"Milan\" \/>\n<meta name=\"twitter:card\" content=\"summary_large_image\" \/>\n<meta name=\"twitter:label1\" content=\"Written by\" \/>\n\t<meta name=\"twitter:data1\" content=\"Milan\" \/>\n\t<meta name=\"twitter:label2\" content=\"Est. reading time\" \/>\n\t<meta name=\"twitter:data2\" content=\"1 minute\" \/>\n<script type=\"application\/ld+json\" class=\"yoast-schema-graph\">{\"@context\":\"https:\\\/\\\/schema.org\",\"@graph\":[{\"@type\":\"NewsArticle\",\"@id\":\"https:\\\/\\\/www.apfelpatient.de\\\/news\\\/iphone-x-macbook-pro-apple-startet-reparaturprogramm#article\",\"isPartOf\":{\"@id\":\"https:\\\/\\\/www.apfelpatient.de\\\/news\\\/iphone-x-macbook-pro-apple-startet-reparaturprogramm\"},\"author\":{\"@type\":\"Organization\",\"@id\":\"https:\\\/\\\/www.apfelpatient.de\\\/en\\\/#organization\",\"name\":\"Apfelpatient\",\"url\":\"https:\\\/\\\/www.apfelpatient.de\\\/en\\\/\"},\"headline\":\"iPhone X &#038; MacBook Pro: Apple startet Reparaturprogramm\",\"datePublished\":\"2018-11-10T12:49:35+00:00\",\"mainEntityOfPage\":{\"@id\":\"https:\\\/\\\/www.apfelpatient.de\\\/news\\\/iphone-x-macbook-pro-apple-startet-reparaturprogramm\"},\"wordCount\":238,\"commentCount\":0,\"publisher\":{\"@type\":\"Organization\",\"@id\":\"https:\\\/\\\/www.apfelpatient.de\\\/en\\\/#organization\",\"name\":\"Apfelpatient\",\"url\":\"https:\\\/\\\/www.apfelpatient.de\\\/en\\\/\"},\"image\":{\"@id\":\"https:\\\/\\\/www.apfelpatient.de\\\/news\\\/iphone-x-macbook-pro-apple-startet-reparaturprogramm#primaryimage\"},\"thumbnailUrl\":\"https:\\\/\\\/www.apfelpatient.de\\\/wp-content\\\/uploads\\\/2018\\\/09\\\/tim-bennett-538189-unsplash.jpg\",\"keywords\":[\"iPhone\",\"iPhone X\",\"Mac\",\"MacBook Pro\",\"Reparaturprogramm\"],\"articleSection\":\"News\",\"inLanguage\":\"en-US\",\"potentialAction\":[{\"@type\":\"CommentAction\",\"name\":\"Comment\",\"target\":[\"https:\\\/\\\/www.apfelpatient.de\\\/news\\\/iphone-x-macbook-pro-apple-startet-reparaturprogramm#respond\"]}],\"copyrightYear\":\"2018\",\"copyrightHolder\":{\"@id\":\"https:\\\/\\\/www.apfelpatient.de\\\/en\\\/#organization\"}},{\"@type\":\"WebPage\",\"@id\":\"https:\\\/\\\/www.apfelpatient.de\\\/news\\\/iphone-x-macbook-pro-apple-startet-reparaturprogramm\",\"url\":\"https:\\\/\\\/www.apfelpatient.de\\\/news\\\/iphone-x-macbook-pro-apple-startet-reparaturprogramm\",\"name\":\"iPhone X & MacBook Pro: Apple startet Reparaturprogramm Apfelpatient\",\"isPartOf\":{\"@id\":\"https:\\\/\\\/www.apfelpatient.de\\\/#website\"},\"primaryImageOfPage\":{\"@id\":\"https:\\\/\\\/www.apfelpatient.de\\\/news\\\/iphone-x-macbook-pro-apple-startet-reparaturprogramm#primaryimage\"},\"image\":{\"@id\":\"https:\\\/\\\/www.apfelpatient.de\\\/news\\\/iphone-x-macbook-pro-apple-startet-reparaturprogramm#primaryimage\"},\"thumbnailUrl\":\"https:\\\/\\\/www.apfelpatient.de\\\/wp-content\\\/uploads\\\/2018\\\/09\\\/tim-bennett-538189-unsplash.jpg\",\"datePublished\":\"2018-11-10T12:49:35+00:00\",\"description\":\"Apple hat nun ein Problem bei dem iPhone X und 13\\\" MacBook Pro anerkannt und verspricht eine kostenlose Reparatur. Das hei\u00dft, betroffene Nutzer bekommen\",\"breadcrumb\":{\"@id\":\"https:\\\/\\\/www.apfelpatient.de\\\/news\\\/iphone-x-macbook-pro-apple-startet-reparaturprogramm#breadcrumb\"},\"inLanguage\":\"en-US\",\"potentialAction\":[{\"@type\":\"ReadAction\",\"target\":[\"https:\\\/\\\/www.apfelpatient.de\\\/news\\\/iphone-x-macbook-pro-apple-startet-reparaturprogramm\"]}]},{\"@type\":\"ImageObject\",\"inLanguage\":\"en-US\",\"@id\":\"https:\\\/\\\/www.apfelpatient.de\\\/news\\\/iphone-x-macbook-pro-apple-startet-reparaturprogramm#primaryimage\",\"url\":\"https:\\\/\\\/www.apfelpatient.de\\\/wp-content\\\/uploads\\\/2018\\\/09\\\/tim-bennett-538189-unsplash.jpg\",\"contentUrl\":\"https:\\\/\\\/www.apfelpatient.de\\\/wp-content\\\/uploads\\\/2018\\\/09\\\/tim-bennett-538189-unsplash.jpg\",\"width\":5184,\"height\":3888,\"caption\":\"Photo by Unsplash\"},{\"@type\":\"BreadcrumbList\",\"@id\":\"https:\\\/\\\/www.apfelpatient.de\\\/news\\\/iphone-x-macbook-pro-apple-startet-reparaturprogramm#breadcrumb\",\"itemListElement\":[{\"@type\":\"ListItem\",\"position\":1,\"name\":\"Startseite\",\"item\":\"https:\\\/\\\/www.apfelpatient.de\\\/\"},{\"@type\":\"ListItem\",\"position\":2,\"name\":\"iPhone X &#038; MacBook Pro: Apple startet Reparaturprogramm\"}]},{\"@type\":\"WebSite\",\"@id\":\"https:\\\/\\\/www.apfelpatient.de\\\/#website\",\"url\":\"https:\\\/\\\/www.apfelpatient.de\\\/\",\"name\":\"Apfelpatient\",\"description\":\"Alles rund um Apple!\",\"publisher\":{\"@type\":\"Organization\",\"@id\":\"https:\\\/\\\/www.apfelpatient.de\\\/en\\\/#organization\",\"name\":\"Apfelpatient\",\"url\":\"https:\\\/\\\/www.apfelpatient.de\\\/en\\\/\"},\"alternateName\":\"Apfelpatient\",\"potentialAction\":[{\"@type\":\"SearchAction\",\"target\":{\"@type\":\"EntryPoint\",\"urlTemplate\":\"https:\\\/\\\/www.apfelpatient.de\\\/?s={search_term_string}\"},\"query-input\":{\"@type\":\"PropertyValueSpecification\",\"valueRequired\":true,\"valueName\":\"search_term_string\"}}],\"inLanguage\":\"en-US\"},{\"@type\":[\"Person\",\"Organization\"],\"@id\":\"https:\\\/\\\/www.apfelpatient.de\\\/#\\\/schema\\\/person\\\/7dc56ad6c8e9824b76d2c08d4c140e13\",\"name\":\"Milan\",\"logo\":{\"@id\":\"https:\\\/\\\/www.apfelpatient.de\\\/#\\\/schema\\\/person\\\/image\\\/\"},\"description\":\"Hallo und herzlich willkommen auf meinem Technik-Blog! Als gro\u00dfer Apple-Fan berichte ich hier \u00fcber alles, was mit Apple zu tun hat: von den neuesten News und spannenden Ger\u00fcchten \u00fcber hilfreiche Tipps und Tricks bis hin zu ausf\u00fchrlichen Produkttests. Wenn du genauso technikbegeistert bist wie ich, bist du hier genau richtig!\",\"sameAs\":[\"https:\\\/\\\/www.facebook.com\\\/apfelpatientOfficial\",\"https:\\\/\\\/www.linkedin.com\\\/in\\\/milan-jovicic-42aa0231b\"],\"url\":\"https:\\\/\\\/www.apfelpatient.de\\\/en\\\/author\\\/apfeladmin\"}]}<\/script>\n<!-- \/ Yoast SEO Premium plugin. -->","yoast_head_json":{"title":"iPhone X &amp; MacBook Pro: Apple launches repair program Apfelpatient","description":"Apple has now acknowledged a problem with the iPhone X and 13&quot; MacBook Pro and promises a free repair. This means that affected users will receive","robots":{"index":"index","follow":"follow","max-snippet":"max-snippet:-1","max-image-preview":"max-image-preview:large","max-video-preview":"max-video-preview:-1"},"canonical":"https:\/\/www.apfelpatient.de\/en\/news\/iphone-x-macbook-pro-apple-starts-repair-program","og_locale":"en_US","og_type":"article","og_title":"iPhone X & MacBook Pro: Apple startet Reparaturprogramm","og_description":"Apple hat nun ein Problem bei dem iPhone X und 13\" MacBook Pro anerkannt und verspricht eine kostenlose Reparatur. Das hei\u00dft, betroffene Nutzer bekommen","og_url":"https:\/\/www.apfelpatient.de\/en\/news\/iphone-x-macbook-pro-apple-starts-repair-program","og_site_name":"Apfelpatient","article_publisher":"https:\/\/www.facebook.com\/apfelpatientOfficial","article_author":"https:\/\/www.facebook.com\/apfelpatientOfficial","article_published_time":"2018-11-10T12:49:35+00:00","og_image":[{"url":"https:\/\/www.apfelpatient.de\/wp-content\/uploads\/2018\/09\/tim-bennett-538189-unsplash.jpg","width":1024,"height":768,"type":"image\/jpeg"}],"author":"Milan","twitter_card":"summary_large_image","twitter_misc":{"Written by":"Milan","Est. reading time":"1 minute"},"schema":{"@context":"https:\/\/schema.org","@graph":[{"@type":"NewsArticle","@id":"https:\/\/www.apfelpatient.de\/news\/iphone-x-macbook-pro-apple-startet-reparaturprogramm#article","isPartOf":{"@id":"https:\/\/www.apfelpatient.de\/news\/iphone-x-macbook-pro-apple-startet-reparaturprogramm"},"author":{"@type":"Organization","@id":"https:\/\/www.apfelpatient.de\/en\/#organization","name":"Apfelpatient","url":"https:\/\/www.apfelpatient.de\/en\/"},"headline":"iPhone X &#038; MacBook Pro: Apple startet Reparaturprogramm","datePublished":"2018-11-10T12:49:35+00:00","mainEntityOfPage":{"@id":"https:\/\/www.apfelpatient.de\/news\/iphone-x-macbook-pro-apple-startet-reparaturprogramm"},"wordCount":238,"commentCount":0,"publisher":{"@type":"Organization","@id":"https:\/\/www.apfelpatient.de\/en\/#organization","name":"Apfelpatient","url":"https:\/\/www.apfelpatient.de\/en\/"},"image":{"@id":"https:\/\/www.apfelpatient.de\/news\/iphone-x-macbook-pro-apple-startet-reparaturprogramm#primaryimage"},"thumbnailUrl":"https:\/\/www.apfelpatient.de\/wp-content\/uploads\/2018\/09\/tim-bennett-538189-unsplash.jpg","keywords":["iPhone","iPhone X","Mac","MacBook Pro","Reparaturprogramm"],"articleSection":"News","inLanguage":"en-US","potentialAction":[{"@type":"CommentAction","name":"Comment","target":["https:\/\/www.apfelpatient.de\/news\/iphone-x-macbook-pro-apple-startet-reparaturprogramm#respond"]}],"copyrightYear":"2018","copyrightHolder":{"@id":"https:\/\/www.apfelpatient.de\/en\/#organization"}},{"@type":"WebPage","@id":"https:\/\/www.apfelpatient.de\/news\/iphone-x-macbook-pro-apple-startet-reparaturprogramm","url":"https:\/\/www.apfelpatient.de\/news\/iphone-x-macbook-pro-apple-startet-reparaturprogramm","name":"iPhone X &amp; MacBook Pro: Apple launches repair program Apfelpatient","isPartOf":{"@id":"https:\/\/www.apfelpatient.de\/#website"},"primaryImageOfPage":{"@id":"https:\/\/www.apfelpatient.de\/news\/iphone-x-macbook-pro-apple-startet-reparaturprogramm#primaryimage"},"image":{"@id":"https:\/\/www.apfelpatient.de\/news\/iphone-x-macbook-pro-apple-startet-reparaturprogramm#primaryimage"},"thumbnailUrl":"https:\/\/www.apfelpatient.de\/wp-content\/uploads\/2018\/09\/tim-bennett-538189-unsplash.jpg","datePublished":"2018-11-10T12:49:35+00:00","description":"Apple has now acknowledged a problem with the iPhone X and 13&quot; MacBook Pro and promises a free repair. This means that affected users will receive","breadcrumb":{"@id":"https:\/\/www.apfelpatient.de\/news\/iphone-x-macbook-pro-apple-startet-reparaturprogramm#breadcrumb"},"inLanguage":"en-US","potentialAction":[{"@type":"ReadAction","target":["https:\/\/www.apfelpatient.de\/news\/iphone-x-macbook-pro-apple-startet-reparaturprogramm"]}]},{"@type":"ImageObject","inLanguage":"en-US","@id":"https:\/\/www.apfelpatient.de\/news\/iphone-x-macbook-pro-apple-startet-reparaturprogramm#primaryimage","url":"https:\/\/www.apfelpatient.de\/wp-content\/uploads\/2018\/09\/tim-bennett-538189-unsplash.jpg","contentUrl":"https:\/\/www.apfelpatient.de\/wp-content\/uploads\/2018\/09\/tim-bennett-538189-unsplash.jpg","width":5184,"height":3888,"caption":"Photo by Unsplash"},{"@type":"BreadcrumbList","@id":"https:\/\/www.apfelpatient.de\/news\/iphone-x-macbook-pro-apple-startet-reparaturprogramm#breadcrumb","itemListElement":[{"@type":"ListItem","position":1,"name":"Startseite","item":"https:\/\/www.apfelpatient.de\/"},{"@type":"ListItem","position":2,"name":"iPhone X &#038; MacBook Pro: Apple startet Reparaturprogramm"}]},{"@type":"WebSite","@id":"https:\/\/www.apfelpatient.de\/#website","url":"https:\/\/www.apfelpatient.de\/","name":"apple patient","description":"Everything about Apple!","publisher":{"@type":"Organization","@id":"https:\/\/www.apfelpatient.de\/en\/#organization","name":"Apfelpatient","url":"https:\/\/www.apfelpatient.de\/en\/"},"alternateName":"Apfelpatient","potentialAction":[{"@type":"SearchAction","target":{"@type":"EntryPoint","urlTemplate":"https:\/\/www.apfelpatient.de\/?s={search_term_string}"},"query-input":{"@type":"PropertyValueSpecification","valueRequired":true,"valueName":"search_term_string"}}],"inLanguage":"en-US"},{"@type":["Person","Organization"],"@id":"https:\/\/www.apfelpatient.de\/#\/schema\/person\/7dc56ad6c8e9824b76d2c08d4c140e13","name":"Milan","logo":{"@id":"https:\/\/www.apfelpatient.de\/#\/schema\/person\/image\/"},"description":"Hello and welcome to my technology blog! As a big Apple fan, I report on everything to do with Apple: from the latest news and exciting rumors to helpful tips and tricks and detailed product tests. If you are as enthusiastic about technology as I am, you have come to the right place!","sameAs":["https:\/\/www.facebook.com\/apfelpatientOfficial","https:\/\/www.linkedin.com\/in\/milan-jovicic-42aa0231b"],"url":"https:\/\/www.apfelpatient.de\/en\/author\/apfeladmin"}]}},"_links":{"self":[{"href":"https:\/\/www.apfelpatient.de\/en\/wp-json\/wp\/v2\/posts\/2552","targetHints":{"allow":["GET"]}}],"collection":[{"href":"https:\/\/www.apfelpatient.de\/en\/wp-json\/wp\/v2\/posts"}],"about":[{"href":"https:\/\/www.apfelpatient.de\/en\/wp-json\/wp\/v2\/types\/post"}],"author":[{"embeddable":true,"href":"https:\/\/www.apfelpatient.de\/en\/wp-json\/wp\/v2\/users\/2"}],"replies":[{"embeddable":true,"href":"https:\/\/www.apfelpatient.de\/en\/wp-json\/wp\/v2\/comments?post=2552"}],"version-history":[{"count":0,"href":"https:\/\/www.apfelpatient.de\/en\/wp-json\/wp\/v2\/posts\/2552\/revisions"}],"wp:featuredmedia":[{"embeddable":true,"href":"https:\/\/www.apfelpatient.de\/en\/wp-json\/wp\/v2\/media\/1875"}],"wp:attachment":[{"href":"https:\/\/www.apfelpatient.de\/en\/wp-json\/wp\/v2\/media?parent=2552"}],"wp:term":[{"taxonomy":"category","embeddable":true,"href":"https:\/\/www.apfelpatient.de\/en\/wp-json\/wp\/v2\/categories?post=2552"},{"taxonomy":"post_tag","embeddable":true,"href":"https:\/\/www.apfelpatient.de\/en\/wp-json\/wp\/v2\/tags?post=2552"}],"curies":[{"name":"wp","href":"https:\/\/api.w.org\/{rel}","templated":true}]}}