{"id":2548,"date":"2018-11-10T12:39:38","date_gmt":"2018-11-10T11:39:38","guid":{"rendered":"https:\/\/www.apfelpatient.de\/?p=2548"},"modified":"2024-05-22T14:58:33","modified_gmt":"2024-05-22T12:58:33","slug":"esim-telefonica-follows-suit","status":"publish","type":"post","link":"https:\/\/www.apfelpatient.de\/en\/news\/esim-telefonica-zieht-nach","title":{"rendered":"eSim: Telefonica follows suit"},"content":{"rendered":"<p><strong>This year, Apple introduced three new iPhone models with many similarities. To the delight of many, the iPhone Xs, iPhone Xs Max and iPhone Xr were equipped with an eSIM.<\/strong><\/p>\n\n<p>For example, anyone who wanted to use the eSim in the Apple Watch had to resort to Deutsche Telekom or Vodafone. Telefonica customers were disappointed. Now that is set to change. The mobile phone provider announced that it will support the eSim for Apple Watch and iPhone from November 21st. The option is only offered to contract customers - just like with Vodafone. Only Telekom also offers the option with prepaid cards.<\/p>\n<p><strong>What is an eSim?<\/strong><\/p>\n<p>An eSIM (embedded SIM) is an integrated SIM that is already built into the device as a chipset and can be assigned a mobile phone tariff at any time.<\/p>","protected":false},"excerpt":{"rendered":"<p>Apple hat dieses Jahr drei neue iPhone Modelle mit vielen Gemeinsamkeiten vorgestellt. Zur Freude vieler wurden das iPhone Xs, iPhone Xs Max und iPhone Xr mit einer eSim ausgestattet. Wer beispielsweise die eSim in der Apple Watch nutzen m\u00f6chte, musste bisher auf die Deutsche Telekom oder Vodafone ausweichen. Telefonica Kunden wurden entt\u00e4uscht. Nun soll sich [&hellip;]<\/p>\n","protected":false},"author":2,"featured_media":0,"comment_status":"open","ping_status":"open","sticky":false,"template":"","format":"standard","meta":{"jnews-multi-image_gallery":[],"jnews_single_post":{"subtitle":"","format":"standard","video":"","gallery":"","source_name":"","source_url":"","via_name":"","via_url":"","override_template":"0","override":[{"template":"4","single_blog_custom":"","parallax":"1","fullscreen":"1","layout":"right-sidebar","sidebar":"default-sidebar","second_sidebar":"default-sidebar","sticky_sidebar":"1","share_position":"top","share_float_style":"share-monocrhome","show_share_counter":"0","show_view_counter":"0","show_featured":"1","show_post_meta":"1","show_post_author":"1","show_post_author_image":"1","show_post_date":"1","post_date_format":"default","post_date_format_custom":"Y\/m\/d","show_post_category":"1","show_post_reading_time":"0","post_reading_time_wpm":"300","show_zoom_button":"0","zoom_button_out_step":"2","zoom_button_in_step":"3","show_post_tag":"1","show_prev_next_post":"1","show_popup_post":"1","number_popup_post":"1","show_author_box":"0","show_post_related":"0","show_inline_post_related":"0"}],"override_image_size":"0","image_override":[{"single_post_thumbnail_size":"crop-500","single_post_gallery_size":"crop-500"}],"trending_post":"0","trending_post_position":"meta","trending_post_label":"Trending","sponsored_post":"0","sponsored_post_label":"Sponsored by","sponsored_post_name":"","sponsored_post_url":"","sponsored_post_logo_enable":"0","sponsored_post_logo":"","sponsored_post_desc":"","disable_ad":"0"},"jnews_primary_category":{"id":"","hide":""},"footnotes":""},"categories":[9],"tags":[91,158,3,8,118],"class_list":["post-2548","post","type-post","status-publish","format-standard","hentry","category-news","tag-dual-sim","tag-esim","tag-ios","tag-iphone","tag-o2"],"yoast_head":"<!-- This site is optimized with the Yoast SEO Premium plugin v27.5 (Yoast SEO v27.5) - https:\/\/yoast.com\/product\/yoast-seo-premium-wordpress\/ -->\n<title>eSim: Telefonica zieht nach Apfelpatient<\/title>\n<meta name=\"description\" content=\"Telefonica zieht nach: eSIM-Unterst\u00fctzung ab dem 21. November! Erfahren Sie alles \u00fcber die neueste Entwicklung bei Mobilfunkanbietern und die baldige Unterst\u00fctzung von eSIM f\u00fcr Apple Watch und iPhone. Bleiben Sie informiert bei Apfelpatient.\" \/>\n<meta name=\"robots\" content=\"index, follow, max-snippet:-1, max-image-preview:large, max-video-preview:-1\" \/>\n<link rel=\"canonical\" href=\"https:\/\/www.apfelpatient.de\/en\/news\/esim-telefonica-follows-suit\" \/>\n<meta property=\"og:locale\" content=\"en_US\" \/>\n<meta property=\"og:type\" content=\"article\" \/>\n<meta property=\"og:title\" content=\"eSim: Telefonica zieht nach\" \/>\n<meta property=\"og:description\" content=\"Telefonica zieht nach: eSIM-Unterst\u00fctzung ab dem 21. November! Erfahren Sie alles \u00fcber die neueste Entwicklung bei Mobilfunkanbietern und die baldige Unterst\u00fctzung von eSIM f\u00fcr Apple Watch und iPhone. Bleiben Sie informiert bei Apfelpatient.\" \/>\n<meta property=\"og:url\" content=\"https:\/\/www.apfelpatient.de\/en\/news\/esim-telefonica-follows-suit\" \/>\n<meta property=\"og:site_name\" content=\"Apfelpatient\" \/>\n<meta property=\"article:publisher\" content=\"https:\/\/www.facebook.com\/apfelpatientOfficial\" \/>\n<meta property=\"article:author\" content=\"https:\/\/www.facebook.com\/apfelpatientOfficial\" \/>\n<meta property=\"article:published_time\" content=\"2018-11-10T11:39:38+00:00\" \/>\n<meta property=\"article:modified_time\" content=\"2024-05-22T12:58:33+00:00\" \/>\n<meta property=\"og:image\" content=\"https:\/\/www.apfelpatient.de\/wp-content\/uploads\/2020\/09\/APP_Apfelpatient_RZ.png\" \/>\n\t<meta property=\"og:image:width\" content=\"992\" \/>\n\t<meta property=\"og:image:height\" content=\"992\" \/>\n\t<meta property=\"og:image:type\" content=\"image\/png\" \/>\n<meta name=\"author\" content=\"Milan\" \/>\n<meta name=\"twitter:card\" content=\"summary_large_image\" \/>\n<meta name=\"twitter:label1\" content=\"Written by\" \/>\n\t<meta name=\"twitter:data1\" content=\"Milan\" \/>\n\t<meta name=\"twitter:label2\" content=\"Est. reading time\" \/>\n\t<meta name=\"twitter:data2\" content=\"1 minute\" \/>\n<script type=\"application\/ld+json\" class=\"yoast-schema-graph\">{\"@context\":\"https:\\\/\\\/schema.org\",\"@graph\":[{\"@type\":\"NewsArticle\",\"@id\":\"https:\\\/\\\/www.apfelpatient.de\\\/news\\\/esim-telefonica-zieht-nach#article\",\"isPartOf\":{\"@id\":\"https:\\\/\\\/www.apfelpatient.de\\\/news\\\/esim-telefonica-zieht-nach\"},\"author\":{\"@type\":\"Organization\",\"@id\":\"https:\\\/\\\/www.apfelpatient.de\\\/en\\\/#organization\",\"name\":\"Apfelpatient\",\"url\":\"https:\\\/\\\/www.apfelpatient.de\\\/en\\\/\"},\"headline\":\"eSim: Telefonica zieht nach\",\"datePublished\":\"2018-11-10T11:39:38+00:00\",\"dateModified\":\"2024-05-22T12:58:33+00:00\",\"mainEntityOfPage\":{\"@id\":\"https:\\\/\\\/www.apfelpatient.de\\\/news\\\/esim-telefonica-zieht-nach\"},\"wordCount\":138,\"commentCount\":0,\"publisher\":{\"@type\":\"Organization\",\"@id\":\"https:\\\/\\\/www.apfelpatient.de\\\/en\\\/#organization\",\"name\":\"Apfelpatient\",\"url\":\"https:\\\/\\\/www.apfelpatient.de\\\/en\\\/\"},\"keywords\":[\"Dual-Sim\",\"eSim\",\"iOS\",\"iPhone\",\"O2\"],\"articleSection\":\"News\",\"inLanguage\":\"en-US\",\"potentialAction\":[{\"@type\":\"CommentAction\",\"name\":\"Comment\",\"target\":[\"https:\\\/\\\/www.apfelpatient.de\\\/news\\\/esim-telefonica-zieht-nach#respond\"]}],\"copyrightYear\":\"2018\",\"copyrightHolder\":{\"@id\":\"https:\\\/\\\/www.apfelpatient.de\\\/en\\\/#organization\"}},{\"@type\":\"WebPage\",\"@id\":\"https:\\\/\\\/www.apfelpatient.de\\\/news\\\/esim-telefonica-zieht-nach\",\"url\":\"https:\\\/\\\/www.apfelpatient.de\\\/news\\\/esim-telefonica-zieht-nach\",\"name\":\"eSim: Telefonica zieht nach Apfelpatient\",\"isPartOf\":{\"@id\":\"https:\\\/\\\/www.apfelpatient.de\\\/#website\"},\"datePublished\":\"2018-11-10T11:39:38+00:00\",\"dateModified\":\"2024-05-22T12:58:33+00:00\",\"description\":\"Telefonica zieht nach: eSIM-Unterst\u00fctzung ab dem 21. November! Erfahren Sie alles \u00fcber die neueste Entwicklung bei Mobilfunkanbietern und die baldige Unterst\u00fctzung von eSIM f\u00fcr Apple Watch und iPhone. Bleiben Sie informiert bei Apfelpatient.\",\"breadcrumb\":{\"@id\":\"https:\\\/\\\/www.apfelpatient.de\\\/news\\\/esim-telefonica-zieht-nach#breadcrumb\"},\"inLanguage\":\"en-US\",\"potentialAction\":[{\"@type\":\"ReadAction\",\"target\":[\"https:\\\/\\\/www.apfelpatient.de\\\/news\\\/esim-telefonica-zieht-nach\"]}]},{\"@type\":\"BreadcrumbList\",\"@id\":\"https:\\\/\\\/www.apfelpatient.de\\\/news\\\/esim-telefonica-zieht-nach#breadcrumb\",\"itemListElement\":[{\"@type\":\"ListItem\",\"position\":1,\"name\":\"Startseite\",\"item\":\"https:\\\/\\\/www.apfelpatient.de\\\/\"},{\"@type\":\"ListItem\",\"position\":2,\"name\":\"eSim: Telefonica zieht nach\"}]},{\"@type\":\"WebSite\",\"@id\":\"https:\\\/\\\/www.apfelpatient.de\\\/#website\",\"url\":\"https:\\\/\\\/www.apfelpatient.de\\\/\",\"name\":\"Apfelpatient\",\"description\":\"Alles rund um Apple!\",\"publisher\":{\"@type\":\"Organization\",\"@id\":\"https:\\\/\\\/www.apfelpatient.de\\\/en\\\/#organization\",\"name\":\"Apfelpatient\",\"url\":\"https:\\\/\\\/www.apfelpatient.de\\\/en\\\/\"},\"alternateName\":\"Apfelpatient\",\"potentialAction\":[{\"@type\":\"SearchAction\",\"target\":{\"@type\":\"EntryPoint\",\"urlTemplate\":\"https:\\\/\\\/www.apfelpatient.de\\\/?s={search_term_string}\"},\"query-input\":{\"@type\":\"PropertyValueSpecification\",\"valueRequired\":true,\"valueName\":\"search_term_string\"}}],\"inLanguage\":\"en-US\"},{\"@type\":[\"Person\",\"Organization\"],\"@id\":\"https:\\\/\\\/www.apfelpatient.de\\\/#\\\/schema\\\/person\\\/35b3ddba5832f2bfc7fff5206d4f6b7b\",\"name\":\"Milan\",\"logo\":{\"@id\":\"https:\\\/\\\/www.apfelpatient.de\\\/#\\\/schema\\\/person\\\/image\\\/\"},\"description\":\"Hallo und herzlich willkommen auf meinem Technik-Blog! Als gro\u00dfer Apple-Fan berichte ich hier \u00fcber alles, was mit Apple zu tun hat: von den neuesten News und spannenden Ger\u00fcchten \u00fcber hilfreiche Tipps und Tricks bis hin zu ausf\u00fchrlichen Produkttests. Wenn du genauso technikbegeistert bist wie ich, bist du hier genau richtig!\",\"sameAs\":[\"https:\\\/\\\/www.facebook.com\\\/apfelpatientOfficial\",\"https:\\\/\\\/www.linkedin.com\\\/in\\\/milan-jovicic-42aa0231b\"],\"url\":\"https:\\\/\\\/www.apfelpatient.de\\\/en\\\/author\\\/apfeladmin\"}]}<\/script>\n<!-- \/ Yoast SEO Premium plugin. -->","yoast_head_json":{"title":"eSim: Telefonica moves to Apfelpatient","description":"Telefonica follows suit: eSIM support from November 21st! Find out all about the latest developments from mobile operators and the upcoming support of eSIM for Apple Watch and iPhone. Stay informed at Apfelpatient.","robots":{"index":"index","follow":"follow","max-snippet":"max-snippet:-1","max-image-preview":"max-image-preview:large","max-video-preview":"max-video-preview:-1"},"canonical":"https:\/\/www.apfelpatient.de\/en\/news\/esim-telefonica-follows-suit","og_locale":"en_US","og_type":"article","og_title":"eSim: Telefonica zieht nach","og_description":"Telefonica zieht nach: eSIM-Unterst\u00fctzung ab dem 21. November! Erfahren Sie alles \u00fcber die neueste Entwicklung bei Mobilfunkanbietern und die baldige Unterst\u00fctzung von eSIM f\u00fcr Apple Watch und iPhone. Bleiben Sie informiert bei Apfelpatient.","og_url":"https:\/\/www.apfelpatient.de\/en\/news\/esim-telefonica-follows-suit","og_site_name":"Apfelpatient","article_publisher":"https:\/\/www.facebook.com\/apfelpatientOfficial","article_author":"https:\/\/www.facebook.com\/apfelpatientOfficial","article_published_time":"2018-11-10T11:39:38+00:00","article_modified_time":"2024-05-22T12:58:33+00:00","og_image":[{"width":992,"height":992,"url":"https:\/\/www.apfelpatient.de\/wp-content\/uploads\/2020\/09\/APP_Apfelpatient_RZ.png","type":"image\/png"}],"author":"Milan","twitter_card":"summary_large_image","twitter_misc":{"Written by":"Milan","Est. reading time":"1 minute"},"schema":{"@context":"https:\/\/schema.org","@graph":[{"@type":"NewsArticle","@id":"https:\/\/www.apfelpatient.de\/news\/esim-telefonica-zieht-nach#article","isPartOf":{"@id":"https:\/\/www.apfelpatient.de\/news\/esim-telefonica-zieht-nach"},"author":{"@type":"Organization","@id":"https:\/\/www.apfelpatient.de\/en\/#organization","name":"Apfelpatient","url":"https:\/\/www.apfelpatient.de\/en\/"},"headline":"eSim: Telefonica zieht nach","datePublished":"2018-11-10T11:39:38+00:00","dateModified":"2024-05-22T12:58:33+00:00","mainEntityOfPage":{"@id":"https:\/\/www.apfelpatient.de\/news\/esim-telefonica-zieht-nach"},"wordCount":138,"commentCount":0,"publisher":{"@type":"Organization","@id":"https:\/\/www.apfelpatient.de\/en\/#organization","name":"Apfelpatient","url":"https:\/\/www.apfelpatient.de\/en\/"},"keywords":["Dual-Sim","eSim","iOS","iPhone","O2"],"articleSection":"News","inLanguage":"en-US","potentialAction":[{"@type":"CommentAction","name":"Comment","target":["https:\/\/www.apfelpatient.de\/news\/esim-telefonica-zieht-nach#respond"]}],"copyrightYear":"2018","copyrightHolder":{"@id":"https:\/\/www.apfelpatient.de\/en\/#organization"}},{"@type":"WebPage","@id":"https:\/\/www.apfelpatient.de\/news\/esim-telefonica-zieht-nach","url":"https:\/\/www.apfelpatient.de\/news\/esim-telefonica-zieht-nach","name":"eSim: Telefonica moves to Apfelpatient","isPartOf":{"@id":"https:\/\/www.apfelpatient.de\/#website"},"datePublished":"2018-11-10T11:39:38+00:00","dateModified":"2024-05-22T12:58:33+00:00","description":"Telefonica follows suit: eSIM support from November 21st! Find out all about the latest developments from mobile operators and the upcoming support of eSIM for Apple Watch and iPhone. Stay informed at Apfelpatient.","breadcrumb":{"@id":"https:\/\/www.apfelpatient.de\/news\/esim-telefonica-zieht-nach#breadcrumb"},"inLanguage":"en-US","potentialAction":[{"@type":"ReadAction","target":["https:\/\/www.apfelpatient.de\/news\/esim-telefonica-zieht-nach"]}]},{"@type":"BreadcrumbList","@id":"https:\/\/www.apfelpatient.de\/news\/esim-telefonica-zieht-nach#breadcrumb","itemListElement":[{"@type":"ListItem","position":1,"name":"Startseite","item":"https:\/\/www.apfelpatient.de\/"},{"@type":"ListItem","position":2,"name":"eSim: Telefonica zieht nach"}]},{"@type":"WebSite","@id":"https:\/\/www.apfelpatient.de\/#website","url":"https:\/\/www.apfelpatient.de\/","name":"apple patient","description":"Everything about Apple!","publisher":{"@type":"Organization","@id":"https:\/\/www.apfelpatient.de\/en\/#organization","name":"Apfelpatient","url":"https:\/\/www.apfelpatient.de\/en\/"},"alternateName":"Apfelpatient","potentialAction":[{"@type":"SearchAction","target":{"@type":"EntryPoint","urlTemplate":"https:\/\/www.apfelpatient.de\/?s={search_term_string}"},"query-input":{"@type":"PropertyValueSpecification","valueRequired":true,"valueName":"search_term_string"}}],"inLanguage":"en-US"},{"@type":["Person","Organization"],"@id":"https:\/\/www.apfelpatient.de\/#\/schema\/person\/35b3ddba5832f2bfc7fff5206d4f6b7b","name":"Milan","logo":{"@id":"https:\/\/www.apfelpatient.de\/#\/schema\/person\/image\/"},"description":"Hello and welcome to my technology blog! As a big Apple fan, I report on everything to do with Apple: from the latest news and exciting rumors to helpful tips and tricks and detailed product tests. If you are as enthusiastic about technology as I am, you have come to the right place!","sameAs":["https:\/\/www.facebook.com\/apfelpatientOfficial","https:\/\/www.linkedin.com\/in\/milan-jovicic-42aa0231b"],"url":"https:\/\/www.apfelpatient.de\/en\/author\/apfeladmin"}]}},"_links":{"self":[{"href":"https:\/\/www.apfelpatient.de\/en\/wp-json\/wp\/v2\/posts\/2548","targetHints":{"allow":["GET"]}}],"collection":[{"href":"https:\/\/www.apfelpatient.de\/en\/wp-json\/wp\/v2\/posts"}],"about":[{"href":"https:\/\/www.apfelpatient.de\/en\/wp-json\/wp\/v2\/types\/post"}],"author":[{"embeddable":true,"href":"https:\/\/www.apfelpatient.de\/en\/wp-json\/wp\/v2\/users\/2"}],"replies":[{"embeddable":true,"href":"https:\/\/www.apfelpatient.de\/en\/wp-json\/wp\/v2\/comments?post=2548"}],"version-history":[{"count":0,"href":"https:\/\/www.apfelpatient.de\/en\/wp-json\/wp\/v2\/posts\/2548\/revisions"}],"wp:attachment":[{"href":"https:\/\/www.apfelpatient.de\/en\/wp-json\/wp\/v2\/media?parent=2548"}],"wp:term":[{"taxonomy":"category","embeddable":true,"href":"https:\/\/www.apfelpatient.de\/en\/wp-json\/wp\/v2\/categories?post=2548"},{"taxonomy":"post_tag","embeddable":true,"href":"https:\/\/www.apfelpatient.de\/en\/wp-json\/wp\/v2\/tags?post=2548"}],"curies":[{"name":"wp","href":"https:\/\/api.w.org\/{rel}","templated":true}]}}