{"id":25394,"date":"2021-08-15T19:30:22","date_gmt":"2021-08-15T17:30:22","guid":{"rendered":"https:\/\/www.apfelpatient.de\/?p=25394"},"modified":"2021-08-15T19:30:54","modified_gmt":"2021-08-15T17:30:54","slug":"iphone-13-airpods-3-co-this-is-what-apples-september-should-look-like","status":"publish","type":"post","link":"https:\/\/www.apfelpatient.de\/en\/rumors\/iphone-13-airpods-3-co-so-soll-apples-september-aussehen","title":{"rendered":"iPhone 13, AirPods 3 &amp; Co.: This is what Apple&#039;s September should look like"},"content":{"rendered":"<p class=\"has-drop-cap\"><strong>Apple will most likely hold an event next month. At least the iPhone 13 series and Apple Watch Series 7 are expected to be unveiled. But there is more to come.<\/strong><\/p>\n\n\n\n<p>We have already documented enough rumors about various product announcements in the fall. Now Mark Gurman has spoken about the September event in his \u201cPower On\u201d newsletter <a href=\"https:\/\/www.bloomberg.com\/account\/newsletters\/power-on\" target=\"_blank\" rel=\"noreferrer noopener\">expressed<\/a>. According to his sources, of course, the next generation of iPhones will be unveiled, as expected. Although it is a classic S-line, Cupertino will most likely promote the devices as the iPhone 13 series. Accordingly, he does not believe that it will be the so-called iPhone 12S lineup, as some have already suggested. In addition, he reiterated previous rumors that the devices will have the same screen sizes but with a smaller notch at the top of the display. New camera features, displays with 120Hz refresh rate and an A15 chip are also expected.<\/p>\n\n\n\n<h3 class=\"wp-block-heading\" id=\"h-apple-watch-series-7-soll-ebenfalls-im-september-erscheinen\">Apple Watch Series 7 is also expected to be released in September<\/h3>\n\n\n\n\n\n\n\n<p>In addition to new iPhone models, <a href=\"https:\/\/www.apple.com\/\" target=\"_blank\" rel=\"noreferrer noopener\">Cupertino<\/a> also introduce the Apple Watch Series 7. Gurman expects a small redesign. He claims that the new smartwatch will appear with a flatter display and updated screen technology. The processor should also have significantly more power.<\/p>\n\n\n\n<h3 class=\"wp-block-heading\">AirPods 3<\/h3>\n\n\n\n<p>But that&#039;s not all. According to Gurman, more products will be unveiled. He also believes that the AirPods 3 will be introduced as part of this. Rumors suggest that the third generation AirPods will have a similar design to the current AirPods Pro. Despite the revised casing, however, features such as active noise cancellation are not to be expected. The audio quality is said to be better than the second generation, however.<\/p>\n\n\n\n<h3 class=\"wp-block-heading\">Apple Event in September: iPad mini 6 and iPad 9 expected<\/h3>\n\n\n\n<p>According to Gurman, however, new iPad models are also planned. While Apple already updated the iPad Pro in April, the iPad mini 6 and iPad 9 are set to be released next. The iPad mini 6 is set to be this year&#039;s star, as the small tablet will have a brand new design. The device will be similar to the iPad Air 4 and iPad Pro. In addition, it will reportedly use the A15 chip, have USB-C and the magnetic Smart Connector.<\/p>\n\n\n\n<h3 class=\"wp-block-heading\">New MacBook Pro models with Apple Silicon<\/h3>\n\n\n\n\n\n\n\n<p>Of course, Gurman also addressed the topic of the MacBook Pro. He repeated his previous statements that the new MacBook Pro will be available in 14- and 16-inch sizes. Both devices will use the M1X chip and thus switch to Apple Silicon. The launch of the new model series is not expected in September, but rather in October. (Image: Apple)<\/p>\n\n\n\n<ul class=\"wp-block-list\"><li><a href=\"https:\/\/www.apfelpatient.de\/en\/tests-experience-reports\/bye-bye-apple-adapter-anchor-nano-ii-chargers-in-the-test\">Bye Bye Apple Adapter: Anker Nano II chargers in test<\/a><\/li><\/ul>\n\n\n\n<h6 class=\"wp-block-heading translation-block\" id=\"h-kennt-ihr-schon-unsere-amazon-storefront-dort-findet-ihr-eine-handverlesene-auswahl-von-diversen-produkten-f-r-euer-iphone-und-co-viel-spa-beim-st-bern\"><em>Have you already visited our Amazon Storefront? There you&#039;ll find a hand-picked selection of various products for your iPhone and other devices \u2013 <span class=\"has-inline-color has-vivid-red-color\"><a href=\"https:\/\/www.amazon.de\/shop\/apfelpatientofficial\" class=\"ek-link\" data-wpel-link=\"exclude\" rel=\"follow noopener\" target=\"_self\"><span style=\"text-decoration: underline\" class=\"ek-underline\">enjoy browsing<\/span><\/a> !<\/span><\/em><\/h6>\n\n\n\n<h6 class=\"wp-block-heading translation-block\" id=\"h-der-beitrag-enthalt-partnerlinks\">This post contains <a data-type=\"URL\" data-id=\"https:\/\/www.apfelpatient.de\/partnerprogramm\" href=\"https:\/\/www.apfelpatient.de\/en\/partner-program\" data-wpel-link=\"internal\" target=\"_self\">affiliate links<\/a>.<\/h6>","protected":false},"excerpt":{"rendered":"<p>iPhone 13, Apple Watch Series 7 and more: Apple will most likely host an event as early as next month.<\/p>","protected":false},"author":2,"featured_media":25393,"comment_status":"closed","ping_status":"closed","sticky":false,"template":"","format":"standard","meta":{"jnews-multi-image_gallery":[],"jnews_single_post":{"subtitle":"","format":"standard","video":"","gallery":"","source_name":"","source_url":"","via_name":"","via_url":"","override":[{"single_blog_custom":"","sidebar":"","second_sidebar":"","share_position":"","share_float_style":"","post_date_format":"","post_date_format_custom":"","post_reading_time_wpm":"","zoom_button_out_step":"1","zoom_button_in_step":"1","number_popup_post":"1"}],"image_override":[{"single_post_thumbnail_size":"","single_post_gallery_size":""}],"trending_post_position":"","trending_post_label":"","sponsored_post_label":"","sponsored_post_name":"","sponsored_post_url":"","sponsored_post_logo":"","sponsored_post_desc":""},"jnews_primary_category":{"id":"25"},"footnotes":""},"categories":[25],"tags":[28,255,86,14,391,18,8,311,40],"class_list":["post-25394","post","type-post","status-publish","format-standard","has-post-thumbnail","hentry","category-rumors","tag-airpods","tag-airpods-3","tag-apple-event","tag-apple-watch","tag-apple-watch-series-7","tag-ipad","tag-iphone","tag-iphone-2021","tag-mac"],"yoast_head":"<!-- This site is optimized with the Yoast SEO Premium plugin v27.5 (Yoast SEO v27.5) - https:\/\/yoast.com\/product\/yoast-seo-premium-wordpress\/ -->\n<title>iPhone 13, AirPods 3 &amp; Co.: So soll Apples September aussehen<\/title>\n<meta name=\"description\" content=\"iPhone 13, Apple Watch Series 7 und mehr: Apple wird mit gro\u00dfer Wahrscheinlichkeit bereits im n\u00e4chsten Monat ein Event veranstalten.\" \/>\n<meta name=\"robots\" content=\"index, follow, max-snippet:-1, max-image-preview:large, max-video-preview:-1\" \/>\n<link rel=\"canonical\" href=\"https:\/\/www.apfelpatient.de\/en\/rumors\/iphone-13-airpods-3-co-this-is-what-apples-september-should-look-like\" \/>\n<meta property=\"og:locale\" content=\"en_US\" \/>\n<meta property=\"og:type\" content=\"article\" \/>\n<meta property=\"og:title\" content=\"iPhone 13, AirPods 3 &amp; Co.: So soll Apples September aussehen\" \/>\n<meta property=\"og:description\" content=\"iPhone 13, Apple Watch Series 7 und mehr: Apple wird mit gro\u00dfer Wahrscheinlichkeit bereits im n\u00e4chsten Monat ein Event veranstalten.\" \/>\n<meta property=\"og:url\" content=\"https:\/\/www.apfelpatient.de\/en\/rumors\/iphone-13-airpods-3-co-this-is-what-apples-september-should-look-like\" \/>\n<meta property=\"og:site_name\" content=\"Apfelpatient\" \/>\n<meta property=\"article:publisher\" content=\"https:\/\/www.facebook.com\/apfelpatientOfficial\" \/>\n<meta property=\"article:author\" content=\"https:\/\/www.facebook.com\/apfelpatientOfficial\" \/>\n<meta property=\"article:published_time\" content=\"2021-08-15T17:30:22+00:00\" \/>\n<meta property=\"article:modified_time\" content=\"2021-08-15T17:30:54+00:00\" \/>\n<meta property=\"og:image\" content=\"https:\/\/www.apfelpatient.de\/wp-content\/uploads\/2021\/08\/apple_apple-event-keynote_tim_09152020-scaled-1.jpg\" \/>\n\t<meta property=\"og:image:width\" content=\"1600\" \/>\n\t<meta property=\"og:image:height\" content=\"900\" \/>\n\t<meta property=\"og:image:type\" content=\"image\/jpeg\" \/>\n<meta name=\"author\" content=\"Milan\" \/>\n<meta name=\"twitter:card\" content=\"summary_large_image\" \/>\n<meta name=\"twitter:description\" content=\"iPhone 13, Apple Watch Series 7 und mehr: Apple wird mit gro\u00dfer Wahrscheinlichkeit bereits im n\u00e4chsten Monat ein Event veranstalten.\" \/>\n<meta name=\"twitter:label1\" content=\"Written by\" \/>\n\t<meta name=\"twitter:data1\" content=\"Milan\" \/>\n\t<meta name=\"twitter:label2\" content=\"Est. reading time\" \/>\n\t<meta name=\"twitter:data2\" content=\"2 minutes\" \/>\n<script type=\"application\/ld+json\" class=\"yoast-schema-graph\">{\"@context\":\"https:\\\/\\\/schema.org\",\"@graph\":[{\"@type\":\"NewsArticle\",\"@id\":\"https:\\\/\\\/www.apfelpatient.de\\\/rumors\\\/iphone-13-airpods-3-co-so-soll-apples-september-aussehen#article\",\"isPartOf\":{\"@id\":\"https:\\\/\\\/www.apfelpatient.de\\\/rumors\\\/iphone-13-airpods-3-co-so-soll-apples-september-aussehen\"},\"author\":{\"@type\":\"Organization\",\"@id\":\"https:\\\/\\\/www.apfelpatient.de\\\/en\\\/#organization\",\"name\":\"Apfelpatient\",\"url\":\"https:\\\/\\\/www.apfelpatient.de\\\/en\\\/\"},\"headline\":\"iPhone 13, AirPods 3 &amp; Co.: So soll Apples September aussehen\",\"datePublished\":\"2021-08-15T17:30:22+00:00\",\"dateModified\":\"2021-08-15T17:30:54+00:00\",\"mainEntityOfPage\":{\"@id\":\"https:\\\/\\\/www.apfelpatient.de\\\/rumors\\\/iphone-13-airpods-3-co-so-soll-apples-september-aussehen\"},\"wordCount\":470,\"publisher\":{\"@type\":\"Organization\",\"@id\":\"https:\\\/\\\/www.apfelpatient.de\\\/en\\\/#organization\",\"name\":\"Apfelpatient\",\"url\":\"https:\\\/\\\/www.apfelpatient.de\\\/en\\\/\"},\"image\":{\"@id\":\"https:\\\/\\\/www.apfelpatient.de\\\/rumors\\\/iphone-13-airpods-3-co-so-soll-apples-september-aussehen#primaryimage\"},\"thumbnailUrl\":\"https:\\\/\\\/www.apfelpatient.de\\\/wp-content\\\/uploads\\\/2021\\\/08\\\/apple_apple-event-keynote_tim_09152020-scaled-1.jpg\",\"keywords\":[\"AirPods\",\"AirPods 3\",\"Apple Event\",\"Apple Watch\",\"Apple Watch Series 7\",\"iPad\",\"iPhone\",\"iPhone 13\",\"Mac\"],\"articleSection\":\"Rumors\",\"inLanguage\":\"en-US\",\"copyrightYear\":\"2021\",\"copyrightHolder\":{\"@id\":\"https:\\\/\\\/www.apfelpatient.de\\\/en\\\/#organization\"}},{\"@type\":\"WebPage\",\"@id\":\"https:\\\/\\\/www.apfelpatient.de\\\/rumors\\\/iphone-13-airpods-3-co-so-soll-apples-september-aussehen\",\"url\":\"https:\\\/\\\/www.apfelpatient.de\\\/rumors\\\/iphone-13-airpods-3-co-so-soll-apples-september-aussehen\",\"name\":\"iPhone 13, AirPods 3 &amp; Co.: So soll Apples September aussehen\",\"isPartOf\":{\"@id\":\"https:\\\/\\\/www.apfelpatient.de\\\/#website\"},\"primaryImageOfPage\":{\"@id\":\"https:\\\/\\\/www.apfelpatient.de\\\/rumors\\\/iphone-13-airpods-3-co-so-soll-apples-september-aussehen#primaryimage\"},\"image\":{\"@id\":\"https:\\\/\\\/www.apfelpatient.de\\\/rumors\\\/iphone-13-airpods-3-co-so-soll-apples-september-aussehen#primaryimage\"},\"thumbnailUrl\":\"https:\\\/\\\/www.apfelpatient.de\\\/wp-content\\\/uploads\\\/2021\\\/08\\\/apple_apple-event-keynote_tim_09152020-scaled-1.jpg\",\"datePublished\":\"2021-08-15T17:30:22+00:00\",\"dateModified\":\"2021-08-15T17:30:54+00:00\",\"description\":\"iPhone 13, Apple Watch Series 7 und mehr: Apple wird mit gro\u00dfer Wahrscheinlichkeit bereits im n\u00e4chsten Monat ein Event veranstalten.\",\"breadcrumb\":{\"@id\":\"https:\\\/\\\/www.apfelpatient.de\\\/rumors\\\/iphone-13-airpods-3-co-so-soll-apples-september-aussehen#breadcrumb\"},\"inLanguage\":\"en-US\",\"potentialAction\":[{\"@type\":\"ReadAction\",\"target\":[\"https:\\\/\\\/www.apfelpatient.de\\\/rumors\\\/iphone-13-airpods-3-co-so-soll-apples-september-aussehen\"]}]},{\"@type\":\"ImageObject\",\"inLanguage\":\"en-US\",\"@id\":\"https:\\\/\\\/www.apfelpatient.de\\\/rumors\\\/iphone-13-airpods-3-co-so-soll-apples-september-aussehen#primaryimage\",\"url\":\"https:\\\/\\\/www.apfelpatient.de\\\/wp-content\\\/uploads\\\/2021\\\/08\\\/apple_apple-event-keynote_tim_09152020-scaled-1.jpg\",\"contentUrl\":\"https:\\\/\\\/www.apfelpatient.de\\\/wp-content\\\/uploads\\\/2021\\\/08\\\/apple_apple-event-keynote_tim_09152020-scaled-1.jpg\",\"width\":1600,\"height\":900,\"caption\":\"Bild: Apple - Tim Cook\"},{\"@type\":\"BreadcrumbList\",\"@id\":\"https:\\\/\\\/www.apfelpatient.de\\\/rumors\\\/iphone-13-airpods-3-co-so-soll-apples-september-aussehen#breadcrumb\",\"itemListElement\":[{\"@type\":\"ListItem\",\"position\":1,\"name\":\"Startseite\",\"item\":\"https:\\\/\\\/www.apfelpatient.de\\\/\"},{\"@type\":\"ListItem\",\"position\":2,\"name\":\"iPhone 13, AirPods 3 &amp; Co.: So soll Apples September aussehen\"}]},{\"@type\":\"WebSite\",\"@id\":\"https:\\\/\\\/www.apfelpatient.de\\\/#website\",\"url\":\"https:\\\/\\\/www.apfelpatient.de\\\/\",\"name\":\"Apfelpatient\",\"description\":\"Alles rund um Apple!\",\"publisher\":{\"@type\":\"Organization\",\"@id\":\"https:\\\/\\\/www.apfelpatient.de\\\/en\\\/#organization\",\"name\":\"Apfelpatient\",\"url\":\"https:\\\/\\\/www.apfelpatient.de\\\/en\\\/\"},\"alternateName\":\"Apfelpatient\",\"potentialAction\":[{\"@type\":\"SearchAction\",\"target\":{\"@type\":\"EntryPoint\",\"urlTemplate\":\"https:\\\/\\\/www.apfelpatient.de\\\/?s={search_term_string}\"},\"query-input\":{\"@type\":\"PropertyValueSpecification\",\"valueRequired\":true,\"valueName\":\"search_term_string\"}}],\"inLanguage\":\"en-US\"},{\"@type\":[\"Person\",\"Organization\"],\"@id\":\"https:\\\/\\\/www.apfelpatient.de\\\/#\\\/schema\\\/person\\\/7dc56ad6c8e9824b76d2c08d4c140e13\",\"name\":\"Milan\",\"logo\":{\"@id\":\"https:\\\/\\\/www.apfelpatient.de\\\/#\\\/schema\\\/person\\\/image\\\/\"},\"description\":\"Hallo und herzlich willkommen auf meinem Technik-Blog! Als gro\u00dfer Apple-Fan berichte ich hier \u00fcber alles, was mit Apple zu tun hat: von den neuesten News und spannenden Ger\u00fcchten \u00fcber hilfreiche Tipps und Tricks bis hin zu ausf\u00fchrlichen Produkttests. Wenn du genauso technikbegeistert bist wie ich, bist du hier genau richtig!\",\"sameAs\":[\"https:\\\/\\\/www.facebook.com\\\/apfelpatientOfficial\",\"https:\\\/\\\/www.linkedin.com\\\/in\\\/milan-jovicic-42aa0231b\"],\"url\":\"https:\\\/\\\/www.apfelpatient.de\\\/en\\\/author\\\/apfeladmin\"}]}<\/script>\n<!-- \/ Yoast SEO Premium plugin. -->","yoast_head_json":{"title":"iPhone 13, AirPods 3 &amp; Co.: This is what Apple&#039;s September should look like","description":"iPhone 13, Apple Watch Series 7 and more: Apple will most likely host an event as early as next month.","robots":{"index":"index","follow":"follow","max-snippet":"max-snippet:-1","max-image-preview":"max-image-preview:large","max-video-preview":"max-video-preview:-1"},"canonical":"https:\/\/www.apfelpatient.de\/en\/rumors\/iphone-13-airpods-3-co-this-is-what-apples-september-should-look-like","og_locale":"en_US","og_type":"article","og_title":"iPhone 13, AirPods 3 &amp; Co.: So soll Apples September aussehen","og_description":"iPhone 13, Apple Watch Series 7 und mehr: Apple wird mit gro\u00dfer Wahrscheinlichkeit bereits im n\u00e4chsten Monat ein Event veranstalten.","og_url":"https:\/\/www.apfelpatient.de\/en\/rumors\/iphone-13-airpods-3-co-this-is-what-apples-september-should-look-like","og_site_name":"Apfelpatient","article_publisher":"https:\/\/www.facebook.com\/apfelpatientOfficial","article_author":"https:\/\/www.facebook.com\/apfelpatientOfficial","article_published_time":"2021-08-15T17:30:22+00:00","article_modified_time":"2021-08-15T17:30:54+00:00","og_image":[{"width":1600,"height":900,"url":"https:\/\/www.apfelpatient.de\/wp-content\/uploads\/2021\/08\/apple_apple-event-keynote_tim_09152020-scaled-1.jpg","type":"image\/jpeg"}],"author":"Milan","twitter_card":"summary_large_image","twitter_description":"iPhone 13, Apple Watch Series 7 und mehr: Apple wird mit gro\u00dfer Wahrscheinlichkeit bereits im n\u00e4chsten Monat ein Event veranstalten.","twitter_misc":{"Written by":"Milan","Est. reading time":"2 minutes"},"schema":{"@context":"https:\/\/schema.org","@graph":[{"@type":"NewsArticle","@id":"https:\/\/www.apfelpatient.de\/rumors\/iphone-13-airpods-3-co-so-soll-apples-september-aussehen#article","isPartOf":{"@id":"https:\/\/www.apfelpatient.de\/rumors\/iphone-13-airpods-3-co-so-soll-apples-september-aussehen"},"author":{"@type":"Organization","@id":"https:\/\/www.apfelpatient.de\/en\/#organization","name":"Apfelpatient","url":"https:\/\/www.apfelpatient.de\/en\/"},"headline":"iPhone 13, AirPods 3 &amp; Co.: So soll Apples September aussehen","datePublished":"2021-08-15T17:30:22+00:00","dateModified":"2021-08-15T17:30:54+00:00","mainEntityOfPage":{"@id":"https:\/\/www.apfelpatient.de\/rumors\/iphone-13-airpods-3-co-so-soll-apples-september-aussehen"},"wordCount":470,"publisher":{"@type":"Organization","@id":"https:\/\/www.apfelpatient.de\/en\/#organization","name":"Apfelpatient","url":"https:\/\/www.apfelpatient.de\/en\/"},"image":{"@id":"https:\/\/www.apfelpatient.de\/rumors\/iphone-13-airpods-3-co-so-soll-apples-september-aussehen#primaryimage"},"thumbnailUrl":"https:\/\/www.apfelpatient.de\/wp-content\/uploads\/2021\/08\/apple_apple-event-keynote_tim_09152020-scaled-1.jpg","keywords":["AirPods","AirPods 3","Apple Event","Apple Watch","Apple Watch Series 7","iPad","iPhone","iPhone 13","Mac"],"articleSection":"Rumors","inLanguage":"en-US","copyrightYear":"2021","copyrightHolder":{"@id":"https:\/\/www.apfelpatient.de\/en\/#organization"}},{"@type":"WebPage","@id":"https:\/\/www.apfelpatient.de\/rumors\/iphone-13-airpods-3-co-so-soll-apples-september-aussehen","url":"https:\/\/www.apfelpatient.de\/rumors\/iphone-13-airpods-3-co-so-soll-apples-september-aussehen","name":"iPhone 13, AirPods 3 &amp; Co.: This is what Apple&#039;s September should look like","isPartOf":{"@id":"https:\/\/www.apfelpatient.de\/#website"},"primaryImageOfPage":{"@id":"https:\/\/www.apfelpatient.de\/rumors\/iphone-13-airpods-3-co-so-soll-apples-september-aussehen#primaryimage"},"image":{"@id":"https:\/\/www.apfelpatient.de\/rumors\/iphone-13-airpods-3-co-so-soll-apples-september-aussehen#primaryimage"},"thumbnailUrl":"https:\/\/www.apfelpatient.de\/wp-content\/uploads\/2021\/08\/apple_apple-event-keynote_tim_09152020-scaled-1.jpg","datePublished":"2021-08-15T17:30:22+00:00","dateModified":"2021-08-15T17:30:54+00:00","description":"iPhone 13, Apple Watch Series 7 and more: Apple will most likely host an event as early as next month.","breadcrumb":{"@id":"https:\/\/www.apfelpatient.de\/rumors\/iphone-13-airpods-3-co-so-soll-apples-september-aussehen#breadcrumb"},"inLanguage":"en-US","potentialAction":[{"@type":"ReadAction","target":["https:\/\/www.apfelpatient.de\/rumors\/iphone-13-airpods-3-co-so-soll-apples-september-aussehen"]}]},{"@type":"ImageObject","inLanguage":"en-US","@id":"https:\/\/www.apfelpatient.de\/rumors\/iphone-13-airpods-3-co-so-soll-apples-september-aussehen#primaryimage","url":"https:\/\/www.apfelpatient.de\/wp-content\/uploads\/2021\/08\/apple_apple-event-keynote_tim_09152020-scaled-1.jpg","contentUrl":"https:\/\/www.apfelpatient.de\/wp-content\/uploads\/2021\/08\/apple_apple-event-keynote_tim_09152020-scaled-1.jpg","width":1600,"height":900,"caption":"Bild: Apple - Tim Cook"},{"@type":"BreadcrumbList","@id":"https:\/\/www.apfelpatient.de\/rumors\/iphone-13-airpods-3-co-so-soll-apples-september-aussehen#breadcrumb","itemListElement":[{"@type":"ListItem","position":1,"name":"Startseite","item":"https:\/\/www.apfelpatient.de\/"},{"@type":"ListItem","position":2,"name":"iPhone 13, AirPods 3 &amp; Co.: So soll Apples September aussehen"}]},{"@type":"WebSite","@id":"https:\/\/www.apfelpatient.de\/#website","url":"https:\/\/www.apfelpatient.de\/","name":"apple patient","description":"Everything about Apple!","publisher":{"@type":"Organization","@id":"https:\/\/www.apfelpatient.de\/en\/#organization","name":"Apfelpatient","url":"https:\/\/www.apfelpatient.de\/en\/"},"alternateName":"Apfelpatient","potentialAction":[{"@type":"SearchAction","target":{"@type":"EntryPoint","urlTemplate":"https:\/\/www.apfelpatient.de\/?s={search_term_string}"},"query-input":{"@type":"PropertyValueSpecification","valueRequired":true,"valueName":"search_term_string"}}],"inLanguage":"en-US"},{"@type":["Person","Organization"],"@id":"https:\/\/www.apfelpatient.de\/#\/schema\/person\/7dc56ad6c8e9824b76d2c08d4c140e13","name":"Milan","logo":{"@id":"https:\/\/www.apfelpatient.de\/#\/schema\/person\/image\/"},"description":"Hello and welcome to my technology blog! As a big Apple fan, I report on everything to do with Apple: from the latest news and exciting rumors to helpful tips and tricks and detailed product tests. If you are as enthusiastic about technology as I am, you have come to the right place!","sameAs":["https:\/\/www.facebook.com\/apfelpatientOfficial","https:\/\/www.linkedin.com\/in\/milan-jovicic-42aa0231b"],"url":"https:\/\/www.apfelpatient.de\/en\/author\/apfeladmin"}]}},"_links":{"self":[{"href":"https:\/\/www.apfelpatient.de\/en\/wp-json\/wp\/v2\/posts\/25394","targetHints":{"allow":["GET"]}}],"collection":[{"href":"https:\/\/www.apfelpatient.de\/en\/wp-json\/wp\/v2\/posts"}],"about":[{"href":"https:\/\/www.apfelpatient.de\/en\/wp-json\/wp\/v2\/types\/post"}],"author":[{"embeddable":true,"href":"https:\/\/www.apfelpatient.de\/en\/wp-json\/wp\/v2\/users\/2"}],"replies":[{"embeddable":true,"href":"https:\/\/www.apfelpatient.de\/en\/wp-json\/wp\/v2\/comments?post=25394"}],"version-history":[{"count":0,"href":"https:\/\/www.apfelpatient.de\/en\/wp-json\/wp\/v2\/posts\/25394\/revisions"}],"wp:featuredmedia":[{"embeddable":true,"href":"https:\/\/www.apfelpatient.de\/en\/wp-json\/wp\/v2\/media\/25393"}],"wp:attachment":[{"href":"https:\/\/www.apfelpatient.de\/en\/wp-json\/wp\/v2\/media?parent=25394"}],"wp:term":[{"taxonomy":"category","embeddable":true,"href":"https:\/\/www.apfelpatient.de\/en\/wp-json\/wp\/v2\/categories?post=25394"},{"taxonomy":"post_tag","embeddable":true,"href":"https:\/\/www.apfelpatient.de\/en\/wp-json\/wp\/v2\/tags?post=25394"}],"curies":[{"name":"wp","href":"https:\/\/api.w.org\/{rel}","templated":true}]}}