{"id":25353,"date":"2021-08-12T17:35:20","date_gmt":"2021-08-12T15:35:20","guid":{"rendered":"https:\/\/www.apfelpatient.de\/?p=25353"},"modified":"2021-08-12T17:35:21","modified_gmt":"2021-08-12T15:35:21","slug":"will-airpods-soon-be-able-to-measure-breathing-rate","status":"publish","type":"post","link":"https:\/\/www.apfelpatient.de\/en\/news\/werden-airpods-bald-die-atemfrequenz-messen-koennen","title":{"rendered":"Will AirPods soon be able to measure breathing rate?"},"content":{"rendered":"<p class=\"has-drop-cap\"><strong>Apple and Cornell University released a new study this week that shows how researchers can estimate respiratory rate from breathing sounds captured by wearable microphones like the AirPods and AirPods Pro. The study was published this month by Apple&#039;s in-house researchers in collaboration with Cornell University.<\/strong><\/p>\n\n\n\n<p>Like MyHealthyApple <a href=\"https:\/\/www.myhealthyapple.com\/apples-new-research-shows-that-respiratory-rate-can-be-monitored-using-airpods-or-wearables-with-audio\/\" target=\"_blank\" rel=\"noreferrer noopener\">reported<\/a>, Cupertino explains that respiratory rate is a clinical metric used to assess overall health and fitness. It can change based on a variety of factors, including exercise and chronic, acute illnesses. Typically, patients must see their pulmonologist for respiratory rate testing and analysis. But Apple&#039;s study aims to find a way to estimate this metric without a doctor. The researchers used model-driven technology to estimate a person&#039;s respiratory rate from short audio segments recorded after exercise in healthy adults.<\/p>\n\n\n\n<h3 class=\"wp-block-heading\" id=\"h-airpods-pro-2-sollen-neue-funktionen-zur-gesundheits-berwachung-erhalten\">AirPods Pro 2 to receive new health monitoring features<\/h3>\n\n\n\n\n\n\n\n<p>The data was collected from 21 people wearing microphone-enabled near-field headphones before, during and after strenuous exercise sessions. The study found that this audio signal can be a &quot;useful signal for passive estimation&quot; of breathing rate, which is also a more cost-effective method compared to traditional healthcare. The timing of the publication of this study is surprising. Interestingly, rumors about the second generation of AirPods Pro have been circulating for months. Reports say that they will have new health monitoring features. So will the AirPods Pro 2 be able to measure breathing rate? It&#039;s possible - let&#039;s wait and see. (Photo by Unsplash \/ Nidheesh Kavalan)<\/p>\n\n\n\n<ul class=\"wp-block-list\"><li><a href=\"https:\/\/www.apfelpatient.de\/en\/news\/airpods-pro-beta-2-apple-integrates-conversation-boost\">AirPods Pro Beta 2: Apple integrates Conversation Boost<\/a><\/li><\/ul>\n\n\n\n<h6 class=\"wp-block-heading translation-block\" id=\"h-kennt-ihr-schon-unsere-amazon-storefront-dort-findet-ihr-eine-handverlesene-auswahl-von-diversen-produkten-f-r-euer-iphone-und-co-viel-spa-beim-st-bern\"><em>Have you already visited our Amazon Storefront? There you&#039;ll find a hand-picked selection of various products for your iPhone and other devices \u2013 <span class=\"has-inline-color has-vivid-red-color\"><a href=\"https:\/\/www.amazon.de\/shop\/apfelpatientofficial\" class=\"ek-link\" data-wpel-link=\"exclude\" rel=\"follow noopener\" target=\"_self\"><span style=\"text-decoration: underline\" class=\"ek-underline\">enjoy browsing<\/span><\/a> !<\/span><\/em><\/h6>\n\n\n\n<h6 class=\"wp-block-heading translation-block\" id=\"h-der-beitrag-enthalt-partnerlinks\">This post contains <a data-type=\"URL\" data-id=\"https:\/\/www.apfelpatient.de\/partnerprogramm\" href=\"https:\/\/www.apfelpatient.de\/en\/partner-program\" data-wpel-link=\"internal\" target=\"_self\">affiliate links<\/a>.<\/h6>","protected":false},"excerpt":{"rendered":"<p>New health features for the AirPods: Apple&#039;s study aims to find a way to estimate this metric even without a doctor.<\/p>","protected":false},"author":2,"featured_media":25345,"comment_status":"closed","ping_status":"closed","sticky":false,"template":"","format":"standard","meta":{"jnews-multi-image_gallery":[],"jnews_single_post":{"subtitle":"","format":"standard","video":"","gallery":"","source_name":"","source_url":"","via_name":"","via_url":"","override":[{"single_blog_custom":"","sidebar":"","second_sidebar":"","share_position":"","share_float_style":"","post_date_format":"","post_date_format_custom":"","post_reading_time_wpm":"","zoom_button_out_step":"1","zoom_button_in_step":"1","number_popup_post":"1"}],"image_override":[{"single_post_thumbnail_size":"","single_post_gallery_size":""}],"trending_post_position":"","trending_post_label":"","sponsored_post_label":"","sponsored_post_name":"","sponsored_post_url":"","sponsored_post_logo":"","sponsored_post_desc":""},"jnews_primary_category":{"id":"9"},"footnotes":""},"categories":[9],"tags":[28],"class_list":["post-25353","post","type-post","status-publish","format-standard","has-post-thumbnail","hentry","category-news","tag-airpods"],"yoast_head":"<!-- This site is optimized with the Yoast SEO Premium plugin v27.5 (Yoast SEO v27.5) - https:\/\/yoast.com\/product\/yoast-seo-premium-wordpress\/ -->\n<title>Werden AirPods bald die Atemfrequenz messen k\u00f6nnen? Apfelpatient<\/title>\n<meta name=\"description\" content=\"Neue Gesundheitsfunktionen f\u00fcr die AirPods: Apples Studie zielt darauf ab, einen Weg zu finden, diese Metrik auch ohne Arzt zu sch\u00e4tzen.\" \/>\n<meta name=\"robots\" content=\"index, follow, max-snippet:-1, max-image-preview:large, max-video-preview:-1\" \/>\n<link rel=\"canonical\" href=\"https:\/\/www.apfelpatient.de\/en\/news\/will-airpods-soon-be-able-to-measure-breathing-rate\" \/>\n<meta property=\"og:locale\" content=\"en_US\" \/>\n<meta property=\"og:type\" content=\"article\" \/>\n<meta property=\"og:title\" content=\"Werden AirPods bald die Atemfrequenz messen k\u00f6nnen?\" \/>\n<meta property=\"og:description\" content=\"Neue Gesundheitsfunktionen f\u00fcr die AirPods: Apples Studie zielt darauf ab, einen Weg zu finden, diese Metrik auch ohne Arzt zu sch\u00e4tzen.\" \/>\n<meta property=\"og:url\" content=\"https:\/\/www.apfelpatient.de\/en\/news\/will-airpods-soon-be-able-to-measure-breathing-rate\" \/>\n<meta property=\"og:site_name\" content=\"Apfelpatient\" \/>\n<meta property=\"article:publisher\" content=\"https:\/\/www.facebook.com\/apfelpatientOfficial\" \/>\n<meta property=\"article:author\" content=\"https:\/\/www.facebook.com\/apfelpatientOfficial\" \/>\n<meta property=\"article:published_time\" content=\"2021-08-12T15:35:20+00:00\" \/>\n<meta property=\"article:modified_time\" content=\"2021-08-12T15:35:21+00:00\" \/>\n<meta property=\"og:image\" content=\"https:\/\/www.apfelpatient.de\/wp-content\/uploads\/2021\/08\/nidheesh-kavalan-wscuT4NtHXE-unsplash.jpg\" \/>\n\t<meta property=\"og:image:width\" content=\"1600\" \/>\n\t<meta property=\"og:image:height\" content=\"1067\" \/>\n\t<meta property=\"og:image:type\" content=\"image\/jpeg\" \/>\n<meta name=\"author\" content=\"Milan\" \/>\n<meta name=\"twitter:card\" content=\"summary_large_image\" \/>\n<meta name=\"twitter:description\" content=\"Neue Gesundheitsfunktionen f\u00fcr die AirPods: Apples Studie zielt darauf ab, einen Weg zu finden, diese Metrik auch ohne Arzt zu sch\u00e4tzen.\" \/>\n<meta name=\"twitter:label1\" content=\"Written by\" \/>\n\t<meta name=\"twitter:data1\" content=\"Milan\" \/>\n\t<meta name=\"twitter:label2\" content=\"Est. reading time\" \/>\n\t<meta name=\"twitter:data2\" content=\"2 minutes\" \/>\n<script type=\"application\/ld+json\" class=\"yoast-schema-graph\">{\"@context\":\"https:\\\/\\\/schema.org\",\"@graph\":[{\"@type\":\"NewsArticle\",\"@id\":\"https:\\\/\\\/www.apfelpatient.de\\\/news\\\/werden-airpods-bald-die-atemfrequenz-messen-koennen#article\",\"isPartOf\":{\"@id\":\"https:\\\/\\\/www.apfelpatient.de\\\/news\\\/werden-airpods-bald-die-atemfrequenz-messen-koennen\"},\"author\":{\"@type\":\"Organization\",\"@id\":\"https:\\\/\\\/www.apfelpatient.de\\\/en\\\/#organization\",\"name\":\"Apfelpatient\",\"url\":\"https:\\\/\\\/www.apfelpatient.de\\\/en\\\/\"},\"headline\":\"Werden AirPods bald die Atemfrequenz messen k\u00f6nnen?\",\"datePublished\":\"2021-08-12T15:35:20+00:00\",\"dateModified\":\"2021-08-12T15:35:21+00:00\",\"mainEntityOfPage\":{\"@id\":\"https:\\\/\\\/www.apfelpatient.de\\\/news\\\/werden-airpods-bald-die-atemfrequenz-messen-koennen\"},\"wordCount\":298,\"publisher\":{\"@type\":\"Organization\",\"@id\":\"https:\\\/\\\/www.apfelpatient.de\\\/en\\\/#organization\",\"name\":\"Apfelpatient\",\"url\":\"https:\\\/\\\/www.apfelpatient.de\\\/en\\\/\"},\"image\":{\"@id\":\"https:\\\/\\\/www.apfelpatient.de\\\/news\\\/werden-airpods-bald-die-atemfrequenz-messen-koennen#primaryimage\"},\"thumbnailUrl\":\"https:\\\/\\\/www.apfelpatient.de\\\/wp-content\\\/uploads\\\/2021\\\/08\\\/nidheesh-kavalan-wscuT4NtHXE-unsplash.jpg\",\"keywords\":[\"AirPods\"],\"articleSection\":\"News\",\"inLanguage\":\"en-US\",\"copyrightYear\":\"2021\",\"copyrightHolder\":{\"@id\":\"https:\\\/\\\/www.apfelpatient.de\\\/en\\\/#organization\"}},{\"@type\":\"WebPage\",\"@id\":\"https:\\\/\\\/www.apfelpatient.de\\\/news\\\/werden-airpods-bald-die-atemfrequenz-messen-koennen\",\"url\":\"https:\\\/\\\/www.apfelpatient.de\\\/news\\\/werden-airpods-bald-die-atemfrequenz-messen-koennen\",\"name\":\"Werden AirPods bald die Atemfrequenz messen k\u00f6nnen? Apfelpatient\",\"isPartOf\":{\"@id\":\"https:\\\/\\\/www.apfelpatient.de\\\/#website\"},\"primaryImageOfPage\":{\"@id\":\"https:\\\/\\\/www.apfelpatient.de\\\/news\\\/werden-airpods-bald-die-atemfrequenz-messen-koennen#primaryimage\"},\"image\":{\"@id\":\"https:\\\/\\\/www.apfelpatient.de\\\/news\\\/werden-airpods-bald-die-atemfrequenz-messen-koennen#primaryimage\"},\"thumbnailUrl\":\"https:\\\/\\\/www.apfelpatient.de\\\/wp-content\\\/uploads\\\/2021\\\/08\\\/nidheesh-kavalan-wscuT4NtHXE-unsplash.jpg\",\"datePublished\":\"2021-08-12T15:35:20+00:00\",\"dateModified\":\"2021-08-12T15:35:21+00:00\",\"description\":\"Neue Gesundheitsfunktionen f\u00fcr die AirPods: Apples Studie zielt darauf ab, einen Weg zu finden, diese Metrik auch ohne Arzt zu sch\u00e4tzen.\",\"breadcrumb\":{\"@id\":\"https:\\\/\\\/www.apfelpatient.de\\\/news\\\/werden-airpods-bald-die-atemfrequenz-messen-koennen#breadcrumb\"},\"inLanguage\":\"en-US\",\"potentialAction\":[{\"@type\":\"ReadAction\",\"target\":[\"https:\\\/\\\/www.apfelpatient.de\\\/news\\\/werden-airpods-bald-die-atemfrequenz-messen-koennen\"]}]},{\"@type\":\"ImageObject\",\"inLanguage\":\"en-US\",\"@id\":\"https:\\\/\\\/www.apfelpatient.de\\\/news\\\/werden-airpods-bald-die-atemfrequenz-messen-koennen#primaryimage\",\"url\":\"https:\\\/\\\/www.apfelpatient.de\\\/wp-content\\\/uploads\\\/2021\\\/08\\\/nidheesh-kavalan-wscuT4NtHXE-unsplash.jpg\",\"contentUrl\":\"https:\\\/\\\/www.apfelpatient.de\\\/wp-content\\\/uploads\\\/2021\\\/08\\\/nidheesh-kavalan-wscuT4NtHXE-unsplash.jpg\",\"width\":1600,\"height\":1067,\"caption\":\"Photo by Unsplash \\\/ Nidheesh Kavalan\"},{\"@type\":\"BreadcrumbList\",\"@id\":\"https:\\\/\\\/www.apfelpatient.de\\\/news\\\/werden-airpods-bald-die-atemfrequenz-messen-koennen#breadcrumb\",\"itemListElement\":[{\"@type\":\"ListItem\",\"position\":1,\"name\":\"Startseite\",\"item\":\"https:\\\/\\\/www.apfelpatient.de\\\/\"},{\"@type\":\"ListItem\",\"position\":2,\"name\":\"Werden AirPods bald die Atemfrequenz messen k\u00f6nnen?\"}]},{\"@type\":\"WebSite\",\"@id\":\"https:\\\/\\\/www.apfelpatient.de\\\/#website\",\"url\":\"https:\\\/\\\/www.apfelpatient.de\\\/\",\"name\":\"Apfelpatient\",\"description\":\"Alles rund um Apple!\",\"publisher\":{\"@type\":\"Organization\",\"@id\":\"https:\\\/\\\/www.apfelpatient.de\\\/en\\\/#organization\",\"name\":\"Apfelpatient\",\"url\":\"https:\\\/\\\/www.apfelpatient.de\\\/en\\\/\"},\"alternateName\":\"Apfelpatient\",\"potentialAction\":[{\"@type\":\"SearchAction\",\"target\":{\"@type\":\"EntryPoint\",\"urlTemplate\":\"https:\\\/\\\/www.apfelpatient.de\\\/?s={search_term_string}\"},\"query-input\":{\"@type\":\"PropertyValueSpecification\",\"valueRequired\":true,\"valueName\":\"search_term_string\"}}],\"inLanguage\":\"en-US\"},{\"@type\":[\"Person\",\"Organization\"],\"@id\":\"https:\\\/\\\/www.apfelpatient.de\\\/#\\\/schema\\\/person\\\/35b3ddba5832f2bfc7fff5206d4f6b7b\",\"name\":\"Milan\",\"logo\":{\"@id\":\"https:\\\/\\\/www.apfelpatient.de\\\/#\\\/schema\\\/person\\\/image\\\/\"},\"description\":\"Hallo und herzlich willkommen auf meinem Technik-Blog! Als gro\u00dfer Apple-Fan berichte ich hier \u00fcber alles, was mit Apple zu tun hat: von den neuesten News und spannenden Ger\u00fcchten \u00fcber hilfreiche Tipps und Tricks bis hin zu ausf\u00fchrlichen Produkttests. Wenn du genauso technikbegeistert bist wie ich, bist du hier genau richtig!\",\"sameAs\":[\"https:\\\/\\\/www.facebook.com\\\/apfelpatientOfficial\",\"https:\\\/\\\/www.linkedin.com\\\/in\\\/milan-jovicic-42aa0231b\"],\"url\":\"https:\\\/\\\/www.apfelpatient.de\\\/en\\\/author\\\/apfeladmin\"}]}<\/script>\n<!-- \/ Yoast SEO Premium plugin. -->","yoast_head_json":{"title":"Will AirPods soon be able to measure breathing rate? Apfelpatient","description":"New health features for the AirPods: Apple&#039;s study aims to find a way to estimate this metric even without a doctor.","robots":{"index":"index","follow":"follow","max-snippet":"max-snippet:-1","max-image-preview":"max-image-preview:large","max-video-preview":"max-video-preview:-1"},"canonical":"https:\/\/www.apfelpatient.de\/en\/news\/will-airpods-soon-be-able-to-measure-breathing-rate","og_locale":"en_US","og_type":"article","og_title":"Werden AirPods bald die Atemfrequenz messen k\u00f6nnen?","og_description":"Neue Gesundheitsfunktionen f\u00fcr die AirPods: Apples Studie zielt darauf ab, einen Weg zu finden, diese Metrik auch ohne Arzt zu sch\u00e4tzen.","og_url":"https:\/\/www.apfelpatient.de\/en\/news\/will-airpods-soon-be-able-to-measure-breathing-rate","og_site_name":"Apfelpatient","article_publisher":"https:\/\/www.facebook.com\/apfelpatientOfficial","article_author":"https:\/\/www.facebook.com\/apfelpatientOfficial","article_published_time":"2021-08-12T15:35:20+00:00","article_modified_time":"2021-08-12T15:35:21+00:00","og_image":[{"width":1600,"height":1067,"url":"https:\/\/www.apfelpatient.de\/wp-content\/uploads\/2021\/08\/nidheesh-kavalan-wscuT4NtHXE-unsplash.jpg","type":"image\/jpeg"}],"author":"Milan","twitter_card":"summary_large_image","twitter_description":"Neue Gesundheitsfunktionen f\u00fcr die AirPods: Apples Studie zielt darauf ab, einen Weg zu finden, diese Metrik auch ohne Arzt zu sch\u00e4tzen.","twitter_misc":{"Written by":"Milan","Est. reading time":"2 minutes"},"schema":{"@context":"https:\/\/schema.org","@graph":[{"@type":"NewsArticle","@id":"https:\/\/www.apfelpatient.de\/news\/werden-airpods-bald-die-atemfrequenz-messen-koennen#article","isPartOf":{"@id":"https:\/\/www.apfelpatient.de\/news\/werden-airpods-bald-die-atemfrequenz-messen-koennen"},"author":{"@type":"Organization","@id":"https:\/\/www.apfelpatient.de\/en\/#organization","name":"Apfelpatient","url":"https:\/\/www.apfelpatient.de\/en\/"},"headline":"Werden AirPods bald die Atemfrequenz messen k\u00f6nnen?","datePublished":"2021-08-12T15:35:20+00:00","dateModified":"2021-08-12T15:35:21+00:00","mainEntityOfPage":{"@id":"https:\/\/www.apfelpatient.de\/news\/werden-airpods-bald-die-atemfrequenz-messen-koennen"},"wordCount":298,"publisher":{"@type":"Organization","@id":"https:\/\/www.apfelpatient.de\/en\/#organization","name":"Apfelpatient","url":"https:\/\/www.apfelpatient.de\/en\/"},"image":{"@id":"https:\/\/www.apfelpatient.de\/news\/werden-airpods-bald-die-atemfrequenz-messen-koennen#primaryimage"},"thumbnailUrl":"https:\/\/www.apfelpatient.de\/wp-content\/uploads\/2021\/08\/nidheesh-kavalan-wscuT4NtHXE-unsplash.jpg","keywords":["AirPods"],"articleSection":"News","inLanguage":"en-US","copyrightYear":"2021","copyrightHolder":{"@id":"https:\/\/www.apfelpatient.de\/en\/#organization"}},{"@type":"WebPage","@id":"https:\/\/www.apfelpatient.de\/news\/werden-airpods-bald-die-atemfrequenz-messen-koennen","url":"https:\/\/www.apfelpatient.de\/news\/werden-airpods-bald-die-atemfrequenz-messen-koennen","name":"Will AirPods soon be able to measure breathing rate? Apfelpatient","isPartOf":{"@id":"https:\/\/www.apfelpatient.de\/#website"},"primaryImageOfPage":{"@id":"https:\/\/www.apfelpatient.de\/news\/werden-airpods-bald-die-atemfrequenz-messen-koennen#primaryimage"},"image":{"@id":"https:\/\/www.apfelpatient.de\/news\/werden-airpods-bald-die-atemfrequenz-messen-koennen#primaryimage"},"thumbnailUrl":"https:\/\/www.apfelpatient.de\/wp-content\/uploads\/2021\/08\/nidheesh-kavalan-wscuT4NtHXE-unsplash.jpg","datePublished":"2021-08-12T15:35:20+00:00","dateModified":"2021-08-12T15:35:21+00:00","description":"New health features for the AirPods: Apple&#039;s study aims to find a way to estimate this metric even without a doctor.","breadcrumb":{"@id":"https:\/\/www.apfelpatient.de\/news\/werden-airpods-bald-die-atemfrequenz-messen-koennen#breadcrumb"},"inLanguage":"en-US","potentialAction":[{"@type":"ReadAction","target":["https:\/\/www.apfelpatient.de\/news\/werden-airpods-bald-die-atemfrequenz-messen-koennen"]}]},{"@type":"ImageObject","inLanguage":"en-US","@id":"https:\/\/www.apfelpatient.de\/news\/werden-airpods-bald-die-atemfrequenz-messen-koennen#primaryimage","url":"https:\/\/www.apfelpatient.de\/wp-content\/uploads\/2021\/08\/nidheesh-kavalan-wscuT4NtHXE-unsplash.jpg","contentUrl":"https:\/\/www.apfelpatient.de\/wp-content\/uploads\/2021\/08\/nidheesh-kavalan-wscuT4NtHXE-unsplash.jpg","width":1600,"height":1067,"caption":"Photo by Unsplash \/ Nidheesh Kavalan"},{"@type":"BreadcrumbList","@id":"https:\/\/www.apfelpatient.de\/news\/werden-airpods-bald-die-atemfrequenz-messen-koennen#breadcrumb","itemListElement":[{"@type":"ListItem","position":1,"name":"Startseite","item":"https:\/\/www.apfelpatient.de\/"},{"@type":"ListItem","position":2,"name":"Werden AirPods bald die Atemfrequenz messen k\u00f6nnen?"}]},{"@type":"WebSite","@id":"https:\/\/www.apfelpatient.de\/#website","url":"https:\/\/www.apfelpatient.de\/","name":"apple patient","description":"Everything about Apple!","publisher":{"@type":"Organization","@id":"https:\/\/www.apfelpatient.de\/en\/#organization","name":"Apfelpatient","url":"https:\/\/www.apfelpatient.de\/en\/"},"alternateName":"Apfelpatient","potentialAction":[{"@type":"SearchAction","target":{"@type":"EntryPoint","urlTemplate":"https:\/\/www.apfelpatient.de\/?s={search_term_string}"},"query-input":{"@type":"PropertyValueSpecification","valueRequired":true,"valueName":"search_term_string"}}],"inLanguage":"en-US"},{"@type":["Person","Organization"],"@id":"https:\/\/www.apfelpatient.de\/#\/schema\/person\/35b3ddba5832f2bfc7fff5206d4f6b7b","name":"Milan","logo":{"@id":"https:\/\/www.apfelpatient.de\/#\/schema\/person\/image\/"},"description":"Hello and welcome to my technology blog! As a big Apple fan, I report on everything to do with Apple: from the latest news and exciting rumors to helpful tips and tricks and detailed product tests. If you are as enthusiastic about technology as I am, you have come to the right place!","sameAs":["https:\/\/www.facebook.com\/apfelpatientOfficial","https:\/\/www.linkedin.com\/in\/milan-jovicic-42aa0231b"],"url":"https:\/\/www.apfelpatient.de\/en\/author\/apfeladmin"}]}},"_links":{"self":[{"href":"https:\/\/www.apfelpatient.de\/en\/wp-json\/wp\/v2\/posts\/25353","targetHints":{"allow":["GET"]}}],"collection":[{"href":"https:\/\/www.apfelpatient.de\/en\/wp-json\/wp\/v2\/posts"}],"about":[{"href":"https:\/\/www.apfelpatient.de\/en\/wp-json\/wp\/v2\/types\/post"}],"author":[{"embeddable":true,"href":"https:\/\/www.apfelpatient.de\/en\/wp-json\/wp\/v2\/users\/2"}],"replies":[{"embeddable":true,"href":"https:\/\/www.apfelpatient.de\/en\/wp-json\/wp\/v2\/comments?post=25353"}],"version-history":[{"count":0,"href":"https:\/\/www.apfelpatient.de\/en\/wp-json\/wp\/v2\/posts\/25353\/revisions"}],"wp:featuredmedia":[{"embeddable":true,"href":"https:\/\/www.apfelpatient.de\/en\/wp-json\/wp\/v2\/media\/25345"}],"wp:attachment":[{"href":"https:\/\/www.apfelpatient.de\/en\/wp-json\/wp\/v2\/media?parent=25353"}],"wp:term":[{"taxonomy":"category","embeddable":true,"href":"https:\/\/www.apfelpatient.de\/en\/wp-json\/wp\/v2\/categories?post=25353"},{"taxonomy":"post_tag","embeddable":true,"href":"https:\/\/www.apfelpatient.de\/en\/wp-json\/wp\/v2\/tags?post=25353"}],"curies":[{"name":"wp","href":"https:\/\/api.w.org\/{rel}","templated":true}]}}