{"id":25347,"date":"2021-08-12T17:28:19","date_gmt":"2021-08-12T15:28:19","guid":{"rendered":"https:\/\/www.apfelpatient.de\/?p=25347"},"modified":"2021-08-12T17:28:20","modified_gmt":"2021-08-12T15:28:20","slug":"with-mmwave-5g-and-more-iphone-13-to-be-released-in-september","status":"publish","type":"post","link":"https:\/\/www.apfelpatient.de\/en\/rumors\/mit-mmwave-5g-und-mehr-iphone-13-soll-im-september-erscheinen","title":{"rendered":"With mmWave 5G and more: iPhone 13 to be released in September"},"content":{"rendered":"<p class=\"has-drop-cap\"><strong>Apple will likely unveil its next generation of iPhones next month \u2013 the iPhone 13 series. Now the Taiwanese market research company TrendForce has spoken out.<\/strong><\/p>\n\n\n\n<p>TrendForce <a href=\"https:\/\/insider.trendforce.com\/2021\/08\/12\/iphone-shipment-resumes-its-upward-trajectory-in-3q21-with-30-yoy-increase\/\" target=\"_blank\" rel=\"noreferrer noopener\">claimed<\/a>that its latest research suggests that some of the hardware upgrades for the iPhone 13 models will include a faster and more energy-efficient 5nm chip, likely to be called the A15 Bionic. Support for mmWave 5G is also expected in more countries. Space-saving circuitry is said to be used inside, which will likely allow for larger batteries.<\/p>\n\n\n\n<h3 class=\"wp-block-heading\" id=\"h-iphone-13-herstellungskosten-sollten-unver-ndert-bleiben\">iPhone 13: Manufacturing costs should remain unchanged<\/h3>\n\n\n\n\n\n\n\n<p>In terms of pricing, TrendForce believes that the new series will be positioned similarly to the iPhone 12 series. The prerequisite for this is that the manufacturing costs remain the same. Since the devices will not have any extraordinary hardware upgrades, this should be possible. In terms of the launch of the new models, TrendForce believes that Apple will hold an event in September, thus returning to the familiar time frame. (Photo by Unsplash \/ dusan jovic)<\/p>\n\n\n\n<ul class=\"wp-block-list\"><li><a href=\"https:\/\/www.apfelpatient.de\/en\/rumors\/iphone-13-pro-could-get-new-color-options\">iPhone 13 Pro could get new color options<\/a><\/li><\/ul>\n\n\n\n<h6 class=\"wp-block-heading translation-block\" id=\"h-kennt-ihr-schon-unsere-amazon-storefront-dort-findet-ihr-eine-handverlesene-auswahl-von-diversen-produkten-f-r-euer-iphone-und-co-viel-spa-beim-st-bern\"><em>Have you already visited our Amazon Storefront? There you&#039;ll find a hand-picked selection of various products for your iPhone and other devices \u2013 <span class=\"has-inline-color has-vivid-red-color\"><a href=\"https:\/\/www.amazon.de\/shop\/apfelpatientofficial\" class=\"ek-link\" data-wpel-link=\"exclude\" rel=\"follow noopener\" target=\"_self\"><span style=\"text-decoration: underline\" class=\"ek-underline\">enjoy browsing<\/span><\/a> !<\/span><\/em><\/h6>\n\n\n\n<h6 class=\"wp-block-heading translation-block\" id=\"h-der-beitrag-enthalt-partnerlinks\">This post contains <a data-type=\"URL\" data-id=\"https:\/\/www.apfelpatient.de\/partnerprogramm\" href=\"https:\/\/www.apfelpatient.de\/en\/partner-program\" data-wpel-link=\"internal\" target=\"_self\">affiliate links<\/a>.<\/h6>","protected":false},"excerpt":{"rendered":"<p>Bigger battery and more: Apple will likely unveil its next generation of iPhones \u2013 the iPhone 13 series \u2013 next month.<\/p>","protected":false},"author":2,"featured_media":25346,"comment_status":"closed","ping_status":"closed","sticky":false,"template":"","format":"standard","meta":{"jnews-multi-image_gallery":[],"jnews_single_post":{"subtitle":"","format":"standard","video":"","gallery":"","source_name":"","source_url":"","via_name":"","via_url":"","override":[{"single_blog_custom":"","sidebar":"","second_sidebar":"","share_position":"","share_float_style":"","post_date_format":"","post_date_format_custom":"","post_reading_time_wpm":"","zoom_button_out_step":"1","zoom_button_in_step":"1","number_popup_post":"1"}],"image_override":[{"single_post_thumbnail_size":"","single_post_gallery_size":""}],"trending_post_position":"","trending_post_label":"","sponsored_post_label":"","sponsored_post_name":"","sponsored_post_url":"","sponsored_post_logo":"","sponsored_post_desc":""},"jnews_primary_category":{"id":"25"},"footnotes":""},"categories":[25],"tags":[8,311],"class_list":["post-25347","post","type-post","status-publish","format-standard","has-post-thumbnail","hentry","category-rumors","tag-iphone","tag-iphone-2021"],"yoast_head":"<!-- This site is optimized with the Yoast SEO Premium plugin v27.5 (Yoast SEO v27.5) - https:\/\/yoast.com\/product\/yoast-seo-premium-wordpress\/ -->\n<title>Mit mmWave 5G und mehr: iPhone 13 soll im September erscheinen<\/title>\n<meta name=\"description\" content=\"Gr\u00f6\u00dfere Batterie und mehr: Apple wird wahrscheinlich im n\u00e4chsten Monat seine n\u00e4chste iPhone-Generation vorstellen - die iPhone 13 Reihe.\" \/>\n<meta name=\"robots\" content=\"index, follow, max-snippet:-1, max-image-preview:large, max-video-preview:-1\" \/>\n<link rel=\"canonical\" href=\"https:\/\/www.apfelpatient.de\/en\/rumors\/with-mmwave-5g-and-more-iphone-13-to-be-released-in-september\" \/>\n<meta property=\"og:locale\" content=\"en_US\" \/>\n<meta property=\"og:type\" content=\"article\" \/>\n<meta property=\"og:title\" content=\"Mit mmWave 5G und mehr: iPhone 13 soll im September erscheinen\" \/>\n<meta property=\"og:description\" content=\"Gr\u00f6\u00dfere Batterie und mehr: Apple wird wahrscheinlich im n\u00e4chsten Monat seine n\u00e4chste iPhone-Generation vorstellen - die iPhone 13 Reihe.\" \/>\n<meta property=\"og:url\" content=\"https:\/\/www.apfelpatient.de\/en\/rumors\/with-mmwave-5g-and-more-iphone-13-to-be-released-in-september\" \/>\n<meta property=\"og:site_name\" content=\"Apfelpatient\" \/>\n<meta property=\"article:publisher\" content=\"https:\/\/www.facebook.com\/apfelpatientOfficial\" \/>\n<meta property=\"article:author\" content=\"https:\/\/www.facebook.com\/apfelpatientOfficial\" \/>\n<meta property=\"article:published_time\" content=\"2021-08-12T15:28:19+00:00\" \/>\n<meta property=\"article:modified_time\" content=\"2021-08-12T15:28:20+00:00\" \/>\n<meta property=\"og:image\" content=\"https:\/\/www.apfelpatient.de\/wp-content\/uploads\/2021\/08\/dusan-jovic-xhZ6-Et_ses-unsplash.jpg\" \/>\n\t<meta property=\"og:image:width\" content=\"1600\" \/>\n\t<meta property=\"og:image:height\" content=\"1067\" \/>\n\t<meta property=\"og:image:type\" content=\"image\/jpeg\" \/>\n<meta name=\"author\" content=\"Milan\" \/>\n<meta name=\"twitter:card\" content=\"summary_large_image\" \/>\n<meta name=\"twitter:description\" content=\"Gr\u00f6\u00dfere Batterie und mehr: Apple wird wahrscheinlich im n\u00e4chsten Monat seine n\u00e4chste iPhone-Generation vorstellen - die iPhone 13 Reihe.\" \/>\n<meta name=\"twitter:label1\" content=\"Written by\" \/>\n\t<meta name=\"twitter:data1\" content=\"Milan\" \/>\n\t<meta name=\"twitter:label2\" content=\"Est. reading time\" \/>\n\t<meta name=\"twitter:data2\" content=\"1 minute\" \/>\n<script type=\"application\/ld+json\" class=\"yoast-schema-graph\">{\"@context\":\"https:\\\/\\\/schema.org\",\"@graph\":[{\"@type\":\"NewsArticle\",\"@id\":\"https:\\\/\\\/www.apfelpatient.de\\\/rumors\\\/mit-mmwave-5g-und-mehr-iphone-13-soll-im-september-erscheinen#article\",\"isPartOf\":{\"@id\":\"https:\\\/\\\/www.apfelpatient.de\\\/rumors\\\/mit-mmwave-5g-und-mehr-iphone-13-soll-im-september-erscheinen\"},\"author\":{\"@type\":\"Organization\",\"@id\":\"https:\\\/\\\/www.apfelpatient.de\\\/en\\\/#organization\",\"name\":\"Apfelpatient\",\"url\":\"https:\\\/\\\/www.apfelpatient.de\\\/en\\\/\"},\"headline\":\"Mit mmWave 5G und mehr: iPhone 13 soll im September erscheinen\",\"datePublished\":\"2021-08-12T15:28:19+00:00\",\"dateModified\":\"2021-08-12T15:28:20+00:00\",\"mainEntityOfPage\":{\"@id\":\"https:\\\/\\\/www.apfelpatient.de\\\/rumors\\\/mit-mmwave-5g-und-mehr-iphone-13-soll-im-september-erscheinen\"},\"wordCount\":195,\"publisher\":{\"@type\":\"Organization\",\"@id\":\"https:\\\/\\\/www.apfelpatient.de\\\/en\\\/#organization\",\"name\":\"Apfelpatient\",\"url\":\"https:\\\/\\\/www.apfelpatient.de\\\/en\\\/\"},\"image\":{\"@id\":\"https:\\\/\\\/www.apfelpatient.de\\\/rumors\\\/mit-mmwave-5g-und-mehr-iphone-13-soll-im-september-erscheinen#primaryimage\"},\"thumbnailUrl\":\"https:\\\/\\\/www.apfelpatient.de\\\/wp-content\\\/uploads\\\/2021\\\/08\\\/dusan-jovic-xhZ6-Et_ses-unsplash.jpg\",\"keywords\":[\"iPhone\",\"iPhone 13\"],\"articleSection\":\"Rumors\",\"inLanguage\":\"en-US\",\"copyrightYear\":\"2021\",\"copyrightHolder\":{\"@id\":\"https:\\\/\\\/www.apfelpatient.de\\\/en\\\/#organization\"}},{\"@type\":\"WebPage\",\"@id\":\"https:\\\/\\\/www.apfelpatient.de\\\/rumors\\\/mit-mmwave-5g-und-mehr-iphone-13-soll-im-september-erscheinen\",\"url\":\"https:\\\/\\\/www.apfelpatient.de\\\/rumors\\\/mit-mmwave-5g-und-mehr-iphone-13-soll-im-september-erscheinen\",\"name\":\"Mit mmWave 5G und mehr: iPhone 13 soll im September erscheinen\",\"isPartOf\":{\"@id\":\"https:\\\/\\\/www.apfelpatient.de\\\/#website\"},\"primaryImageOfPage\":{\"@id\":\"https:\\\/\\\/www.apfelpatient.de\\\/rumors\\\/mit-mmwave-5g-und-mehr-iphone-13-soll-im-september-erscheinen#primaryimage\"},\"image\":{\"@id\":\"https:\\\/\\\/www.apfelpatient.de\\\/rumors\\\/mit-mmwave-5g-und-mehr-iphone-13-soll-im-september-erscheinen#primaryimage\"},\"thumbnailUrl\":\"https:\\\/\\\/www.apfelpatient.de\\\/wp-content\\\/uploads\\\/2021\\\/08\\\/dusan-jovic-xhZ6-Et_ses-unsplash.jpg\",\"datePublished\":\"2021-08-12T15:28:19+00:00\",\"dateModified\":\"2021-08-12T15:28:20+00:00\",\"description\":\"Gr\u00f6\u00dfere Batterie und mehr: Apple wird wahrscheinlich im n\u00e4chsten Monat seine n\u00e4chste iPhone-Generation vorstellen - die iPhone 13 Reihe.\",\"breadcrumb\":{\"@id\":\"https:\\\/\\\/www.apfelpatient.de\\\/rumors\\\/mit-mmwave-5g-und-mehr-iphone-13-soll-im-september-erscheinen#breadcrumb\"},\"inLanguage\":\"en-US\",\"potentialAction\":[{\"@type\":\"ReadAction\",\"target\":[\"https:\\\/\\\/www.apfelpatient.de\\\/rumors\\\/mit-mmwave-5g-und-mehr-iphone-13-soll-im-september-erscheinen\"]}]},{\"@type\":\"ImageObject\",\"inLanguage\":\"en-US\",\"@id\":\"https:\\\/\\\/www.apfelpatient.de\\\/rumors\\\/mit-mmwave-5g-und-mehr-iphone-13-soll-im-september-erscheinen#primaryimage\",\"url\":\"https:\\\/\\\/www.apfelpatient.de\\\/wp-content\\\/uploads\\\/2021\\\/08\\\/dusan-jovic-xhZ6-Et_ses-unsplash.jpg\",\"contentUrl\":\"https:\\\/\\\/www.apfelpatient.de\\\/wp-content\\\/uploads\\\/2021\\\/08\\\/dusan-jovic-xhZ6-Et_ses-unsplash.jpg\",\"width\":1600,\"height\":1067,\"caption\":\"Photo by Unsplash \\\/ dusan jovic\"},{\"@type\":\"BreadcrumbList\",\"@id\":\"https:\\\/\\\/www.apfelpatient.de\\\/rumors\\\/mit-mmwave-5g-und-mehr-iphone-13-soll-im-september-erscheinen#breadcrumb\",\"itemListElement\":[{\"@type\":\"ListItem\",\"position\":1,\"name\":\"Startseite\",\"item\":\"https:\\\/\\\/www.apfelpatient.de\\\/\"},{\"@type\":\"ListItem\",\"position\":2,\"name\":\"Mit mmWave 5G und mehr: iPhone 13 soll im September erscheinen\"}]},{\"@type\":\"WebSite\",\"@id\":\"https:\\\/\\\/www.apfelpatient.de\\\/#website\",\"url\":\"https:\\\/\\\/www.apfelpatient.de\\\/\",\"name\":\"Apfelpatient\",\"description\":\"Alles rund um Apple!\",\"publisher\":{\"@type\":\"Organization\",\"@id\":\"https:\\\/\\\/www.apfelpatient.de\\\/en\\\/#organization\",\"name\":\"Apfelpatient\",\"url\":\"https:\\\/\\\/www.apfelpatient.de\\\/en\\\/\"},\"alternateName\":\"Apfelpatient\",\"potentialAction\":[{\"@type\":\"SearchAction\",\"target\":{\"@type\":\"EntryPoint\",\"urlTemplate\":\"https:\\\/\\\/www.apfelpatient.de\\\/?s={search_term_string}\"},\"query-input\":{\"@type\":\"PropertyValueSpecification\",\"valueRequired\":true,\"valueName\":\"search_term_string\"}}],\"inLanguage\":\"en-US\"},{\"@type\":[\"Person\",\"Organization\"],\"@id\":\"https:\\\/\\\/www.apfelpatient.de\\\/#\\\/schema\\\/person\\\/35b3ddba5832f2bfc7fff5206d4f6b7b\",\"name\":\"Milan\",\"logo\":{\"@id\":\"https:\\\/\\\/www.apfelpatient.de\\\/#\\\/schema\\\/person\\\/image\\\/\"},\"description\":\"Hallo und herzlich willkommen auf meinem Technik-Blog! Als gro\u00dfer Apple-Fan berichte ich hier \u00fcber alles, was mit Apple zu tun hat: von den neuesten News und spannenden Ger\u00fcchten \u00fcber hilfreiche Tipps und Tricks bis hin zu ausf\u00fchrlichen Produkttests. Wenn du genauso technikbegeistert bist wie ich, bist du hier genau richtig!\",\"sameAs\":[\"https:\\\/\\\/www.facebook.com\\\/apfelpatientOfficial\",\"https:\\\/\\\/www.linkedin.com\\\/in\\\/milan-jovicic-42aa0231b\"],\"url\":\"https:\\\/\\\/www.apfelpatient.de\\\/en\\\/author\\\/apfeladmin\"}]}<\/script>\n<!-- \/ Yoast SEO Premium plugin. -->","yoast_head_json":{"title":"With mmWave 5G and more: iPhone 13 to be released in September","description":"Bigger battery and more: Apple will likely unveil its next generation iPhone next month - the iPhone 13 series.","robots":{"index":"index","follow":"follow","max-snippet":"max-snippet:-1","max-image-preview":"max-image-preview:large","max-video-preview":"max-video-preview:-1"},"canonical":"https:\/\/www.apfelpatient.de\/en\/rumors\/with-mmwave-5g-and-more-iphone-13-to-be-released-in-september","og_locale":"en_US","og_type":"article","og_title":"Mit mmWave 5G und mehr: iPhone 13 soll im September erscheinen","og_description":"Gr\u00f6\u00dfere Batterie und mehr: Apple wird wahrscheinlich im n\u00e4chsten Monat seine n\u00e4chste iPhone-Generation vorstellen - die iPhone 13 Reihe.","og_url":"https:\/\/www.apfelpatient.de\/en\/rumors\/with-mmwave-5g-and-more-iphone-13-to-be-released-in-september","og_site_name":"Apfelpatient","article_publisher":"https:\/\/www.facebook.com\/apfelpatientOfficial","article_author":"https:\/\/www.facebook.com\/apfelpatientOfficial","article_published_time":"2021-08-12T15:28:19+00:00","article_modified_time":"2021-08-12T15:28:20+00:00","og_image":[{"width":1600,"height":1067,"url":"https:\/\/www.apfelpatient.de\/wp-content\/uploads\/2021\/08\/dusan-jovic-xhZ6-Et_ses-unsplash.jpg","type":"image\/jpeg"}],"author":"Milan","twitter_card":"summary_large_image","twitter_description":"Gr\u00f6\u00dfere Batterie und mehr: Apple wird wahrscheinlich im n\u00e4chsten Monat seine n\u00e4chste iPhone-Generation vorstellen - die iPhone 13 Reihe.","twitter_misc":{"Written by":"Milan","Est. reading time":"1 minute"},"schema":{"@context":"https:\/\/schema.org","@graph":[{"@type":"NewsArticle","@id":"https:\/\/www.apfelpatient.de\/rumors\/mit-mmwave-5g-und-mehr-iphone-13-soll-im-september-erscheinen#article","isPartOf":{"@id":"https:\/\/www.apfelpatient.de\/rumors\/mit-mmwave-5g-und-mehr-iphone-13-soll-im-september-erscheinen"},"author":{"@type":"Organization","@id":"https:\/\/www.apfelpatient.de\/en\/#organization","name":"Apfelpatient","url":"https:\/\/www.apfelpatient.de\/en\/"},"headline":"Mit mmWave 5G und mehr: iPhone 13 soll im September erscheinen","datePublished":"2021-08-12T15:28:19+00:00","dateModified":"2021-08-12T15:28:20+00:00","mainEntityOfPage":{"@id":"https:\/\/www.apfelpatient.de\/rumors\/mit-mmwave-5g-und-mehr-iphone-13-soll-im-september-erscheinen"},"wordCount":195,"publisher":{"@type":"Organization","@id":"https:\/\/www.apfelpatient.de\/en\/#organization","name":"Apfelpatient","url":"https:\/\/www.apfelpatient.de\/en\/"},"image":{"@id":"https:\/\/www.apfelpatient.de\/rumors\/mit-mmwave-5g-und-mehr-iphone-13-soll-im-september-erscheinen#primaryimage"},"thumbnailUrl":"https:\/\/www.apfelpatient.de\/wp-content\/uploads\/2021\/08\/dusan-jovic-xhZ6-Et_ses-unsplash.jpg","keywords":["iPhone","iPhone 13"],"articleSection":"Rumors","inLanguage":"en-US","copyrightYear":"2021","copyrightHolder":{"@id":"https:\/\/www.apfelpatient.de\/en\/#organization"}},{"@type":"WebPage","@id":"https:\/\/www.apfelpatient.de\/rumors\/mit-mmwave-5g-und-mehr-iphone-13-soll-im-september-erscheinen","url":"https:\/\/www.apfelpatient.de\/rumors\/mit-mmwave-5g-und-mehr-iphone-13-soll-im-september-erscheinen","name":"With mmWave 5G and more: iPhone 13 to be released in September","isPartOf":{"@id":"https:\/\/www.apfelpatient.de\/#website"},"primaryImageOfPage":{"@id":"https:\/\/www.apfelpatient.de\/rumors\/mit-mmwave-5g-und-mehr-iphone-13-soll-im-september-erscheinen#primaryimage"},"image":{"@id":"https:\/\/www.apfelpatient.de\/rumors\/mit-mmwave-5g-und-mehr-iphone-13-soll-im-september-erscheinen#primaryimage"},"thumbnailUrl":"https:\/\/www.apfelpatient.de\/wp-content\/uploads\/2021\/08\/dusan-jovic-xhZ6-Et_ses-unsplash.jpg","datePublished":"2021-08-12T15:28:19+00:00","dateModified":"2021-08-12T15:28:20+00:00","description":"Bigger battery and more: Apple will likely unveil its next generation iPhone next month - the iPhone 13 series.","breadcrumb":{"@id":"https:\/\/www.apfelpatient.de\/rumors\/mit-mmwave-5g-und-mehr-iphone-13-soll-im-september-erscheinen#breadcrumb"},"inLanguage":"en-US","potentialAction":[{"@type":"ReadAction","target":["https:\/\/www.apfelpatient.de\/rumors\/mit-mmwave-5g-und-mehr-iphone-13-soll-im-september-erscheinen"]}]},{"@type":"ImageObject","inLanguage":"en-US","@id":"https:\/\/www.apfelpatient.de\/rumors\/mit-mmwave-5g-und-mehr-iphone-13-soll-im-september-erscheinen#primaryimage","url":"https:\/\/www.apfelpatient.de\/wp-content\/uploads\/2021\/08\/dusan-jovic-xhZ6-Et_ses-unsplash.jpg","contentUrl":"https:\/\/www.apfelpatient.de\/wp-content\/uploads\/2021\/08\/dusan-jovic-xhZ6-Et_ses-unsplash.jpg","width":1600,"height":1067,"caption":"Photo by Unsplash \/ dusan jovic"},{"@type":"BreadcrumbList","@id":"https:\/\/www.apfelpatient.de\/rumors\/mit-mmwave-5g-und-mehr-iphone-13-soll-im-september-erscheinen#breadcrumb","itemListElement":[{"@type":"ListItem","position":1,"name":"Startseite","item":"https:\/\/www.apfelpatient.de\/"},{"@type":"ListItem","position":2,"name":"Mit mmWave 5G und mehr: iPhone 13 soll im September erscheinen"}]},{"@type":"WebSite","@id":"https:\/\/www.apfelpatient.de\/#website","url":"https:\/\/www.apfelpatient.de\/","name":"apple patient","description":"Everything about Apple!","publisher":{"@type":"Organization","@id":"https:\/\/www.apfelpatient.de\/en\/#organization","name":"Apfelpatient","url":"https:\/\/www.apfelpatient.de\/en\/"},"alternateName":"Apfelpatient","potentialAction":[{"@type":"SearchAction","target":{"@type":"EntryPoint","urlTemplate":"https:\/\/www.apfelpatient.de\/?s={search_term_string}"},"query-input":{"@type":"PropertyValueSpecification","valueRequired":true,"valueName":"search_term_string"}}],"inLanguage":"en-US"},{"@type":["Person","Organization"],"@id":"https:\/\/www.apfelpatient.de\/#\/schema\/person\/35b3ddba5832f2bfc7fff5206d4f6b7b","name":"Milan","logo":{"@id":"https:\/\/www.apfelpatient.de\/#\/schema\/person\/image\/"},"description":"Hello and welcome to my technology blog! As a big Apple fan, I report on everything to do with Apple: from the latest news and exciting rumors to helpful tips and tricks and detailed product tests. If you are as enthusiastic about technology as I am, you have come to the right place!","sameAs":["https:\/\/www.facebook.com\/apfelpatientOfficial","https:\/\/www.linkedin.com\/in\/milan-jovicic-42aa0231b"],"url":"https:\/\/www.apfelpatient.de\/en\/author\/apfeladmin"}]}},"_links":{"self":[{"href":"https:\/\/www.apfelpatient.de\/en\/wp-json\/wp\/v2\/posts\/25347","targetHints":{"allow":["GET"]}}],"collection":[{"href":"https:\/\/www.apfelpatient.de\/en\/wp-json\/wp\/v2\/posts"}],"about":[{"href":"https:\/\/www.apfelpatient.de\/en\/wp-json\/wp\/v2\/types\/post"}],"author":[{"embeddable":true,"href":"https:\/\/www.apfelpatient.de\/en\/wp-json\/wp\/v2\/users\/2"}],"replies":[{"embeddable":true,"href":"https:\/\/www.apfelpatient.de\/en\/wp-json\/wp\/v2\/comments?post=25347"}],"version-history":[{"count":0,"href":"https:\/\/www.apfelpatient.de\/en\/wp-json\/wp\/v2\/posts\/25347\/revisions"}],"wp:featuredmedia":[{"embeddable":true,"href":"https:\/\/www.apfelpatient.de\/en\/wp-json\/wp\/v2\/media\/25346"}],"wp:attachment":[{"href":"https:\/\/www.apfelpatient.de\/en\/wp-json\/wp\/v2\/media?parent=25347"}],"wp:term":[{"taxonomy":"category","embeddable":true,"href":"https:\/\/www.apfelpatient.de\/en\/wp-json\/wp\/v2\/categories?post=25347"},{"taxonomy":"post_tag","embeddable":true,"href":"https:\/\/www.apfelpatient.de\/en\/wp-json\/wp\/v2\/tags?post=25347"}],"curies":[{"name":"wp","href":"https:\/\/api.w.org\/{rel}","templated":true}]}}