{"id":2531,"date":"2018-11-08T15:29:28","date_gmt":"2018-11-08T14:29:28","guid":{"rendered":"https:\/\/www.apfelpatient.de\/?p=2531"},"modified":"2018-11-08T15:29:28","modified_gmt":"2018-11-08T14:29:28","slug":"ipad-pro-special-facts-that-apple-has-kept-from-us","status":"publish","type":"post","link":"https:\/\/www.apfelpatient.de\/en\/news\/ipad-pro-besondere-fakten-die-apple-uns-verschwiegen-hat","title":{"rendered":"iPad Pro: Special facts that Apple has kept from us"},"content":{"rendered":"<p><strong>The new iPad Pro was presented on October 30th as part of a keynote and has been shipping since yesterday. The new professional tablet has a lot to offer - but Apple has left out a few important points.<\/strong><\/p>\n\n<p>After numerous rumors and leaks, it was less surprising that Apple introduced a new iPad Pro. The tablet has a new design and is equipped with many new features. There have also been some changes in terms of connectivity.<\/p>\n<p><strong>USB-C with limitations<\/strong><\/p>\n<p>The Lightning port has been replaced by a USB-C port and this is now causing confusion. Apple has included a USB-C cable with the new professional tablet, but this does not have &quot;USB 3.1 Gen 2&quot; support. The cable is therefore not suitable for connecting the iPad to other screens. For this, you need to purchase another cable with more bandwidth - for example Apple&#039;s Thunderbolt 3 cable (45 euros). Even more confusing is the fact that despite a Thunderbolt 3 cable, the new iPad Pro can be connected to other screens, but not specifically to the LG UltraFine 5K display.<\/p>\n\n<p>This is probably because both devices work with different technologies despite the USB-C port. The iPad Pro outputs the information via DisplayPort, while the LG monitor in question uses Thunderbolt 3. Since the LG UltraFine 5K display was developed in collaboration with Apple, the incompatibility is particularly questionable.<\/p>\n<p><strong>Apple Pencil 2 with less content<\/strong><\/p>\n<p>The new stylus from Apple boasts several new features. The Apple Pencil 2 will no longer need a lightning connector. If the pencil is near the device, it will connect automatically - similar to the AirPods principle. The new Apple Pencil also has gesture control. Apple has set the price for the new pencil at 135 euros and is saving on accessories.<\/p>\n\n<p>The first generation Apple Pencil was available to buy together with a replacement tip. This is no longer included with the new Apple Pencil. This costs an additional 25 euros for four pieces.<\/p>\n<p>&nbsp;<\/p>","protected":false},"excerpt":{"rendered":"<p>Das neue iPad Pro wurde am 30. Oktober im Rahmen einer Keynote vorgestellt und wird seit gestern ausgeliefert. Das neue Profi-Tablet hat es in sich &#8211; dennoch hat Apple ein paar wichtige Punkte unerw\u00e4hnt gelassen. Nach zahlreichen Ger\u00fcchten und Leaks war es weniger \u00fcberraschend, dass Apple ein neues iPad Pro vorgestellt hat. Das Tablet wurde [&hellip;]<\/p>\n","protected":false},"author":2,"featured_media":2477,"comment_status":"open","ping_status":"open","sticky":false,"template":"","format":"standard","meta":{"jnews-multi-image_gallery":[],"jnews_single_post":[],"jnews_primary_category":[],"footnotes":""},"categories":[9],"tags":[168,18,125,87],"class_list":["post-2531","post","type-post","status-publish","format-standard","has-post-thumbnail","hentry","category-news","tag-apple-pencil-2","tag-ipad","tag-ipad-pro-2018","tag-usb-c"],"yoast_head":"<!-- This site is optimized with the Yoast SEO Premium plugin v27.5 (Yoast SEO v27.5) - https:\/\/yoast.com\/product\/yoast-seo-premium-wordpress\/ -->\n<title>iPad Pro: Besondere Fakten, die Apple uns verschwiegen hat Apfelpatient<\/title>\n<meta name=\"description\" content=\"Das neue iPad Pro wurde am 30. Oktober im Rahmen einer Keynote vorgestellt und wird seit gestern ausgeliefert. Das neue Profi-Tablet hat es in sich -\" \/>\n<meta name=\"robots\" content=\"index, follow, max-snippet:-1, max-image-preview:large, max-video-preview:-1\" \/>\n<link rel=\"canonical\" href=\"https:\/\/www.apfelpatient.de\/en\/news\/ipad-pro-special-facts-that-apple-has-kept-from-us\" \/>\n<meta property=\"og:locale\" content=\"en_US\" \/>\n<meta property=\"og:type\" content=\"article\" \/>\n<meta property=\"og:title\" content=\"iPad Pro: Besondere Fakten, die Apple uns verschwiegen hat\" \/>\n<meta property=\"og:description\" content=\"Das neue iPad Pro wurde am 30. Oktober im Rahmen einer Keynote vorgestellt und wird seit gestern ausgeliefert. Das neue Profi-Tablet hat es in sich -\" \/>\n<meta property=\"og:url\" content=\"https:\/\/www.apfelpatient.de\/en\/news\/ipad-pro-special-facts-that-apple-has-kept-from-us\" \/>\n<meta property=\"og:site_name\" content=\"Apfelpatient\" \/>\n<meta property=\"article:publisher\" content=\"https:\/\/www.facebook.com\/apfelpatientOfficial\" \/>\n<meta property=\"article:author\" content=\"https:\/\/www.facebook.com\/apfelpatientOfficial\" \/>\n<meta property=\"article:published_time\" content=\"2018-11-08T14:29:28+00:00\" \/>\n<meta property=\"og:image\" content=\"https:\/\/www.apfelpatient.de\/wp-content\/uploads\/2018\/10\/iPad-Pro_Smart-keyboard-Apple-Pencil_10302018.jpg\" \/>\n\t<meta property=\"og:image:width\" content=\"1142\" \/>\n\t<meta property=\"og:image:height\" content=\"731\" \/>\n\t<meta property=\"og:image:type\" content=\"image\/jpeg\" \/>\n<meta name=\"author\" content=\"Milan\" \/>\n<meta name=\"twitter:card\" content=\"summary_large_image\" \/>\n<meta name=\"twitter:label1\" content=\"Written by\" \/>\n\t<meta name=\"twitter:data1\" content=\"Milan\" \/>\n\t<meta name=\"twitter:label2\" content=\"Est. reading time\" \/>\n\t<meta name=\"twitter:data2\" content=\"2 minutes\" \/>\n<script type=\"application\/ld+json\" class=\"yoast-schema-graph\">{\"@context\":\"https:\\\/\\\/schema.org\",\"@graph\":[{\"@type\":\"NewsArticle\",\"@id\":\"https:\\\/\\\/www.apfelpatient.de\\\/news\\\/ipad-pro-besondere-fakten-die-apple-uns-verschwiegen-hat#article\",\"isPartOf\":{\"@id\":\"https:\\\/\\\/www.apfelpatient.de\\\/news\\\/ipad-pro-besondere-fakten-die-apple-uns-verschwiegen-hat\"},\"author\":{\"@type\":\"Organization\",\"@id\":\"https:\\\/\\\/www.apfelpatient.de\\\/en\\\/#organization\",\"name\":\"Apfelpatient\",\"url\":\"https:\\\/\\\/www.apfelpatient.de\\\/en\\\/\"},\"headline\":\"iPad Pro: Besondere Fakten, die Apple uns verschwiegen hat\",\"datePublished\":\"2018-11-08T14:29:28+00:00\",\"mainEntityOfPage\":{\"@id\":\"https:\\\/\\\/www.apfelpatient.de\\\/news\\\/ipad-pro-besondere-fakten-die-apple-uns-verschwiegen-hat\"},\"wordCount\":357,\"commentCount\":0,\"publisher\":{\"@type\":\"Organization\",\"@id\":\"https:\\\/\\\/www.apfelpatient.de\\\/en\\\/#organization\",\"name\":\"Apfelpatient\",\"url\":\"https:\\\/\\\/www.apfelpatient.de\\\/en\\\/\"},\"image\":{\"@id\":\"https:\\\/\\\/www.apfelpatient.de\\\/news\\\/ipad-pro-besondere-fakten-die-apple-uns-verschwiegen-hat#primaryimage\"},\"thumbnailUrl\":\"https:\\\/\\\/www.apfelpatient.de\\\/wp-content\\\/uploads\\\/2018\\\/10\\\/iPad-Pro_Smart-keyboard-Apple-Pencil_10302018.jpg\",\"keywords\":[\"Apple Pencil 2\",\"iPad\",\"iPad Pro 2018\",\"USB-C\"],\"articleSection\":\"News\",\"inLanguage\":\"en-US\",\"potentialAction\":[{\"@type\":\"CommentAction\",\"name\":\"Comment\",\"target\":[\"https:\\\/\\\/www.apfelpatient.de\\\/news\\\/ipad-pro-besondere-fakten-die-apple-uns-verschwiegen-hat#respond\"]}],\"copyrightYear\":\"2018\",\"copyrightHolder\":{\"@id\":\"https:\\\/\\\/www.apfelpatient.de\\\/en\\\/#organization\"}},{\"@type\":\"WebPage\",\"@id\":\"https:\\\/\\\/www.apfelpatient.de\\\/news\\\/ipad-pro-besondere-fakten-die-apple-uns-verschwiegen-hat\",\"url\":\"https:\\\/\\\/www.apfelpatient.de\\\/news\\\/ipad-pro-besondere-fakten-die-apple-uns-verschwiegen-hat\",\"name\":\"iPad Pro: Besondere Fakten, die Apple uns verschwiegen hat Apfelpatient\",\"isPartOf\":{\"@id\":\"https:\\\/\\\/www.apfelpatient.de\\\/#website\"},\"primaryImageOfPage\":{\"@id\":\"https:\\\/\\\/www.apfelpatient.de\\\/news\\\/ipad-pro-besondere-fakten-die-apple-uns-verschwiegen-hat#primaryimage\"},\"image\":{\"@id\":\"https:\\\/\\\/www.apfelpatient.de\\\/news\\\/ipad-pro-besondere-fakten-die-apple-uns-verschwiegen-hat#primaryimage\"},\"thumbnailUrl\":\"https:\\\/\\\/www.apfelpatient.de\\\/wp-content\\\/uploads\\\/2018\\\/10\\\/iPad-Pro_Smart-keyboard-Apple-Pencil_10302018.jpg\",\"datePublished\":\"2018-11-08T14:29:28+00:00\",\"description\":\"Das neue iPad Pro wurde am 30. Oktober im Rahmen einer Keynote vorgestellt und wird seit gestern ausgeliefert. Das neue Profi-Tablet hat es in sich -\",\"breadcrumb\":{\"@id\":\"https:\\\/\\\/www.apfelpatient.de\\\/news\\\/ipad-pro-besondere-fakten-die-apple-uns-verschwiegen-hat#breadcrumb\"},\"inLanguage\":\"en-US\",\"potentialAction\":[{\"@type\":\"ReadAction\",\"target\":[\"https:\\\/\\\/www.apfelpatient.de\\\/news\\\/ipad-pro-besondere-fakten-die-apple-uns-verschwiegen-hat\"]}]},{\"@type\":\"ImageObject\",\"inLanguage\":\"en-US\",\"@id\":\"https:\\\/\\\/www.apfelpatient.de\\\/news\\\/ipad-pro-besondere-fakten-die-apple-uns-verschwiegen-hat#primaryimage\",\"url\":\"https:\\\/\\\/www.apfelpatient.de\\\/wp-content\\\/uploads\\\/2018\\\/10\\\/iPad-Pro_Smart-keyboard-Apple-Pencil_10302018.jpg\",\"contentUrl\":\"https:\\\/\\\/www.apfelpatient.de\\\/wp-content\\\/uploads\\\/2018\\\/10\\\/iPad-Pro_Smart-keyboard-Apple-Pencil_10302018.jpg\",\"width\":1142,\"height\":731,\"caption\":\"Bild: Apple\"},{\"@type\":\"BreadcrumbList\",\"@id\":\"https:\\\/\\\/www.apfelpatient.de\\\/news\\\/ipad-pro-besondere-fakten-die-apple-uns-verschwiegen-hat#breadcrumb\",\"itemListElement\":[{\"@type\":\"ListItem\",\"position\":1,\"name\":\"Startseite\",\"item\":\"https:\\\/\\\/www.apfelpatient.de\\\/\"},{\"@type\":\"ListItem\",\"position\":2,\"name\":\"iPad Pro: Besondere Fakten, die Apple uns verschwiegen hat\"}]},{\"@type\":\"WebSite\",\"@id\":\"https:\\\/\\\/www.apfelpatient.de\\\/#website\",\"url\":\"https:\\\/\\\/www.apfelpatient.de\\\/\",\"name\":\"Apfelpatient\",\"description\":\"Alles rund um Apple!\",\"publisher\":{\"@type\":\"Organization\",\"@id\":\"https:\\\/\\\/www.apfelpatient.de\\\/en\\\/#organization\",\"name\":\"Apfelpatient\",\"url\":\"https:\\\/\\\/www.apfelpatient.de\\\/en\\\/\"},\"alternateName\":\"Apfelpatient\",\"potentialAction\":[{\"@type\":\"SearchAction\",\"target\":{\"@type\":\"EntryPoint\",\"urlTemplate\":\"https:\\\/\\\/www.apfelpatient.de\\\/?s={search_term_string}\"},\"query-input\":{\"@type\":\"PropertyValueSpecification\",\"valueRequired\":true,\"valueName\":\"search_term_string\"}}],\"inLanguage\":\"en-US\"},{\"@type\":[\"Person\",\"Organization\"],\"@id\":\"https:\\\/\\\/www.apfelpatient.de\\\/#\\\/schema\\\/person\\\/7dc56ad6c8e9824b76d2c08d4c140e13\",\"name\":\"Milan\",\"logo\":{\"@id\":\"https:\\\/\\\/www.apfelpatient.de\\\/#\\\/schema\\\/person\\\/image\\\/\"},\"description\":\"Hallo und herzlich willkommen auf meinem Technik-Blog! Als gro\u00dfer Apple-Fan berichte ich hier \u00fcber alles, was mit Apple zu tun hat: von den neuesten News und spannenden Ger\u00fcchten \u00fcber hilfreiche Tipps und Tricks bis hin zu ausf\u00fchrlichen Produkttests. Wenn du genauso technikbegeistert bist wie ich, bist du hier genau richtig!\",\"sameAs\":[\"https:\\\/\\\/www.facebook.com\\\/apfelpatientOfficial\",\"https:\\\/\\\/www.linkedin.com\\\/in\\\/milan-jovicic-42aa0231b\"],\"url\":\"https:\\\/\\\/www.apfelpatient.de\\\/en\\\/author\\\/apfeladmin\"}]}<\/script>\n<!-- \/ Yoast SEO Premium plugin. -->","yoast_head_json":{"title":"iPad Pro: Special facts that Apple has kept from us Apfelpatient","description":"The new iPad Pro was presented on October 30th as part of a keynote and has been delivered since yesterday. The new professional tablet has it all -","robots":{"index":"index","follow":"follow","max-snippet":"max-snippet:-1","max-image-preview":"max-image-preview:large","max-video-preview":"max-video-preview:-1"},"canonical":"https:\/\/www.apfelpatient.de\/en\/news\/ipad-pro-special-facts-that-apple-has-kept-from-us","og_locale":"en_US","og_type":"article","og_title":"iPad Pro: Besondere Fakten, die Apple uns verschwiegen hat","og_description":"Das neue iPad Pro wurde am 30. Oktober im Rahmen einer Keynote vorgestellt und wird seit gestern ausgeliefert. Das neue Profi-Tablet hat es in sich -","og_url":"https:\/\/www.apfelpatient.de\/en\/news\/ipad-pro-special-facts-that-apple-has-kept-from-us","og_site_name":"Apfelpatient","article_publisher":"https:\/\/www.facebook.com\/apfelpatientOfficial","article_author":"https:\/\/www.facebook.com\/apfelpatientOfficial","article_published_time":"2018-11-08T14:29:28+00:00","og_image":[{"width":1142,"height":731,"url":"https:\/\/www.apfelpatient.de\/wp-content\/uploads\/2018\/10\/iPad-Pro_Smart-keyboard-Apple-Pencil_10302018.jpg","type":"image\/jpeg"}],"author":"Milan","twitter_card":"summary_large_image","twitter_misc":{"Written by":"Milan","Est. reading time":"2 minutes"},"schema":{"@context":"https:\/\/schema.org","@graph":[{"@type":"NewsArticle","@id":"https:\/\/www.apfelpatient.de\/news\/ipad-pro-besondere-fakten-die-apple-uns-verschwiegen-hat#article","isPartOf":{"@id":"https:\/\/www.apfelpatient.de\/news\/ipad-pro-besondere-fakten-die-apple-uns-verschwiegen-hat"},"author":{"@type":"Organization","@id":"https:\/\/www.apfelpatient.de\/en\/#organization","name":"Apfelpatient","url":"https:\/\/www.apfelpatient.de\/en\/"},"headline":"iPad Pro: Besondere Fakten, die Apple uns verschwiegen hat","datePublished":"2018-11-08T14:29:28+00:00","mainEntityOfPage":{"@id":"https:\/\/www.apfelpatient.de\/news\/ipad-pro-besondere-fakten-die-apple-uns-verschwiegen-hat"},"wordCount":357,"commentCount":0,"publisher":{"@type":"Organization","@id":"https:\/\/www.apfelpatient.de\/en\/#organization","name":"Apfelpatient","url":"https:\/\/www.apfelpatient.de\/en\/"},"image":{"@id":"https:\/\/www.apfelpatient.de\/news\/ipad-pro-besondere-fakten-die-apple-uns-verschwiegen-hat#primaryimage"},"thumbnailUrl":"https:\/\/www.apfelpatient.de\/wp-content\/uploads\/2018\/10\/iPad-Pro_Smart-keyboard-Apple-Pencil_10302018.jpg","keywords":["Apple Pencil 2","iPad","iPad Pro 2018","USB-C"],"articleSection":"News","inLanguage":"en-US","potentialAction":[{"@type":"CommentAction","name":"Comment","target":["https:\/\/www.apfelpatient.de\/news\/ipad-pro-besondere-fakten-die-apple-uns-verschwiegen-hat#respond"]}],"copyrightYear":"2018","copyrightHolder":{"@id":"https:\/\/www.apfelpatient.de\/en\/#organization"}},{"@type":"WebPage","@id":"https:\/\/www.apfelpatient.de\/news\/ipad-pro-besondere-fakten-die-apple-uns-verschwiegen-hat","url":"https:\/\/www.apfelpatient.de\/news\/ipad-pro-besondere-fakten-die-apple-uns-verschwiegen-hat","name":"iPad Pro: Special facts that Apple has kept from us Apfelpatient","isPartOf":{"@id":"https:\/\/www.apfelpatient.de\/#website"},"primaryImageOfPage":{"@id":"https:\/\/www.apfelpatient.de\/news\/ipad-pro-besondere-fakten-die-apple-uns-verschwiegen-hat#primaryimage"},"image":{"@id":"https:\/\/www.apfelpatient.de\/news\/ipad-pro-besondere-fakten-die-apple-uns-verschwiegen-hat#primaryimage"},"thumbnailUrl":"https:\/\/www.apfelpatient.de\/wp-content\/uploads\/2018\/10\/iPad-Pro_Smart-keyboard-Apple-Pencil_10302018.jpg","datePublished":"2018-11-08T14:29:28+00:00","description":"The new iPad Pro was presented on October 30th as part of a keynote and has been delivered since yesterday. The new professional tablet has it all -","breadcrumb":{"@id":"https:\/\/www.apfelpatient.de\/news\/ipad-pro-besondere-fakten-die-apple-uns-verschwiegen-hat#breadcrumb"},"inLanguage":"en-US","potentialAction":[{"@type":"ReadAction","target":["https:\/\/www.apfelpatient.de\/news\/ipad-pro-besondere-fakten-die-apple-uns-verschwiegen-hat"]}]},{"@type":"ImageObject","inLanguage":"en-US","@id":"https:\/\/www.apfelpatient.de\/news\/ipad-pro-besondere-fakten-die-apple-uns-verschwiegen-hat#primaryimage","url":"https:\/\/www.apfelpatient.de\/wp-content\/uploads\/2018\/10\/iPad-Pro_Smart-keyboard-Apple-Pencil_10302018.jpg","contentUrl":"https:\/\/www.apfelpatient.de\/wp-content\/uploads\/2018\/10\/iPad-Pro_Smart-keyboard-Apple-Pencil_10302018.jpg","width":1142,"height":731,"caption":"Bild: Apple"},{"@type":"BreadcrumbList","@id":"https:\/\/www.apfelpatient.de\/news\/ipad-pro-besondere-fakten-die-apple-uns-verschwiegen-hat#breadcrumb","itemListElement":[{"@type":"ListItem","position":1,"name":"Startseite","item":"https:\/\/www.apfelpatient.de\/"},{"@type":"ListItem","position":2,"name":"iPad Pro: Besondere Fakten, die Apple uns verschwiegen hat"}]},{"@type":"WebSite","@id":"https:\/\/www.apfelpatient.de\/#website","url":"https:\/\/www.apfelpatient.de\/","name":"apple patient","description":"Everything about Apple!","publisher":{"@type":"Organization","@id":"https:\/\/www.apfelpatient.de\/en\/#organization","name":"Apfelpatient","url":"https:\/\/www.apfelpatient.de\/en\/"},"alternateName":"Apfelpatient","potentialAction":[{"@type":"SearchAction","target":{"@type":"EntryPoint","urlTemplate":"https:\/\/www.apfelpatient.de\/?s={search_term_string}"},"query-input":{"@type":"PropertyValueSpecification","valueRequired":true,"valueName":"search_term_string"}}],"inLanguage":"en-US"},{"@type":["Person","Organization"],"@id":"https:\/\/www.apfelpatient.de\/#\/schema\/person\/7dc56ad6c8e9824b76d2c08d4c140e13","name":"Milan","logo":{"@id":"https:\/\/www.apfelpatient.de\/#\/schema\/person\/image\/"},"description":"Hello and welcome to my technology blog! As a big Apple fan, I report on everything to do with Apple: from the latest news and exciting rumors to helpful tips and tricks and detailed product tests. If you are as enthusiastic about technology as I am, you have come to the right place!","sameAs":["https:\/\/www.facebook.com\/apfelpatientOfficial","https:\/\/www.linkedin.com\/in\/milan-jovicic-42aa0231b"],"url":"https:\/\/www.apfelpatient.de\/en\/author\/apfeladmin"}]}},"_links":{"self":[{"href":"https:\/\/www.apfelpatient.de\/en\/wp-json\/wp\/v2\/posts\/2531","targetHints":{"allow":["GET"]}}],"collection":[{"href":"https:\/\/www.apfelpatient.de\/en\/wp-json\/wp\/v2\/posts"}],"about":[{"href":"https:\/\/www.apfelpatient.de\/en\/wp-json\/wp\/v2\/types\/post"}],"author":[{"embeddable":true,"href":"https:\/\/www.apfelpatient.de\/en\/wp-json\/wp\/v2\/users\/2"}],"replies":[{"embeddable":true,"href":"https:\/\/www.apfelpatient.de\/en\/wp-json\/wp\/v2\/comments?post=2531"}],"version-history":[{"count":0,"href":"https:\/\/www.apfelpatient.de\/en\/wp-json\/wp\/v2\/posts\/2531\/revisions"}],"wp:featuredmedia":[{"embeddable":true,"href":"https:\/\/www.apfelpatient.de\/en\/wp-json\/wp\/v2\/media\/2477"}],"wp:attachment":[{"href":"https:\/\/www.apfelpatient.de\/en\/wp-json\/wp\/v2\/media?parent=2531"}],"wp:term":[{"taxonomy":"category","embeddable":true,"href":"https:\/\/www.apfelpatient.de\/en\/wp-json\/wp\/v2\/categories?post=2531"},{"taxonomy":"post_tag","embeddable":true,"href":"https:\/\/www.apfelpatient.de\/en\/wp-json\/wp\/v2\/tags?post=2531"}],"curies":[{"name":"wp","href":"https:\/\/api.w.org\/{rel}","templated":true}]}}