{"id":25209,"date":"2021-08-09T15:29:16","date_gmt":"2021-08-09T13:29:16","guid":{"rendered":"https:\/\/www.apfelpatient.de\/?p=25209"},"modified":"2021-08-09T15:29:17","modified_gmt":"2021-08-09T13:29:17","slug":"macbook-pro-2021-mass-production-reportedly-underway","status":"publish","type":"post","link":"https:\/\/www.apfelpatient.de\/en\/rumors\/macbook-pro-2021-massenproduktion-angeblich-angelaufen","title":{"rendered":"MacBook Pro 2021: Mass production allegedly started"},"content":{"rendered":"<p class=\"has-drop-cap\"><strong>Apple suppliers have begun mass production of the upcoming, redesigned 14- and 16-inch MacBook Pros and aim to reach up to 800,000 monthly shipments of the notebook by the end of November - DigiTimes now reports.<\/strong><\/p>\n\n\n\n<p>Apple&#039;s upcoming MacBook Pro has been documented in the rumor mill for a long time, and now its launch is said to be imminent. Multiple reports have suggested that Apple is planning a busy fall season of product releases, including new iPhones, Apple Watches, and AirPods.<\/p>\n\n\n\n<h3 class=\"wp-block-heading\" id=\"h-macbook-pro-2021-beobachter-erwarten-hohe-nachfrage\">MacBook Pro 2021: Observers expect high demand<\/h3>\n\n\n\n\n\n\n\n<p>The 14- and 16-inch MacBook Pro, which are expected to feature a brand new mini-LED display, an updated chassis and a more powerful Apple silicon chip, will be released before the end of the year. It has been widely reported that production of the laptops will start in the third quarter of the year. Now <a href=\"https:\/\/www.digitimes.com\/news\/a20210809PD213.html\" target=\"_blank\" rel=\"noreferrer noopener\">reported<\/a> DigiTimes reports that this is the case. In terms of the launch of the devices, some observers believe that the months of October and November seem much more realistic than September. Whenever Apple makes the whole thing official, high demand is already certain. (Image: rendersbyian)<\/p>\n\n\n\n<ul class=\"wp-block-list\"><li><a href=\"https:\/\/www.apfelpatient.de\/en\/news\/magic-keyboard-with-touch-id-now-available-separately\">Magic Keyboard with Touch ID: Now available separately<\/a><\/li><\/ul>\n\n\n\n<h6 class=\"wp-block-heading translation-block\" id=\"h-kennt-ihr-schon-unsere-amazon-storefront-dort-findet-ihr-eine-handverlesene-auswahl-von-diversen-produkten-f-r-euer-iphone-und-co-viel-spa-beim-st-bern\"><em>Have you already visited our Amazon Storefront? There you&#039;ll find a hand-picked selection of various products for your iPhone and other devices \u2013 <span class=\"has-inline-color has-vivid-red-color\"><a href=\"https:\/\/www.amazon.de\/shop\/apfelpatientofficial\" class=\"ek-link\" data-wpel-link=\"exclude\" rel=\"follow noopener\" target=\"_self\"><span style=\"text-decoration: underline\" class=\"ek-underline\">enjoy browsing<\/span><\/a> !<\/span><\/em><\/h6>\n\n\n\n<h6 class=\"wp-block-heading translation-block\" id=\"h-der-beitrag-enthalt-partnerlinks\">This post contains <a data-type=\"URL\" data-id=\"https:\/\/www.apfelpatient.de\/partnerprogramm\" href=\"https:\/\/www.apfelpatient.de\/en\/partner-program\" data-wpel-link=\"internal\" target=\"_self\">affiliate links<\/a>.<\/h6>","protected":false},"excerpt":{"rendered":"<p>Apple suppliers have started mass production of the upcoming redesigned 14- and 16-inch MacBook Pros.<\/p>","protected":false},"author":2,"featured_media":25208,"comment_status":"closed","ping_status":"closed","sticky":false,"template":"","format":"standard","meta":{"jnews-multi-image_gallery":[],"jnews_single_post":{"subtitle":"","format":"standard","video":"","gallery":"","source_name":"","source_url":"","via_name":"","via_url":"","override":[{"single_blog_custom":"","sidebar":"","second_sidebar":"","share_position":"","share_float_style":"","post_date_format":"","post_date_format_custom":"","post_reading_time_wpm":"","zoom_button_out_step":"1","zoom_button_in_step":"1","number_popup_post":"1"}],"image_override":[{"single_post_thumbnail_size":"","single_post_gallery_size":""}],"trending_post_position":"","trending_post_label":"","sponsored_post_label":"","sponsored_post_name":"","sponsored_post_url":"","sponsored_post_logo":"","sponsored_post_desc":""},"jnews_primary_category":{"id":"25"},"footnotes":""},"categories":[25],"tags":[40,50],"class_list":["post-25209","post","type-post","status-publish","format-standard","has-post-thumbnail","hentry","category-rumors","tag-mac","tag-macbook-pro"],"yoast_head":"<!-- This site is optimized with the Yoast SEO Premium plugin v27.5 (Yoast SEO v27.5) - https:\/\/yoast.com\/product\/yoast-seo-premium-wordpress\/ -->\n<title>MacBook Pro 2021: Massenproduktion angeblich angelaufen Apfelpatient<\/title>\n<meta name=\"description\" content=\"Die Apple-Zulieferer haben mit der Massenproduktion der kommenden, neu gestalteten 14- und 16-Zoll MacBook Pros begonnen.\" \/>\n<meta name=\"robots\" content=\"index, follow, max-snippet:-1, max-image-preview:large, max-video-preview:-1\" \/>\n<link rel=\"canonical\" href=\"https:\/\/www.apfelpatient.de\/en\/rumors\/macbook-pro-2021-mass-production-reportedly-underway\" \/>\n<meta property=\"og:locale\" content=\"en_US\" \/>\n<meta property=\"og:type\" content=\"article\" \/>\n<meta property=\"og:title\" content=\"MacBook Pro 2021: Massenproduktion angeblich angelaufen\" \/>\n<meta property=\"og:description\" content=\"Die Apple-Zulieferer haben mit der Massenproduktion der kommenden, neu gestalteten 14- und 16-Zoll MacBook Pros begonnen.\" \/>\n<meta property=\"og:url\" content=\"https:\/\/www.apfelpatient.de\/en\/rumors\/macbook-pro-2021-mass-production-reportedly-underway\" \/>\n<meta property=\"og:site_name\" content=\"Apfelpatient\" \/>\n<meta property=\"article:publisher\" content=\"https:\/\/www.facebook.com\/apfelpatientOfficial\" \/>\n<meta property=\"article:author\" content=\"https:\/\/www.facebook.com\/apfelpatientOfficial\" \/>\n<meta property=\"article:published_time\" content=\"2021-08-09T13:29:16+00:00\" \/>\n<meta property=\"article:modified_time\" content=\"2021-08-09T13:29:17+00:00\" \/>\n<meta property=\"og:image\" content=\"https:\/\/www.apfelpatient.de\/wp-content\/uploads\/2021\/08\/38d1a1dd-3185-4f84-9ffc-ec99cebf917a_rw_3840.png\" \/>\n\t<meta property=\"og:image:width\" content=\"1600\" \/>\n\t<meta property=\"og:image:height\" content=\"907\" \/>\n\t<meta property=\"og:image:type\" content=\"image\/png\" \/>\n<meta name=\"author\" content=\"Milan\" \/>\n<meta name=\"twitter:card\" content=\"summary_large_image\" \/>\n<meta name=\"twitter:description\" content=\"Die Apple-Zulieferer haben mit der Massenproduktion der kommenden, neu gestalteten 14- und 16-Zoll MacBook Pros begonnen.\" \/>\n<meta name=\"twitter:label1\" content=\"Written by\" \/>\n\t<meta name=\"twitter:data1\" content=\"Milan\" \/>\n\t<meta name=\"twitter:label2\" content=\"Est. reading time\" \/>\n\t<meta name=\"twitter:data2\" content=\"1 minute\" \/>\n<script type=\"application\/ld+json\" class=\"yoast-schema-graph\">{\"@context\":\"https:\\\/\\\/schema.org\",\"@graph\":[{\"@type\":\"NewsArticle\",\"@id\":\"https:\\\/\\\/www.apfelpatient.de\\\/rumors\\\/macbook-pro-2021-massenproduktion-angeblich-angelaufen#article\",\"isPartOf\":{\"@id\":\"https:\\\/\\\/www.apfelpatient.de\\\/rumors\\\/macbook-pro-2021-massenproduktion-angeblich-angelaufen\"},\"author\":{\"@type\":\"Organization\",\"@id\":\"https:\\\/\\\/www.apfelpatient.de\\\/en\\\/#organization\",\"name\":\"Apfelpatient\",\"url\":\"https:\\\/\\\/www.apfelpatient.de\\\/en\\\/\"},\"headline\":\"MacBook Pro 2021: Massenproduktion angeblich angelaufen\",\"datePublished\":\"2021-08-09T13:29:16+00:00\",\"dateModified\":\"2021-08-09T13:29:17+00:00\",\"mainEntityOfPage\":{\"@id\":\"https:\\\/\\\/www.apfelpatient.de\\\/rumors\\\/macbook-pro-2021-massenproduktion-angeblich-angelaufen\"},\"wordCount\":202,\"publisher\":{\"@type\":\"Organization\",\"@id\":\"https:\\\/\\\/www.apfelpatient.de\\\/en\\\/#organization\",\"name\":\"Apfelpatient\",\"url\":\"https:\\\/\\\/www.apfelpatient.de\\\/en\\\/\"},\"image\":{\"@id\":\"https:\\\/\\\/www.apfelpatient.de\\\/rumors\\\/macbook-pro-2021-massenproduktion-angeblich-angelaufen#primaryimage\"},\"thumbnailUrl\":\"https:\\\/\\\/www.apfelpatient.de\\\/wp-content\\\/uploads\\\/2021\\\/08\\\/38d1a1dd-3185-4f84-9ffc-ec99cebf917a_rw_3840.png\",\"keywords\":[\"Mac\",\"MacBook Pro\"],\"articleSection\":\"Rumors\",\"inLanguage\":\"en-US\",\"copyrightYear\":\"2021\",\"copyrightHolder\":{\"@id\":\"https:\\\/\\\/www.apfelpatient.de\\\/en\\\/#organization\"}},{\"@type\":\"WebPage\",\"@id\":\"https:\\\/\\\/www.apfelpatient.de\\\/rumors\\\/macbook-pro-2021-massenproduktion-angeblich-angelaufen\",\"url\":\"https:\\\/\\\/www.apfelpatient.de\\\/rumors\\\/macbook-pro-2021-massenproduktion-angeblich-angelaufen\",\"name\":\"MacBook Pro 2021: Massenproduktion angeblich angelaufen Apfelpatient\",\"isPartOf\":{\"@id\":\"https:\\\/\\\/www.apfelpatient.de\\\/#website\"},\"primaryImageOfPage\":{\"@id\":\"https:\\\/\\\/www.apfelpatient.de\\\/rumors\\\/macbook-pro-2021-massenproduktion-angeblich-angelaufen#primaryimage\"},\"image\":{\"@id\":\"https:\\\/\\\/www.apfelpatient.de\\\/rumors\\\/macbook-pro-2021-massenproduktion-angeblich-angelaufen#primaryimage\"},\"thumbnailUrl\":\"https:\\\/\\\/www.apfelpatient.de\\\/wp-content\\\/uploads\\\/2021\\\/08\\\/38d1a1dd-3185-4f84-9ffc-ec99cebf917a_rw_3840.png\",\"datePublished\":\"2021-08-09T13:29:16+00:00\",\"dateModified\":\"2021-08-09T13:29:17+00:00\",\"description\":\"Die Apple-Zulieferer haben mit der Massenproduktion der kommenden, neu gestalteten 14- und 16-Zoll MacBook Pros begonnen.\",\"breadcrumb\":{\"@id\":\"https:\\\/\\\/www.apfelpatient.de\\\/rumors\\\/macbook-pro-2021-massenproduktion-angeblich-angelaufen#breadcrumb\"},\"inLanguage\":\"en-US\",\"potentialAction\":[{\"@type\":\"ReadAction\",\"target\":[\"https:\\\/\\\/www.apfelpatient.de\\\/rumors\\\/macbook-pro-2021-massenproduktion-angeblich-angelaufen\"]}]},{\"@type\":\"ImageObject\",\"inLanguage\":\"en-US\",\"@id\":\"https:\\\/\\\/www.apfelpatient.de\\\/rumors\\\/macbook-pro-2021-massenproduktion-angeblich-angelaufen#primaryimage\",\"url\":\"https:\\\/\\\/www.apfelpatient.de\\\/wp-content\\\/uploads\\\/2021\\\/08\\\/38d1a1dd-3185-4f84-9ffc-ec99cebf917a_rw_3840.png\",\"contentUrl\":\"https:\\\/\\\/www.apfelpatient.de\\\/wp-content\\\/uploads\\\/2021\\\/08\\\/38d1a1dd-3185-4f84-9ffc-ec99cebf917a_rw_3840.png\",\"width\":1600,\"height\":907,\"caption\":\"Bild: rendersbyian\"},{\"@type\":\"BreadcrumbList\",\"@id\":\"https:\\\/\\\/www.apfelpatient.de\\\/rumors\\\/macbook-pro-2021-massenproduktion-angeblich-angelaufen#breadcrumb\",\"itemListElement\":[{\"@type\":\"ListItem\",\"position\":1,\"name\":\"Startseite\",\"item\":\"https:\\\/\\\/www.apfelpatient.de\\\/\"},{\"@type\":\"ListItem\",\"position\":2,\"name\":\"MacBook Pro 2021: Massenproduktion angeblich angelaufen\"}]},{\"@type\":\"WebSite\",\"@id\":\"https:\\\/\\\/www.apfelpatient.de\\\/#website\",\"url\":\"https:\\\/\\\/www.apfelpatient.de\\\/\",\"name\":\"Apfelpatient\",\"description\":\"Alles rund um Apple!\",\"publisher\":{\"@type\":\"Organization\",\"@id\":\"https:\\\/\\\/www.apfelpatient.de\\\/en\\\/#organization\",\"name\":\"Apfelpatient\",\"url\":\"https:\\\/\\\/www.apfelpatient.de\\\/en\\\/\"},\"alternateName\":\"Apfelpatient\",\"potentialAction\":[{\"@type\":\"SearchAction\",\"target\":{\"@type\":\"EntryPoint\",\"urlTemplate\":\"https:\\\/\\\/www.apfelpatient.de\\\/?s={search_term_string}\"},\"query-input\":{\"@type\":\"PropertyValueSpecification\",\"valueRequired\":true,\"valueName\":\"search_term_string\"}}],\"inLanguage\":\"en-US\"},{\"@type\":[\"Person\",\"Organization\"],\"@id\":\"https:\\\/\\\/www.apfelpatient.de\\\/#\\\/schema\\\/person\\\/35b3ddba5832f2bfc7fff5206d4f6b7b\",\"name\":\"Milan\",\"logo\":{\"@id\":\"https:\\\/\\\/www.apfelpatient.de\\\/#\\\/schema\\\/person\\\/image\\\/\"},\"description\":\"Hallo und herzlich willkommen auf meinem Technik-Blog! Als gro\u00dfer Apple-Fan berichte ich hier \u00fcber alles, was mit Apple zu tun hat: von den neuesten News und spannenden Ger\u00fcchten \u00fcber hilfreiche Tipps und Tricks bis hin zu ausf\u00fchrlichen Produkttests. Wenn du genauso technikbegeistert bist wie ich, bist du hier genau richtig!\",\"sameAs\":[\"https:\\\/\\\/www.facebook.com\\\/apfelpatientOfficial\",\"https:\\\/\\\/www.linkedin.com\\\/in\\\/milan-jovicic-42aa0231b\"],\"url\":\"https:\\\/\\\/www.apfelpatient.de\\\/en\\\/author\\\/apfeladmin\"}]}<\/script>\n<!-- \/ Yoast SEO Premium plugin. -->","yoast_head_json":{"title":"MacBook Pro 2021: Mass production allegedly underway Apfelpatient","description":"Apple suppliers have started mass production of the upcoming redesigned 14- and 16-inch MacBook Pros.","robots":{"index":"index","follow":"follow","max-snippet":"max-snippet:-1","max-image-preview":"max-image-preview:large","max-video-preview":"max-video-preview:-1"},"canonical":"https:\/\/www.apfelpatient.de\/en\/rumors\/macbook-pro-2021-mass-production-reportedly-underway","og_locale":"en_US","og_type":"article","og_title":"MacBook Pro 2021: Massenproduktion angeblich angelaufen","og_description":"Die Apple-Zulieferer haben mit der Massenproduktion der kommenden, neu gestalteten 14- und 16-Zoll MacBook Pros begonnen.","og_url":"https:\/\/www.apfelpatient.de\/en\/rumors\/macbook-pro-2021-mass-production-reportedly-underway","og_site_name":"Apfelpatient","article_publisher":"https:\/\/www.facebook.com\/apfelpatientOfficial","article_author":"https:\/\/www.facebook.com\/apfelpatientOfficial","article_published_time":"2021-08-09T13:29:16+00:00","article_modified_time":"2021-08-09T13:29:17+00:00","og_image":[{"width":1600,"height":907,"url":"https:\/\/www.apfelpatient.de\/wp-content\/uploads\/2021\/08\/38d1a1dd-3185-4f84-9ffc-ec99cebf917a_rw_3840.png","type":"image\/png"}],"author":"Milan","twitter_card":"summary_large_image","twitter_description":"Die Apple-Zulieferer haben mit der Massenproduktion der kommenden, neu gestalteten 14- und 16-Zoll MacBook Pros begonnen.","twitter_misc":{"Written by":"Milan","Est. reading time":"1 minute"},"schema":{"@context":"https:\/\/schema.org","@graph":[{"@type":"NewsArticle","@id":"https:\/\/www.apfelpatient.de\/rumors\/macbook-pro-2021-massenproduktion-angeblich-angelaufen#article","isPartOf":{"@id":"https:\/\/www.apfelpatient.de\/rumors\/macbook-pro-2021-massenproduktion-angeblich-angelaufen"},"author":{"@type":"Organization","@id":"https:\/\/www.apfelpatient.de\/en\/#organization","name":"Apfelpatient","url":"https:\/\/www.apfelpatient.de\/en\/"},"headline":"MacBook Pro 2021: Massenproduktion angeblich angelaufen","datePublished":"2021-08-09T13:29:16+00:00","dateModified":"2021-08-09T13:29:17+00:00","mainEntityOfPage":{"@id":"https:\/\/www.apfelpatient.de\/rumors\/macbook-pro-2021-massenproduktion-angeblich-angelaufen"},"wordCount":202,"publisher":{"@type":"Organization","@id":"https:\/\/www.apfelpatient.de\/en\/#organization","name":"Apfelpatient","url":"https:\/\/www.apfelpatient.de\/en\/"},"image":{"@id":"https:\/\/www.apfelpatient.de\/rumors\/macbook-pro-2021-massenproduktion-angeblich-angelaufen#primaryimage"},"thumbnailUrl":"https:\/\/www.apfelpatient.de\/wp-content\/uploads\/2021\/08\/38d1a1dd-3185-4f84-9ffc-ec99cebf917a_rw_3840.png","keywords":["Mac","MacBook Pro"],"articleSection":"Rumors","inLanguage":"en-US","copyrightYear":"2021","copyrightHolder":{"@id":"https:\/\/www.apfelpatient.de\/en\/#organization"}},{"@type":"WebPage","@id":"https:\/\/www.apfelpatient.de\/rumors\/macbook-pro-2021-massenproduktion-angeblich-angelaufen","url":"https:\/\/www.apfelpatient.de\/rumors\/macbook-pro-2021-massenproduktion-angeblich-angelaufen","name":"MacBook Pro 2021: Mass production allegedly underway Apfelpatient","isPartOf":{"@id":"https:\/\/www.apfelpatient.de\/#website"},"primaryImageOfPage":{"@id":"https:\/\/www.apfelpatient.de\/rumors\/macbook-pro-2021-massenproduktion-angeblich-angelaufen#primaryimage"},"image":{"@id":"https:\/\/www.apfelpatient.de\/rumors\/macbook-pro-2021-massenproduktion-angeblich-angelaufen#primaryimage"},"thumbnailUrl":"https:\/\/www.apfelpatient.de\/wp-content\/uploads\/2021\/08\/38d1a1dd-3185-4f84-9ffc-ec99cebf917a_rw_3840.png","datePublished":"2021-08-09T13:29:16+00:00","dateModified":"2021-08-09T13:29:17+00:00","description":"Apple suppliers have started mass production of the upcoming redesigned 14- and 16-inch MacBook Pros.","breadcrumb":{"@id":"https:\/\/www.apfelpatient.de\/rumors\/macbook-pro-2021-massenproduktion-angeblich-angelaufen#breadcrumb"},"inLanguage":"en-US","potentialAction":[{"@type":"ReadAction","target":["https:\/\/www.apfelpatient.de\/rumors\/macbook-pro-2021-massenproduktion-angeblich-angelaufen"]}]},{"@type":"ImageObject","inLanguage":"en-US","@id":"https:\/\/www.apfelpatient.de\/rumors\/macbook-pro-2021-massenproduktion-angeblich-angelaufen#primaryimage","url":"https:\/\/www.apfelpatient.de\/wp-content\/uploads\/2021\/08\/38d1a1dd-3185-4f84-9ffc-ec99cebf917a_rw_3840.png","contentUrl":"https:\/\/www.apfelpatient.de\/wp-content\/uploads\/2021\/08\/38d1a1dd-3185-4f84-9ffc-ec99cebf917a_rw_3840.png","width":1600,"height":907,"caption":"Bild: rendersbyian"},{"@type":"BreadcrumbList","@id":"https:\/\/www.apfelpatient.de\/rumors\/macbook-pro-2021-massenproduktion-angeblich-angelaufen#breadcrumb","itemListElement":[{"@type":"ListItem","position":1,"name":"Startseite","item":"https:\/\/www.apfelpatient.de\/"},{"@type":"ListItem","position":2,"name":"MacBook Pro 2021: Massenproduktion angeblich angelaufen"}]},{"@type":"WebSite","@id":"https:\/\/www.apfelpatient.de\/#website","url":"https:\/\/www.apfelpatient.de\/","name":"apple patient","description":"Everything about Apple!","publisher":{"@type":"Organization","@id":"https:\/\/www.apfelpatient.de\/en\/#organization","name":"Apfelpatient","url":"https:\/\/www.apfelpatient.de\/en\/"},"alternateName":"Apfelpatient","potentialAction":[{"@type":"SearchAction","target":{"@type":"EntryPoint","urlTemplate":"https:\/\/www.apfelpatient.de\/?s={search_term_string}"},"query-input":{"@type":"PropertyValueSpecification","valueRequired":true,"valueName":"search_term_string"}}],"inLanguage":"en-US"},{"@type":["Person","Organization"],"@id":"https:\/\/www.apfelpatient.de\/#\/schema\/person\/35b3ddba5832f2bfc7fff5206d4f6b7b","name":"Milan","logo":{"@id":"https:\/\/www.apfelpatient.de\/#\/schema\/person\/image\/"},"description":"Hello and welcome to my technology blog! As a big Apple fan, I report on everything to do with Apple: from the latest news and exciting rumors to helpful tips and tricks and detailed product tests. If you are as enthusiastic about technology as I am, you have come to the right place!","sameAs":["https:\/\/www.facebook.com\/apfelpatientOfficial","https:\/\/www.linkedin.com\/in\/milan-jovicic-42aa0231b"],"url":"https:\/\/www.apfelpatient.de\/en\/author\/apfeladmin"}]}},"_links":{"self":[{"href":"https:\/\/www.apfelpatient.de\/en\/wp-json\/wp\/v2\/posts\/25209","targetHints":{"allow":["GET"]}}],"collection":[{"href":"https:\/\/www.apfelpatient.de\/en\/wp-json\/wp\/v2\/posts"}],"about":[{"href":"https:\/\/www.apfelpatient.de\/en\/wp-json\/wp\/v2\/types\/post"}],"author":[{"embeddable":true,"href":"https:\/\/www.apfelpatient.de\/en\/wp-json\/wp\/v2\/users\/2"}],"replies":[{"embeddable":true,"href":"https:\/\/www.apfelpatient.de\/en\/wp-json\/wp\/v2\/comments?post=25209"}],"version-history":[{"count":0,"href":"https:\/\/www.apfelpatient.de\/en\/wp-json\/wp\/v2\/posts\/25209\/revisions"}],"wp:featuredmedia":[{"embeddable":true,"href":"https:\/\/www.apfelpatient.de\/en\/wp-json\/wp\/v2\/media\/25208"}],"wp:attachment":[{"href":"https:\/\/www.apfelpatient.de\/en\/wp-json\/wp\/v2\/media?parent=25209"}],"wp:term":[{"taxonomy":"category","embeddable":true,"href":"https:\/\/www.apfelpatient.de\/en\/wp-json\/wp\/v2\/categories?post=25209"},{"taxonomy":"post_tag","embeddable":true,"href":"https:\/\/www.apfelpatient.de\/en\/wp-json\/wp\/v2\/tags?post=25209"}],"curies":[{"name":"wp","href":"https:\/\/api.w.org\/{rel}","templated":true}]}}