{"id":25162,"date":"2021-08-06T18:11:22","date_gmt":"2021-08-06T16:11:22","guid":{"rendered":"https:\/\/www.apfelpatient.de\/?p=25162"},"modified":"2021-08-06T18:11:23","modified_gmt":"2021-08-06T16:11:23","slug":"concerned-about-new-child-protection-features-internal-memo-surfaced","status":"publish","type":"post","link":"https:\/\/www.apfelpatient.de\/en\/news\/besorgt-ueber-neue-kinderschutzfunktionen-internes-memo-aufgetaucht","title":{"rendered":"Concerned about new parental controls: Internal memo surfaced"},"content":{"rendered":"<p class=\"has-drop-cap\"><strong>An internal memo at Apple reportedly addresses concerns about CSAM and photo scanning features and aims to maintain its commitment to user privacy while protecting children.<\/strong><\/p>\n\n\n\n<p>On Thursday, Apple announced that it will expand parental control features in iOS 15, iPadOS 15, macOS 12 Monterey, and watchOS 8. The new tools include a system that uses cryptographic techniques to detect collections of CSAM stored in iCloud Photos and share information with law enforcement.<\/p>\n\n\n\n<h3 class=\"wp-block-heading\" id=\"h-neue-kinderschutzfunktionen-apples-software-vp-wendet-sich-an-mitarbeiter\">New child protection features: Apple&#039;s Software VP addresses employees<\/h3>\n\n\n\n<p>The announcement has been met with much criticism from both customers and security experts \u2013 but there is also some support. But the prevailing concern is that the implementation could lead to monitoring of traffic sent and received by the phone at some point in the future. An internal memo obtained by 9to5Mac <a href=\"https:\/\/9to5mac.com\/2021\/08\/06\/apple-internal-memo-icloud-photo-scanning-concerns\/\" target=\"_blank\" rel=\"noreferrer noopener\">published<\/a> addresses these concerns to Apple employees. The memo is reportedly from Sebastien Marineau-Mes, a software VP at Apple, and reads as follows:<\/p>\n\n\n\n<blockquote class=\"wp-block-quote is-layout-flow wp-block-quote-is-layout-flow\"><p>Today is the official unveiling of enhanced protections for kids, and I wanted to take a moment to thank each and every one of you for your hard work over the past few years. We couldn&#039;t have reached this milestone without your tireless dedication and perseverance. Keeping kids safe is such an important mission. As is true to Apple, pursuing this goal has required a deep, cross-functional commitment spanning engineering, GA, HI, legal, product marketing, and PR. What we&#039;re announcing today is the product of this incredible collaboration, providing tools to protect kids while maintaining Apple&#039;s commitment to user privacy. We&#039;ve seen a lot of positive response today. We know some people have concerns, and quite a few are worried about the impact. But we&#039;ll continue to explain and break down the features so people understand what we&#039;ve built. While we have a lot of hard work ahead of us to ship the features over the next few months, I wanted to share this message we received from NCMEC today. I found it incredibly motivating and hope you do too.<\/p><\/blockquote>\n\n\n\n<h3 class=\"wp-block-heading\">NCMEC is proud of Apple&#039;s new initiative<\/h3>\n\n\n\n\n\n\n\n<p>The memo also included a message from Marita Rodrigues, executive director of strategic partnerships for the National Center for Missing and Exploited Children, which reads:<\/p>\n\n\n\n<blockquote class=\"wp-block-quote is-layout-flow wp-block-quote-is-layout-flow\"><p>I wanted to share a message of encouragement to say that everyone at NCMEC is so proud of each of you and the incredible decisions you have made in the name of child protection. It was invigorating for our entire team to see (and play a small part in) what you revealed today. I know it has been a long day and that many of you probably haven&#039;t slept in 24 hours. We know the days ahead will be filled with the screaming voices of the minority. Our voices will be louder. Our commitment to lifting up children who have lived through the most unimaginable abuse and victimization will be stronger. During these long days and sleepless nights, I hope you find comfort in knowing that because of you, many thousands of sexually exploited, victimized children will be rescued and given a chance at healing and the childhood they deserve. Thank you for finding a way to protect children while maintaining privacy.<\/p><\/blockquote>\n\n\n\n<p>So far, Apple has not commented publicly on the reactions. If you would like to find out more about the new child protection features, you can find further details below. (Image: Apple)<\/p>\n\n\n\n<ul class=\"wp-block-list\"><li><a href=\"https:\/\/www.apfelpatient.de\/en\/news\/icloud-photos-csam-check-can-be-deactivated\">iCloud Photos: CSAM check can be disabled<\/a><\/li><\/ul>\n\n\n\n<h6 class=\"wp-block-heading translation-block\" id=\"h-kennt-ihr-schon-unsere-amazon-storefront-dort-findet-ihr-eine-handverlesene-auswahl-von-diversen-produkten-f-r-euer-iphone-und-co-viel-spa-beim-st-bern\"><em>Have you already visited our Amazon Storefront? There you&#039;ll find a hand-picked selection of various products for your iPhone and other devices \u2013 <span class=\"has-inline-color has-vivid-red-color\"><a href=\"https:\/\/www.amazon.de\/shop\/apfelpatientofficial\" class=\"ek-link\" data-wpel-link=\"exclude\" rel=\"follow noopener\" target=\"_self\"><span style=\"text-decoration: underline\" class=\"ek-underline\">enjoy browsing<\/span><\/a> !<\/span><\/em><\/h6>\n\n\n\n<h6 class=\"wp-block-heading translation-block\" id=\"h-der-beitrag-enthalt-partnerlinks\">This post contains <a data-type=\"URL\" data-id=\"https:\/\/www.apfelpatient.de\/partnerprogramm\" href=\"https:\/\/www.apfelpatient.de\/en\/partner-program\" data-wpel-link=\"internal\" target=\"_self\">affiliate links<\/a>.<\/h6>","protected":false},"excerpt":{"rendered":"<p>Privacy: An internal memo at Apple reportedly addresses concerns about CSAM and photo scanning features.<\/p>","protected":false},"author":2,"featured_media":25144,"comment_status":"closed","ping_status":"closed","sticky":false,"template":"","format":"standard","meta":{"jnews-multi-image_gallery":[],"jnews_single_post":{"subtitle":"","format":"standard","video":"","gallery":"","source_name":"","source_url":"","via_name":"","via_url":"","override":[{"single_blog_custom":"","sidebar":"","second_sidebar":"","share_position":"","share_float_style":"","post_date_format":"","post_date_format_custom":"","post_reading_time_wpm":"","zoom_button_out_step":"1","zoom_button_in_step":"1","number_popup_post":"1"}],"image_override":[{"single_post_thumbnail_size":"","single_post_gallery_size":""}],"trending_post_position":"","trending_post_label":"","sponsored_post_label":"","sponsored_post_name":"","sponsored_post_url":"","sponsored_post_logo":"","sponsored_post_desc":""},"jnews_primary_category":{"id":"9"},"footnotes":""},"categories":[9],"tags":[34,3,360,33,573,4,638,21,620],"class_list":["post-25162","post","type-post","status-publish","format-standard","has-post-thumbnail","hentry","category-news","tag-apple-dienste","tag-ios","tag-ios-15","tag-ipados","tag-ipados-15","tag-macos","tag-macos-monterey","tag-watchos","tag-watchos-8"],"yoast_head":"<!-- This site is optimized with the Yoast SEO Premium plugin v27.5 (Yoast SEO v27.5) - https:\/\/yoast.com\/product\/yoast-seo-premium-wordpress\/ -->\n<title>Besorgt \u00fcber neue Kinderschutzfunktionen: Internes Memo aufgetaucht<\/title>\n<meta name=\"description\" content=\"Privatsph\u00e4re: Ein internes Memo bei Apple geht Berichten zufolge auf Bedenken bez\u00fcglich der CSAM- und Foto-Scan-Funktionen ein.\" \/>\n<meta name=\"robots\" content=\"index, follow, max-snippet:-1, max-image-preview:large, max-video-preview:-1\" \/>\n<link rel=\"canonical\" href=\"https:\/\/www.apfelpatient.de\/en\/news\/concerned-about-new-child-protection-features-internal-memo-surfaced\" \/>\n<meta property=\"og:locale\" content=\"en_US\" \/>\n<meta property=\"og:type\" content=\"article\" \/>\n<meta property=\"og:title\" content=\"Besorgt \u00fcber neue Kinderschutzfunktionen: Internes Memo aufgetaucht\" \/>\n<meta property=\"og:description\" content=\"Privatsph\u00e4re: Ein internes Memo bei Apple geht Berichten zufolge auf Bedenken bez\u00fcglich der CSAM- und Foto-Scan-Funktionen ein.\" \/>\n<meta property=\"og:url\" content=\"https:\/\/www.apfelpatient.de\/en\/news\/concerned-about-new-child-protection-features-internal-memo-surfaced\" \/>\n<meta property=\"og:site_name\" content=\"Apfelpatient\" \/>\n<meta property=\"article:publisher\" content=\"https:\/\/www.facebook.com\/apfelpatientOfficial\" \/>\n<meta property=\"article:author\" content=\"https:\/\/www.facebook.com\/apfelpatientOfficial\" \/>\n<meta property=\"article:published_time\" content=\"2021-08-06T16:11:22+00:00\" \/>\n<meta property=\"article:modified_time\" content=\"2021-08-06T16:11:23+00:00\" \/>\n<meta property=\"og:image\" content=\"https:\/\/www.apfelpatient.de\/wp-content\/uploads\/2021\/08\/Bildschirmfoto-2021-08-05-um-21.46.36.png\" \/>\n\t<meta property=\"og:image:width\" content=\"1600\" \/>\n\t<meta property=\"og:image:height\" content=\"867\" \/>\n\t<meta property=\"og:image:type\" content=\"image\/png\" \/>\n<meta name=\"author\" content=\"Milan\" \/>\n<meta name=\"twitter:card\" content=\"summary_large_image\" \/>\n<meta name=\"twitter:description\" content=\"Privatsph\u00e4re: Ein internes Memo bei Apple geht Berichten zufolge auf Bedenken bez\u00fcglich der CSAM- und Foto-Scan-Funktionen ein.\" \/>\n<meta name=\"twitter:label1\" content=\"Written by\" \/>\n\t<meta name=\"twitter:data1\" content=\"Milan\" \/>\n\t<meta name=\"twitter:label2\" content=\"Est. reading time\" \/>\n\t<meta name=\"twitter:data2\" content=\"3 minutes\" \/>\n<script type=\"application\/ld+json\" class=\"yoast-schema-graph\">{\"@context\":\"https:\\\/\\\/schema.org\",\"@graph\":[{\"@type\":\"NewsArticle\",\"@id\":\"https:\\\/\\\/www.apfelpatient.de\\\/news\\\/besorgt-ueber-neue-kinderschutzfunktionen-internes-memo-aufgetaucht#article\",\"isPartOf\":{\"@id\":\"https:\\\/\\\/www.apfelpatient.de\\\/news\\\/besorgt-ueber-neue-kinderschutzfunktionen-internes-memo-aufgetaucht\"},\"author\":{\"@type\":\"Organization\",\"@id\":\"https:\\\/\\\/www.apfelpatient.de\\\/en\\\/#organization\",\"name\":\"Apfelpatient\",\"url\":\"https:\\\/\\\/www.apfelpatient.de\\\/en\\\/\"},\"headline\":\"Besorgt \u00fcber neue Kinderschutzfunktionen: Internes Memo aufgetaucht\",\"datePublished\":\"2021-08-06T16:11:22+00:00\",\"dateModified\":\"2021-08-06T16:11:23+00:00\",\"mainEntityOfPage\":{\"@id\":\"https:\\\/\\\/www.apfelpatient.de\\\/news\\\/besorgt-ueber-neue-kinderschutzfunktionen-internes-memo-aufgetaucht\"},\"wordCount\":636,\"publisher\":{\"@type\":\"Organization\",\"@id\":\"https:\\\/\\\/www.apfelpatient.de\\\/en\\\/#organization\",\"name\":\"Apfelpatient\",\"url\":\"https:\\\/\\\/www.apfelpatient.de\\\/en\\\/\"},\"image\":{\"@id\":\"https:\\\/\\\/www.apfelpatient.de\\\/news\\\/besorgt-ueber-neue-kinderschutzfunktionen-internes-memo-aufgetaucht#primaryimage\"},\"thumbnailUrl\":\"https:\\\/\\\/www.apfelpatient.de\\\/wp-content\\\/uploads\\\/2021\\\/08\\\/Bildschirmfoto-2021-08-05-um-21.46.36.png\",\"keywords\":[\"Apple Dienste\",\"iOS\",\"iOS 15\",\"iPadOS\",\"iPadOS 15\",\"macOS\",\"macOS 12 Monterey\",\"watchOS\",\"watchOS 8\"],\"articleSection\":\"News\",\"inLanguage\":\"en-US\",\"copyrightYear\":\"2021\",\"copyrightHolder\":{\"@id\":\"https:\\\/\\\/www.apfelpatient.de\\\/en\\\/#organization\"}},{\"@type\":\"WebPage\",\"@id\":\"https:\\\/\\\/www.apfelpatient.de\\\/news\\\/besorgt-ueber-neue-kinderschutzfunktionen-internes-memo-aufgetaucht\",\"url\":\"https:\\\/\\\/www.apfelpatient.de\\\/news\\\/besorgt-ueber-neue-kinderschutzfunktionen-internes-memo-aufgetaucht\",\"name\":\"Besorgt \u00fcber neue Kinderschutzfunktionen: Internes Memo aufgetaucht\",\"isPartOf\":{\"@id\":\"https:\\\/\\\/www.apfelpatient.de\\\/#website\"},\"primaryImageOfPage\":{\"@id\":\"https:\\\/\\\/www.apfelpatient.de\\\/news\\\/besorgt-ueber-neue-kinderschutzfunktionen-internes-memo-aufgetaucht#primaryimage\"},\"image\":{\"@id\":\"https:\\\/\\\/www.apfelpatient.de\\\/news\\\/besorgt-ueber-neue-kinderschutzfunktionen-internes-memo-aufgetaucht#primaryimage\"},\"thumbnailUrl\":\"https:\\\/\\\/www.apfelpatient.de\\\/wp-content\\\/uploads\\\/2021\\\/08\\\/Bildschirmfoto-2021-08-05-um-21.46.36.png\",\"datePublished\":\"2021-08-06T16:11:22+00:00\",\"dateModified\":\"2021-08-06T16:11:23+00:00\",\"description\":\"Privatsph\u00e4re: Ein internes Memo bei Apple geht Berichten zufolge auf Bedenken bez\u00fcglich der CSAM- und Foto-Scan-Funktionen ein.\",\"breadcrumb\":{\"@id\":\"https:\\\/\\\/www.apfelpatient.de\\\/news\\\/besorgt-ueber-neue-kinderschutzfunktionen-internes-memo-aufgetaucht#breadcrumb\"},\"inLanguage\":\"en-US\",\"potentialAction\":[{\"@type\":\"ReadAction\",\"target\":[\"https:\\\/\\\/www.apfelpatient.de\\\/news\\\/besorgt-ueber-neue-kinderschutzfunktionen-internes-memo-aufgetaucht\"]}]},{\"@type\":\"ImageObject\",\"inLanguage\":\"en-US\",\"@id\":\"https:\\\/\\\/www.apfelpatient.de\\\/news\\\/besorgt-ueber-neue-kinderschutzfunktionen-internes-memo-aufgetaucht#primaryimage\",\"url\":\"https:\\\/\\\/www.apfelpatient.de\\\/wp-content\\\/uploads\\\/2021\\\/08\\\/Bildschirmfoto-2021-08-05-um-21.46.36.png\",\"contentUrl\":\"https:\\\/\\\/www.apfelpatient.de\\\/wp-content\\\/uploads\\\/2021\\\/08\\\/Bildschirmfoto-2021-08-05-um-21.46.36.png\",\"width\":1600,\"height\":867,\"caption\":\"Bild: Apple\"},{\"@type\":\"BreadcrumbList\",\"@id\":\"https:\\\/\\\/www.apfelpatient.de\\\/news\\\/besorgt-ueber-neue-kinderschutzfunktionen-internes-memo-aufgetaucht#breadcrumb\",\"itemListElement\":[{\"@type\":\"ListItem\",\"position\":1,\"name\":\"Startseite\",\"item\":\"https:\\\/\\\/www.apfelpatient.de\\\/\"},{\"@type\":\"ListItem\",\"position\":2,\"name\":\"Besorgt \u00fcber neue Kinderschutzfunktionen: Internes Memo aufgetaucht\"}]},{\"@type\":\"WebSite\",\"@id\":\"https:\\\/\\\/www.apfelpatient.de\\\/#website\",\"url\":\"https:\\\/\\\/www.apfelpatient.de\\\/\",\"name\":\"Apfelpatient\",\"description\":\"Alles rund um Apple!\",\"publisher\":{\"@type\":\"Organization\",\"@id\":\"https:\\\/\\\/www.apfelpatient.de\\\/en\\\/#organization\",\"name\":\"Apfelpatient\",\"url\":\"https:\\\/\\\/www.apfelpatient.de\\\/en\\\/\"},\"alternateName\":\"Apfelpatient\",\"potentialAction\":[{\"@type\":\"SearchAction\",\"target\":{\"@type\":\"EntryPoint\",\"urlTemplate\":\"https:\\\/\\\/www.apfelpatient.de\\\/?s={search_term_string}\"},\"query-input\":{\"@type\":\"PropertyValueSpecification\",\"valueRequired\":true,\"valueName\":\"search_term_string\"}}],\"inLanguage\":\"en-US\"},{\"@type\":[\"Person\",\"Organization\"],\"@id\":\"https:\\\/\\\/www.apfelpatient.de\\\/#\\\/schema\\\/person\\\/7dc56ad6c8e9824b76d2c08d4c140e13\",\"name\":\"Milan\",\"logo\":{\"@id\":\"https:\\\/\\\/www.apfelpatient.de\\\/#\\\/schema\\\/person\\\/image\\\/\"},\"description\":\"Hallo und herzlich willkommen auf meinem Technik-Blog! Als gro\u00dfer Apple-Fan berichte ich hier \u00fcber alles, was mit Apple zu tun hat: von den neuesten News und spannenden Ger\u00fcchten \u00fcber hilfreiche Tipps und Tricks bis hin zu ausf\u00fchrlichen Produkttests. Wenn du genauso technikbegeistert bist wie ich, bist du hier genau richtig!\",\"sameAs\":[\"https:\\\/\\\/www.facebook.com\\\/apfelpatientOfficial\",\"https:\\\/\\\/www.linkedin.com\\\/in\\\/milan-jovicic-42aa0231b\"],\"url\":\"https:\\\/\\\/www.apfelpatient.de\\\/en\\\/author\\\/apfeladmin\"}]}<\/script>\n<!-- \/ Yoast SEO Premium plugin. -->","yoast_head_json":{"title":"Concerned about new parental controls: Internal memo surfaced","description":"Privacy: An internal memo at Apple reportedly addresses concerns about CSAM and photo scanning features.","robots":{"index":"index","follow":"follow","max-snippet":"max-snippet:-1","max-image-preview":"max-image-preview:large","max-video-preview":"max-video-preview:-1"},"canonical":"https:\/\/www.apfelpatient.de\/en\/news\/concerned-about-new-child-protection-features-internal-memo-surfaced","og_locale":"en_US","og_type":"article","og_title":"Besorgt \u00fcber neue Kinderschutzfunktionen: Internes Memo aufgetaucht","og_description":"Privatsph\u00e4re: Ein internes Memo bei Apple geht Berichten zufolge auf Bedenken bez\u00fcglich der CSAM- und Foto-Scan-Funktionen ein.","og_url":"https:\/\/www.apfelpatient.de\/en\/news\/concerned-about-new-child-protection-features-internal-memo-surfaced","og_site_name":"Apfelpatient","article_publisher":"https:\/\/www.facebook.com\/apfelpatientOfficial","article_author":"https:\/\/www.facebook.com\/apfelpatientOfficial","article_published_time":"2021-08-06T16:11:22+00:00","article_modified_time":"2021-08-06T16:11:23+00:00","og_image":[{"width":1600,"height":867,"url":"https:\/\/www.apfelpatient.de\/wp-content\/uploads\/2021\/08\/Bildschirmfoto-2021-08-05-um-21.46.36.png","type":"image\/png"}],"author":"Milan","twitter_card":"summary_large_image","twitter_description":"Privatsph\u00e4re: Ein internes Memo bei Apple geht Berichten zufolge auf Bedenken bez\u00fcglich der CSAM- und Foto-Scan-Funktionen ein.","twitter_misc":{"Written by":"Milan","Est. reading time":"3 minutes"},"schema":{"@context":"https:\/\/schema.org","@graph":[{"@type":"NewsArticle","@id":"https:\/\/www.apfelpatient.de\/news\/besorgt-ueber-neue-kinderschutzfunktionen-internes-memo-aufgetaucht#article","isPartOf":{"@id":"https:\/\/www.apfelpatient.de\/news\/besorgt-ueber-neue-kinderschutzfunktionen-internes-memo-aufgetaucht"},"author":{"@type":"Organization","@id":"https:\/\/www.apfelpatient.de\/en\/#organization","name":"Apfelpatient","url":"https:\/\/www.apfelpatient.de\/en\/"},"headline":"Besorgt \u00fcber neue Kinderschutzfunktionen: Internes Memo aufgetaucht","datePublished":"2021-08-06T16:11:22+00:00","dateModified":"2021-08-06T16:11:23+00:00","mainEntityOfPage":{"@id":"https:\/\/www.apfelpatient.de\/news\/besorgt-ueber-neue-kinderschutzfunktionen-internes-memo-aufgetaucht"},"wordCount":636,"publisher":{"@type":"Organization","@id":"https:\/\/www.apfelpatient.de\/en\/#organization","name":"Apfelpatient","url":"https:\/\/www.apfelpatient.de\/en\/"},"image":{"@id":"https:\/\/www.apfelpatient.de\/news\/besorgt-ueber-neue-kinderschutzfunktionen-internes-memo-aufgetaucht#primaryimage"},"thumbnailUrl":"https:\/\/www.apfelpatient.de\/wp-content\/uploads\/2021\/08\/Bildschirmfoto-2021-08-05-um-21.46.36.png","keywords":["Apple Dienste","iOS","iOS 15","iPadOS","iPadOS 15","macOS","macOS 12 Monterey","watchOS","watchOS 8"],"articleSection":"News","inLanguage":"en-US","copyrightYear":"2021","copyrightHolder":{"@id":"https:\/\/www.apfelpatient.de\/en\/#organization"}},{"@type":"WebPage","@id":"https:\/\/www.apfelpatient.de\/news\/besorgt-ueber-neue-kinderschutzfunktionen-internes-memo-aufgetaucht","url":"https:\/\/www.apfelpatient.de\/news\/besorgt-ueber-neue-kinderschutzfunktionen-internes-memo-aufgetaucht","name":"Concerned about new parental controls: Internal memo surfaced","isPartOf":{"@id":"https:\/\/www.apfelpatient.de\/#website"},"primaryImageOfPage":{"@id":"https:\/\/www.apfelpatient.de\/news\/besorgt-ueber-neue-kinderschutzfunktionen-internes-memo-aufgetaucht#primaryimage"},"image":{"@id":"https:\/\/www.apfelpatient.de\/news\/besorgt-ueber-neue-kinderschutzfunktionen-internes-memo-aufgetaucht#primaryimage"},"thumbnailUrl":"https:\/\/www.apfelpatient.de\/wp-content\/uploads\/2021\/08\/Bildschirmfoto-2021-08-05-um-21.46.36.png","datePublished":"2021-08-06T16:11:22+00:00","dateModified":"2021-08-06T16:11:23+00:00","description":"Privacy: An internal memo at Apple reportedly addresses concerns about CSAM and photo scanning features.","breadcrumb":{"@id":"https:\/\/www.apfelpatient.de\/news\/besorgt-ueber-neue-kinderschutzfunktionen-internes-memo-aufgetaucht#breadcrumb"},"inLanguage":"en-US","potentialAction":[{"@type":"ReadAction","target":["https:\/\/www.apfelpatient.de\/news\/besorgt-ueber-neue-kinderschutzfunktionen-internes-memo-aufgetaucht"]}]},{"@type":"ImageObject","inLanguage":"en-US","@id":"https:\/\/www.apfelpatient.de\/news\/besorgt-ueber-neue-kinderschutzfunktionen-internes-memo-aufgetaucht#primaryimage","url":"https:\/\/www.apfelpatient.de\/wp-content\/uploads\/2021\/08\/Bildschirmfoto-2021-08-05-um-21.46.36.png","contentUrl":"https:\/\/www.apfelpatient.de\/wp-content\/uploads\/2021\/08\/Bildschirmfoto-2021-08-05-um-21.46.36.png","width":1600,"height":867,"caption":"Bild: Apple"},{"@type":"BreadcrumbList","@id":"https:\/\/www.apfelpatient.de\/news\/besorgt-ueber-neue-kinderschutzfunktionen-internes-memo-aufgetaucht#breadcrumb","itemListElement":[{"@type":"ListItem","position":1,"name":"Startseite","item":"https:\/\/www.apfelpatient.de\/"},{"@type":"ListItem","position":2,"name":"Besorgt \u00fcber neue Kinderschutzfunktionen: Internes Memo aufgetaucht"}]},{"@type":"WebSite","@id":"https:\/\/www.apfelpatient.de\/#website","url":"https:\/\/www.apfelpatient.de\/","name":"apple patient","description":"Everything about Apple!","publisher":{"@type":"Organization","@id":"https:\/\/www.apfelpatient.de\/en\/#organization","name":"Apfelpatient","url":"https:\/\/www.apfelpatient.de\/en\/"},"alternateName":"Apfelpatient","potentialAction":[{"@type":"SearchAction","target":{"@type":"EntryPoint","urlTemplate":"https:\/\/www.apfelpatient.de\/?s={search_term_string}"},"query-input":{"@type":"PropertyValueSpecification","valueRequired":true,"valueName":"search_term_string"}}],"inLanguage":"en-US"},{"@type":["Person","Organization"],"@id":"https:\/\/www.apfelpatient.de\/#\/schema\/person\/7dc56ad6c8e9824b76d2c08d4c140e13","name":"Milan","logo":{"@id":"https:\/\/www.apfelpatient.de\/#\/schema\/person\/image\/"},"description":"Hello and welcome to my technology blog! As a big Apple fan, I report on everything to do with Apple: from the latest news and exciting rumors to helpful tips and tricks and detailed product tests. If you are as enthusiastic about technology as I am, you have come to the right place!","sameAs":["https:\/\/www.facebook.com\/apfelpatientOfficial","https:\/\/www.linkedin.com\/in\/milan-jovicic-42aa0231b"],"url":"https:\/\/www.apfelpatient.de\/en\/author\/apfeladmin"}]}},"_links":{"self":[{"href":"https:\/\/www.apfelpatient.de\/en\/wp-json\/wp\/v2\/posts\/25162","targetHints":{"allow":["GET"]}}],"collection":[{"href":"https:\/\/www.apfelpatient.de\/en\/wp-json\/wp\/v2\/posts"}],"about":[{"href":"https:\/\/www.apfelpatient.de\/en\/wp-json\/wp\/v2\/types\/post"}],"author":[{"embeddable":true,"href":"https:\/\/www.apfelpatient.de\/en\/wp-json\/wp\/v2\/users\/2"}],"replies":[{"embeddable":true,"href":"https:\/\/www.apfelpatient.de\/en\/wp-json\/wp\/v2\/comments?post=25162"}],"version-history":[{"count":0,"href":"https:\/\/www.apfelpatient.de\/en\/wp-json\/wp\/v2\/posts\/25162\/revisions"}],"wp:featuredmedia":[{"embeddable":true,"href":"https:\/\/www.apfelpatient.de\/en\/wp-json\/wp\/v2\/media\/25144"}],"wp:attachment":[{"href":"https:\/\/www.apfelpatient.de\/en\/wp-json\/wp\/v2\/media?parent=25162"}],"wp:term":[{"taxonomy":"category","embeddable":true,"href":"https:\/\/www.apfelpatient.de\/en\/wp-json\/wp\/v2\/categories?post=25162"},{"taxonomy":"post_tag","embeddable":true,"href":"https:\/\/www.apfelpatient.de\/en\/wp-json\/wp\/v2\/tags?post=25162"}],"curies":[{"name":"wp","href":"https:\/\/api.w.org\/{rel}","templated":true}]}}