{"id":2514,"date":"2018-11-05T14:15:47","date_gmt":"2018-11-05T13:15:47","guid":{"rendered":"https:\/\/www.apfelpatient.de\/?p=2514"},"modified":"2018-11-05T14:15:47","modified_gmt":"2018-11-05T13:15:47","slug":"mac-mini-in-the-performance-test","status":"publish","type":"post","link":"https:\/\/www.apfelpatient.de\/en\/news\/mac-mini-im-performance-test","title":{"rendered":"Mac mini in the performance test"},"content":{"rendered":"<p><strong>The Mac mini was first introduced in 2005 and was last updated by Apple in 2014. After numerous rumors and leaks, it is less surprising that Apple has finally updated the device.<\/strong><\/p>\n\n<p>Not much has changed on the outside, but the professional device shines on the inside. Four processor cores are now standard. However, Apple offers the option of purchasing the device with six cores. The Mac mini can also be equipped with up to 64 GB of RAM.<\/p>\n<p>The CPU performance of the various versions is said to be impressive - even that of the entry-level model. In the benchmark test, the top model achieved 5500 to 5900 points in the single-core range and 23516 to 26619 points in the multi-core range. The entry-level version of the Mac mini also shone.<\/p>\n\n<p>The single-core test was completed with 4700 points. In the multi-core area, the small desktop Mac was able to score a whopping 14000 points.<\/p>\n<p>The basic model offers a 3.6 GHz quad-core i3 processor of the 8th generation, 8 GB RAM and 128 GB flash memory. The variant is priced at 899 euros. The Mac mini can also be pre-ordered now. Delivery starts on November 7th.<\/p>","protected":false},"excerpt":{"rendered":"<p>Der Mac mini wurde 2005 erstmals vorgestellt und zuletzt 2014 von Apple aktualisiert. Nach zahlreichen Ger\u00fcchten und Leaks ist es weniger \u00fcberraschend das Apple das Ger\u00e4t nun endlich aktualisiert hat. \u00c4u\u00dferlich hat sich wenig getan, daf\u00fcr gl\u00e4nzt das Profi-Ger\u00e4t im Inneren. Vier Prozessorkerne sind nun Standard. Apple bietet jedoch die M\u00f6glichkeit an, das Ger\u00e4t mit [&hellip;]<\/p>\n","protected":false},"author":2,"featured_media":2515,"comment_status":"open","ping_status":"open","sticky":false,"template":"","format":"standard","meta":{"jnews-multi-image_gallery":[],"jnews_single_post":[],"jnews_primary_category":[],"footnotes":""},"categories":[9],"tags":[181,40,73],"class_list":["post-2514","post","type-post","status-publish","format-standard","has-post-thumbnail","hentry","category-news","tag-benchmark","tag-mac","tag-mac-mini"],"yoast_head":"<!-- This site is optimized with the Yoast SEO Premium plugin v27.5 (Yoast SEO v27.5) - https:\/\/yoast.com\/product\/yoast-seo-premium-wordpress\/ -->\n<title>Mac mini im Performance Test Apfelpatient<\/title>\n<meta name=\"description\" content=\"Der Mac mini wurde 2005 erstmals vorgestellt und zuletzt 2014 von Apple aktualisiert. Nach zahlreichen Ger\u00fcchten und Leaks ist es weniger \u00fcberraschend das\" \/>\n<meta name=\"robots\" content=\"index, follow, max-snippet:-1, max-image-preview:large, max-video-preview:-1\" \/>\n<link rel=\"canonical\" href=\"https:\/\/www.apfelpatient.de\/en\/news\/mac-mini-in-the-performance-test\" \/>\n<meta property=\"og:locale\" content=\"en_US\" \/>\n<meta property=\"og:type\" content=\"article\" \/>\n<meta property=\"og:title\" content=\"Mac mini im Performance Test\" \/>\n<meta property=\"og:description\" content=\"Der Mac mini wurde 2005 erstmals vorgestellt und zuletzt 2014 von Apple aktualisiert. Nach zahlreichen Ger\u00fcchten und Leaks ist es weniger \u00fcberraschend das\" \/>\n<meta property=\"og:url\" content=\"https:\/\/www.apfelpatient.de\/en\/news\/mac-mini-in-the-performance-test\" \/>\n<meta property=\"og:site_name\" content=\"Apfelpatient\" \/>\n<meta property=\"article:publisher\" content=\"https:\/\/www.facebook.com\/apfelpatientOfficial\" \/>\n<meta property=\"article:author\" content=\"https:\/\/www.facebook.com\/apfelpatientOfficial\" \/>\n<meta property=\"article:published_time\" content=\"2018-11-05T13:15:47+00:00\" \/>\n<meta property=\"og:image\" content=\"https:\/\/www.apfelpatient.de\/wp-content\/uploads\/2018\/11\/Mac-Mini_interior-display_10302018.jpg\" \/>\n\t<meta property=\"og:image:width\" content=\"1142\" \/>\n\t<meta property=\"og:image:height\" content=\"1142\" \/>\n\t<meta property=\"og:image:type\" content=\"image\/jpeg\" \/>\n<meta name=\"author\" content=\"Milan\" \/>\n<meta name=\"twitter:card\" content=\"summary_large_image\" \/>\n<meta name=\"twitter:label1\" content=\"Written by\" \/>\n\t<meta name=\"twitter:data1\" content=\"Milan\" \/>\n\t<meta name=\"twitter:label2\" content=\"Est. reading time\" \/>\n\t<meta name=\"twitter:data2\" content=\"1 minute\" \/>\n<script type=\"application\/ld+json\" class=\"yoast-schema-graph\">{\"@context\":\"https:\\\/\\\/schema.org\",\"@graph\":[{\"@type\":\"NewsArticle\",\"@id\":\"https:\\\/\\\/www.apfelpatient.de\\\/news\\\/mac-mini-im-performance-test#article\",\"isPartOf\":{\"@id\":\"https:\\\/\\\/www.apfelpatient.de\\\/news\\\/mac-mini-im-performance-test\"},\"author\":{\"@type\":\"Organization\",\"@id\":\"https:\\\/\\\/www.apfelpatient.de\\\/en\\\/#organization\",\"name\":\"Apfelpatient\",\"url\":\"https:\\\/\\\/www.apfelpatient.de\\\/en\\\/\"},\"headline\":\"Mac mini im Performance Test\",\"datePublished\":\"2018-11-05T13:15:47+00:00\",\"mainEntityOfPage\":{\"@id\":\"https:\\\/\\\/www.apfelpatient.de\\\/news\\\/mac-mini-im-performance-test\"},\"wordCount\":178,\"commentCount\":0,\"publisher\":{\"@type\":\"Organization\",\"@id\":\"https:\\\/\\\/www.apfelpatient.de\\\/en\\\/#organization\",\"name\":\"Apfelpatient\",\"url\":\"https:\\\/\\\/www.apfelpatient.de\\\/en\\\/\"},\"image\":{\"@id\":\"https:\\\/\\\/www.apfelpatient.de\\\/news\\\/mac-mini-im-performance-test#primaryimage\"},\"thumbnailUrl\":\"https:\\\/\\\/www.apfelpatient.de\\\/wp-content\\\/uploads\\\/2018\\\/11\\\/Mac-Mini_interior-display_10302018.jpg\",\"keywords\":[\"Benchmark\",\"Mac\",\"Mac mini\"],\"articleSection\":\"News\",\"inLanguage\":\"en-US\",\"potentialAction\":[{\"@type\":\"CommentAction\",\"name\":\"Comment\",\"target\":[\"https:\\\/\\\/www.apfelpatient.de\\\/news\\\/mac-mini-im-performance-test#respond\"]}],\"copyrightYear\":\"2018\",\"copyrightHolder\":{\"@id\":\"https:\\\/\\\/www.apfelpatient.de\\\/en\\\/#organization\"}},{\"@type\":\"WebPage\",\"@id\":\"https:\\\/\\\/www.apfelpatient.de\\\/news\\\/mac-mini-im-performance-test\",\"url\":\"https:\\\/\\\/www.apfelpatient.de\\\/news\\\/mac-mini-im-performance-test\",\"name\":\"Mac mini im Performance Test Apfelpatient\",\"isPartOf\":{\"@id\":\"https:\\\/\\\/www.apfelpatient.de\\\/#website\"},\"primaryImageOfPage\":{\"@id\":\"https:\\\/\\\/www.apfelpatient.de\\\/news\\\/mac-mini-im-performance-test#primaryimage\"},\"image\":{\"@id\":\"https:\\\/\\\/www.apfelpatient.de\\\/news\\\/mac-mini-im-performance-test#primaryimage\"},\"thumbnailUrl\":\"https:\\\/\\\/www.apfelpatient.de\\\/wp-content\\\/uploads\\\/2018\\\/11\\\/Mac-Mini_interior-display_10302018.jpg\",\"datePublished\":\"2018-11-05T13:15:47+00:00\",\"description\":\"Der Mac mini wurde 2005 erstmals vorgestellt und zuletzt 2014 von Apple aktualisiert. Nach zahlreichen Ger\u00fcchten und Leaks ist es weniger \u00fcberraschend das\",\"breadcrumb\":{\"@id\":\"https:\\\/\\\/www.apfelpatient.de\\\/news\\\/mac-mini-im-performance-test#breadcrumb\"},\"inLanguage\":\"en-US\",\"potentialAction\":[{\"@type\":\"ReadAction\",\"target\":[\"https:\\\/\\\/www.apfelpatient.de\\\/news\\\/mac-mini-im-performance-test\"]}]},{\"@type\":\"ImageObject\",\"inLanguage\":\"en-US\",\"@id\":\"https:\\\/\\\/www.apfelpatient.de\\\/news\\\/mac-mini-im-performance-test#primaryimage\",\"url\":\"https:\\\/\\\/www.apfelpatient.de\\\/wp-content\\\/uploads\\\/2018\\\/11\\\/Mac-Mini_interior-display_10302018.jpg\",\"contentUrl\":\"https:\\\/\\\/www.apfelpatient.de\\\/wp-content\\\/uploads\\\/2018\\\/11\\\/Mac-Mini_interior-display_10302018.jpg\",\"width\":1142,\"height\":1142,\"caption\":\"Bild: Apple\"},{\"@type\":\"BreadcrumbList\",\"@id\":\"https:\\\/\\\/www.apfelpatient.de\\\/news\\\/mac-mini-im-performance-test#breadcrumb\",\"itemListElement\":[{\"@type\":\"ListItem\",\"position\":1,\"name\":\"Startseite\",\"item\":\"https:\\\/\\\/www.apfelpatient.de\\\/\"},{\"@type\":\"ListItem\",\"position\":2,\"name\":\"Mac mini im Performance Test\"}]},{\"@type\":\"WebSite\",\"@id\":\"https:\\\/\\\/www.apfelpatient.de\\\/#website\",\"url\":\"https:\\\/\\\/www.apfelpatient.de\\\/\",\"name\":\"Apfelpatient\",\"description\":\"Alles rund um Apple!\",\"publisher\":{\"@type\":\"Organization\",\"@id\":\"https:\\\/\\\/www.apfelpatient.de\\\/en\\\/#organization\",\"name\":\"Apfelpatient\",\"url\":\"https:\\\/\\\/www.apfelpatient.de\\\/en\\\/\"},\"alternateName\":\"Apfelpatient\",\"potentialAction\":[{\"@type\":\"SearchAction\",\"target\":{\"@type\":\"EntryPoint\",\"urlTemplate\":\"https:\\\/\\\/www.apfelpatient.de\\\/?s={search_term_string}\"},\"query-input\":{\"@type\":\"PropertyValueSpecification\",\"valueRequired\":true,\"valueName\":\"search_term_string\"}}],\"inLanguage\":\"en-US\"},{\"@type\":[\"Person\",\"Organization\"],\"@id\":\"https:\\\/\\\/www.apfelpatient.de\\\/#\\\/schema\\\/person\\\/7dc56ad6c8e9824b76d2c08d4c140e13\",\"name\":\"Milan\",\"logo\":{\"@id\":\"https:\\\/\\\/www.apfelpatient.de\\\/#\\\/schema\\\/person\\\/image\\\/\"},\"description\":\"Hallo und herzlich willkommen auf meinem Technik-Blog! Als gro\u00dfer Apple-Fan berichte ich hier \u00fcber alles, was mit Apple zu tun hat: von den neuesten News und spannenden Ger\u00fcchten \u00fcber hilfreiche Tipps und Tricks bis hin zu ausf\u00fchrlichen Produkttests. Wenn du genauso technikbegeistert bist wie ich, bist du hier genau richtig!\",\"sameAs\":[\"https:\\\/\\\/www.facebook.com\\\/apfelpatientOfficial\",\"https:\\\/\\\/www.linkedin.com\\\/in\\\/milan-jovicic-42aa0231b\"],\"url\":\"https:\\\/\\\/www.apfelpatient.de\\\/en\\\/author\\\/apfeladmin\"}]}<\/script>\n<!-- \/ Yoast SEO Premium plugin. -->","yoast_head_json":{"title":"Mac mini in the performance test Apfelpatient","description":"The Mac mini was first introduced in 2005 and last updated by Apple in 2014. After numerous rumors and leaks, it is less surprising that","robots":{"index":"index","follow":"follow","max-snippet":"max-snippet:-1","max-image-preview":"max-image-preview:large","max-video-preview":"max-video-preview:-1"},"canonical":"https:\/\/www.apfelpatient.de\/en\/news\/mac-mini-in-the-performance-test","og_locale":"en_US","og_type":"article","og_title":"Mac mini im Performance Test","og_description":"Der Mac mini wurde 2005 erstmals vorgestellt und zuletzt 2014 von Apple aktualisiert. Nach zahlreichen Ger\u00fcchten und Leaks ist es weniger \u00fcberraschend das","og_url":"https:\/\/www.apfelpatient.de\/en\/news\/mac-mini-in-the-performance-test","og_site_name":"Apfelpatient","article_publisher":"https:\/\/www.facebook.com\/apfelpatientOfficial","article_author":"https:\/\/www.facebook.com\/apfelpatientOfficial","article_published_time":"2018-11-05T13:15:47+00:00","og_image":[{"width":1142,"height":1142,"url":"https:\/\/www.apfelpatient.de\/wp-content\/uploads\/2018\/11\/Mac-Mini_interior-display_10302018.jpg","type":"image\/jpeg"}],"author":"Milan","twitter_card":"summary_large_image","twitter_misc":{"Written by":"Milan","Est. reading time":"1 minute"},"schema":{"@context":"https:\/\/schema.org","@graph":[{"@type":"NewsArticle","@id":"https:\/\/www.apfelpatient.de\/news\/mac-mini-im-performance-test#article","isPartOf":{"@id":"https:\/\/www.apfelpatient.de\/news\/mac-mini-im-performance-test"},"author":{"@type":"Organization","@id":"https:\/\/www.apfelpatient.de\/en\/#organization","name":"Apfelpatient","url":"https:\/\/www.apfelpatient.de\/en\/"},"headline":"Mac mini im Performance Test","datePublished":"2018-11-05T13:15:47+00:00","mainEntityOfPage":{"@id":"https:\/\/www.apfelpatient.de\/news\/mac-mini-im-performance-test"},"wordCount":178,"commentCount":0,"publisher":{"@type":"Organization","@id":"https:\/\/www.apfelpatient.de\/en\/#organization","name":"Apfelpatient","url":"https:\/\/www.apfelpatient.de\/en\/"},"image":{"@id":"https:\/\/www.apfelpatient.de\/news\/mac-mini-im-performance-test#primaryimage"},"thumbnailUrl":"https:\/\/www.apfelpatient.de\/wp-content\/uploads\/2018\/11\/Mac-Mini_interior-display_10302018.jpg","keywords":["Benchmark","Mac","Mac mini"],"articleSection":"News","inLanguage":"en-US","potentialAction":[{"@type":"CommentAction","name":"Comment","target":["https:\/\/www.apfelpatient.de\/news\/mac-mini-im-performance-test#respond"]}],"copyrightYear":"2018","copyrightHolder":{"@id":"https:\/\/www.apfelpatient.de\/en\/#organization"}},{"@type":"WebPage","@id":"https:\/\/www.apfelpatient.de\/news\/mac-mini-im-performance-test","url":"https:\/\/www.apfelpatient.de\/news\/mac-mini-im-performance-test","name":"Mac mini in the performance test Apfelpatient","isPartOf":{"@id":"https:\/\/www.apfelpatient.de\/#website"},"primaryImageOfPage":{"@id":"https:\/\/www.apfelpatient.de\/news\/mac-mini-im-performance-test#primaryimage"},"image":{"@id":"https:\/\/www.apfelpatient.de\/news\/mac-mini-im-performance-test#primaryimage"},"thumbnailUrl":"https:\/\/www.apfelpatient.de\/wp-content\/uploads\/2018\/11\/Mac-Mini_interior-display_10302018.jpg","datePublished":"2018-11-05T13:15:47+00:00","description":"The Mac mini was first introduced in 2005 and last updated by Apple in 2014. After numerous rumors and leaks, it is less surprising that","breadcrumb":{"@id":"https:\/\/www.apfelpatient.de\/news\/mac-mini-im-performance-test#breadcrumb"},"inLanguage":"en-US","potentialAction":[{"@type":"ReadAction","target":["https:\/\/www.apfelpatient.de\/news\/mac-mini-im-performance-test"]}]},{"@type":"ImageObject","inLanguage":"en-US","@id":"https:\/\/www.apfelpatient.de\/news\/mac-mini-im-performance-test#primaryimage","url":"https:\/\/www.apfelpatient.de\/wp-content\/uploads\/2018\/11\/Mac-Mini_interior-display_10302018.jpg","contentUrl":"https:\/\/www.apfelpatient.de\/wp-content\/uploads\/2018\/11\/Mac-Mini_interior-display_10302018.jpg","width":1142,"height":1142,"caption":"Bild: Apple"},{"@type":"BreadcrumbList","@id":"https:\/\/www.apfelpatient.de\/news\/mac-mini-im-performance-test#breadcrumb","itemListElement":[{"@type":"ListItem","position":1,"name":"Startseite","item":"https:\/\/www.apfelpatient.de\/"},{"@type":"ListItem","position":2,"name":"Mac mini im Performance Test"}]},{"@type":"WebSite","@id":"https:\/\/www.apfelpatient.de\/#website","url":"https:\/\/www.apfelpatient.de\/","name":"apple patient","description":"Everything about Apple!","publisher":{"@type":"Organization","@id":"https:\/\/www.apfelpatient.de\/en\/#organization","name":"Apfelpatient","url":"https:\/\/www.apfelpatient.de\/en\/"},"alternateName":"Apfelpatient","potentialAction":[{"@type":"SearchAction","target":{"@type":"EntryPoint","urlTemplate":"https:\/\/www.apfelpatient.de\/?s={search_term_string}"},"query-input":{"@type":"PropertyValueSpecification","valueRequired":true,"valueName":"search_term_string"}}],"inLanguage":"en-US"},{"@type":["Person","Organization"],"@id":"https:\/\/www.apfelpatient.de\/#\/schema\/person\/7dc56ad6c8e9824b76d2c08d4c140e13","name":"Milan","logo":{"@id":"https:\/\/www.apfelpatient.de\/#\/schema\/person\/image\/"},"description":"Hello and welcome to my technology blog! As a big Apple fan, I report on everything to do with Apple: from the latest news and exciting rumors to helpful tips and tricks and detailed product tests. If you are as enthusiastic about technology as I am, you have come to the right place!","sameAs":["https:\/\/www.facebook.com\/apfelpatientOfficial","https:\/\/www.linkedin.com\/in\/milan-jovicic-42aa0231b"],"url":"https:\/\/www.apfelpatient.de\/en\/author\/apfeladmin"}]}},"_links":{"self":[{"href":"https:\/\/www.apfelpatient.de\/en\/wp-json\/wp\/v2\/posts\/2514","targetHints":{"allow":["GET"]}}],"collection":[{"href":"https:\/\/www.apfelpatient.de\/en\/wp-json\/wp\/v2\/posts"}],"about":[{"href":"https:\/\/www.apfelpatient.de\/en\/wp-json\/wp\/v2\/types\/post"}],"author":[{"embeddable":true,"href":"https:\/\/www.apfelpatient.de\/en\/wp-json\/wp\/v2\/users\/2"}],"replies":[{"embeddable":true,"href":"https:\/\/www.apfelpatient.de\/en\/wp-json\/wp\/v2\/comments?post=2514"}],"version-history":[{"count":0,"href":"https:\/\/www.apfelpatient.de\/en\/wp-json\/wp\/v2\/posts\/2514\/revisions"}],"wp:featuredmedia":[{"embeddable":true,"href":"https:\/\/www.apfelpatient.de\/en\/wp-json\/wp\/v2\/media\/2515"}],"wp:attachment":[{"href":"https:\/\/www.apfelpatient.de\/en\/wp-json\/wp\/v2\/media?parent=2514"}],"wp:term":[{"taxonomy":"category","embeddable":true,"href":"https:\/\/www.apfelpatient.de\/en\/wp-json\/wp\/v2\/categories?post=2514"},{"taxonomy":"post_tag","embeddable":true,"href":"https:\/\/www.apfelpatient.de\/en\/wp-json\/wp\/v2\/tags?post=2514"}],"curies":[{"name":"wp","href":"https:\/\/api.w.org\/{rel}","templated":true}]}}