{"id":25073,"date":"2021-08-03T15:08:35","date_gmt":"2021-08-03T13:08:35","guid":{"rendered":"https:\/\/www.apfelpatient.de\/?p=25073"},"modified":"2021-08-03T15:08:36","modified_gmt":"2021-08-03T13:08:36","slug":"is-the-display-too-small-apple-launches-new-ipad-mini-survey","status":"publish","type":"post","link":"https:\/\/www.apfelpatient.de\/en\/news\/ist-das-display-zu-klein-apple-startet-neue-ipad-mini-umfrage","title":{"rendered":"Is the display too small? Apple launches new iPad mini survey"},"content":{"rendered":"<p class=\"has-drop-cap\"><strong>Apple has launched a new survey aimed at iPad mini 4 users. It covers, among other things, the display size and other questions about tablet usage habits.<\/strong><\/p>\n\n\n\n<p>Apple is believed to be launching the iPad mini 6 this fall. The device is expected to feature a brand new design, more power and a larger display. Now a new survey has emerged suggesting that Apple is seeking even more input on the future development of the range. Apple&#039;s survey, conducted by IT Home <a href=\"https:\/\/www.ithome.com\/0\/566\/884.htm\" target=\"_blank\" rel=\"noreferrer noopener\">discovered<\/a> surveyed Chinese iPad mini 4 users about the device. While the current iPad mini 5 has the same design and display as the iPad mini 4, the survey still focuses on the previous model.<\/p>\n\n\n\n<h3 class=\"wp-block-heading\" id=\"h-apples-umfrage-richtet-sich-nur-an-ipad-mini-4-besitzer\">Apple&#039;s survey is only aimed at iPad mini 4 owners<\/h3>\n\n\n\n\n\n\n\n<p>One question asks whether the iPad mini 4&#039;s display is the right size for the user, with responses ranging from &quot;a little too small&quot; to &quot;a little too big.&quot; The survey also covers usage habits, asking users what apps they use on their iPad in portrait or landscape mode. Details about the accessories used by iPad mini owners are also sought, including whether they use keyboards, headphones, speakers, cases, and other items. Of course, Apple also wants to know if those users use other third-party hardware. Given the lead times for design and production, the results of this survey are unlikely to affect Apple&#039;s product launches in 2021 or early 2022 - but it&#039;s interesting nonetheless. (Photo by Unsplash \/ Maarten van den Heuvel)<\/p>\n\n\n\n<ul class=\"wp-block-list\"><li><a href=\"https:\/\/www.apfelpatient.de\/en\/rumors\/new-rumors-about-ipad-air-5-ipad-mini-6-ipad-9\">New rumors about iPad Air 5, iPad mini 6 &amp; iPad 9<\/a><\/li><\/ul>\n\n\n\n<h6 class=\"wp-block-heading translation-block\" id=\"h-kennt-ihr-schon-unsere-amazon-storefront-dort-findet-ihr-eine-handverlesene-auswahl-von-diversen-produkten-f-r-euer-iphone-und-co-viel-spa-beim-st-bern\"><em>Have you already visited our Amazon Storefront? There you&#039;ll find a hand-picked selection of various products for your iPhone and other devices \u2013 <span class=\"has-inline-color has-vivid-red-color\"><a href=\"https:\/\/www.amazon.de\/shop\/apfelpatientofficial\" class=\"ek-link\" data-wpel-link=\"exclude\" rel=\"follow noopener\" target=\"_self\"><span style=\"text-decoration: underline\" class=\"ek-underline\">enjoy browsing<\/span><\/a> !<\/span><\/em><\/h6>\n\n\n\n<h6 class=\"wp-block-heading translation-block\" id=\"h-der-beitrag-enthalt-partnerlinks\">This post contains <a data-type=\"URL\" data-id=\"https:\/\/www.apfelpatient.de\/partnerprogramm\" href=\"https:\/\/www.apfelpatient.de\/en\/partner-program\" data-wpel-link=\"internal\" target=\"_self\">affiliate links<\/a>.<\/h6>","protected":false},"excerpt":{"rendered":"<p>Display size and tablet usage habits: Apple has launched a new survey aimed at iPad mini 4 users.<\/p>","protected":false},"author":2,"featured_media":25071,"comment_status":"closed","ping_status":"closed","sticky":false,"template":"","format":"standard","meta":{"jnews-multi-image_gallery":[],"jnews_single_post":{"subtitle":"","format":"standard","video":"","gallery":"","source_name":"","source_url":"","via_name":"","via_url":"","override":[{"single_blog_custom":"","sidebar":"","second_sidebar":"","share_position":"","share_float_style":"","post_date_format":"","post_date_format_custom":"","post_reading_time_wpm":"","zoom_button_out_step":"1","zoom_button_in_step":"1","number_popup_post":"1"}],"image_override":[{"single_post_thumbnail_size":"","single_post_gallery_size":""}],"trending_post_position":"","trending_post_label":"","sponsored_post_label":"","sponsored_post_name":"","sponsored_post_url":"","sponsored_post_logo":"","sponsored_post_desc":""},"jnews_primary_category":{"id":"9"},"footnotes":""},"categories":[9],"tags":[18],"class_list":["post-25073","post","type-post","status-publish","format-standard","has-post-thumbnail","hentry","category-news","tag-ipad"],"yoast_head":"<!-- This site is optimized with the Yoast SEO Premium plugin v27.5 (Yoast SEO v27.5) - https:\/\/yoast.com\/product\/yoast-seo-premium-wordpress\/ -->\n<title>Ist das Display zu klein? Apple startet neue iPad mini Umfrage<\/title>\n<meta name=\"description\" content=\"Display-Gr\u00f6\u00dfe und Tablet-Nutzungsgewohnheiten: Apple hat eine neue Umfrage gestartet, die sich an Nutzer eines iPad mini 4 richten.\" \/>\n<meta name=\"robots\" content=\"index, follow, max-snippet:-1, max-image-preview:large, max-video-preview:-1\" \/>\n<link rel=\"canonical\" href=\"https:\/\/www.apfelpatient.de\/en\/news\/is-the-display-too-small-apple-launches-new-ipad-mini-survey\" \/>\n<meta property=\"og:locale\" content=\"en_US\" \/>\n<meta property=\"og:type\" content=\"article\" \/>\n<meta property=\"og:title\" content=\"Ist das Display zu klein? Apple startet neue iPad mini Umfrage\" \/>\n<meta property=\"og:description\" content=\"Display-Gr\u00f6\u00dfe und Tablet-Nutzungsgewohnheiten: Apple hat eine neue Umfrage gestartet, die sich an Nutzer eines iPad mini 4 richten.\" \/>\n<meta property=\"og:url\" content=\"https:\/\/www.apfelpatient.de\/en\/news\/is-the-display-too-small-apple-launches-new-ipad-mini-survey\" \/>\n<meta property=\"og:site_name\" content=\"Apfelpatient\" \/>\n<meta property=\"article:publisher\" content=\"https:\/\/www.facebook.com\/apfelpatientOfficial\" \/>\n<meta property=\"article:author\" content=\"https:\/\/www.facebook.com\/apfelpatientOfficial\" \/>\n<meta property=\"article:published_time\" content=\"2021-08-03T13:08:35+00:00\" \/>\n<meta property=\"article:modified_time\" content=\"2021-08-03T13:08:36+00:00\" \/>\n<meta property=\"og:image\" content=\"https:\/\/www.apfelpatient.de\/wp-content\/uploads\/2021\/08\/maarten-van-den-heuvel-1t-sb-SgAxs-unsplash.jpg\" \/>\n\t<meta property=\"og:image:width\" content=\"1600\" \/>\n\t<meta property=\"og:image:height\" content=\"1067\" \/>\n\t<meta property=\"og:image:type\" content=\"image\/jpeg\" \/>\n<meta name=\"author\" content=\"Milan\" \/>\n<meta name=\"twitter:card\" content=\"summary_large_image\" \/>\n<meta name=\"twitter:description\" content=\"Display-Gr\u00f6\u00dfe und Tablet-Nutzungsgewohnheiten: Apple hat eine neue Umfrage gestartet, die sich an Nutzer eines iPad mini 4 richten.\" \/>\n<meta name=\"twitter:label1\" content=\"Written by\" \/>\n\t<meta name=\"twitter:data1\" content=\"Milan\" \/>\n\t<meta name=\"twitter:label2\" content=\"Est. reading time\" \/>\n\t<meta name=\"twitter:data2\" content=\"2 minutes\" \/>\n<script type=\"application\/ld+json\" class=\"yoast-schema-graph\">{\"@context\":\"https:\\\/\\\/schema.org\",\"@graph\":[{\"@type\":\"NewsArticle\",\"@id\":\"https:\\\/\\\/www.apfelpatient.de\\\/news\\\/ist-das-display-zu-klein-apple-startet-neue-ipad-mini-umfrage#article\",\"isPartOf\":{\"@id\":\"https:\\\/\\\/www.apfelpatient.de\\\/news\\\/ist-das-display-zu-klein-apple-startet-neue-ipad-mini-umfrage\"},\"author\":{\"@type\":\"Organization\",\"@id\":\"https:\\\/\\\/www.apfelpatient.de\\\/en\\\/#organization\",\"name\":\"Apfelpatient\",\"url\":\"https:\\\/\\\/www.apfelpatient.de\\\/en\\\/\"},\"headline\":\"Ist das Display zu klein? Apple startet neue iPad mini Umfrage\",\"datePublished\":\"2021-08-03T13:08:35+00:00\",\"dateModified\":\"2021-08-03T13:08:36+00:00\",\"mainEntityOfPage\":{\"@id\":\"https:\\\/\\\/www.apfelpatient.de\\\/news\\\/ist-das-display-zu-klein-apple-startet-neue-ipad-mini-umfrage\"},\"wordCount\":293,\"publisher\":{\"@type\":\"Organization\",\"@id\":\"https:\\\/\\\/www.apfelpatient.de\\\/en\\\/#organization\",\"name\":\"Apfelpatient\",\"url\":\"https:\\\/\\\/www.apfelpatient.de\\\/en\\\/\"},\"image\":{\"@id\":\"https:\\\/\\\/www.apfelpatient.de\\\/news\\\/ist-das-display-zu-klein-apple-startet-neue-ipad-mini-umfrage#primaryimage\"},\"thumbnailUrl\":\"https:\\\/\\\/www.apfelpatient.de\\\/wp-content\\\/uploads\\\/2021\\\/08\\\/maarten-van-den-heuvel-1t-sb-SgAxs-unsplash.jpg\",\"keywords\":[\"iPad\"],\"articleSection\":\"News\",\"inLanguage\":\"en-US\",\"copyrightYear\":\"2021\",\"copyrightHolder\":{\"@id\":\"https:\\\/\\\/www.apfelpatient.de\\\/en\\\/#organization\"}},{\"@type\":\"WebPage\",\"@id\":\"https:\\\/\\\/www.apfelpatient.de\\\/news\\\/ist-das-display-zu-klein-apple-startet-neue-ipad-mini-umfrage\",\"url\":\"https:\\\/\\\/www.apfelpatient.de\\\/news\\\/ist-das-display-zu-klein-apple-startet-neue-ipad-mini-umfrage\",\"name\":\"Ist das Display zu klein? Apple startet neue iPad mini Umfrage\",\"isPartOf\":{\"@id\":\"https:\\\/\\\/www.apfelpatient.de\\\/#website\"},\"primaryImageOfPage\":{\"@id\":\"https:\\\/\\\/www.apfelpatient.de\\\/news\\\/ist-das-display-zu-klein-apple-startet-neue-ipad-mini-umfrage#primaryimage\"},\"image\":{\"@id\":\"https:\\\/\\\/www.apfelpatient.de\\\/news\\\/ist-das-display-zu-klein-apple-startet-neue-ipad-mini-umfrage#primaryimage\"},\"thumbnailUrl\":\"https:\\\/\\\/www.apfelpatient.de\\\/wp-content\\\/uploads\\\/2021\\\/08\\\/maarten-van-den-heuvel-1t-sb-SgAxs-unsplash.jpg\",\"datePublished\":\"2021-08-03T13:08:35+00:00\",\"dateModified\":\"2021-08-03T13:08:36+00:00\",\"description\":\"Display-Gr\u00f6\u00dfe und Tablet-Nutzungsgewohnheiten: Apple hat eine neue Umfrage gestartet, die sich an Nutzer eines iPad mini 4 richten.\",\"breadcrumb\":{\"@id\":\"https:\\\/\\\/www.apfelpatient.de\\\/news\\\/ist-das-display-zu-klein-apple-startet-neue-ipad-mini-umfrage#breadcrumb\"},\"inLanguage\":\"en-US\",\"potentialAction\":[{\"@type\":\"ReadAction\",\"target\":[\"https:\\\/\\\/www.apfelpatient.de\\\/news\\\/ist-das-display-zu-klein-apple-startet-neue-ipad-mini-umfrage\"]}]},{\"@type\":\"ImageObject\",\"inLanguage\":\"en-US\",\"@id\":\"https:\\\/\\\/www.apfelpatient.de\\\/news\\\/ist-das-display-zu-klein-apple-startet-neue-ipad-mini-umfrage#primaryimage\",\"url\":\"https:\\\/\\\/www.apfelpatient.de\\\/wp-content\\\/uploads\\\/2021\\\/08\\\/maarten-van-den-heuvel-1t-sb-SgAxs-unsplash.jpg\",\"contentUrl\":\"https:\\\/\\\/www.apfelpatient.de\\\/wp-content\\\/uploads\\\/2021\\\/08\\\/maarten-van-den-heuvel-1t-sb-SgAxs-unsplash.jpg\",\"width\":1600,\"height\":1067,\"caption\":\"Photo by Unsplash \\\/ Maarten van den Heuvel\"},{\"@type\":\"BreadcrumbList\",\"@id\":\"https:\\\/\\\/www.apfelpatient.de\\\/news\\\/ist-das-display-zu-klein-apple-startet-neue-ipad-mini-umfrage#breadcrumb\",\"itemListElement\":[{\"@type\":\"ListItem\",\"position\":1,\"name\":\"Startseite\",\"item\":\"https:\\\/\\\/www.apfelpatient.de\\\/\"},{\"@type\":\"ListItem\",\"position\":2,\"name\":\"Ist das Display zu klein? Apple startet neue iPad mini Umfrage\"}]},{\"@type\":\"WebSite\",\"@id\":\"https:\\\/\\\/www.apfelpatient.de\\\/#website\",\"url\":\"https:\\\/\\\/www.apfelpatient.de\\\/\",\"name\":\"Apfelpatient\",\"description\":\"Alles rund um Apple!\",\"publisher\":{\"@type\":\"Organization\",\"@id\":\"https:\\\/\\\/www.apfelpatient.de\\\/en\\\/#organization\",\"name\":\"Apfelpatient\",\"url\":\"https:\\\/\\\/www.apfelpatient.de\\\/en\\\/\"},\"alternateName\":\"Apfelpatient\",\"potentialAction\":[{\"@type\":\"SearchAction\",\"target\":{\"@type\":\"EntryPoint\",\"urlTemplate\":\"https:\\\/\\\/www.apfelpatient.de\\\/?s={search_term_string}\"},\"query-input\":{\"@type\":\"PropertyValueSpecification\",\"valueRequired\":true,\"valueName\":\"search_term_string\"}}],\"inLanguage\":\"en-US\"},{\"@type\":[\"Person\",\"Organization\"],\"@id\":\"https:\\\/\\\/www.apfelpatient.de\\\/#\\\/schema\\\/person\\\/35b3ddba5832f2bfc7fff5206d4f6b7b\",\"name\":\"Milan\",\"logo\":{\"@id\":\"https:\\\/\\\/www.apfelpatient.de\\\/#\\\/schema\\\/person\\\/image\\\/\"},\"description\":\"Hallo und herzlich willkommen auf meinem Technik-Blog! Als gro\u00dfer Apple-Fan berichte ich hier \u00fcber alles, was mit Apple zu tun hat: von den neuesten News und spannenden Ger\u00fcchten \u00fcber hilfreiche Tipps und Tricks bis hin zu ausf\u00fchrlichen Produkttests. Wenn du genauso technikbegeistert bist wie ich, bist du hier genau richtig!\",\"sameAs\":[\"https:\\\/\\\/www.facebook.com\\\/apfelpatientOfficial\",\"https:\\\/\\\/www.linkedin.com\\\/in\\\/milan-jovicic-42aa0231b\"],\"url\":\"https:\\\/\\\/www.apfelpatient.de\\\/en\\\/author\\\/apfeladmin\"}]}<\/script>\n<!-- \/ Yoast SEO Premium plugin. -->","yoast_head_json":{"title":"Is the display too small? Apple launches new iPad mini survey","description":"Display size and tablet usage habits: Apple has launched a new survey aimed at iPad mini 4 users.","robots":{"index":"index","follow":"follow","max-snippet":"max-snippet:-1","max-image-preview":"max-image-preview:large","max-video-preview":"max-video-preview:-1"},"canonical":"https:\/\/www.apfelpatient.de\/en\/news\/is-the-display-too-small-apple-launches-new-ipad-mini-survey","og_locale":"en_US","og_type":"article","og_title":"Ist das Display zu klein? Apple startet neue iPad mini Umfrage","og_description":"Display-Gr\u00f6\u00dfe und Tablet-Nutzungsgewohnheiten: Apple hat eine neue Umfrage gestartet, die sich an Nutzer eines iPad mini 4 richten.","og_url":"https:\/\/www.apfelpatient.de\/en\/news\/is-the-display-too-small-apple-launches-new-ipad-mini-survey","og_site_name":"Apfelpatient","article_publisher":"https:\/\/www.facebook.com\/apfelpatientOfficial","article_author":"https:\/\/www.facebook.com\/apfelpatientOfficial","article_published_time":"2021-08-03T13:08:35+00:00","article_modified_time":"2021-08-03T13:08:36+00:00","og_image":[{"width":1600,"height":1067,"url":"https:\/\/www.apfelpatient.de\/wp-content\/uploads\/2021\/08\/maarten-van-den-heuvel-1t-sb-SgAxs-unsplash.jpg","type":"image\/jpeg"}],"author":"Milan","twitter_card":"summary_large_image","twitter_description":"Display-Gr\u00f6\u00dfe und Tablet-Nutzungsgewohnheiten: Apple hat eine neue Umfrage gestartet, die sich an Nutzer eines iPad mini 4 richten.","twitter_misc":{"Written by":"Milan","Est. reading time":"2 minutes"},"schema":{"@context":"https:\/\/schema.org","@graph":[{"@type":"NewsArticle","@id":"https:\/\/www.apfelpatient.de\/news\/ist-das-display-zu-klein-apple-startet-neue-ipad-mini-umfrage#article","isPartOf":{"@id":"https:\/\/www.apfelpatient.de\/news\/ist-das-display-zu-klein-apple-startet-neue-ipad-mini-umfrage"},"author":{"@type":"Organization","@id":"https:\/\/www.apfelpatient.de\/en\/#organization","name":"Apfelpatient","url":"https:\/\/www.apfelpatient.de\/en\/"},"headline":"Ist das Display zu klein? Apple startet neue iPad mini Umfrage","datePublished":"2021-08-03T13:08:35+00:00","dateModified":"2021-08-03T13:08:36+00:00","mainEntityOfPage":{"@id":"https:\/\/www.apfelpatient.de\/news\/ist-das-display-zu-klein-apple-startet-neue-ipad-mini-umfrage"},"wordCount":293,"publisher":{"@type":"Organization","@id":"https:\/\/www.apfelpatient.de\/en\/#organization","name":"Apfelpatient","url":"https:\/\/www.apfelpatient.de\/en\/"},"image":{"@id":"https:\/\/www.apfelpatient.de\/news\/ist-das-display-zu-klein-apple-startet-neue-ipad-mini-umfrage#primaryimage"},"thumbnailUrl":"https:\/\/www.apfelpatient.de\/wp-content\/uploads\/2021\/08\/maarten-van-den-heuvel-1t-sb-SgAxs-unsplash.jpg","keywords":["iPad"],"articleSection":"News","inLanguage":"en-US","copyrightYear":"2021","copyrightHolder":{"@id":"https:\/\/www.apfelpatient.de\/en\/#organization"}},{"@type":"WebPage","@id":"https:\/\/www.apfelpatient.de\/news\/ist-das-display-zu-klein-apple-startet-neue-ipad-mini-umfrage","url":"https:\/\/www.apfelpatient.de\/news\/ist-das-display-zu-klein-apple-startet-neue-ipad-mini-umfrage","name":"Is the display too small? Apple launches new iPad mini survey","isPartOf":{"@id":"https:\/\/www.apfelpatient.de\/#website"},"primaryImageOfPage":{"@id":"https:\/\/www.apfelpatient.de\/news\/ist-das-display-zu-klein-apple-startet-neue-ipad-mini-umfrage#primaryimage"},"image":{"@id":"https:\/\/www.apfelpatient.de\/news\/ist-das-display-zu-klein-apple-startet-neue-ipad-mini-umfrage#primaryimage"},"thumbnailUrl":"https:\/\/www.apfelpatient.de\/wp-content\/uploads\/2021\/08\/maarten-van-den-heuvel-1t-sb-SgAxs-unsplash.jpg","datePublished":"2021-08-03T13:08:35+00:00","dateModified":"2021-08-03T13:08:36+00:00","description":"Display size and tablet usage habits: Apple has launched a new survey aimed at iPad mini 4 users.","breadcrumb":{"@id":"https:\/\/www.apfelpatient.de\/news\/ist-das-display-zu-klein-apple-startet-neue-ipad-mini-umfrage#breadcrumb"},"inLanguage":"en-US","potentialAction":[{"@type":"ReadAction","target":["https:\/\/www.apfelpatient.de\/news\/ist-das-display-zu-klein-apple-startet-neue-ipad-mini-umfrage"]}]},{"@type":"ImageObject","inLanguage":"en-US","@id":"https:\/\/www.apfelpatient.de\/news\/ist-das-display-zu-klein-apple-startet-neue-ipad-mini-umfrage#primaryimage","url":"https:\/\/www.apfelpatient.de\/wp-content\/uploads\/2021\/08\/maarten-van-den-heuvel-1t-sb-SgAxs-unsplash.jpg","contentUrl":"https:\/\/www.apfelpatient.de\/wp-content\/uploads\/2021\/08\/maarten-van-den-heuvel-1t-sb-SgAxs-unsplash.jpg","width":1600,"height":1067,"caption":"Photo by Unsplash \/ Maarten van den Heuvel"},{"@type":"BreadcrumbList","@id":"https:\/\/www.apfelpatient.de\/news\/ist-das-display-zu-klein-apple-startet-neue-ipad-mini-umfrage#breadcrumb","itemListElement":[{"@type":"ListItem","position":1,"name":"Startseite","item":"https:\/\/www.apfelpatient.de\/"},{"@type":"ListItem","position":2,"name":"Ist das Display zu klein? Apple startet neue iPad mini Umfrage"}]},{"@type":"WebSite","@id":"https:\/\/www.apfelpatient.de\/#website","url":"https:\/\/www.apfelpatient.de\/","name":"apple patient","description":"Everything about Apple!","publisher":{"@type":"Organization","@id":"https:\/\/www.apfelpatient.de\/en\/#organization","name":"Apfelpatient","url":"https:\/\/www.apfelpatient.de\/en\/"},"alternateName":"Apfelpatient","potentialAction":[{"@type":"SearchAction","target":{"@type":"EntryPoint","urlTemplate":"https:\/\/www.apfelpatient.de\/?s={search_term_string}"},"query-input":{"@type":"PropertyValueSpecification","valueRequired":true,"valueName":"search_term_string"}}],"inLanguage":"en-US"},{"@type":["Person","Organization"],"@id":"https:\/\/www.apfelpatient.de\/#\/schema\/person\/35b3ddba5832f2bfc7fff5206d4f6b7b","name":"Milan","logo":{"@id":"https:\/\/www.apfelpatient.de\/#\/schema\/person\/image\/"},"description":"Hello and welcome to my technology blog! As a big Apple fan, I report on everything to do with Apple: from the latest news and exciting rumors to helpful tips and tricks and detailed product tests. If you are as enthusiastic about technology as I am, you have come to the right place!","sameAs":["https:\/\/www.facebook.com\/apfelpatientOfficial","https:\/\/www.linkedin.com\/in\/milan-jovicic-42aa0231b"],"url":"https:\/\/www.apfelpatient.de\/en\/author\/apfeladmin"}]}},"_links":{"self":[{"href":"https:\/\/www.apfelpatient.de\/en\/wp-json\/wp\/v2\/posts\/25073","targetHints":{"allow":["GET"]}}],"collection":[{"href":"https:\/\/www.apfelpatient.de\/en\/wp-json\/wp\/v2\/posts"}],"about":[{"href":"https:\/\/www.apfelpatient.de\/en\/wp-json\/wp\/v2\/types\/post"}],"author":[{"embeddable":true,"href":"https:\/\/www.apfelpatient.de\/en\/wp-json\/wp\/v2\/users\/2"}],"replies":[{"embeddable":true,"href":"https:\/\/www.apfelpatient.de\/en\/wp-json\/wp\/v2\/comments?post=25073"}],"version-history":[{"count":0,"href":"https:\/\/www.apfelpatient.de\/en\/wp-json\/wp\/v2\/posts\/25073\/revisions"}],"wp:featuredmedia":[{"embeddable":true,"href":"https:\/\/www.apfelpatient.de\/en\/wp-json\/wp\/v2\/media\/25071"}],"wp:attachment":[{"href":"https:\/\/www.apfelpatient.de\/en\/wp-json\/wp\/v2\/media?parent=25073"}],"wp:term":[{"taxonomy":"category","embeddable":true,"href":"https:\/\/www.apfelpatient.de\/en\/wp-json\/wp\/v2\/categories?post=25073"},{"taxonomy":"post_tag","embeddable":true,"href":"https:\/\/www.apfelpatient.de\/en\/wp-json\/wp\/v2\/tags?post=25073"}],"curies":[{"name":"wp","href":"https:\/\/api.w.org\/{rel}","templated":true}]}}