{"id":25046,"date":"2021-08-02T15:43:34","date_gmt":"2021-08-02T13:43:34","guid":{"rendered":"https:\/\/www.apfelpatient.de\/?p=25046"},"modified":"2021-08-02T15:44:22","modified_gmt":"2021-08-02T13:44:22","slug":"iphone-ipad-mac-apple-wants-to-use-larger-batteries","status":"publish","type":"post","link":"https:\/\/www.apfelpatient.de\/en\/rumors\/iphone-ipad-mac-apple-will-groessere-akkus-einsetzen","title":{"rendered":"iPhone, iPad &amp; Mac: Apple wants to use larger batteries"},"content":{"rendered":"<p class=\"has-drop-cap\"><strong>For future iPhones, iPads and MacBooks, Apple plans to use smaller internal components to increase the size of the device&#039;s battery, a new report reveals.<\/strong><\/p>\n\n\n\n<p>Specifically, Apple plans to &quot;significantly increase&quot; the use of IPDs, or integrated passive components, for the peripheral chips in its products. These new chips will be slimmer and enable higher performance while taking up less space inside the device, allowing for larger batteries. The <a href=\"https:\/\/www.digitimes.com\/news\/a20210802PD208.html\" target=\"_blank\" rel=\"noreferrer noopener\">reported<\/a> DigiTimes.<\/p>\n\n\n\n<blockquote class=\"wp-block-quote is-layout-flow wp-block-quote-is-layout-flow\"><p>Apple is expected to significantly increase the use of IPDs (integrated passive devices) for new iPhones and other iOS products, providing robust business opportunities for manufacturing partners TSMC and Amkor, according to industry sources. Peripheral chips for iPhones, iPads and MacBook series will become slimmer with higher performance to make more room for larger capacity battery solutions for the devices, with demand for IPDs set to grow strongly in line with the trend, the sources said.<\/p><\/blockquote>\n\n\n\n<h3 class=\"wp-block-heading\" id=\"h-iphone-13-k-nnte-bereits-von-ipd-chips-profitieren\">iPhone 13 could already benefit from IPD chips<\/h3>\n\n\n\n\n\n\n\n<p>The report doesn&#039;t mention when exactly these new, smaller chips will debut. But DigiTimes notes that Apple has approved TSMC&#039;s 6th generation process for mass production of IPDs for new iPhones and iPads. Interestingly, earlier this year it was already claimed that Apple will give the iPhone 13 series larger batteries overall. The devices are said to be slightly thicker. Leaked schematics have also confirmed this. Although the 2021 models are not mentioned in today&#039;s report, it is safe to assume that the new IPD chips, coupled with slightly thicker casings, will give Apple the freedom to increase battery size thanks to the free space inside. The new iPhone 13 series is currently expected to be unveiled sometime in September. Of course, as always, whether this will actually turn out to be true remains to be seen. (Photo by Poravute Siriphiroon \/ Bigstockphoto)<\/p>\n\n\n\n<ul class=\"wp-block-list\"><li><a href=\"https:\/\/www.apfelpatient.de\/en\/tests-experience-reports\/bye-bye-apple-adapter-anchor-nano-ii-chargers-in-the-test\">Bye Bye Apple Adapter: Anker Nano II chargers in test<\/a><\/li><\/ul>\n\n\n\n<h6 class=\"wp-block-heading translation-block\" id=\"h-kennt-ihr-schon-unsere-amazon-storefront-dort-findet-ihr-eine-handverlesene-auswahl-von-diversen-produkten-f-r-euer-iphone-und-co-viel-spa-beim-st-bern\"><em>Have you already visited our Amazon Storefront? There you&#039;ll find a hand-picked selection of various products for your iPhone and other devices \u2013 <span class=\"has-inline-color has-vivid-red-color\"><a href=\"https:\/\/www.amazon.de\/shop\/apfelpatientofficial\" class=\"ek-link\" data-wpel-link=\"exclude\" rel=\"follow noopener\" target=\"_self\"><span style=\"text-decoration: underline\" class=\"ek-underline\">enjoy browsing<\/span><\/a> !<\/span><\/em><\/h6>\n\n\n\n<h6 class=\"wp-block-heading translation-block\" id=\"h-der-beitrag-enthalt-partnerlinks\">This post contains <a data-type=\"URL\" data-id=\"https:\/\/www.apfelpatient.de\/partnerprogramm\" href=\"https:\/\/www.apfelpatient.de\/en\/partner-program\" data-wpel-link=\"internal\" target=\"_self\">affiliate links<\/a>.<\/h6>","protected":false},"excerpt":{"rendered":"<p>For future iPhones, iPads and MacBooks, Apple plans to use smaller internal components to increase the size of the device&#039;s battery.<\/p>","protected":false},"author":2,"featured_media":25045,"comment_status":"closed","ping_status":"closed","sticky":false,"template":"","format":"standard","meta":{"jnews-multi-image_gallery":[],"jnews_single_post":{"subtitle":"","format":"standard","video":"","gallery":"","source_name":"","source_url":"","via_name":"","via_url":"","override":[{"single_blog_custom":"","sidebar":"","second_sidebar":"","share_position":"","share_float_style":"","post_date_format":"","post_date_format_custom":"","post_reading_time_wpm":"","zoom_button_out_step":"1","zoom_button_in_step":"1","number_popup_post":"1"}],"image_override":[{"single_post_thumbnail_size":"","single_post_gallery_size":""}],"trending_post_position":"","trending_post_label":"","sponsored_post_label":"","sponsored_post_name":"","sponsored_post_url":"","sponsored_post_logo":"","sponsored_post_desc":""},"jnews_primary_category":{"id":"25"},"footnotes":""},"categories":[25],"tags":[18,8,40],"class_list":["post-25046","post","type-post","status-publish","format-standard","has-post-thumbnail","hentry","category-rumors","tag-ipad","tag-iphone","tag-mac"],"yoast_head":"<!-- This site is optimized with the Yoast SEO Premium plugin v27.5 (Yoast SEO v27.5) - https:\/\/yoast.com\/product\/yoast-seo-premium-wordpress\/ -->\n<title>iPhone, iPad &amp; Mac: Apple will gr\u00f6\u00dfere Akkus einsetzen Apfelpatient<\/title>\n<meta name=\"description\" content=\"F\u00fcr zuk\u00fcnftige iPhones, iPads und MacBooks plant Apple die Verwendung kleinerer interner Komponenten, um die Gr\u00f6\u00dfe des Ger\u00e4teakkus zu erh\u00f6hen.\" \/>\n<meta name=\"robots\" content=\"index, follow, max-snippet:-1, max-image-preview:large, max-video-preview:-1\" \/>\n<link rel=\"canonical\" href=\"https:\/\/www.apfelpatient.de\/en\/rumors\/iphone-ipad-mac-apple-wants-to-use-larger-batteries\" \/>\n<meta property=\"og:locale\" content=\"en_US\" \/>\n<meta property=\"og:type\" content=\"article\" \/>\n<meta property=\"og:title\" content=\"iPhone, iPad &amp; Mac: Apple will gr\u00f6\u00dfere Akkus einsetzen\" \/>\n<meta property=\"og:description\" content=\"F\u00fcr zuk\u00fcnftige iPhones, iPads und MacBooks plant Apple die Verwendung kleinerer interner Komponenten, um die Gr\u00f6\u00dfe des Ger\u00e4teakkus zu erh\u00f6hen.\" \/>\n<meta property=\"og:url\" content=\"https:\/\/www.apfelpatient.de\/en\/rumors\/iphone-ipad-mac-apple-wants-to-use-larger-batteries\" \/>\n<meta property=\"og:site_name\" content=\"Apfelpatient\" \/>\n<meta property=\"article:publisher\" content=\"https:\/\/www.facebook.com\/apfelpatientOfficial\" \/>\n<meta property=\"article:author\" content=\"https:\/\/www.facebook.com\/apfelpatientOfficial\" \/>\n<meta property=\"article:published_time\" content=\"2021-08-02T13:43:34+00:00\" \/>\n<meta property=\"article:modified_time\" content=\"2021-08-02T13:44:22+00:00\" \/>\n<meta property=\"og:image\" content=\"https:\/\/www.apfelpatient.de\/wp-content\/uploads\/2021\/08\/bigstock-190700548.jpg\" \/>\n\t<meta property=\"og:image:width\" content=\"1600\" \/>\n\t<meta property=\"og:image:height\" content=\"1200\" \/>\n\t<meta property=\"og:image:type\" content=\"image\/jpeg\" \/>\n<meta name=\"author\" content=\"Milan\" \/>\n<meta name=\"twitter:card\" content=\"summary_large_image\" \/>\n<meta name=\"twitter:description\" content=\"F\u00fcr zuk\u00fcnftige iPhones, iPads und MacBooks plant Apple die Verwendung kleinerer interner Komponenten, um die Gr\u00f6\u00dfe des Ger\u00e4teakkus zu erh\u00f6hen.\" \/>\n<meta name=\"twitter:label1\" content=\"Written by\" \/>\n\t<meta name=\"twitter:data1\" content=\"Milan\" \/>\n\t<meta name=\"twitter:label2\" content=\"Est. reading time\" \/>\n\t<meta name=\"twitter:data2\" content=\"2 minutes\" \/>\n<script type=\"application\/ld+json\" class=\"yoast-schema-graph\">{\"@context\":\"https:\\\/\\\/schema.org\",\"@graph\":[{\"@type\":\"NewsArticle\",\"@id\":\"https:\\\/\\\/www.apfelpatient.de\\\/rumors\\\/iphone-ipad-mac-apple-will-groessere-akkus-einsetzen#article\",\"isPartOf\":{\"@id\":\"https:\\\/\\\/www.apfelpatient.de\\\/rumors\\\/iphone-ipad-mac-apple-will-groessere-akkus-einsetzen\"},\"author\":{\"@type\":\"Organization\",\"@id\":\"https:\\\/\\\/www.apfelpatient.de\\\/en\\\/#organization\",\"name\":\"Apfelpatient\",\"url\":\"https:\\\/\\\/www.apfelpatient.de\\\/en\\\/\"},\"headline\":\"iPhone, iPad &#038; Mac: Apple will gr\u00f6\u00dfere Akkus einsetzen\",\"datePublished\":\"2021-08-02T13:43:34+00:00\",\"dateModified\":\"2021-08-02T13:44:22+00:00\",\"mainEntityOfPage\":{\"@id\":\"https:\\\/\\\/www.apfelpatient.de\\\/rumors\\\/iphone-ipad-mac-apple-will-groessere-akkus-einsetzen\"},\"wordCount\":349,\"publisher\":{\"@type\":\"Organization\",\"@id\":\"https:\\\/\\\/www.apfelpatient.de\\\/en\\\/#organization\",\"name\":\"Apfelpatient\",\"url\":\"https:\\\/\\\/www.apfelpatient.de\\\/en\\\/\"},\"image\":{\"@id\":\"https:\\\/\\\/www.apfelpatient.de\\\/rumors\\\/iphone-ipad-mac-apple-will-groessere-akkus-einsetzen#primaryimage\"},\"thumbnailUrl\":\"https:\\\/\\\/www.apfelpatient.de\\\/wp-content\\\/uploads\\\/2021\\\/08\\\/bigstock-190700548.jpg\",\"keywords\":[\"iPad\",\"iPhone\",\"Mac\"],\"articleSection\":\"Rumors\",\"inLanguage\":\"en-US\",\"copyrightYear\":\"2021\",\"copyrightHolder\":{\"@id\":\"https:\\\/\\\/www.apfelpatient.de\\\/en\\\/#organization\"}},{\"@type\":\"WebPage\",\"@id\":\"https:\\\/\\\/www.apfelpatient.de\\\/rumors\\\/iphone-ipad-mac-apple-will-groessere-akkus-einsetzen\",\"url\":\"https:\\\/\\\/www.apfelpatient.de\\\/rumors\\\/iphone-ipad-mac-apple-will-groessere-akkus-einsetzen\",\"name\":\"iPhone, iPad & Mac: Apple will gr\u00f6\u00dfere Akkus einsetzen Apfelpatient\",\"isPartOf\":{\"@id\":\"https:\\\/\\\/www.apfelpatient.de\\\/#website\"},\"primaryImageOfPage\":{\"@id\":\"https:\\\/\\\/www.apfelpatient.de\\\/rumors\\\/iphone-ipad-mac-apple-will-groessere-akkus-einsetzen#primaryimage\"},\"image\":{\"@id\":\"https:\\\/\\\/www.apfelpatient.de\\\/rumors\\\/iphone-ipad-mac-apple-will-groessere-akkus-einsetzen#primaryimage\"},\"thumbnailUrl\":\"https:\\\/\\\/www.apfelpatient.de\\\/wp-content\\\/uploads\\\/2021\\\/08\\\/bigstock-190700548.jpg\",\"datePublished\":\"2021-08-02T13:43:34+00:00\",\"dateModified\":\"2021-08-02T13:44:22+00:00\",\"description\":\"F\u00fcr zuk\u00fcnftige iPhones, iPads und MacBooks plant Apple die Verwendung kleinerer interner Komponenten, um die Gr\u00f6\u00dfe des Ger\u00e4teakkus zu erh\u00f6hen.\",\"breadcrumb\":{\"@id\":\"https:\\\/\\\/www.apfelpatient.de\\\/rumors\\\/iphone-ipad-mac-apple-will-groessere-akkus-einsetzen#breadcrumb\"},\"inLanguage\":\"en-US\",\"potentialAction\":[{\"@type\":\"ReadAction\",\"target\":[\"https:\\\/\\\/www.apfelpatient.de\\\/rumors\\\/iphone-ipad-mac-apple-will-groessere-akkus-einsetzen\"]}]},{\"@type\":\"ImageObject\",\"inLanguage\":\"en-US\",\"@id\":\"https:\\\/\\\/www.apfelpatient.de\\\/rumors\\\/iphone-ipad-mac-apple-will-groessere-akkus-einsetzen#primaryimage\",\"url\":\"https:\\\/\\\/www.apfelpatient.de\\\/wp-content\\\/uploads\\\/2021\\\/08\\\/bigstock-190700548.jpg\",\"contentUrl\":\"https:\\\/\\\/www.apfelpatient.de\\\/wp-content\\\/uploads\\\/2021\\\/08\\\/bigstock-190700548.jpg\",\"width\":1600,\"height\":1200,\"caption\":\"Chiangrai Thailand: May 19 2017 - Close-up image of Apple iPhone 7 jet black color disassembled for repair and showing components inside on black background. Selective focus\"},{\"@type\":\"BreadcrumbList\",\"@id\":\"https:\\\/\\\/www.apfelpatient.de\\\/rumors\\\/iphone-ipad-mac-apple-will-groessere-akkus-einsetzen#breadcrumb\",\"itemListElement\":[{\"@type\":\"ListItem\",\"position\":1,\"name\":\"Startseite\",\"item\":\"https:\\\/\\\/www.apfelpatient.de\\\/\"},{\"@type\":\"ListItem\",\"position\":2,\"name\":\"iPhone, iPad &#038; Mac: Apple will gr\u00f6\u00dfere Akkus einsetzen\"}]},{\"@type\":\"WebSite\",\"@id\":\"https:\\\/\\\/www.apfelpatient.de\\\/#website\",\"url\":\"https:\\\/\\\/www.apfelpatient.de\\\/\",\"name\":\"Apfelpatient\",\"description\":\"Alles rund um Apple!\",\"publisher\":{\"@type\":\"Organization\",\"@id\":\"https:\\\/\\\/www.apfelpatient.de\\\/en\\\/#organization\",\"name\":\"Apfelpatient\",\"url\":\"https:\\\/\\\/www.apfelpatient.de\\\/en\\\/\"},\"alternateName\":\"Apfelpatient\",\"potentialAction\":[{\"@type\":\"SearchAction\",\"target\":{\"@type\":\"EntryPoint\",\"urlTemplate\":\"https:\\\/\\\/www.apfelpatient.de\\\/?s={search_term_string}\"},\"query-input\":{\"@type\":\"PropertyValueSpecification\",\"valueRequired\":true,\"valueName\":\"search_term_string\"}}],\"inLanguage\":\"en-US\"},{\"@type\":[\"Person\",\"Organization\"],\"@id\":\"https:\\\/\\\/www.apfelpatient.de\\\/#\\\/schema\\\/person\\\/7dc56ad6c8e9824b76d2c08d4c140e13\",\"name\":\"Milan\",\"logo\":{\"@id\":\"https:\\\/\\\/www.apfelpatient.de\\\/#\\\/schema\\\/person\\\/image\\\/\"},\"description\":\"Hallo und herzlich willkommen auf meinem Technik-Blog! Als gro\u00dfer Apple-Fan berichte ich hier \u00fcber alles, was mit Apple zu tun hat: von den neuesten News und spannenden Ger\u00fcchten \u00fcber hilfreiche Tipps und Tricks bis hin zu ausf\u00fchrlichen Produkttests. Wenn du genauso technikbegeistert bist wie ich, bist du hier genau richtig!\",\"sameAs\":[\"https:\\\/\\\/www.facebook.com\\\/apfelpatientOfficial\",\"https:\\\/\\\/www.linkedin.com\\\/in\\\/milan-jovicic-42aa0231b\"],\"url\":\"https:\\\/\\\/www.apfelpatient.de\\\/en\\\/author\\\/apfeladmin\"}]}<\/script>\n<!-- \/ Yoast SEO Premium plugin. -->","yoast_head_json":{"title":"iPhone, iPad &amp; Mac: Apple wants to use larger batteries Apfelpatient","description":"For future iPhones, iPads and MacBooks, Apple plans to use smaller internal components to increase the size of the device&#039;s battery.","robots":{"index":"index","follow":"follow","max-snippet":"max-snippet:-1","max-image-preview":"max-image-preview:large","max-video-preview":"max-video-preview:-1"},"canonical":"https:\/\/www.apfelpatient.de\/en\/rumors\/iphone-ipad-mac-apple-wants-to-use-larger-batteries","og_locale":"en_US","og_type":"article","og_title":"iPhone, iPad & Mac: Apple will gr\u00f6\u00dfere Akkus einsetzen","og_description":"F\u00fcr zuk\u00fcnftige iPhones, iPads und MacBooks plant Apple die Verwendung kleinerer interner Komponenten, um die Gr\u00f6\u00dfe des Ger\u00e4teakkus zu erh\u00f6hen.","og_url":"https:\/\/www.apfelpatient.de\/en\/rumors\/iphone-ipad-mac-apple-wants-to-use-larger-batteries","og_site_name":"Apfelpatient","article_publisher":"https:\/\/www.facebook.com\/apfelpatientOfficial","article_author":"https:\/\/www.facebook.com\/apfelpatientOfficial","article_published_time":"2021-08-02T13:43:34+00:00","article_modified_time":"2021-08-02T13:44:22+00:00","og_image":[{"width":1600,"height":1200,"url":"https:\/\/www.apfelpatient.de\/wp-content\/uploads\/2021\/08\/bigstock-190700548.jpg","type":"image\/jpeg"}],"author":"Milan","twitter_card":"summary_large_image","twitter_description":"F\u00fcr zuk\u00fcnftige iPhones, iPads und MacBooks plant Apple die Verwendung kleinerer interner Komponenten, um die Gr\u00f6\u00dfe des Ger\u00e4teakkus zu erh\u00f6hen.","twitter_misc":{"Written by":"Milan","Est. reading time":"2 minutes"},"schema":{"@context":"https:\/\/schema.org","@graph":[{"@type":"NewsArticle","@id":"https:\/\/www.apfelpatient.de\/rumors\/iphone-ipad-mac-apple-will-groessere-akkus-einsetzen#article","isPartOf":{"@id":"https:\/\/www.apfelpatient.de\/rumors\/iphone-ipad-mac-apple-will-groessere-akkus-einsetzen"},"author":{"@type":"Organization","@id":"https:\/\/www.apfelpatient.de\/en\/#organization","name":"Apfelpatient","url":"https:\/\/www.apfelpatient.de\/en\/"},"headline":"iPhone, iPad &#038; Mac: Apple will gr\u00f6\u00dfere Akkus einsetzen","datePublished":"2021-08-02T13:43:34+00:00","dateModified":"2021-08-02T13:44:22+00:00","mainEntityOfPage":{"@id":"https:\/\/www.apfelpatient.de\/rumors\/iphone-ipad-mac-apple-will-groessere-akkus-einsetzen"},"wordCount":349,"publisher":{"@type":"Organization","@id":"https:\/\/www.apfelpatient.de\/en\/#organization","name":"Apfelpatient","url":"https:\/\/www.apfelpatient.de\/en\/"},"image":{"@id":"https:\/\/www.apfelpatient.de\/rumors\/iphone-ipad-mac-apple-will-groessere-akkus-einsetzen#primaryimage"},"thumbnailUrl":"https:\/\/www.apfelpatient.de\/wp-content\/uploads\/2021\/08\/bigstock-190700548.jpg","keywords":["iPad","iPhone","Mac"],"articleSection":"Rumors","inLanguage":"en-US","copyrightYear":"2021","copyrightHolder":{"@id":"https:\/\/www.apfelpatient.de\/en\/#organization"}},{"@type":"WebPage","@id":"https:\/\/www.apfelpatient.de\/rumors\/iphone-ipad-mac-apple-will-groessere-akkus-einsetzen","url":"https:\/\/www.apfelpatient.de\/rumors\/iphone-ipad-mac-apple-will-groessere-akkus-einsetzen","name":"iPhone, iPad &amp; Mac: Apple wants to use larger batteries Apfelpatient","isPartOf":{"@id":"https:\/\/www.apfelpatient.de\/#website"},"primaryImageOfPage":{"@id":"https:\/\/www.apfelpatient.de\/rumors\/iphone-ipad-mac-apple-will-groessere-akkus-einsetzen#primaryimage"},"image":{"@id":"https:\/\/www.apfelpatient.de\/rumors\/iphone-ipad-mac-apple-will-groessere-akkus-einsetzen#primaryimage"},"thumbnailUrl":"https:\/\/www.apfelpatient.de\/wp-content\/uploads\/2021\/08\/bigstock-190700548.jpg","datePublished":"2021-08-02T13:43:34+00:00","dateModified":"2021-08-02T13:44:22+00:00","description":"For future iPhones, iPads and MacBooks, Apple plans to use smaller internal components to increase the size of the device&#039;s battery.","breadcrumb":{"@id":"https:\/\/www.apfelpatient.de\/rumors\/iphone-ipad-mac-apple-will-groessere-akkus-einsetzen#breadcrumb"},"inLanguage":"en-US","potentialAction":[{"@type":"ReadAction","target":["https:\/\/www.apfelpatient.de\/rumors\/iphone-ipad-mac-apple-will-groessere-akkus-einsetzen"]}]},{"@type":"ImageObject","inLanguage":"en-US","@id":"https:\/\/www.apfelpatient.de\/rumors\/iphone-ipad-mac-apple-will-groessere-akkus-einsetzen#primaryimage","url":"https:\/\/www.apfelpatient.de\/wp-content\/uploads\/2021\/08\/bigstock-190700548.jpg","contentUrl":"https:\/\/www.apfelpatient.de\/wp-content\/uploads\/2021\/08\/bigstock-190700548.jpg","width":1600,"height":1200,"caption":"Chiangrai Thailand: May 19 2017 - Close-up image of Apple iPhone 7 jet black color disassembled for repair and showing components inside on black background. Selective focus"},{"@type":"BreadcrumbList","@id":"https:\/\/www.apfelpatient.de\/rumors\/iphone-ipad-mac-apple-will-groessere-akkus-einsetzen#breadcrumb","itemListElement":[{"@type":"ListItem","position":1,"name":"Startseite","item":"https:\/\/www.apfelpatient.de\/"},{"@type":"ListItem","position":2,"name":"iPhone, iPad &#038; Mac: Apple will gr\u00f6\u00dfere Akkus einsetzen"}]},{"@type":"WebSite","@id":"https:\/\/www.apfelpatient.de\/#website","url":"https:\/\/www.apfelpatient.de\/","name":"apple patient","description":"Everything about Apple!","publisher":{"@type":"Organization","@id":"https:\/\/www.apfelpatient.de\/en\/#organization","name":"Apfelpatient","url":"https:\/\/www.apfelpatient.de\/en\/"},"alternateName":"Apfelpatient","potentialAction":[{"@type":"SearchAction","target":{"@type":"EntryPoint","urlTemplate":"https:\/\/www.apfelpatient.de\/?s={search_term_string}"},"query-input":{"@type":"PropertyValueSpecification","valueRequired":true,"valueName":"search_term_string"}}],"inLanguage":"en-US"},{"@type":["Person","Organization"],"@id":"https:\/\/www.apfelpatient.de\/#\/schema\/person\/7dc56ad6c8e9824b76d2c08d4c140e13","name":"Milan","logo":{"@id":"https:\/\/www.apfelpatient.de\/#\/schema\/person\/image\/"},"description":"Hello and welcome to my technology blog! As a big Apple fan, I report on everything to do with Apple: from the latest news and exciting rumors to helpful tips and tricks and detailed product tests. If you are as enthusiastic about technology as I am, you have come to the right place!","sameAs":["https:\/\/www.facebook.com\/apfelpatientOfficial","https:\/\/www.linkedin.com\/in\/milan-jovicic-42aa0231b"],"url":"https:\/\/www.apfelpatient.de\/en\/author\/apfeladmin"}]}},"_links":{"self":[{"href":"https:\/\/www.apfelpatient.de\/en\/wp-json\/wp\/v2\/posts\/25046","targetHints":{"allow":["GET"]}}],"collection":[{"href":"https:\/\/www.apfelpatient.de\/en\/wp-json\/wp\/v2\/posts"}],"about":[{"href":"https:\/\/www.apfelpatient.de\/en\/wp-json\/wp\/v2\/types\/post"}],"author":[{"embeddable":true,"href":"https:\/\/www.apfelpatient.de\/en\/wp-json\/wp\/v2\/users\/2"}],"replies":[{"embeddable":true,"href":"https:\/\/www.apfelpatient.de\/en\/wp-json\/wp\/v2\/comments?post=25046"}],"version-history":[{"count":0,"href":"https:\/\/www.apfelpatient.de\/en\/wp-json\/wp\/v2\/posts\/25046\/revisions"}],"wp:featuredmedia":[{"embeddable":true,"href":"https:\/\/www.apfelpatient.de\/en\/wp-json\/wp\/v2\/media\/25045"}],"wp:attachment":[{"href":"https:\/\/www.apfelpatient.de\/en\/wp-json\/wp\/v2\/media?parent=25046"}],"wp:term":[{"taxonomy":"category","embeddable":true,"href":"https:\/\/www.apfelpatient.de\/en\/wp-json\/wp\/v2\/categories?post=25046"},{"taxonomy":"post_tag","embeddable":true,"href":"https:\/\/www.apfelpatient.de\/en\/wp-json\/wp\/v2\/tags?post=25046"}],"curies":[{"name":"wp","href":"https:\/\/api.w.org\/{rel}","templated":true}]}}