{"id":2500,"date":"2018-11-02T18:32:40","date_gmt":"2018-11-02T17:32:40","guid":{"rendered":"https:\/\/www.apfelpatient.de\/?p=2500"},"modified":"2018-11-02T18:32:40","modified_gmt":"2018-11-02T17:32:40","slug":"face-id-first-update-coming-in-2019","status":"publish","type":"post","link":"https:\/\/www.apfelpatient.de\/en\/rumors\/face-id-erstes-update-kommt-2019","title":{"rendered":"Face ID: First update coming in 2019"},"content":{"rendered":"<p><strong>Apple recently introduced new iPad Pro models \u2013 these now also feature the biometric recognition technology Face ID.<\/strong><\/p>\n\n<p>Since this year, all iPhones and new iPad Pro models have been equipped with Face ID. Now the well-known analyst Ming-Chi Kuo has reported back. His predictions have mostly been correct in recent years, which is why his statements about upcoming products etc. carry more weight.<\/p>\n<p><strong>TrueDepth camera update<\/strong><\/p>\n<p>According to Kuo, Apple is planning a major Face ID update for 2019. Initially, however, the update will only be available for the upcoming iPhone line-up.<\/p>\n\n<p>The iPad models are not expected to follow until 2020. The update is said to relate to the infrared illuminator of the TrueDepth camera. This should enable the iPhone to recognize faces even better in poor lighting conditions and in the dark than it currently does. In addition, two new OLED models and an LCD device are also set to be introduced in 2019.<\/p>","protected":false},"excerpt":{"rendered":"<p>Vor Kurzem hat Apple neue iPad Pro Modelle vorgestellt &#8211; auch diese verf\u00fcgen nun \u00fcber die biometrische Erkennungstechnologie Face ID. Seit diesem Jahr sind alle iPhones sowie neuen iPad Pro Modelle mit Face ID ausgestattet. Nun hat sich der bekannte Analyst Ming-Chi Kuo zur\u00fcckgemeldet. Seine Vorhersagen trafen in den letzten Jahren meistens zu, weshalb seine [&hellip;]<\/p>\n","protected":false},"author":2,"featured_media":2349,"comment_status":"open","ping_status":"open","sticky":false,"template":"","format":"standard","meta":{"jnews-multi-image_gallery":[],"jnews_single_post":[],"jnews_primary_category":[],"footnotes":""},"categories":[25],"tags":[37,8,102],"class_list":["post-2500","post","type-post","status-publish","format-standard","has-post-thumbnail","hentry","category-rumors","tag-face-id","tag-iphone","tag-truedepth-kamera"],"yoast_head":"<!-- This site is optimized with the Yoast SEO Premium plugin v27.5 (Yoast SEO v27.5) - https:\/\/yoast.com\/product\/yoast-seo-premium-wordpress\/ -->\n<title>Face ID: Erstes Update kommt 2019 Apfelpatient<\/title>\n<meta name=\"description\" content=\"Vor Kurzem hat Apple neue iPad Pro Modelle vorgestellt - auch diese verf\u00fcgen nun \u00fcber die biometrische Erkennungstechnologie Face ID. Seit diesem Jahr\" \/>\n<meta name=\"robots\" content=\"index, follow, max-snippet:-1, max-image-preview:large, max-video-preview:-1\" \/>\n<link rel=\"canonical\" href=\"https:\/\/www.apfelpatient.de\/en\/rumors\/face-id-first-update-coming-in-2019\" \/>\n<meta property=\"og:locale\" content=\"en_US\" \/>\n<meta property=\"og:type\" content=\"article\" \/>\n<meta property=\"og:title\" content=\"Face ID: Erstes Update kommt 2019\" \/>\n<meta property=\"og:description\" content=\"Vor Kurzem hat Apple neue iPad Pro Modelle vorgestellt - auch diese verf\u00fcgen nun \u00fcber die biometrische Erkennungstechnologie Face ID. Seit diesem Jahr\" \/>\n<meta property=\"og:url\" content=\"https:\/\/www.apfelpatient.de\/en\/rumors\/face-id-first-update-coming-in-2019\" \/>\n<meta property=\"og:site_name\" content=\"Apfelpatient\" \/>\n<meta property=\"article:publisher\" content=\"https:\/\/www.facebook.com\/apfelpatientOfficial\" \/>\n<meta property=\"article:author\" content=\"https:\/\/www.facebook.com\/apfelpatientOfficial\" \/>\n<meta property=\"article:published_time\" content=\"2018-11-02T17:32:40+00:00\" \/>\n<meta property=\"og:image\" content=\"https:\/\/www.apfelpatient.de\/wp-content\/uploads\/2018\/10\/iPhoneXr-Pre-Order_Black-White-Blue_10172018.jpg\" \/>\n\t<meta property=\"og:image:width\" content=\"1632\" \/>\n\t<meta property=\"og:image:height\" content=\"1958\" \/>\n\t<meta property=\"og:image:type\" content=\"image\/jpeg\" \/>\n<meta name=\"author\" content=\"Milan\" \/>\n<meta name=\"twitter:card\" content=\"summary_large_image\" \/>\n<meta name=\"twitter:label1\" content=\"Written by\" \/>\n\t<meta name=\"twitter:data1\" content=\"Milan\" \/>\n\t<meta name=\"twitter:label2\" content=\"Est. reading time\" \/>\n\t<meta name=\"twitter:data2\" content=\"1 minute\" \/>\n<script type=\"application\/ld+json\" class=\"yoast-schema-graph\">{\"@context\":\"https:\\\/\\\/schema.org\",\"@graph\":[{\"@type\":\"NewsArticle\",\"@id\":\"https:\\\/\\\/www.apfelpatient.de\\\/rumors\\\/face-id-erstes-update-kommt-2019#article\",\"isPartOf\":{\"@id\":\"https:\\\/\\\/www.apfelpatient.de\\\/rumors\\\/face-id-erstes-update-kommt-2019\"},\"author\":{\"@type\":\"Organization\",\"@id\":\"https:\\\/\\\/www.apfelpatient.de\\\/en\\\/#organization\",\"name\":\"Apfelpatient\",\"url\":\"https:\\\/\\\/www.apfelpatient.de\\\/en\\\/\"},\"headline\":\"Face ID: Erstes Update kommt 2019\",\"datePublished\":\"2018-11-02T17:32:40+00:00\",\"mainEntityOfPage\":{\"@id\":\"https:\\\/\\\/www.apfelpatient.de\\\/rumors\\\/face-id-erstes-update-kommt-2019\"},\"wordCount\":152,\"commentCount\":0,\"publisher\":{\"@type\":\"Organization\",\"@id\":\"https:\\\/\\\/www.apfelpatient.de\\\/en\\\/#organization\",\"name\":\"Apfelpatient\",\"url\":\"https:\\\/\\\/www.apfelpatient.de\\\/en\\\/\"},\"image\":{\"@id\":\"https:\\\/\\\/www.apfelpatient.de\\\/rumors\\\/face-id-erstes-update-kommt-2019#primaryimage\"},\"thumbnailUrl\":\"https:\\\/\\\/www.apfelpatient.de\\\/wp-content\\\/uploads\\\/2018\\\/10\\\/iPhoneXr-Pre-Order_Black-White-Blue_10172018.jpg\",\"keywords\":[\"Face ID\",\"iPhone\",\"TrueDepth Kamera\"],\"articleSection\":\"Rumors\",\"inLanguage\":\"en-US\",\"potentialAction\":[{\"@type\":\"CommentAction\",\"name\":\"Comment\",\"target\":[\"https:\\\/\\\/www.apfelpatient.de\\\/rumors\\\/face-id-erstes-update-kommt-2019#respond\"]}],\"copyrightYear\":\"2018\",\"copyrightHolder\":{\"@id\":\"https:\\\/\\\/www.apfelpatient.de\\\/en\\\/#organization\"}},{\"@type\":\"WebPage\",\"@id\":\"https:\\\/\\\/www.apfelpatient.de\\\/rumors\\\/face-id-erstes-update-kommt-2019\",\"url\":\"https:\\\/\\\/www.apfelpatient.de\\\/rumors\\\/face-id-erstes-update-kommt-2019\",\"name\":\"Face ID: Erstes Update kommt 2019 Apfelpatient\",\"isPartOf\":{\"@id\":\"https:\\\/\\\/www.apfelpatient.de\\\/#website\"},\"primaryImageOfPage\":{\"@id\":\"https:\\\/\\\/www.apfelpatient.de\\\/rumors\\\/face-id-erstes-update-kommt-2019#primaryimage\"},\"image\":{\"@id\":\"https:\\\/\\\/www.apfelpatient.de\\\/rumors\\\/face-id-erstes-update-kommt-2019#primaryimage\"},\"thumbnailUrl\":\"https:\\\/\\\/www.apfelpatient.de\\\/wp-content\\\/uploads\\\/2018\\\/10\\\/iPhoneXr-Pre-Order_Black-White-Blue_10172018.jpg\",\"datePublished\":\"2018-11-02T17:32:40+00:00\",\"description\":\"Vor Kurzem hat Apple neue iPad Pro Modelle vorgestellt - auch diese verf\u00fcgen nun \u00fcber die biometrische Erkennungstechnologie Face ID. Seit diesem Jahr\",\"breadcrumb\":{\"@id\":\"https:\\\/\\\/www.apfelpatient.de\\\/rumors\\\/face-id-erstes-update-kommt-2019#breadcrumb\"},\"inLanguage\":\"en-US\",\"potentialAction\":[{\"@type\":\"ReadAction\",\"target\":[\"https:\\\/\\\/www.apfelpatient.de\\\/rumors\\\/face-id-erstes-update-kommt-2019\"]}]},{\"@type\":\"ImageObject\",\"inLanguage\":\"en-US\",\"@id\":\"https:\\\/\\\/www.apfelpatient.de\\\/rumors\\\/face-id-erstes-update-kommt-2019#primaryimage\",\"url\":\"https:\\\/\\\/www.apfelpatient.de\\\/wp-content\\\/uploads\\\/2018\\\/10\\\/iPhoneXr-Pre-Order_Black-White-Blue_10172018.jpg\",\"contentUrl\":\"https:\\\/\\\/www.apfelpatient.de\\\/wp-content\\\/uploads\\\/2018\\\/10\\\/iPhoneXr-Pre-Order_Black-White-Blue_10172018.jpg\",\"width\":1632,\"height\":1958,\"caption\":\"Bild: Apple\"},{\"@type\":\"BreadcrumbList\",\"@id\":\"https:\\\/\\\/www.apfelpatient.de\\\/rumors\\\/face-id-erstes-update-kommt-2019#breadcrumb\",\"itemListElement\":[{\"@type\":\"ListItem\",\"position\":1,\"name\":\"Startseite\",\"item\":\"https:\\\/\\\/www.apfelpatient.de\\\/\"},{\"@type\":\"ListItem\",\"position\":2,\"name\":\"Face ID: Erstes Update kommt 2019\"}]},{\"@type\":\"WebSite\",\"@id\":\"https:\\\/\\\/www.apfelpatient.de\\\/#website\",\"url\":\"https:\\\/\\\/www.apfelpatient.de\\\/\",\"name\":\"Apfelpatient\",\"description\":\"Alles rund um Apple!\",\"publisher\":{\"@type\":\"Organization\",\"@id\":\"https:\\\/\\\/www.apfelpatient.de\\\/en\\\/#organization\",\"name\":\"Apfelpatient\",\"url\":\"https:\\\/\\\/www.apfelpatient.de\\\/en\\\/\"},\"alternateName\":\"Apfelpatient\",\"potentialAction\":[{\"@type\":\"SearchAction\",\"target\":{\"@type\":\"EntryPoint\",\"urlTemplate\":\"https:\\\/\\\/www.apfelpatient.de\\\/?s={search_term_string}\"},\"query-input\":{\"@type\":\"PropertyValueSpecification\",\"valueRequired\":true,\"valueName\":\"search_term_string\"}}],\"inLanguage\":\"en-US\"},{\"@type\":[\"Person\",\"Organization\"],\"@id\":\"https:\\\/\\\/www.apfelpatient.de\\\/#\\\/schema\\\/person\\\/7dc56ad6c8e9824b76d2c08d4c140e13\",\"name\":\"Milan\",\"logo\":{\"@id\":\"https:\\\/\\\/www.apfelpatient.de\\\/#\\\/schema\\\/person\\\/image\\\/\"},\"description\":\"Hallo und herzlich willkommen auf meinem Technik-Blog! Als gro\u00dfer Apple-Fan berichte ich hier \u00fcber alles, was mit Apple zu tun hat: von den neuesten News und spannenden Ger\u00fcchten \u00fcber hilfreiche Tipps und Tricks bis hin zu ausf\u00fchrlichen Produkttests. Wenn du genauso technikbegeistert bist wie ich, bist du hier genau richtig!\",\"sameAs\":[\"https:\\\/\\\/www.facebook.com\\\/apfelpatientOfficial\",\"https:\\\/\\\/www.linkedin.com\\\/in\\\/milan-jovicic-42aa0231b\"],\"url\":\"https:\\\/\\\/www.apfelpatient.de\\\/en\\\/author\\\/apfeladmin\"}]}<\/script>\n<!-- \/ Yoast SEO Premium plugin. -->","yoast_head_json":{"title":"Face ID: First update coming in 2019 Apfelpatient","description":"Apple recently introduced new iPad Pro models - these now also feature the biometric recognition technology Face ID. Since this year","robots":{"index":"index","follow":"follow","max-snippet":"max-snippet:-1","max-image-preview":"max-image-preview:large","max-video-preview":"max-video-preview:-1"},"canonical":"https:\/\/www.apfelpatient.de\/en\/rumors\/face-id-first-update-coming-in-2019","og_locale":"en_US","og_type":"article","og_title":"Face ID: Erstes Update kommt 2019","og_description":"Vor Kurzem hat Apple neue iPad Pro Modelle vorgestellt - auch diese verf\u00fcgen nun \u00fcber die biometrische Erkennungstechnologie Face ID. Seit diesem Jahr","og_url":"https:\/\/www.apfelpatient.de\/en\/rumors\/face-id-first-update-coming-in-2019","og_site_name":"Apfelpatient","article_publisher":"https:\/\/www.facebook.com\/apfelpatientOfficial","article_author":"https:\/\/www.facebook.com\/apfelpatientOfficial","article_published_time":"2018-11-02T17:32:40+00:00","og_image":[{"width":1632,"height":1958,"url":"https:\/\/www.apfelpatient.de\/wp-content\/uploads\/2018\/10\/iPhoneXr-Pre-Order_Black-White-Blue_10172018.jpg","type":"image\/jpeg"}],"author":"Milan","twitter_card":"summary_large_image","twitter_misc":{"Written by":"Milan","Est. reading time":"1 minute"},"schema":{"@context":"https:\/\/schema.org","@graph":[{"@type":"NewsArticle","@id":"https:\/\/www.apfelpatient.de\/rumors\/face-id-erstes-update-kommt-2019#article","isPartOf":{"@id":"https:\/\/www.apfelpatient.de\/rumors\/face-id-erstes-update-kommt-2019"},"author":{"@type":"Organization","@id":"https:\/\/www.apfelpatient.de\/en\/#organization","name":"Apfelpatient","url":"https:\/\/www.apfelpatient.de\/en\/"},"headline":"Face ID: Erstes Update kommt 2019","datePublished":"2018-11-02T17:32:40+00:00","mainEntityOfPage":{"@id":"https:\/\/www.apfelpatient.de\/rumors\/face-id-erstes-update-kommt-2019"},"wordCount":152,"commentCount":0,"publisher":{"@type":"Organization","@id":"https:\/\/www.apfelpatient.de\/en\/#organization","name":"Apfelpatient","url":"https:\/\/www.apfelpatient.de\/en\/"},"image":{"@id":"https:\/\/www.apfelpatient.de\/rumors\/face-id-erstes-update-kommt-2019#primaryimage"},"thumbnailUrl":"https:\/\/www.apfelpatient.de\/wp-content\/uploads\/2018\/10\/iPhoneXr-Pre-Order_Black-White-Blue_10172018.jpg","keywords":["Face ID","iPhone","TrueDepth Kamera"],"articleSection":"Rumors","inLanguage":"en-US","potentialAction":[{"@type":"CommentAction","name":"Comment","target":["https:\/\/www.apfelpatient.de\/rumors\/face-id-erstes-update-kommt-2019#respond"]}],"copyrightYear":"2018","copyrightHolder":{"@id":"https:\/\/www.apfelpatient.de\/en\/#organization"}},{"@type":"WebPage","@id":"https:\/\/www.apfelpatient.de\/rumors\/face-id-erstes-update-kommt-2019","url":"https:\/\/www.apfelpatient.de\/rumors\/face-id-erstes-update-kommt-2019","name":"Face ID: First update coming in 2019 Apfelpatient","isPartOf":{"@id":"https:\/\/www.apfelpatient.de\/#website"},"primaryImageOfPage":{"@id":"https:\/\/www.apfelpatient.de\/rumors\/face-id-erstes-update-kommt-2019#primaryimage"},"image":{"@id":"https:\/\/www.apfelpatient.de\/rumors\/face-id-erstes-update-kommt-2019#primaryimage"},"thumbnailUrl":"https:\/\/www.apfelpatient.de\/wp-content\/uploads\/2018\/10\/iPhoneXr-Pre-Order_Black-White-Blue_10172018.jpg","datePublished":"2018-11-02T17:32:40+00:00","description":"Apple recently introduced new iPad Pro models - these now also feature the biometric recognition technology Face ID. Since this year","breadcrumb":{"@id":"https:\/\/www.apfelpatient.de\/rumors\/face-id-erstes-update-kommt-2019#breadcrumb"},"inLanguage":"en-US","potentialAction":[{"@type":"ReadAction","target":["https:\/\/www.apfelpatient.de\/rumors\/face-id-erstes-update-kommt-2019"]}]},{"@type":"ImageObject","inLanguage":"en-US","@id":"https:\/\/www.apfelpatient.de\/rumors\/face-id-erstes-update-kommt-2019#primaryimage","url":"https:\/\/www.apfelpatient.de\/wp-content\/uploads\/2018\/10\/iPhoneXr-Pre-Order_Black-White-Blue_10172018.jpg","contentUrl":"https:\/\/www.apfelpatient.de\/wp-content\/uploads\/2018\/10\/iPhoneXr-Pre-Order_Black-White-Blue_10172018.jpg","width":1632,"height":1958,"caption":"Bild: Apple"},{"@type":"BreadcrumbList","@id":"https:\/\/www.apfelpatient.de\/rumors\/face-id-erstes-update-kommt-2019#breadcrumb","itemListElement":[{"@type":"ListItem","position":1,"name":"Startseite","item":"https:\/\/www.apfelpatient.de\/"},{"@type":"ListItem","position":2,"name":"Face ID: Erstes Update kommt 2019"}]},{"@type":"WebSite","@id":"https:\/\/www.apfelpatient.de\/#website","url":"https:\/\/www.apfelpatient.de\/","name":"apple patient","description":"Everything about Apple!","publisher":{"@type":"Organization","@id":"https:\/\/www.apfelpatient.de\/en\/#organization","name":"Apfelpatient","url":"https:\/\/www.apfelpatient.de\/en\/"},"alternateName":"Apfelpatient","potentialAction":[{"@type":"SearchAction","target":{"@type":"EntryPoint","urlTemplate":"https:\/\/www.apfelpatient.de\/?s={search_term_string}"},"query-input":{"@type":"PropertyValueSpecification","valueRequired":true,"valueName":"search_term_string"}}],"inLanguage":"en-US"},{"@type":["Person","Organization"],"@id":"https:\/\/www.apfelpatient.de\/#\/schema\/person\/7dc56ad6c8e9824b76d2c08d4c140e13","name":"Milan","logo":{"@id":"https:\/\/www.apfelpatient.de\/#\/schema\/person\/image\/"},"description":"Hello and welcome to my technology blog! As a big Apple fan, I report on everything to do with Apple: from the latest news and exciting rumors to helpful tips and tricks and detailed product tests. If you are as enthusiastic about technology as I am, you have come to the right place!","sameAs":["https:\/\/www.facebook.com\/apfelpatientOfficial","https:\/\/www.linkedin.com\/in\/milan-jovicic-42aa0231b"],"url":"https:\/\/www.apfelpatient.de\/en\/author\/apfeladmin"}]}},"_links":{"self":[{"href":"https:\/\/www.apfelpatient.de\/en\/wp-json\/wp\/v2\/posts\/2500","targetHints":{"allow":["GET"]}}],"collection":[{"href":"https:\/\/www.apfelpatient.de\/en\/wp-json\/wp\/v2\/posts"}],"about":[{"href":"https:\/\/www.apfelpatient.de\/en\/wp-json\/wp\/v2\/types\/post"}],"author":[{"embeddable":true,"href":"https:\/\/www.apfelpatient.de\/en\/wp-json\/wp\/v2\/users\/2"}],"replies":[{"embeddable":true,"href":"https:\/\/www.apfelpatient.de\/en\/wp-json\/wp\/v2\/comments?post=2500"}],"version-history":[{"count":0,"href":"https:\/\/www.apfelpatient.de\/en\/wp-json\/wp\/v2\/posts\/2500\/revisions"}],"wp:featuredmedia":[{"embeddable":true,"href":"https:\/\/www.apfelpatient.de\/en\/wp-json\/wp\/v2\/media\/2349"}],"wp:attachment":[{"href":"https:\/\/www.apfelpatient.de\/en\/wp-json\/wp\/v2\/media?parent=2500"}],"wp:term":[{"taxonomy":"category","embeddable":true,"href":"https:\/\/www.apfelpatient.de\/en\/wp-json\/wp\/v2\/categories?post=2500"},{"taxonomy":"post_tag","embeddable":true,"href":"https:\/\/www.apfelpatient.de\/en\/wp-json\/wp\/v2\/tags?post=2500"}],"curies":[{"name":"wp","href":"https:\/\/api.w.org\/{rel}","templated":true}]}}