{"id":24931,"date":"2021-07-27T20:47:15","date_gmt":"2021-07-27T18:47:15","guid":{"rendered":"https:\/\/www.apfelpatient.de\/?p=24931"},"modified":"2021-07-27T20:47:16","modified_gmt":"2021-07-27T18:47:16","slug":"new-rumors-about-ipad-air-5-ipad-mini-6-ipad-9","status":"publish","type":"post","link":"https:\/\/www.apfelpatient.de\/en\/rumors\/neue-geruechte-zu-ipad-air-5-ipad-mini-6-ipad-9","title":{"rendered":"New rumors about iPad Air 5, iPad mini 6 &amp; iPad 9"},"content":{"rendered":"<p class=\"has-drop-cap\"><strong>Rumors about new iPad models are now documented regularly. But today three different iPad series were discussed: the iPad Air 5, iPad mini 6 and the ninth generation iPad.<\/strong><\/p>\n\n\n\n<p>Citing a Chinese supplier <a href=\"http:\/\/www.macotakara.jp\/blog\/rumor\/entry-41593.html\" target=\"_blank\" rel=\"noreferrer noopener\">reported<\/a> Macotakara that the fifth generation iPad Air will continue to have a 10.9-inch display and a Touch ID button on the side. But the device is said to have a dual-lens camera system with wide and ultra-wide angle lenses. A LiDAR scanner could also be part of the innovations. However, this is not certain. The updated tablet could also get a better audio system with four speakers and 5G support. Macotakara assumes that the fifth generation iPad Air will be equipped with an A15 chip. While today&#039;s report does not contain any details about the market launch, previous reports have suggested a launch in early 2022. In addition, Macotakara does not mention whether the device will have an OLED display. Previous sources have predicted these innovations several times. As things stand, the iPad Air is expected to adopt OLED technology while the iPad Pro line will stick with mini-LED technology.<\/p>\n\n\n\n<h3 class=\"wp-block-heading\" id=\"h-ipad-mini-6-bericht-widerspricht-zuverl-ssigen-quellen\">iPad mini 6: Report contradicts reliable sources<\/h3>\n\n\n\n<p>Regarding the iPad mini 6 and ninth-generation iPad, Macotakara claims that the devices &quot;do not appear to be any different from the existing eighth-generation iPads and iPad mini 5.&quot; The site suggests that it&#039;s possible that the only update will be an upgrade to the A14 chip, with a design change not expected until 2022 or later. This statement is by no means consistent with previous reports surrounding the iPad mini 6. After all, we&#039;ve heard from reliable sources such as Apple analyst Ming-Chi Kuo and Mark Gurman (Bloomberg) suggesting that the next iPad mini will have a larger display and possibly no home button. So Macotakara&#039;s statement should be viewed with some skepticism. (Photo by Unsplash \/ Miguel Tom\u00e1s)<\/p>\n\n\n\n<ul class=\"wp-block-list\"><li><a href=\"https:\/\/www.apfelpatient.de\/en\/rumors\/ipad-mini-6-is-said-to-have-an-8-3-inch-display\">iPad mini 6 is said to have an 8.3-inch display<\/a><\/li><\/ul>\n\n\n\n<h6 class=\"wp-block-heading translation-block\" id=\"h-kennt-ihr-schon-unsere-amazon-storefront-dort-findet-ihr-eine-handverlesene-auswahl-von-diversen-produkten-f-r-euer-iphone-und-co-viel-spa-beim-st-bern\"><em>Have you already visited our Amazon Storefront? There you&#039;ll find a hand-picked selection of various products for your iPhone and other devices \u2013 <span class=\"has-inline-color has-vivid-red-color\"><a href=\"https:\/\/www.amazon.de\/shop\/apfelpatientofficial\" class=\"ek-link\" data-wpel-link=\"exclude\" rel=\"follow noopener\" target=\"_self\"><span style=\"text-decoration: underline\" class=\"ek-underline\">enjoy browsing<\/span><\/a> !<\/span><\/em><\/h6>\n\n\n\n<h6 class=\"wp-block-heading translation-block\" id=\"h-der-beitrag-enthalt-partnerlinks\">This post contains <a data-type=\"URL\" data-id=\"https:\/\/www.apfelpatient.de\/partnerprogramm\" href=\"https:\/\/www.apfelpatient.de\/en\/partner-program\" data-wpel-link=\"internal\" target=\"_self\">affiliate links<\/a>.<\/h6>","protected":false},"excerpt":{"rendered":"<p>iPad Air 5, iPad mini 6 and the ninth generation iPad: rumors about new iPad models are now regularly documented.<\/p>","protected":false},"author":2,"featured_media":24919,"comment_status":"closed","ping_status":"closed","sticky":false,"template":"","format":"standard","meta":{"jnews-multi-image_gallery":[],"jnews_single_post":{"subtitle":"","format":"standard","video":"","gallery":"","source_name":"","source_url":"","via_name":"","via_url":"","override":[{"single_blog_custom":"","sidebar":"","second_sidebar":"","share_position":"","share_float_style":"","post_date_format":"","post_date_format_custom":"","post_reading_time_wpm":"","zoom_button_out_step":"1","zoom_button_in_step":"1","number_popup_post":"1"}],"image_override":[{"single_post_thumbnail_size":"","single_post_gallery_size":""}],"trending_post_position":"","trending_post_label":"","sponsored_post_label":"","sponsored_post_name":"","sponsored_post_url":"","sponsored_post_logo":"","sponsored_post_desc":""},"jnews_primary_category":{"id":"25"},"footnotes":""},"categories":[25],"tags":[18],"class_list":["post-24931","post","type-post","status-publish","format-standard","has-post-thumbnail","hentry","category-rumors","tag-ipad"],"yoast_head":"<!-- This site is optimized with the Yoast SEO Premium plugin v27.5 (Yoast SEO v27.5) - https:\/\/yoast.com\/product\/yoast-seo-premium-wordpress\/ -->\n<title>Neue Ger\u00fcchte zu iPad Air 5, iPad mini 6 &amp; iPad 9 Apfelpatient<\/title>\n<meta name=\"description\" content=\"iPad Air 5, iPad mini 6 und das iPad der neunten Generation: Ger\u00fcchte zu neuen iPad-Modellen werden mittlerweile regelm\u00e4\u00dfig dokumentiert.\" \/>\n<meta name=\"robots\" content=\"index, follow, max-snippet:-1, max-image-preview:large, max-video-preview:-1\" \/>\n<link rel=\"canonical\" href=\"https:\/\/www.apfelpatient.de\/en\/rumors\/new-rumors-about-ipad-air-5-ipad-mini-6-ipad-9\" \/>\n<meta property=\"og:locale\" content=\"en_US\" \/>\n<meta property=\"og:type\" content=\"article\" \/>\n<meta property=\"og:title\" content=\"Neue Ger\u00fcchte zu iPad Air 5, iPad mini 6 &amp; iPad 9\" \/>\n<meta property=\"og:description\" content=\"iPad Air 5, iPad mini 6 und das iPad der neunten Generation: Ger\u00fcchte zu neuen iPad-Modellen werden mittlerweile regelm\u00e4\u00dfig dokumentiert.\" \/>\n<meta property=\"og:url\" content=\"https:\/\/www.apfelpatient.de\/en\/rumors\/new-rumors-about-ipad-air-5-ipad-mini-6-ipad-9\" \/>\n<meta property=\"og:site_name\" content=\"Apfelpatient\" \/>\n<meta property=\"article:publisher\" content=\"https:\/\/www.facebook.com\/apfelpatientOfficial\" \/>\n<meta property=\"article:author\" content=\"https:\/\/www.facebook.com\/apfelpatientOfficial\" \/>\n<meta property=\"article:published_time\" content=\"2021-07-27T18:47:15+00:00\" \/>\n<meta property=\"article:modified_time\" content=\"2021-07-27T18:47:16+00:00\" \/>\n<meta property=\"og:image\" content=\"https:\/\/www.apfelpatient.de\/wp-content\/uploads\/2021\/07\/miguel-tomas-AsTrXHXDWKw-unsplash.jpg\" \/>\n\t<meta property=\"og:image:width\" content=\"1600\" \/>\n\t<meta property=\"og:image:height\" content=\"1200\" \/>\n\t<meta property=\"og:image:type\" content=\"image\/jpeg\" \/>\n<meta name=\"author\" content=\"Milan\" \/>\n<meta name=\"twitter:card\" content=\"summary_large_image\" \/>\n<meta name=\"twitter:description\" content=\"iPad Air 5, iPad mini 6 und das iPad der neunten Generation: Ger\u00fcchte zu neuen iPad-Modellen werden mittlerweile regelm\u00e4\u00dfig dokumentiert.\" \/>\n<meta name=\"twitter:label1\" content=\"Written by\" \/>\n\t<meta name=\"twitter:data1\" content=\"Milan\" \/>\n\t<meta name=\"twitter:label2\" content=\"Est. reading time\" \/>\n\t<meta name=\"twitter:data2\" content=\"2 minutes\" \/>\n<script type=\"application\/ld+json\" class=\"yoast-schema-graph\">{\"@context\":\"https:\\\/\\\/schema.org\",\"@graph\":[{\"@type\":\"NewsArticle\",\"@id\":\"https:\\\/\\\/www.apfelpatient.de\\\/rumors\\\/neue-geruechte-zu-ipad-air-5-ipad-mini-6-ipad-9#article\",\"isPartOf\":{\"@id\":\"https:\\\/\\\/www.apfelpatient.de\\\/rumors\\\/neue-geruechte-zu-ipad-air-5-ipad-mini-6-ipad-9\"},\"author\":{\"@type\":\"Organization\",\"@id\":\"https:\\\/\\\/www.apfelpatient.de\\\/en\\\/#organization\",\"name\":\"Apfelpatient\",\"url\":\"https:\\\/\\\/www.apfelpatient.de\\\/en\\\/\"},\"headline\":\"Neue Ger\u00fcchte zu iPad Air 5, iPad mini 6 &amp; iPad 9\",\"datePublished\":\"2021-07-27T18:47:15+00:00\",\"dateModified\":\"2021-07-27T18:47:16+00:00\",\"mainEntityOfPage\":{\"@id\":\"https:\\\/\\\/www.apfelpatient.de\\\/rumors\\\/neue-geruechte-zu-ipad-air-5-ipad-mini-6-ipad-9\"},\"wordCount\":345,\"publisher\":{\"@type\":\"Organization\",\"@id\":\"https:\\\/\\\/www.apfelpatient.de\\\/en\\\/#organization\",\"name\":\"Apfelpatient\",\"url\":\"https:\\\/\\\/www.apfelpatient.de\\\/en\\\/\"},\"image\":{\"@id\":\"https:\\\/\\\/www.apfelpatient.de\\\/rumors\\\/neue-geruechte-zu-ipad-air-5-ipad-mini-6-ipad-9#primaryimage\"},\"thumbnailUrl\":\"https:\\\/\\\/www.apfelpatient.de\\\/wp-content\\\/uploads\\\/2021\\\/07\\\/miguel-tomas-AsTrXHXDWKw-unsplash.jpg\",\"keywords\":[\"iPad\"],\"articleSection\":\"Rumors\",\"inLanguage\":\"en-US\",\"copyrightYear\":\"2021\",\"copyrightHolder\":{\"@id\":\"https:\\\/\\\/www.apfelpatient.de\\\/en\\\/#organization\"}},{\"@type\":\"WebPage\",\"@id\":\"https:\\\/\\\/www.apfelpatient.de\\\/rumors\\\/neue-geruechte-zu-ipad-air-5-ipad-mini-6-ipad-9\",\"url\":\"https:\\\/\\\/www.apfelpatient.de\\\/rumors\\\/neue-geruechte-zu-ipad-air-5-ipad-mini-6-ipad-9\",\"name\":\"Neue Ger\u00fcchte zu iPad Air 5, iPad mini 6 &amp; iPad 9 Apfelpatient\",\"isPartOf\":{\"@id\":\"https:\\\/\\\/www.apfelpatient.de\\\/#website\"},\"primaryImageOfPage\":{\"@id\":\"https:\\\/\\\/www.apfelpatient.de\\\/rumors\\\/neue-geruechte-zu-ipad-air-5-ipad-mini-6-ipad-9#primaryimage\"},\"image\":{\"@id\":\"https:\\\/\\\/www.apfelpatient.de\\\/rumors\\\/neue-geruechte-zu-ipad-air-5-ipad-mini-6-ipad-9#primaryimage\"},\"thumbnailUrl\":\"https:\\\/\\\/www.apfelpatient.de\\\/wp-content\\\/uploads\\\/2021\\\/07\\\/miguel-tomas-AsTrXHXDWKw-unsplash.jpg\",\"datePublished\":\"2021-07-27T18:47:15+00:00\",\"dateModified\":\"2021-07-27T18:47:16+00:00\",\"description\":\"iPad Air 5, iPad mini 6 und das iPad der neunten Generation: Ger\u00fcchte zu neuen iPad-Modellen werden mittlerweile regelm\u00e4\u00dfig dokumentiert.\",\"breadcrumb\":{\"@id\":\"https:\\\/\\\/www.apfelpatient.de\\\/rumors\\\/neue-geruechte-zu-ipad-air-5-ipad-mini-6-ipad-9#breadcrumb\"},\"inLanguage\":\"en-US\",\"potentialAction\":[{\"@type\":\"ReadAction\",\"target\":[\"https:\\\/\\\/www.apfelpatient.de\\\/rumors\\\/neue-geruechte-zu-ipad-air-5-ipad-mini-6-ipad-9\"]}]},{\"@type\":\"ImageObject\",\"inLanguage\":\"en-US\",\"@id\":\"https:\\\/\\\/www.apfelpatient.de\\\/rumors\\\/neue-geruechte-zu-ipad-air-5-ipad-mini-6-ipad-9#primaryimage\",\"url\":\"https:\\\/\\\/www.apfelpatient.de\\\/wp-content\\\/uploads\\\/2021\\\/07\\\/miguel-tomas-AsTrXHXDWKw-unsplash.jpg\",\"contentUrl\":\"https:\\\/\\\/www.apfelpatient.de\\\/wp-content\\\/uploads\\\/2021\\\/07\\\/miguel-tomas-AsTrXHXDWKw-unsplash.jpg\",\"width\":1600,\"height\":1200,\"caption\":\"Photo by Unsplash \\\/ Miguel Tom\u00e1s\"},{\"@type\":\"BreadcrumbList\",\"@id\":\"https:\\\/\\\/www.apfelpatient.de\\\/rumors\\\/neue-geruechte-zu-ipad-air-5-ipad-mini-6-ipad-9#breadcrumb\",\"itemListElement\":[{\"@type\":\"ListItem\",\"position\":1,\"name\":\"Startseite\",\"item\":\"https:\\\/\\\/www.apfelpatient.de\\\/\"},{\"@type\":\"ListItem\",\"position\":2,\"name\":\"Neue Ger\u00fcchte zu iPad Air 5, iPad mini 6 &amp; iPad 9\"}]},{\"@type\":\"WebSite\",\"@id\":\"https:\\\/\\\/www.apfelpatient.de\\\/#website\",\"url\":\"https:\\\/\\\/www.apfelpatient.de\\\/\",\"name\":\"Apfelpatient\",\"description\":\"Alles rund um Apple!\",\"publisher\":{\"@type\":\"Organization\",\"@id\":\"https:\\\/\\\/www.apfelpatient.de\\\/en\\\/#organization\",\"name\":\"Apfelpatient\",\"url\":\"https:\\\/\\\/www.apfelpatient.de\\\/en\\\/\"},\"alternateName\":\"Apfelpatient\",\"potentialAction\":[{\"@type\":\"SearchAction\",\"target\":{\"@type\":\"EntryPoint\",\"urlTemplate\":\"https:\\\/\\\/www.apfelpatient.de\\\/?s={search_term_string}\"},\"query-input\":{\"@type\":\"PropertyValueSpecification\",\"valueRequired\":true,\"valueName\":\"search_term_string\"}}],\"inLanguage\":\"en-US\"},{\"@type\":[\"Person\",\"Organization\"],\"@id\":\"https:\\\/\\\/www.apfelpatient.de\\\/#\\\/schema\\\/person\\\/35b3ddba5832f2bfc7fff5206d4f6b7b\",\"name\":\"Milan\",\"logo\":{\"@id\":\"https:\\\/\\\/www.apfelpatient.de\\\/#\\\/schema\\\/person\\\/image\\\/\"},\"description\":\"Hallo und herzlich willkommen auf meinem Technik-Blog! Als gro\u00dfer Apple-Fan berichte ich hier \u00fcber alles, was mit Apple zu tun hat: von den neuesten News und spannenden Ger\u00fcchten \u00fcber hilfreiche Tipps und Tricks bis hin zu ausf\u00fchrlichen Produkttests. Wenn du genauso technikbegeistert bist wie ich, bist du hier genau richtig!\",\"sameAs\":[\"https:\\\/\\\/www.facebook.com\\\/apfelpatientOfficial\",\"https:\\\/\\\/www.linkedin.com\\\/in\\\/milan-jovicic-42aa0231b\"],\"url\":\"https:\\\/\\\/www.apfelpatient.de\\\/en\\\/author\\\/apfeladmin\"}]}<\/script>\n<!-- \/ Yoast SEO Premium plugin. -->","yoast_head_json":{"title":"New rumors about iPad Air 5, iPad mini 6 &amp; iPad 9 Apfelpatient","description":"iPad Air 5, iPad mini 6 and the ninth generation iPad: rumors about new iPad models are now regularly documented.","robots":{"index":"index","follow":"follow","max-snippet":"max-snippet:-1","max-image-preview":"max-image-preview:large","max-video-preview":"max-video-preview:-1"},"canonical":"https:\/\/www.apfelpatient.de\/en\/rumors\/new-rumors-about-ipad-air-5-ipad-mini-6-ipad-9","og_locale":"en_US","og_type":"article","og_title":"Neue Ger\u00fcchte zu iPad Air 5, iPad mini 6 &amp; iPad 9","og_description":"iPad Air 5, iPad mini 6 und das iPad der neunten Generation: Ger\u00fcchte zu neuen iPad-Modellen werden mittlerweile regelm\u00e4\u00dfig dokumentiert.","og_url":"https:\/\/www.apfelpatient.de\/en\/rumors\/new-rumors-about-ipad-air-5-ipad-mini-6-ipad-9","og_site_name":"Apfelpatient","article_publisher":"https:\/\/www.facebook.com\/apfelpatientOfficial","article_author":"https:\/\/www.facebook.com\/apfelpatientOfficial","article_published_time":"2021-07-27T18:47:15+00:00","article_modified_time":"2021-07-27T18:47:16+00:00","og_image":[{"width":1600,"height":1200,"url":"https:\/\/www.apfelpatient.de\/wp-content\/uploads\/2021\/07\/miguel-tomas-AsTrXHXDWKw-unsplash.jpg","type":"image\/jpeg"}],"author":"Milan","twitter_card":"summary_large_image","twitter_description":"iPad Air 5, iPad mini 6 und das iPad der neunten Generation: Ger\u00fcchte zu neuen iPad-Modellen werden mittlerweile regelm\u00e4\u00dfig dokumentiert.","twitter_misc":{"Written by":"Milan","Est. reading time":"2 minutes"},"schema":{"@context":"https:\/\/schema.org","@graph":[{"@type":"NewsArticle","@id":"https:\/\/www.apfelpatient.de\/rumors\/neue-geruechte-zu-ipad-air-5-ipad-mini-6-ipad-9#article","isPartOf":{"@id":"https:\/\/www.apfelpatient.de\/rumors\/neue-geruechte-zu-ipad-air-5-ipad-mini-6-ipad-9"},"author":{"@type":"Organization","@id":"https:\/\/www.apfelpatient.de\/en\/#organization","name":"Apfelpatient","url":"https:\/\/www.apfelpatient.de\/en\/"},"headline":"Neue Ger\u00fcchte zu iPad Air 5, iPad mini 6 &amp; iPad 9","datePublished":"2021-07-27T18:47:15+00:00","dateModified":"2021-07-27T18:47:16+00:00","mainEntityOfPage":{"@id":"https:\/\/www.apfelpatient.de\/rumors\/neue-geruechte-zu-ipad-air-5-ipad-mini-6-ipad-9"},"wordCount":345,"publisher":{"@type":"Organization","@id":"https:\/\/www.apfelpatient.de\/en\/#organization","name":"Apfelpatient","url":"https:\/\/www.apfelpatient.de\/en\/"},"image":{"@id":"https:\/\/www.apfelpatient.de\/rumors\/neue-geruechte-zu-ipad-air-5-ipad-mini-6-ipad-9#primaryimage"},"thumbnailUrl":"https:\/\/www.apfelpatient.de\/wp-content\/uploads\/2021\/07\/miguel-tomas-AsTrXHXDWKw-unsplash.jpg","keywords":["iPad"],"articleSection":"Rumors","inLanguage":"en-US","copyrightYear":"2021","copyrightHolder":{"@id":"https:\/\/www.apfelpatient.de\/en\/#organization"}},{"@type":"WebPage","@id":"https:\/\/www.apfelpatient.de\/rumors\/neue-geruechte-zu-ipad-air-5-ipad-mini-6-ipad-9","url":"https:\/\/www.apfelpatient.de\/rumors\/neue-geruechte-zu-ipad-air-5-ipad-mini-6-ipad-9","name":"New rumors about iPad Air 5, iPad mini 6 &amp; iPad 9 Apfelpatient","isPartOf":{"@id":"https:\/\/www.apfelpatient.de\/#website"},"primaryImageOfPage":{"@id":"https:\/\/www.apfelpatient.de\/rumors\/neue-geruechte-zu-ipad-air-5-ipad-mini-6-ipad-9#primaryimage"},"image":{"@id":"https:\/\/www.apfelpatient.de\/rumors\/neue-geruechte-zu-ipad-air-5-ipad-mini-6-ipad-9#primaryimage"},"thumbnailUrl":"https:\/\/www.apfelpatient.de\/wp-content\/uploads\/2021\/07\/miguel-tomas-AsTrXHXDWKw-unsplash.jpg","datePublished":"2021-07-27T18:47:15+00:00","dateModified":"2021-07-27T18:47:16+00:00","description":"iPad Air 5, iPad mini 6 and the ninth generation iPad: rumors about new iPad models are now regularly documented.","breadcrumb":{"@id":"https:\/\/www.apfelpatient.de\/rumors\/neue-geruechte-zu-ipad-air-5-ipad-mini-6-ipad-9#breadcrumb"},"inLanguage":"en-US","potentialAction":[{"@type":"ReadAction","target":["https:\/\/www.apfelpatient.de\/rumors\/neue-geruechte-zu-ipad-air-5-ipad-mini-6-ipad-9"]}]},{"@type":"ImageObject","inLanguage":"en-US","@id":"https:\/\/www.apfelpatient.de\/rumors\/neue-geruechte-zu-ipad-air-5-ipad-mini-6-ipad-9#primaryimage","url":"https:\/\/www.apfelpatient.de\/wp-content\/uploads\/2021\/07\/miguel-tomas-AsTrXHXDWKw-unsplash.jpg","contentUrl":"https:\/\/www.apfelpatient.de\/wp-content\/uploads\/2021\/07\/miguel-tomas-AsTrXHXDWKw-unsplash.jpg","width":1600,"height":1200,"caption":"Photo by Unsplash \/ Miguel Tom\u00e1s"},{"@type":"BreadcrumbList","@id":"https:\/\/www.apfelpatient.de\/rumors\/neue-geruechte-zu-ipad-air-5-ipad-mini-6-ipad-9#breadcrumb","itemListElement":[{"@type":"ListItem","position":1,"name":"Startseite","item":"https:\/\/www.apfelpatient.de\/"},{"@type":"ListItem","position":2,"name":"Neue Ger\u00fcchte zu iPad Air 5, iPad mini 6 &amp; iPad 9"}]},{"@type":"WebSite","@id":"https:\/\/www.apfelpatient.de\/#website","url":"https:\/\/www.apfelpatient.de\/","name":"apple patient","description":"Everything about Apple!","publisher":{"@type":"Organization","@id":"https:\/\/www.apfelpatient.de\/en\/#organization","name":"Apfelpatient","url":"https:\/\/www.apfelpatient.de\/en\/"},"alternateName":"Apfelpatient","potentialAction":[{"@type":"SearchAction","target":{"@type":"EntryPoint","urlTemplate":"https:\/\/www.apfelpatient.de\/?s={search_term_string}"},"query-input":{"@type":"PropertyValueSpecification","valueRequired":true,"valueName":"search_term_string"}}],"inLanguage":"en-US"},{"@type":["Person","Organization"],"@id":"https:\/\/www.apfelpatient.de\/#\/schema\/person\/35b3ddba5832f2bfc7fff5206d4f6b7b","name":"Milan","logo":{"@id":"https:\/\/www.apfelpatient.de\/#\/schema\/person\/image\/"},"description":"Hello and welcome to my technology blog! As a big Apple fan, I report on everything to do with Apple: from the latest news and exciting rumors to helpful tips and tricks and detailed product tests. If you are as enthusiastic about technology as I am, you have come to the right place!","sameAs":["https:\/\/www.facebook.com\/apfelpatientOfficial","https:\/\/www.linkedin.com\/in\/milan-jovicic-42aa0231b"],"url":"https:\/\/www.apfelpatient.de\/en\/author\/apfeladmin"}]}},"_links":{"self":[{"href":"https:\/\/www.apfelpatient.de\/en\/wp-json\/wp\/v2\/posts\/24931","targetHints":{"allow":["GET"]}}],"collection":[{"href":"https:\/\/www.apfelpatient.de\/en\/wp-json\/wp\/v2\/posts"}],"about":[{"href":"https:\/\/www.apfelpatient.de\/en\/wp-json\/wp\/v2\/types\/post"}],"author":[{"embeddable":true,"href":"https:\/\/www.apfelpatient.de\/en\/wp-json\/wp\/v2\/users\/2"}],"replies":[{"embeddable":true,"href":"https:\/\/www.apfelpatient.de\/en\/wp-json\/wp\/v2\/comments?post=24931"}],"version-history":[{"count":0,"href":"https:\/\/www.apfelpatient.de\/en\/wp-json\/wp\/v2\/posts\/24931\/revisions"}],"wp:featuredmedia":[{"embeddable":true,"href":"https:\/\/www.apfelpatient.de\/en\/wp-json\/wp\/v2\/media\/24919"}],"wp:attachment":[{"href":"https:\/\/www.apfelpatient.de\/en\/wp-json\/wp\/v2\/media?parent=24931"}],"wp:term":[{"taxonomy":"category","embeddable":true,"href":"https:\/\/www.apfelpatient.de\/en\/wp-json\/wp\/v2\/categories?post=24931"},{"taxonomy":"post_tag","embeddable":true,"href":"https:\/\/www.apfelpatient.de\/en\/wp-json\/wp\/v2\/tags?post=24931"}],"curies":[{"name":"wp","href":"https:\/\/api.w.org\/{rel}","templated":true}]}}