{"id":24912,"date":"2021-07-27T18:16:58","date_gmt":"2021-07-27T16:16:58","guid":{"rendered":"https:\/\/www.apfelpatient.de\/?p=24912"},"modified":"2021-07-27T18:16:59","modified_gmt":"2021-07-27T16:16:59","slug":"instagram-for-children-facebook-sticks-to-plan","status":"publish","type":"post","link":"https:\/\/www.apfelpatient.de\/en\/news\/instagram-fuer-kinder-facebook-haelt-an-plan-fest","title":{"rendered":"Instagram for kids: Facebook sticks to plan"},"content":{"rendered":"<p class=\"has-drop-cap\"><strong>Facebook has published two posts today about Instagram for kids. Specifically, they address two issues: creating a safe experience for teens on Instagram and age verification to ensure users are of the right age.<\/strong><\/p>\n\n\n\n<p>In recent months, some organizations have criticized Facebook for planning to create an Instagram for children. <a href=\"https:\/\/www.apfelpatient.de\/en\/news\/instagram-for-kids-zuckerberg-faces-headwind\">In a letter<\/a> The Campaign for a Commercial-Free Childhood, an international coalition of 35 children&#039;s and consumer groups, wrote to Mark Zuckerberg that &quot;a children&#039;s version of Instagram could entangle even younger users in endless routines of photo scrolling and body image shaming.&quot; The letter states:<\/p>\n\n\n\n<h3 class=\"wp-block-heading\" id=\"h-facebook-es-gibt-keine-narrensichere-m-glichkeit-menschen-davon-abzuhalten-ihr-alter-falsch-anzugeben\">Facebook: \u201cThere is no foolproof way to stop people from misrepresenting their age\u201d<\/h3>\n\n\n\n\n\n\n\n<blockquote class=\"wp-block-quote is-layout-flow wp-block-quote-is-layout-flow\"><p>The real audience for a kids&#039; version of Instagram will be much younger children who don&#039;t currently have accounts on the platform. While collecting valuable family data and cultivating a new generation of Instagram users may be good for Facebook&#039;s bottom line, it will likely increase the app&#039;s use by young children, who are particularly vulnerable to the platform&#039;s manipulative and exploitative features.<\/p><\/blockquote>\n\n\n\n<p>Despite the criticism, Facebook believes that it is better to create a tool for these children than to ban them from being online. In today&#039;s <a href=\"https:\/\/about.fb.com\/news\/2021\/07\/instagram-safe-and-private-for-young-people\/\" target=\"_blank\" rel=\"noreferrer noopener\">Contribution<\/a> is it [called:<\/p>\n\n\n\n<blockquote class=\"wp-block-quote is-layout-flow wp-block-quote-is-layout-flow\"><p>We&#039;re also looking at ways we can reduce the incentive for people under 13 to lie about their age. The reality is, they&#039;re already online, and since there&#039;s no foolproof way to stop people from misrepresenting their age, we want to create experiences specifically designed for them that are managed by parents and guardians. This includes a new Instagram experience for kids. We believe encouraging them to use an experience that is age-appropriate and managed by parents is the right way to go.<\/p><\/blockquote>\n\n\n\n<h3 class=\"wp-block-heading\">Improving the Instagram experience for people under 18 but over 13: This is what Facebook wants to do<\/h3>\n\n\n\n<p>Facebook is focusing on three main pillars to provide young people with a safer, more private experience on Instagram:<\/p>\n\n\n\n<ul class=\"wp-block-list\"><li>Putting young people on private accounts by default<\/li><li>The potential for suspicious accounts to find young people<\/li><li>Limiting the opportunities advertisers have to reach young people with ads<\/li><\/ul>\n\n\n\n<p>For example, teens under 16 (or under 18 in certain countries) will be given a private account by default when they join Instagram. This means other users will no longer be able to comment on their content or see them in areas like Explore or Hashtags.<\/p>\n\n\n\n<h3 class=\"wp-block-heading\">Certain targeting options will no longer be available to advertisers<\/h3>\n\n\n\n\n\n\n\n<p>In the US, Australia, France, the UK and Japan, Instagram has also developed new technology to help the company find accounts that have shown potentially suspicious behaviour and then block them from interacting with teens&#039; accounts. By &quot;potentially suspicious behaviour&quot; Instagram means accounts belonging to adults that have, for example, been recently blocked or reported by a teen. Facebook is also changing the way advertisers can engage with children:<\/p>\n\n\n\n<blockquote class=\"wp-block-quote is-layout-flow wp-block-quote-is-layout-flow\"><p>In a few weeks, we will only allow advertisers to target ads to people under 18 (or older in certain countries) based on their age, gender, and location. This means that previously available targeting options, such as based on interests or activity on other apps and websites, will no longer be available to advertisers. These changes will take effect globally and apply to Instagram, Facebook, and Messenger.<\/p><\/blockquote>\n\n\n\n<p>Facebook also provides some insight into how the company uses AI, collaboration with industry partners and experts, and counting other users who report people under the age of 13 on Facebook and Instagram to determine whether a minor is using its platform. Whether Facebook&#039;s plan will ultimately work in this form remains to be seen, of course - opposition from relevant organizations is certainly to be expected. (Photo by Unsplash \/ Solen Feyissa)<\/p>\n\n\n\n<ul class=\"wp-block-list\"><li><a href=\"https:\/\/www.apfelpatient.de\/en\/news\/facebook-group-members-can-become-group-experts\">Facebook Groups: Members can become \u201cgroup experts\u201d<\/a><\/li><\/ul>\n\n\n\n<h6 class=\"wp-block-heading translation-block\" id=\"h-kennt-ihr-schon-unsere-amazon-storefront-dort-findet-ihr-eine-handverlesene-auswahl-von-diversen-produkten-f-r-euer-iphone-und-co-viel-spa-beim-st-bern\"><em>Have you already visited our Amazon Storefront? There you&#039;ll find a hand-picked selection of various products for your iPhone and other devices \u2013 <span class=\"has-inline-color has-vivid-red-color\"><a href=\"https:\/\/www.amazon.de\/shop\/apfelpatientofficial\" class=\"ek-link\" data-wpel-link=\"exclude\" rel=\"follow noopener\" target=\"_self\"><span style=\"text-decoration: underline\" class=\"ek-underline\">enjoy browsing<\/span><\/a> !<\/span><\/em><\/h6>\n\n\n\n<h6 class=\"wp-block-heading translation-block\" id=\"h-der-beitrag-enthalt-partnerlinks\">This post contains <a data-type=\"URL\" data-id=\"https:\/\/www.apfelpatient.de\/partnerprogramm\" href=\"https:\/\/www.apfelpatient.de\/en\/partner-program\" data-wpel-link=\"internal\" target=\"_self\">affiliate links<\/a>.<\/h6>","protected":false},"excerpt":{"rendered":"<p>Facebook published two posts today about Instagram for children. To be precise, two points are addressed.<\/p>","protected":false},"author":2,"featured_media":24911,"comment_status":"closed","ping_status":"closed","sticky":false,"template":"","format":"standard","meta":{"jnews-multi-image_gallery":[],"jnews_single_post":{"subtitle":"","format":"standard","video":"","gallery":"","source_name":"","source_url":"","via_name":"","via_url":"","override":[{"single_blog_custom":"","sidebar":"","second_sidebar":"","share_position":"","share_float_style":"","post_date_format":"","post_date_format_custom":"","post_reading_time_wpm":"","zoom_button_out_step":"1","zoom_button_in_step":"1","number_popup_post":"1"}],"image_override":[{"single_post_thumbnail_size":"","single_post_gallery_size":""}],"trending_post_position":"","trending_post_label":"","sponsored_post_label":"","sponsored_post_name":"","sponsored_post_url":"","sponsored_post_logo":"","sponsored_post_desc":""},"jnews_primary_category":{"id":"9"},"footnotes":""},"categories":[9],"tags":[142,143,13],"class_list":["post-24912","post","type-post","status-publish","format-standard","has-post-thumbnail","hentry","category-news","tag-facebook","tag-instagram","tag-techpatient"],"yoast_head":"<!-- This site is optimized with the Yoast SEO Premium plugin v27.5 (Yoast SEO v27.5) - https:\/\/yoast.com\/product\/yoast-seo-premium-wordpress\/ -->\n<title>Instagram f\u00fcr Kinder: Facebook h\u00e4lt an Plan fest Apfelpatient<\/title>\n<meta name=\"description\" content=\"Facebook hat heute zwei Beitr\u00e4ge ver\u00f6ffentlicht, in denen es um Instagram f\u00fcr Kinder geht. Genau genommen werden zwei Punkte thematisiert.\" \/>\n<meta name=\"robots\" content=\"index, follow, max-snippet:-1, max-image-preview:large, max-video-preview:-1\" \/>\n<link rel=\"canonical\" href=\"https:\/\/www.apfelpatient.de\/en\/news\/instagram-for-children-facebook-sticks-to-plan\" \/>\n<meta property=\"og:locale\" content=\"en_US\" \/>\n<meta property=\"og:type\" content=\"article\" \/>\n<meta property=\"og:title\" content=\"Instagram f\u00fcr Kinder: Facebook h\u00e4lt an Plan fest\" \/>\n<meta property=\"og:description\" content=\"Facebook hat heute zwei Beitr\u00e4ge ver\u00f6ffentlicht, in denen es um Instagram f\u00fcr Kinder geht. Genau genommen werden zwei Punkte thematisiert.\" \/>\n<meta property=\"og:url\" content=\"https:\/\/www.apfelpatient.de\/en\/news\/instagram-for-children-facebook-sticks-to-plan\" \/>\n<meta property=\"og:site_name\" content=\"Apfelpatient\" \/>\n<meta property=\"article:publisher\" content=\"https:\/\/www.facebook.com\/apfelpatientOfficial\" \/>\n<meta property=\"article:author\" content=\"https:\/\/www.facebook.com\/apfelpatientOfficial\" \/>\n<meta property=\"article:published_time\" content=\"2021-07-27T16:16:58+00:00\" \/>\n<meta property=\"article:modified_time\" content=\"2021-07-27T16:16:59+00:00\" \/>\n<meta property=\"og:image\" content=\"https:\/\/www.apfelpatient.de\/wp-content\/uploads\/2021\/07\/10DAB05C-AA23-4A0D-A59B-054EA790C864.jpeg\" \/>\n\t<meta property=\"og:image:width\" content=\"1600\" \/>\n\t<meta property=\"og:image:height\" content=\"1067\" \/>\n\t<meta property=\"og:image:type\" content=\"image\/jpeg\" \/>\n<meta name=\"author\" content=\"Milan\" \/>\n<meta name=\"twitter:card\" content=\"summary_large_image\" \/>\n<meta name=\"twitter:description\" content=\"Facebook hat heute zwei Beitr\u00e4ge ver\u00f6ffentlicht, in denen es um Instagram f\u00fcr Kinder geht. Genau genommen werden zwei Punkte thematisiert.\" \/>\n<meta name=\"twitter:label1\" content=\"Written by\" \/>\n\t<meta name=\"twitter:data1\" content=\"Milan\" \/>\n\t<meta name=\"twitter:label2\" content=\"Est. reading time\" \/>\n\t<meta name=\"twitter:data2\" content=\"3 minutes\" \/>\n<script type=\"application\/ld+json\" class=\"yoast-schema-graph\">{\"@context\":\"https:\\\/\\\/schema.org\",\"@graph\":[{\"@type\":\"NewsArticle\",\"@id\":\"https:\\\/\\\/www.apfelpatient.de\\\/news\\\/instagram-fuer-kinder-facebook-haelt-an-plan-fest#article\",\"isPartOf\":{\"@id\":\"https:\\\/\\\/www.apfelpatient.de\\\/news\\\/instagram-fuer-kinder-facebook-haelt-an-plan-fest\"},\"author\":{\"@type\":\"Organization\",\"@id\":\"https:\\\/\\\/www.apfelpatient.de\\\/en\\\/#organization\",\"name\":\"Apfelpatient\",\"url\":\"https:\\\/\\\/www.apfelpatient.de\\\/en\\\/\"},\"headline\":\"Instagram f\u00fcr Kinder: Facebook h\u00e4lt an Plan fest\",\"datePublished\":\"2021-07-27T16:16:58+00:00\",\"dateModified\":\"2021-07-27T16:16:59+00:00\",\"mainEntityOfPage\":{\"@id\":\"https:\\\/\\\/www.apfelpatient.de\\\/news\\\/instagram-fuer-kinder-facebook-haelt-an-plan-fest\"},\"wordCount\":718,\"publisher\":{\"@type\":\"Organization\",\"@id\":\"https:\\\/\\\/www.apfelpatient.de\\\/en\\\/#organization\",\"name\":\"Apfelpatient\",\"url\":\"https:\\\/\\\/www.apfelpatient.de\\\/en\\\/\"},\"image\":{\"@id\":\"https:\\\/\\\/www.apfelpatient.de\\\/news\\\/instagram-fuer-kinder-facebook-haelt-an-plan-fest#primaryimage\"},\"thumbnailUrl\":\"https:\\\/\\\/www.apfelpatient.de\\\/wp-content\\\/uploads\\\/2021\\\/07\\\/10DAB05C-AA23-4A0D-A59B-054EA790C864.jpeg\",\"keywords\":[\"Facebook\",\"Instagram\",\"TechPatient\"],\"articleSection\":\"News\",\"inLanguage\":\"en-US\",\"copyrightYear\":\"2021\",\"copyrightHolder\":{\"@id\":\"https:\\\/\\\/www.apfelpatient.de\\\/en\\\/#organization\"}},{\"@type\":\"WebPage\",\"@id\":\"https:\\\/\\\/www.apfelpatient.de\\\/news\\\/instagram-fuer-kinder-facebook-haelt-an-plan-fest\",\"url\":\"https:\\\/\\\/www.apfelpatient.de\\\/news\\\/instagram-fuer-kinder-facebook-haelt-an-plan-fest\",\"name\":\"Instagram f\u00fcr Kinder: Facebook h\u00e4lt an Plan fest Apfelpatient\",\"isPartOf\":{\"@id\":\"https:\\\/\\\/www.apfelpatient.de\\\/#website\"},\"primaryImageOfPage\":{\"@id\":\"https:\\\/\\\/www.apfelpatient.de\\\/news\\\/instagram-fuer-kinder-facebook-haelt-an-plan-fest#primaryimage\"},\"image\":{\"@id\":\"https:\\\/\\\/www.apfelpatient.de\\\/news\\\/instagram-fuer-kinder-facebook-haelt-an-plan-fest#primaryimage\"},\"thumbnailUrl\":\"https:\\\/\\\/www.apfelpatient.de\\\/wp-content\\\/uploads\\\/2021\\\/07\\\/10DAB05C-AA23-4A0D-A59B-054EA790C864.jpeg\",\"datePublished\":\"2021-07-27T16:16:58+00:00\",\"dateModified\":\"2021-07-27T16:16:59+00:00\",\"description\":\"Facebook hat heute zwei Beitr\u00e4ge ver\u00f6ffentlicht, in denen es um Instagram f\u00fcr Kinder geht. Genau genommen werden zwei Punkte thematisiert.\",\"breadcrumb\":{\"@id\":\"https:\\\/\\\/www.apfelpatient.de\\\/news\\\/instagram-fuer-kinder-facebook-haelt-an-plan-fest#breadcrumb\"},\"inLanguage\":\"en-US\",\"potentialAction\":[{\"@type\":\"ReadAction\",\"target\":[\"https:\\\/\\\/www.apfelpatient.de\\\/news\\\/instagram-fuer-kinder-facebook-haelt-an-plan-fest\"]}]},{\"@type\":\"ImageObject\",\"inLanguage\":\"en-US\",\"@id\":\"https:\\\/\\\/www.apfelpatient.de\\\/news\\\/instagram-fuer-kinder-facebook-haelt-an-plan-fest#primaryimage\",\"url\":\"https:\\\/\\\/www.apfelpatient.de\\\/wp-content\\\/uploads\\\/2021\\\/07\\\/10DAB05C-AA23-4A0D-A59B-054EA790C864.jpeg\",\"contentUrl\":\"https:\\\/\\\/www.apfelpatient.de\\\/wp-content\\\/uploads\\\/2021\\\/07\\\/10DAB05C-AA23-4A0D-A59B-054EA790C864.jpeg\",\"width\":1600,\"height\":1067,\"caption\":\"Photo by Unsplash \\\/ Solen Feyissa\"},{\"@type\":\"BreadcrumbList\",\"@id\":\"https:\\\/\\\/www.apfelpatient.de\\\/news\\\/instagram-fuer-kinder-facebook-haelt-an-plan-fest#breadcrumb\",\"itemListElement\":[{\"@type\":\"ListItem\",\"position\":1,\"name\":\"Startseite\",\"item\":\"https:\\\/\\\/www.apfelpatient.de\\\/\"},{\"@type\":\"ListItem\",\"position\":2,\"name\":\"Instagram f\u00fcr Kinder: Facebook h\u00e4lt an Plan fest\"}]},{\"@type\":\"WebSite\",\"@id\":\"https:\\\/\\\/www.apfelpatient.de\\\/#website\",\"url\":\"https:\\\/\\\/www.apfelpatient.de\\\/\",\"name\":\"Apfelpatient\",\"description\":\"Alles rund um Apple!\",\"publisher\":{\"@type\":\"Organization\",\"@id\":\"https:\\\/\\\/www.apfelpatient.de\\\/en\\\/#organization\",\"name\":\"Apfelpatient\",\"url\":\"https:\\\/\\\/www.apfelpatient.de\\\/en\\\/\"},\"alternateName\":\"Apfelpatient\",\"potentialAction\":[{\"@type\":\"SearchAction\",\"target\":{\"@type\":\"EntryPoint\",\"urlTemplate\":\"https:\\\/\\\/www.apfelpatient.de\\\/?s={search_term_string}\"},\"query-input\":{\"@type\":\"PropertyValueSpecification\",\"valueRequired\":true,\"valueName\":\"search_term_string\"}}],\"inLanguage\":\"en-US\"},{\"@type\":[\"Person\",\"Organization\"],\"@id\":\"https:\\\/\\\/www.apfelpatient.de\\\/#\\\/schema\\\/person\\\/35b3ddba5832f2bfc7fff5206d4f6b7b\",\"name\":\"Milan\",\"logo\":{\"@id\":\"https:\\\/\\\/www.apfelpatient.de\\\/#\\\/schema\\\/person\\\/image\\\/\"},\"description\":\"Hallo und herzlich willkommen auf meinem Technik-Blog! Als gro\u00dfer Apple-Fan berichte ich hier \u00fcber alles, was mit Apple zu tun hat: von den neuesten News und spannenden Ger\u00fcchten \u00fcber hilfreiche Tipps und Tricks bis hin zu ausf\u00fchrlichen Produkttests. Wenn du genauso technikbegeistert bist wie ich, bist du hier genau richtig!\",\"sameAs\":[\"https:\\\/\\\/www.facebook.com\\\/apfelpatientOfficial\",\"https:\\\/\\\/www.linkedin.com\\\/in\\\/milan-jovicic-42aa0231b\"],\"url\":\"https:\\\/\\\/www.apfelpatient.de\\\/en\\\/author\\\/apfeladmin\"}]}<\/script>\n<!-- \/ Yoast SEO Premium plugin. -->","yoast_head_json":{"title":"Instagram for kids: Facebook sticks to plan Apfelpatient","description":"Facebook published two posts today about Instagram for children. To be precise, two points are addressed.","robots":{"index":"index","follow":"follow","max-snippet":"max-snippet:-1","max-image-preview":"max-image-preview:large","max-video-preview":"max-video-preview:-1"},"canonical":"https:\/\/www.apfelpatient.de\/en\/news\/instagram-for-children-facebook-sticks-to-plan","og_locale":"en_US","og_type":"article","og_title":"Instagram f\u00fcr Kinder: Facebook h\u00e4lt an Plan fest","og_description":"Facebook hat heute zwei Beitr\u00e4ge ver\u00f6ffentlicht, in denen es um Instagram f\u00fcr Kinder geht. Genau genommen werden zwei Punkte thematisiert.","og_url":"https:\/\/www.apfelpatient.de\/en\/news\/instagram-for-children-facebook-sticks-to-plan","og_site_name":"Apfelpatient","article_publisher":"https:\/\/www.facebook.com\/apfelpatientOfficial","article_author":"https:\/\/www.facebook.com\/apfelpatientOfficial","article_published_time":"2021-07-27T16:16:58+00:00","article_modified_time":"2021-07-27T16:16:59+00:00","og_image":[{"width":1600,"height":1067,"url":"https:\/\/www.apfelpatient.de\/wp-content\/uploads\/2021\/07\/10DAB05C-AA23-4A0D-A59B-054EA790C864.jpeg","type":"image\/jpeg"}],"author":"Milan","twitter_card":"summary_large_image","twitter_description":"Facebook hat heute zwei Beitr\u00e4ge ver\u00f6ffentlicht, in denen es um Instagram f\u00fcr Kinder geht. Genau genommen werden zwei Punkte thematisiert.","twitter_misc":{"Written by":"Milan","Est. reading time":"3 minutes"},"schema":{"@context":"https:\/\/schema.org","@graph":[{"@type":"NewsArticle","@id":"https:\/\/www.apfelpatient.de\/news\/instagram-fuer-kinder-facebook-haelt-an-plan-fest#article","isPartOf":{"@id":"https:\/\/www.apfelpatient.de\/news\/instagram-fuer-kinder-facebook-haelt-an-plan-fest"},"author":{"@type":"Organization","@id":"https:\/\/www.apfelpatient.de\/en\/#organization","name":"Apfelpatient","url":"https:\/\/www.apfelpatient.de\/en\/"},"headline":"Instagram f\u00fcr Kinder: Facebook h\u00e4lt an Plan fest","datePublished":"2021-07-27T16:16:58+00:00","dateModified":"2021-07-27T16:16:59+00:00","mainEntityOfPage":{"@id":"https:\/\/www.apfelpatient.de\/news\/instagram-fuer-kinder-facebook-haelt-an-plan-fest"},"wordCount":718,"publisher":{"@type":"Organization","@id":"https:\/\/www.apfelpatient.de\/en\/#organization","name":"Apfelpatient","url":"https:\/\/www.apfelpatient.de\/en\/"},"image":{"@id":"https:\/\/www.apfelpatient.de\/news\/instagram-fuer-kinder-facebook-haelt-an-plan-fest#primaryimage"},"thumbnailUrl":"https:\/\/www.apfelpatient.de\/wp-content\/uploads\/2021\/07\/10DAB05C-AA23-4A0D-A59B-054EA790C864.jpeg","keywords":["Facebook","Instagram","TechPatient"],"articleSection":"News","inLanguage":"en-US","copyrightYear":"2021","copyrightHolder":{"@id":"https:\/\/www.apfelpatient.de\/en\/#organization"}},{"@type":"WebPage","@id":"https:\/\/www.apfelpatient.de\/news\/instagram-fuer-kinder-facebook-haelt-an-plan-fest","url":"https:\/\/www.apfelpatient.de\/news\/instagram-fuer-kinder-facebook-haelt-an-plan-fest","name":"Instagram for kids: Facebook sticks to plan Apfelpatient","isPartOf":{"@id":"https:\/\/www.apfelpatient.de\/#website"},"primaryImageOfPage":{"@id":"https:\/\/www.apfelpatient.de\/news\/instagram-fuer-kinder-facebook-haelt-an-plan-fest#primaryimage"},"image":{"@id":"https:\/\/www.apfelpatient.de\/news\/instagram-fuer-kinder-facebook-haelt-an-plan-fest#primaryimage"},"thumbnailUrl":"https:\/\/www.apfelpatient.de\/wp-content\/uploads\/2021\/07\/10DAB05C-AA23-4A0D-A59B-054EA790C864.jpeg","datePublished":"2021-07-27T16:16:58+00:00","dateModified":"2021-07-27T16:16:59+00:00","description":"Facebook published two posts today about Instagram for children. To be precise, two points are addressed.","breadcrumb":{"@id":"https:\/\/www.apfelpatient.de\/news\/instagram-fuer-kinder-facebook-haelt-an-plan-fest#breadcrumb"},"inLanguage":"en-US","potentialAction":[{"@type":"ReadAction","target":["https:\/\/www.apfelpatient.de\/news\/instagram-fuer-kinder-facebook-haelt-an-plan-fest"]}]},{"@type":"ImageObject","inLanguage":"en-US","@id":"https:\/\/www.apfelpatient.de\/news\/instagram-fuer-kinder-facebook-haelt-an-plan-fest#primaryimage","url":"https:\/\/www.apfelpatient.de\/wp-content\/uploads\/2021\/07\/10DAB05C-AA23-4A0D-A59B-054EA790C864.jpeg","contentUrl":"https:\/\/www.apfelpatient.de\/wp-content\/uploads\/2021\/07\/10DAB05C-AA23-4A0D-A59B-054EA790C864.jpeg","width":1600,"height":1067,"caption":"Photo by Unsplash \/ Solen Feyissa"},{"@type":"BreadcrumbList","@id":"https:\/\/www.apfelpatient.de\/news\/instagram-fuer-kinder-facebook-haelt-an-plan-fest#breadcrumb","itemListElement":[{"@type":"ListItem","position":1,"name":"Startseite","item":"https:\/\/www.apfelpatient.de\/"},{"@type":"ListItem","position":2,"name":"Instagram f\u00fcr Kinder: Facebook h\u00e4lt an Plan fest"}]},{"@type":"WebSite","@id":"https:\/\/www.apfelpatient.de\/#website","url":"https:\/\/www.apfelpatient.de\/","name":"apple patient","description":"Everything about Apple!","publisher":{"@type":"Organization","@id":"https:\/\/www.apfelpatient.de\/en\/#organization","name":"Apfelpatient","url":"https:\/\/www.apfelpatient.de\/en\/"},"alternateName":"Apfelpatient","potentialAction":[{"@type":"SearchAction","target":{"@type":"EntryPoint","urlTemplate":"https:\/\/www.apfelpatient.de\/?s={search_term_string}"},"query-input":{"@type":"PropertyValueSpecification","valueRequired":true,"valueName":"search_term_string"}}],"inLanguage":"en-US"},{"@type":["Person","Organization"],"@id":"https:\/\/www.apfelpatient.de\/#\/schema\/person\/35b3ddba5832f2bfc7fff5206d4f6b7b","name":"Milan","logo":{"@id":"https:\/\/www.apfelpatient.de\/#\/schema\/person\/image\/"},"description":"Hello and welcome to my technology blog! As a big Apple fan, I report on everything to do with Apple: from the latest news and exciting rumors to helpful tips and tricks and detailed product tests. If you are as enthusiastic about technology as I am, you have come to the right place!","sameAs":["https:\/\/www.facebook.com\/apfelpatientOfficial","https:\/\/www.linkedin.com\/in\/milan-jovicic-42aa0231b"],"url":"https:\/\/www.apfelpatient.de\/en\/author\/apfeladmin"}]}},"_links":{"self":[{"href":"https:\/\/www.apfelpatient.de\/en\/wp-json\/wp\/v2\/posts\/24912","targetHints":{"allow":["GET"]}}],"collection":[{"href":"https:\/\/www.apfelpatient.de\/en\/wp-json\/wp\/v2\/posts"}],"about":[{"href":"https:\/\/www.apfelpatient.de\/en\/wp-json\/wp\/v2\/types\/post"}],"author":[{"embeddable":true,"href":"https:\/\/www.apfelpatient.de\/en\/wp-json\/wp\/v2\/users\/2"}],"replies":[{"embeddable":true,"href":"https:\/\/www.apfelpatient.de\/en\/wp-json\/wp\/v2\/comments?post=24912"}],"version-history":[{"count":0,"href":"https:\/\/www.apfelpatient.de\/en\/wp-json\/wp\/v2\/posts\/24912\/revisions"}],"wp:featuredmedia":[{"embeddable":true,"href":"https:\/\/www.apfelpatient.de\/en\/wp-json\/wp\/v2\/media\/24911"}],"wp:attachment":[{"href":"https:\/\/www.apfelpatient.de\/en\/wp-json\/wp\/v2\/media?parent=24912"}],"wp:term":[{"taxonomy":"category","embeddable":true,"href":"https:\/\/www.apfelpatient.de\/en\/wp-json\/wp\/v2\/categories?post=24912"},{"taxonomy":"post_tag","embeddable":true,"href":"https:\/\/www.apfelpatient.de\/en\/wp-json\/wp\/v2\/tags?post=24912"}],"curies":[{"name":"wp","href":"https:\/\/api.w.org\/{rel}","templated":true}]}}