{"id":24904,"date":"2021-07-27T00:47:13","date_gmt":"2021-07-26T22:47:13","guid":{"rendered":"https:\/\/www.apfelpatient.de\/?p=24904"},"modified":"2021-07-27T00:47:14","modified_gmt":"2021-07-26T22:47:14","slug":"ipad-mini-6-is-said-to-have-an-8-3-inch-display","status":"publish","type":"post","link":"https:\/\/www.apfelpatient.de\/en\/rumors\/ipad-mini-6-soll-ein-8-3-zoll-display-haben","title":{"rendered":"iPad mini 6 is said to have an 8.3-inch display"},"content":{"rendered":"<p class=\"has-drop-cap\"><strong>According to a display analyst, the display of the \u201ciPad mini 6\u201d will be enlarged to 8.3 inches, as it will have narrower bezels and no home button.<\/strong><\/p>\n\n\n\n<p>Loud <a href=\"https:\/\/twitter.com\/DSCCRoss\/status\/1419728325379969031?ref_src=twsrc%5Etfw%7Ctwcamp%5Etweetembed%7Ctwterm%5E1419728325379969031%7Ctwgr%5E%7Ctwcon%5Es1_&amp;ref_url=https%3A%2F%2Fwww.macrumors.com%2F2021%2F07%2F26%2Fipad-mini-6-display-design-info%2F\" target=\"_blank\" rel=\"noreferrer noopener\">Ross Young<\/a> According to Display Supply Chain Consultants, the next-generation iPad mini will have an 8.3-inch display, up from the current 7.9-inch display. The larger screen will likely fit in the same footprint as the current models. Apple analyst Ming-Chi Kuo previously predicted that the new iPad mini could have a screen size between 8.5- and 9-inches.<\/p>\n\n\n\n<h3 class=\"wp-block-heading\" id=\"h-ipad-mini-6-gr-tes-redesign-in-der-geschichte\">iPad mini 6: Biggest redesign in history<\/h3>\n\n\n\n\n\n\n\n<p>The lack of a home button and a possible market launch in the fall were also announced by Bloomberg in July. The &quot;iPad mini 6&quot;, which according to Bloomberg could represent the &quot;biggest redesign in the nine-year history&quot; of the model, will have the same casing that is already used in the iPad Air and iPad Pro. In addition, the mini tablet could receive the A15 chip and use USB-C. Touch ID is to be placed in the standby button. Whether the rumor mill is right in the end remains to be seen. (Photo by Unsplash \/ Sanjeev Mohindra)<\/p>\n\n\n\n<ul class=\"wp-block-list\"><li><a href=\"https:\/\/www.apfelpatient.de\/en\/rumors\/ipad-mini-6-analyst-contradicts-recent-rumors\">iPad mini 6: Analyst contradicts recent rumors<\/a><\/li><\/ul>\n\n\n\n<h6 class=\"wp-block-heading translation-block\" id=\"h-kennt-ihr-schon-unsere-amazon-storefront-dort-findet-ihr-eine-handverlesene-auswahl-von-diversen-produkten-f-r-euer-iphone-und-co-viel-spa-beim-st-bern\"><em>Have you already visited our Amazon Storefront? There you&#039;ll find a hand-picked selection of various products for your iPhone and other devices \u2013 <span class=\"has-inline-color has-vivid-red-color\"><a href=\"https:\/\/www.amazon.de\/shop\/apfelpatientofficial\" class=\"ek-link\" data-wpel-link=\"exclude\" rel=\"follow noopener\" target=\"_self\"><span style=\"text-decoration: underline\" class=\"ek-underline\">enjoy browsing<\/span><\/a> !<\/span><\/em><\/h6>\n\n\n\n<h6 class=\"wp-block-heading translation-block\" id=\"h-der-beitrag-enthalt-partnerlinks\">This post contains <a data-type=\"URL\" data-id=\"https:\/\/www.apfelpatient.de\/partnerprogramm\" href=\"https:\/\/www.apfelpatient.de\/en\/partner-program\" data-wpel-link=\"internal\" target=\"_self\">affiliate links<\/a>.<\/h6>","protected":false},"excerpt":{"rendered":"<p>According to a display analyst, the display of the iPad mini 6 will be enlarged to 8.3 inches because it will have narrower bezels.<\/p>","protected":false},"author":2,"featured_media":24897,"comment_status":"closed","ping_status":"closed","sticky":false,"template":"","format":"standard","meta":{"jnews-multi-image_gallery":[],"jnews_single_post":{"subtitle":"","format":"standard","video":"","gallery":"","source_name":"","source_url":"","via_name":"","via_url":"","override":[{"single_blog_custom":"","sidebar":"","second_sidebar":"","share_position":"","share_float_style":"","post_date_format":"","post_date_format_custom":"","post_reading_time_wpm":"","zoom_button_out_step":"1","zoom_button_in_step":"1","number_popup_post":"1"}],"image_override":[{"single_post_thumbnail_size":"","single_post_gallery_size":""}],"trending_post_position":"","trending_post_label":"","sponsored_post_label":"","sponsored_post_name":"","sponsored_post_url":"","sponsored_post_logo":"","sponsored_post_desc":""},"jnews_primary_category":{"id":"25"},"footnotes":""},"categories":[25],"tags":[18,114],"class_list":["post-24904","post","type-post","status-publish","format-standard","has-post-thumbnail","hentry","category-rumors","tag-ipad","tag-ipad-mini"],"yoast_head":"<!-- This site is optimized with the Yoast SEO Premium plugin v27.5 (Yoast SEO v27.5) - https:\/\/yoast.com\/product\/yoast-seo-premium-wordpress\/ -->\n<title>iPad mini 6 soll ein 8.3-Zoll-Display haben Apfelpatient<\/title>\n<meta name=\"description\" content=\"Das Display des &quot;iPad mini 6&quot; soll laut einem Display-Analysten auf 8.3 Zoll vergr\u00f6\u00dfert werden, da es schmalere R\u00e4nder haben wird.\" \/>\n<meta name=\"robots\" content=\"index, follow, max-snippet:-1, max-image-preview:large, max-video-preview:-1\" \/>\n<link rel=\"canonical\" href=\"https:\/\/www.apfelpatient.de\/en\/rumors\/ipad-mini-6-is-said-to-have-an-8-3-inch-display\" \/>\n<meta property=\"og:locale\" content=\"en_US\" \/>\n<meta property=\"og:type\" content=\"article\" \/>\n<meta property=\"og:title\" content=\"iPad mini 6 soll ein 8.3-Zoll-Display haben\" \/>\n<meta property=\"og:description\" content=\"Das Display des &quot;iPad mini 6&quot; soll laut einem Display-Analysten auf 8.3 Zoll vergr\u00f6\u00dfert werden, da es schmalere R\u00e4nder haben wird.\" \/>\n<meta property=\"og:url\" content=\"https:\/\/www.apfelpatient.de\/en\/rumors\/ipad-mini-6-is-said-to-have-an-8-3-inch-display\" \/>\n<meta property=\"og:site_name\" content=\"Apfelpatient\" \/>\n<meta property=\"article:publisher\" content=\"https:\/\/www.facebook.com\/apfelpatientOfficial\" \/>\n<meta property=\"article:author\" content=\"https:\/\/www.facebook.com\/apfelpatientOfficial\" \/>\n<meta property=\"article:published_time\" content=\"2021-07-26T22:47:13+00:00\" \/>\n<meta property=\"article:modified_time\" content=\"2021-07-26T22:47:14+00:00\" \/>\n<meta property=\"og:image\" content=\"https:\/\/www.apfelpatient.de\/wp-content\/uploads\/2021\/07\/sanjeev-mohindra-aeSSYYWY27w-unsplash.jpg\" \/>\n\t<meta property=\"og:image:width\" content=\"1600\" \/>\n\t<meta property=\"og:image:height\" content=\"900\" \/>\n\t<meta property=\"og:image:type\" content=\"image\/jpeg\" \/>\n<meta name=\"author\" content=\"Milan\" \/>\n<meta name=\"twitter:card\" content=\"summary_large_image\" \/>\n<meta name=\"twitter:description\" content=\"Das Display des &quot;iPad mini 6&quot; soll laut einem Display-Analysten auf 8.3 Zoll vergr\u00f6\u00dfert werden, da es schmalere R\u00e4nder haben wird.\" \/>\n<meta name=\"twitter:label1\" content=\"Written by\" \/>\n\t<meta name=\"twitter:data1\" content=\"Milan\" \/>\n\t<meta name=\"twitter:label2\" content=\"Est. reading time\" \/>\n\t<meta name=\"twitter:data2\" content=\"1 minute\" \/>\n<script type=\"application\/ld+json\" class=\"yoast-schema-graph\">{\"@context\":\"https:\\\/\\\/schema.org\",\"@graph\":[{\"@type\":\"NewsArticle\",\"@id\":\"https:\\\/\\\/www.apfelpatient.de\\\/rumors\\\/ipad-mini-6-soll-ein-8-3-zoll-display-haben#article\",\"isPartOf\":{\"@id\":\"https:\\\/\\\/www.apfelpatient.de\\\/rumors\\\/ipad-mini-6-soll-ein-8-3-zoll-display-haben\"},\"author\":{\"@type\":\"Organization\",\"@id\":\"https:\\\/\\\/www.apfelpatient.de\\\/en\\\/#organization\",\"name\":\"Apfelpatient\",\"url\":\"https:\\\/\\\/www.apfelpatient.de\\\/en\\\/\"},\"headline\":\"iPad mini 6 soll ein 8.3-Zoll-Display haben\",\"datePublished\":\"2021-07-26T22:47:13+00:00\",\"dateModified\":\"2021-07-26T22:47:14+00:00\",\"mainEntityOfPage\":{\"@id\":\"https:\\\/\\\/www.apfelpatient.de\\\/rumors\\\/ipad-mini-6-soll-ein-8-3-zoll-display-haben\"},\"wordCount\":215,\"publisher\":{\"@type\":\"Organization\",\"@id\":\"https:\\\/\\\/www.apfelpatient.de\\\/en\\\/#organization\",\"name\":\"Apfelpatient\",\"url\":\"https:\\\/\\\/www.apfelpatient.de\\\/en\\\/\"},\"image\":{\"@id\":\"https:\\\/\\\/www.apfelpatient.de\\\/rumors\\\/ipad-mini-6-soll-ein-8-3-zoll-display-haben#primaryimage\"},\"thumbnailUrl\":\"https:\\\/\\\/www.apfelpatient.de\\\/wp-content\\\/uploads\\\/2021\\\/07\\\/sanjeev-mohindra-aeSSYYWY27w-unsplash.jpg\",\"keywords\":[\"iPad\",\"iPad mini\"],\"articleSection\":\"Rumors\",\"inLanguage\":\"en-US\",\"copyrightYear\":\"2021\",\"copyrightHolder\":{\"@id\":\"https:\\\/\\\/www.apfelpatient.de\\\/en\\\/#organization\"}},{\"@type\":\"WebPage\",\"@id\":\"https:\\\/\\\/www.apfelpatient.de\\\/rumors\\\/ipad-mini-6-soll-ein-8-3-zoll-display-haben\",\"url\":\"https:\\\/\\\/www.apfelpatient.de\\\/rumors\\\/ipad-mini-6-soll-ein-8-3-zoll-display-haben\",\"name\":\"iPad mini 6 soll ein 8.3-Zoll-Display haben Apfelpatient\",\"isPartOf\":{\"@id\":\"https:\\\/\\\/www.apfelpatient.de\\\/#website\"},\"primaryImageOfPage\":{\"@id\":\"https:\\\/\\\/www.apfelpatient.de\\\/rumors\\\/ipad-mini-6-soll-ein-8-3-zoll-display-haben#primaryimage\"},\"image\":{\"@id\":\"https:\\\/\\\/www.apfelpatient.de\\\/rumors\\\/ipad-mini-6-soll-ein-8-3-zoll-display-haben#primaryimage\"},\"thumbnailUrl\":\"https:\\\/\\\/www.apfelpatient.de\\\/wp-content\\\/uploads\\\/2021\\\/07\\\/sanjeev-mohindra-aeSSYYWY27w-unsplash.jpg\",\"datePublished\":\"2021-07-26T22:47:13+00:00\",\"dateModified\":\"2021-07-26T22:47:14+00:00\",\"description\":\"Das Display des \\\"iPad mini 6\\\" soll laut einem Display-Analysten auf 8.3 Zoll vergr\u00f6\u00dfert werden, da es schmalere R\u00e4nder haben wird.\",\"breadcrumb\":{\"@id\":\"https:\\\/\\\/www.apfelpatient.de\\\/rumors\\\/ipad-mini-6-soll-ein-8-3-zoll-display-haben#breadcrumb\"},\"inLanguage\":\"en-US\",\"potentialAction\":[{\"@type\":\"ReadAction\",\"target\":[\"https:\\\/\\\/www.apfelpatient.de\\\/rumors\\\/ipad-mini-6-soll-ein-8-3-zoll-display-haben\"]}]},{\"@type\":\"ImageObject\",\"inLanguage\":\"en-US\",\"@id\":\"https:\\\/\\\/www.apfelpatient.de\\\/rumors\\\/ipad-mini-6-soll-ein-8-3-zoll-display-haben#primaryimage\",\"url\":\"https:\\\/\\\/www.apfelpatient.de\\\/wp-content\\\/uploads\\\/2021\\\/07\\\/sanjeev-mohindra-aeSSYYWY27w-unsplash.jpg\",\"contentUrl\":\"https:\\\/\\\/www.apfelpatient.de\\\/wp-content\\\/uploads\\\/2021\\\/07\\\/sanjeev-mohindra-aeSSYYWY27w-unsplash.jpg\",\"width\":1600,\"height\":900,\"caption\":\"Photo by Unsplash \\\/ Sanjeev Mohindra\"},{\"@type\":\"BreadcrumbList\",\"@id\":\"https:\\\/\\\/www.apfelpatient.de\\\/rumors\\\/ipad-mini-6-soll-ein-8-3-zoll-display-haben#breadcrumb\",\"itemListElement\":[{\"@type\":\"ListItem\",\"position\":1,\"name\":\"Startseite\",\"item\":\"https:\\\/\\\/www.apfelpatient.de\\\/\"},{\"@type\":\"ListItem\",\"position\":2,\"name\":\"iPad mini 6 soll ein 8.3-Zoll-Display haben\"}]},{\"@type\":\"WebSite\",\"@id\":\"https:\\\/\\\/www.apfelpatient.de\\\/#website\",\"url\":\"https:\\\/\\\/www.apfelpatient.de\\\/\",\"name\":\"Apfelpatient\",\"description\":\"Alles rund um Apple!\",\"publisher\":{\"@type\":\"Organization\",\"@id\":\"https:\\\/\\\/www.apfelpatient.de\\\/en\\\/#organization\",\"name\":\"Apfelpatient\",\"url\":\"https:\\\/\\\/www.apfelpatient.de\\\/en\\\/\"},\"alternateName\":\"Apfelpatient\",\"potentialAction\":[{\"@type\":\"SearchAction\",\"target\":{\"@type\":\"EntryPoint\",\"urlTemplate\":\"https:\\\/\\\/www.apfelpatient.de\\\/?s={search_term_string}\"},\"query-input\":{\"@type\":\"PropertyValueSpecification\",\"valueRequired\":true,\"valueName\":\"search_term_string\"}}],\"inLanguage\":\"en-US\"},{\"@type\":[\"Person\",\"Organization\"],\"@id\":\"https:\\\/\\\/www.apfelpatient.de\\\/#\\\/schema\\\/person\\\/35b3ddba5832f2bfc7fff5206d4f6b7b\",\"name\":\"Milan\",\"logo\":{\"@id\":\"https:\\\/\\\/www.apfelpatient.de\\\/#\\\/schema\\\/person\\\/image\\\/\"},\"description\":\"Hallo und herzlich willkommen auf meinem Technik-Blog! Als gro\u00dfer Apple-Fan berichte ich hier \u00fcber alles, was mit Apple zu tun hat: von den neuesten News und spannenden Ger\u00fcchten \u00fcber hilfreiche Tipps und Tricks bis hin zu ausf\u00fchrlichen Produkttests. Wenn du genauso technikbegeistert bist wie ich, bist du hier genau richtig!\",\"sameAs\":[\"https:\\\/\\\/www.facebook.com\\\/apfelpatientOfficial\",\"https:\\\/\\\/www.linkedin.com\\\/in\\\/milan-jovicic-42aa0231b\"],\"url\":\"https:\\\/\\\/www.apfelpatient.de\\\/en\\\/author\\\/apfeladmin\"}]}<\/script>\n<!-- \/ Yoast SEO Premium plugin. -->","yoast_head_json":{"title":"iPad mini 6 is said to have an 8.3-inch display Apfelpatient","description":"According to a display analyst, the display of the &quot;iPad mini 6&quot; will be enlarged to 8.3 inches because it will have narrower bezels.","robots":{"index":"index","follow":"follow","max-snippet":"max-snippet:-1","max-image-preview":"max-image-preview:large","max-video-preview":"max-video-preview:-1"},"canonical":"https:\/\/www.apfelpatient.de\/en\/rumors\/ipad-mini-6-is-said-to-have-an-8-3-inch-display","og_locale":"en_US","og_type":"article","og_title":"iPad mini 6 soll ein 8.3-Zoll-Display haben","og_description":"Das Display des \"iPad mini 6\" soll laut einem Display-Analysten auf 8.3 Zoll vergr\u00f6\u00dfert werden, da es schmalere R\u00e4nder haben wird.","og_url":"https:\/\/www.apfelpatient.de\/en\/rumors\/ipad-mini-6-is-said-to-have-an-8-3-inch-display","og_site_name":"Apfelpatient","article_publisher":"https:\/\/www.facebook.com\/apfelpatientOfficial","article_author":"https:\/\/www.facebook.com\/apfelpatientOfficial","article_published_time":"2021-07-26T22:47:13+00:00","article_modified_time":"2021-07-26T22:47:14+00:00","og_image":[{"width":1600,"height":900,"url":"https:\/\/www.apfelpatient.de\/wp-content\/uploads\/2021\/07\/sanjeev-mohindra-aeSSYYWY27w-unsplash.jpg","type":"image\/jpeg"}],"author":"Milan","twitter_card":"summary_large_image","twitter_description":"Das Display des \"iPad mini 6\" soll laut einem Display-Analysten auf 8.3 Zoll vergr\u00f6\u00dfert werden, da es schmalere R\u00e4nder haben wird.","twitter_misc":{"Written by":"Milan","Est. reading time":"1 minute"},"schema":{"@context":"https:\/\/schema.org","@graph":[{"@type":"NewsArticle","@id":"https:\/\/www.apfelpatient.de\/rumors\/ipad-mini-6-soll-ein-8-3-zoll-display-haben#article","isPartOf":{"@id":"https:\/\/www.apfelpatient.de\/rumors\/ipad-mini-6-soll-ein-8-3-zoll-display-haben"},"author":{"@type":"Organization","@id":"https:\/\/www.apfelpatient.de\/en\/#organization","name":"Apfelpatient","url":"https:\/\/www.apfelpatient.de\/en\/"},"headline":"iPad mini 6 soll ein 8.3-Zoll-Display haben","datePublished":"2021-07-26T22:47:13+00:00","dateModified":"2021-07-26T22:47:14+00:00","mainEntityOfPage":{"@id":"https:\/\/www.apfelpatient.de\/rumors\/ipad-mini-6-soll-ein-8-3-zoll-display-haben"},"wordCount":215,"publisher":{"@type":"Organization","@id":"https:\/\/www.apfelpatient.de\/en\/#organization","name":"Apfelpatient","url":"https:\/\/www.apfelpatient.de\/en\/"},"image":{"@id":"https:\/\/www.apfelpatient.de\/rumors\/ipad-mini-6-soll-ein-8-3-zoll-display-haben#primaryimage"},"thumbnailUrl":"https:\/\/www.apfelpatient.de\/wp-content\/uploads\/2021\/07\/sanjeev-mohindra-aeSSYYWY27w-unsplash.jpg","keywords":["iPad","iPad mini"],"articleSection":"Rumors","inLanguage":"en-US","copyrightYear":"2021","copyrightHolder":{"@id":"https:\/\/www.apfelpatient.de\/en\/#organization"}},{"@type":"WebPage","@id":"https:\/\/www.apfelpatient.de\/rumors\/ipad-mini-6-soll-ein-8-3-zoll-display-haben","url":"https:\/\/www.apfelpatient.de\/rumors\/ipad-mini-6-soll-ein-8-3-zoll-display-haben","name":"iPad mini 6 is said to have an 8.3-inch display Apfelpatient","isPartOf":{"@id":"https:\/\/www.apfelpatient.de\/#website"},"primaryImageOfPage":{"@id":"https:\/\/www.apfelpatient.de\/rumors\/ipad-mini-6-soll-ein-8-3-zoll-display-haben#primaryimage"},"image":{"@id":"https:\/\/www.apfelpatient.de\/rumors\/ipad-mini-6-soll-ein-8-3-zoll-display-haben#primaryimage"},"thumbnailUrl":"https:\/\/www.apfelpatient.de\/wp-content\/uploads\/2021\/07\/sanjeev-mohindra-aeSSYYWY27w-unsplash.jpg","datePublished":"2021-07-26T22:47:13+00:00","dateModified":"2021-07-26T22:47:14+00:00","description":"According to a display analyst, the display of the &quot;iPad mini 6&quot; will be enlarged to 8.3 inches because it will have narrower bezels.","breadcrumb":{"@id":"https:\/\/www.apfelpatient.de\/rumors\/ipad-mini-6-soll-ein-8-3-zoll-display-haben#breadcrumb"},"inLanguage":"en-US","potentialAction":[{"@type":"ReadAction","target":["https:\/\/www.apfelpatient.de\/rumors\/ipad-mini-6-soll-ein-8-3-zoll-display-haben"]}]},{"@type":"ImageObject","inLanguage":"en-US","@id":"https:\/\/www.apfelpatient.de\/rumors\/ipad-mini-6-soll-ein-8-3-zoll-display-haben#primaryimage","url":"https:\/\/www.apfelpatient.de\/wp-content\/uploads\/2021\/07\/sanjeev-mohindra-aeSSYYWY27w-unsplash.jpg","contentUrl":"https:\/\/www.apfelpatient.de\/wp-content\/uploads\/2021\/07\/sanjeev-mohindra-aeSSYYWY27w-unsplash.jpg","width":1600,"height":900,"caption":"Photo by Unsplash \/ Sanjeev Mohindra"},{"@type":"BreadcrumbList","@id":"https:\/\/www.apfelpatient.de\/rumors\/ipad-mini-6-soll-ein-8-3-zoll-display-haben#breadcrumb","itemListElement":[{"@type":"ListItem","position":1,"name":"Startseite","item":"https:\/\/www.apfelpatient.de\/"},{"@type":"ListItem","position":2,"name":"iPad mini 6 soll ein 8.3-Zoll-Display haben"}]},{"@type":"WebSite","@id":"https:\/\/www.apfelpatient.de\/#website","url":"https:\/\/www.apfelpatient.de\/","name":"apple patient","description":"Everything about Apple!","publisher":{"@type":"Organization","@id":"https:\/\/www.apfelpatient.de\/en\/#organization","name":"Apfelpatient","url":"https:\/\/www.apfelpatient.de\/en\/"},"alternateName":"Apfelpatient","potentialAction":[{"@type":"SearchAction","target":{"@type":"EntryPoint","urlTemplate":"https:\/\/www.apfelpatient.de\/?s={search_term_string}"},"query-input":{"@type":"PropertyValueSpecification","valueRequired":true,"valueName":"search_term_string"}}],"inLanguage":"en-US"},{"@type":["Person","Organization"],"@id":"https:\/\/www.apfelpatient.de\/#\/schema\/person\/35b3ddba5832f2bfc7fff5206d4f6b7b","name":"Milan","logo":{"@id":"https:\/\/www.apfelpatient.de\/#\/schema\/person\/image\/"},"description":"Hello and welcome to my technology blog! As a big Apple fan, I report on everything to do with Apple: from the latest news and exciting rumors to helpful tips and tricks and detailed product tests. If you are as enthusiastic about technology as I am, you have come to the right place!","sameAs":["https:\/\/www.facebook.com\/apfelpatientOfficial","https:\/\/www.linkedin.com\/in\/milan-jovicic-42aa0231b"],"url":"https:\/\/www.apfelpatient.de\/en\/author\/apfeladmin"}]}},"_links":{"self":[{"href":"https:\/\/www.apfelpatient.de\/en\/wp-json\/wp\/v2\/posts\/24904","targetHints":{"allow":["GET"]}}],"collection":[{"href":"https:\/\/www.apfelpatient.de\/en\/wp-json\/wp\/v2\/posts"}],"about":[{"href":"https:\/\/www.apfelpatient.de\/en\/wp-json\/wp\/v2\/types\/post"}],"author":[{"embeddable":true,"href":"https:\/\/www.apfelpatient.de\/en\/wp-json\/wp\/v2\/users\/2"}],"replies":[{"embeddable":true,"href":"https:\/\/www.apfelpatient.de\/en\/wp-json\/wp\/v2\/comments?post=24904"}],"version-history":[{"count":0,"href":"https:\/\/www.apfelpatient.de\/en\/wp-json\/wp\/v2\/posts\/24904\/revisions"}],"wp:featuredmedia":[{"embeddable":true,"href":"https:\/\/www.apfelpatient.de\/en\/wp-json\/wp\/v2\/media\/24897"}],"wp:attachment":[{"href":"https:\/\/www.apfelpatient.de\/en\/wp-json\/wp\/v2\/media?parent=24904"}],"wp:term":[{"taxonomy":"category","embeddable":true,"href":"https:\/\/www.apfelpatient.de\/en\/wp-json\/wp\/v2\/categories?post=24904"},{"taxonomy":"post_tag","embeddable":true,"href":"https:\/\/www.apfelpatient.de\/en\/wp-json\/wp\/v2\/tags?post=24904"}],"curies":[{"name":"wp","href":"https:\/\/api.w.org\/{rel}","templated":true}]}}