{"id":24864,"date":"2021-07-26T15:37:42","date_gmt":"2021-07-26T13:37:42","guid":{"rendered":"https:\/\/www.apfelpatient.de\/?p=24864"},"modified":"2021-07-26T15:37:43","modified_gmt":"2021-07-26T13:37:43","slug":"larger-imac-new-model-to-appear-later-than-expected","status":"publish","type":"post","link":"https:\/\/www.apfelpatient.de\/en\/rumors\/groesserer-imac-neues-modell-soll-spaeter-als-erwartet-erscheinen","title":{"rendered":"Larger iMac: New model to be released later than expected"},"content":{"rendered":"<p class=\"has-drop-cap\"><strong>In addition to the already introduced 24&quot; iMac, Apple is planning to introduce a larger model that will replace the current 27&quot; version. The presentation was previously expected by the end of this year. However, the whole thing could now be delayed.<\/strong><\/p>\n\n\n\n<p>The leaker Dylandkt currently claims on <a href=\"https:\/\/twitter.com\/dylandkt\/status\/1418602808010584066?s=20\" target=\"_blank\" rel=\"noreferrer noopener\">Twitter<\/a>that Apple&#039;s &quot;high-end iMac&quot; will not be released in the fourth quarter of 2021 alongside Apple&#039;s &quot;M1X Macs&quot; - a reference to Apple&#039;s redesigned MacBook Pro models - because &quot;Apple simply doesn&#039;t want their devices to compete for attention and delays in product releases have led to this schedule.&quot; Dylandkt has already claimed several times that an &quot;M1X&quot; Apple Silicon chip is intended for high-end Macs. This includes the large iMac as well as the MacBook Pro line.<\/p>\n\n\n\n<h3 class=\"wp-block-heading\" id=\"h-neuer-imac-k-nnte-mit-m1x-oder-m2x-chip-erscheinen\">New iMac could appear with M1X or M2X chip<\/h3>\n\n\n\n\n\n\n\n<p>Based on various reports, Apple is currently expected to unveil two brand new MacBook Pro devices in 14&quot; and 16&quot; sizes sometime between September and November. Renowned Bloomberg journalist Mark Gurman has also stated that he believes the larger, redesigned iMac will feature an M1X or M2X chip. However, he was tight-lipped about the launch date. So anyone waiting for a new, larger iMac model may have to wait a little longer, as Dylandkt claims the device will be released sometime in 2022. Of course, as always, it remains to be seen whether he&#039;s right in the end. (Image: Apple)<\/p>\n\n\n\n<ul class=\"wp-block-list\"><li><a href=\"https:\/\/www.apfelpatient.de\/en\/rumors\/when-will-apple-introduce-a-mac-with-face-id\">When will Apple introduce a Mac with Face ID?<\/a><\/li><\/ul>\n\n\n\n<h6 class=\"wp-block-heading translation-block\" id=\"h-kennt-ihr-schon-unsere-amazon-storefront-dort-findet-ihr-eine-handverlesene-auswahl-von-diversen-produkten-f-r-euer-iphone-und-co-viel-spa-beim-st-bern\"><em>Have you already visited our Amazon Storefront? There you&#039;ll find a hand-picked selection of various products for your iPhone and other devices \u2013 <span class=\"has-inline-color has-vivid-red-color\"><a href=\"https:\/\/www.amazon.de\/shop\/apfelpatientofficial\" class=\"ek-link\" data-wpel-link=\"exclude\" rel=\"follow noopener\" target=\"_self\"><span style=\"text-decoration: underline\" class=\"ek-underline\">enjoy browsing<\/span><\/a> !<\/span><\/em><\/h6>\n\n\n\n<h6 class=\"wp-block-heading translation-block\" id=\"h-der-beitrag-enthalt-partnerlinks\">This post contains <a data-type=\"URL\" data-id=\"https:\/\/www.apfelpatient.de\/partnerprogramm\" href=\"https:\/\/www.apfelpatient.de\/en\/partner-program\" data-wpel-link=\"internal\" target=\"_self\">affiliate links<\/a>.<\/h6>","protected":false},"excerpt":{"rendered":"<p>In addition to the already introduced 24\u2033 iMac, Apple plans to introduce a larger model that will replace the current 27\u2033 version.<\/p>","protected":false},"author":2,"featured_media":24866,"comment_status":"closed","ping_status":"closed","sticky":false,"template":"","format":"standard","meta":{"jnews-multi-image_gallery":[],"jnews_single_post":{"subtitle":"","format":"standard","video":"","gallery":"","source_name":"","source_url":"","via_name":"","via_url":"","override":[{"single_blog_custom":"","sidebar":"","second_sidebar":"","share_position":"","share_float_style":"","post_date_format":"","post_date_format_custom":"","post_reading_time_wpm":"","zoom_button_out_step":"1","zoom_button_in_step":"1","number_popup_post":"1"}],"image_override":[{"single_post_thumbnail_size":"","single_post_gallery_size":""}],"trending_post_position":"","trending_post_label":"","sponsored_post_label":"","sponsored_post_name":"","sponsored_post_url":"","sponsored_post_logo":"","sponsored_post_desc":""},"jnews_primary_category":{"id":"25"},"footnotes":""},"categories":[25],"tags":[72,40],"class_list":["post-24864","post","type-post","status-publish","format-standard","has-post-thumbnail","hentry","category-rumors","tag-imac","tag-mac"],"yoast_head":"<!-- This site is optimized with the Yoast SEO Premium plugin v27.5 (Yoast SEO v27.5) - https:\/\/yoast.com\/product\/yoast-seo-premium-wordpress\/ -->\n<title>Gr\u00f6\u00dferer iMac: Neues Modell soll sp\u00e4ter als erwartet erscheinen<\/title>\n<meta name=\"description\" content=\"Apple plant neben dem bereits vorgestellten iMac 24&quot; ein gr\u00f6\u00dferes Modell vorzustellen, das die aktuelle 27&quot; Version abl\u00f6sen soll.\" \/>\n<meta name=\"robots\" content=\"index, follow, max-snippet:-1, max-image-preview:large, max-video-preview:-1\" \/>\n<link rel=\"canonical\" href=\"https:\/\/www.apfelpatient.de\/en\/rumors\/larger-imac-new-model-to-appear-later-than-expected\" \/>\n<meta property=\"og:locale\" content=\"en_US\" \/>\n<meta property=\"og:type\" content=\"article\" \/>\n<meta property=\"og:title\" content=\"Gr\u00f6\u00dferer iMac: Neues Modell soll sp\u00e4ter als erwartet erscheinen\" \/>\n<meta property=\"og:description\" content=\"Apple plant neben dem bereits vorgestellten iMac 24&quot; ein gr\u00f6\u00dferes Modell vorzustellen, das die aktuelle 27&quot; Version abl\u00f6sen soll.\" \/>\n<meta property=\"og:url\" content=\"https:\/\/www.apfelpatient.de\/en\/rumors\/larger-imac-new-model-to-appear-later-than-expected\" \/>\n<meta property=\"og:site_name\" content=\"Apfelpatient\" \/>\n<meta property=\"article:publisher\" content=\"https:\/\/www.facebook.com\/apfelpatientOfficial\" \/>\n<meta property=\"article:author\" content=\"https:\/\/www.facebook.com\/apfelpatientOfficial\" \/>\n<meta property=\"article:published_time\" content=\"2021-07-26T13:37:42+00:00\" \/>\n<meta property=\"article:modified_time\" content=\"2021-07-26T13:37:43+00:00\" \/>\n<meta property=\"og:image\" content=\"https:\/\/www.apfelpatient.de\/wp-content\/uploads\/2021\/07\/apple_new-imac-spring21_hero_04202021-scaled-1.jpg\" \/>\n\t<meta property=\"og:image:width\" content=\"1600\" \/>\n\t<meta property=\"og:image:height\" content=\"901\" \/>\n\t<meta property=\"og:image:type\" content=\"image\/jpeg\" \/>\n<meta name=\"author\" content=\"Milan\" \/>\n<meta name=\"twitter:card\" content=\"summary_large_image\" \/>\n<meta name=\"twitter:description\" content=\"Apple plant neben dem bereits vorgestellten iMac 24&quot; ein gr\u00f6\u00dferes Modell vorzustellen, das die aktuelle 27&quot; Version abl\u00f6sen soll.\" \/>\n<meta name=\"twitter:label1\" content=\"Written by\" \/>\n\t<meta name=\"twitter:data1\" content=\"Milan\" \/>\n\t<meta name=\"twitter:label2\" content=\"Est. reading time\" \/>\n\t<meta name=\"twitter:data2\" content=\"2 minutes\" \/>\n<script type=\"application\/ld+json\" class=\"yoast-schema-graph\">{\"@context\":\"https:\\\/\\\/schema.org\",\"@graph\":[{\"@type\":\"NewsArticle\",\"@id\":\"https:\\\/\\\/www.apfelpatient.de\\\/rumors\\\/groesserer-imac-neues-modell-soll-spaeter-als-erwartet-erscheinen#article\",\"isPartOf\":{\"@id\":\"https:\\\/\\\/www.apfelpatient.de\\\/rumors\\\/groesserer-imac-neues-modell-soll-spaeter-als-erwartet-erscheinen\"},\"author\":{\"@type\":\"Organization\",\"@id\":\"https:\\\/\\\/www.apfelpatient.de\\\/en\\\/#organization\",\"name\":\"Apfelpatient\",\"url\":\"https:\\\/\\\/www.apfelpatient.de\\\/en\\\/\"},\"headline\":\"Gr\u00f6\u00dferer iMac: Neues Modell soll sp\u00e4ter als erwartet erscheinen\",\"datePublished\":\"2021-07-26T13:37:42+00:00\",\"dateModified\":\"2021-07-26T13:37:43+00:00\",\"mainEntityOfPage\":{\"@id\":\"https:\\\/\\\/www.apfelpatient.de\\\/rumors\\\/groesserer-imac-neues-modell-soll-spaeter-als-erwartet-erscheinen\"},\"wordCount\":275,\"publisher\":{\"@type\":\"Organization\",\"@id\":\"https:\\\/\\\/www.apfelpatient.de\\\/en\\\/#organization\",\"name\":\"Apfelpatient\",\"url\":\"https:\\\/\\\/www.apfelpatient.de\\\/en\\\/\"},\"image\":{\"@id\":\"https:\\\/\\\/www.apfelpatient.de\\\/rumors\\\/groesserer-imac-neues-modell-soll-spaeter-als-erwartet-erscheinen#primaryimage\"},\"thumbnailUrl\":\"https:\\\/\\\/www.apfelpatient.de\\\/wp-content\\\/uploads\\\/2021\\\/07\\\/apple_new-imac-spring21_hero_04202021-scaled-1.jpg\",\"keywords\":[\"iMac\",\"Mac\"],\"articleSection\":\"Rumors\",\"inLanguage\":\"en-US\",\"copyrightYear\":\"2021\",\"copyrightHolder\":{\"@id\":\"https:\\\/\\\/www.apfelpatient.de\\\/en\\\/#organization\"}},{\"@type\":\"WebPage\",\"@id\":\"https:\\\/\\\/www.apfelpatient.de\\\/rumors\\\/groesserer-imac-neues-modell-soll-spaeter-als-erwartet-erscheinen\",\"url\":\"https:\\\/\\\/www.apfelpatient.de\\\/rumors\\\/groesserer-imac-neues-modell-soll-spaeter-als-erwartet-erscheinen\",\"name\":\"Gr\u00f6\u00dferer iMac: Neues Modell soll sp\u00e4ter als erwartet erscheinen\",\"isPartOf\":{\"@id\":\"https:\\\/\\\/www.apfelpatient.de\\\/#website\"},\"primaryImageOfPage\":{\"@id\":\"https:\\\/\\\/www.apfelpatient.de\\\/rumors\\\/groesserer-imac-neues-modell-soll-spaeter-als-erwartet-erscheinen#primaryimage\"},\"image\":{\"@id\":\"https:\\\/\\\/www.apfelpatient.de\\\/rumors\\\/groesserer-imac-neues-modell-soll-spaeter-als-erwartet-erscheinen#primaryimage\"},\"thumbnailUrl\":\"https:\\\/\\\/www.apfelpatient.de\\\/wp-content\\\/uploads\\\/2021\\\/07\\\/apple_new-imac-spring21_hero_04202021-scaled-1.jpg\",\"datePublished\":\"2021-07-26T13:37:42+00:00\",\"dateModified\":\"2021-07-26T13:37:43+00:00\",\"description\":\"Apple plant neben dem bereits vorgestellten iMac 24\\\" ein gr\u00f6\u00dferes Modell vorzustellen, das die aktuelle 27\\\" Version abl\u00f6sen soll.\",\"breadcrumb\":{\"@id\":\"https:\\\/\\\/www.apfelpatient.de\\\/rumors\\\/groesserer-imac-neues-modell-soll-spaeter-als-erwartet-erscheinen#breadcrumb\"},\"inLanguage\":\"en-US\",\"potentialAction\":[{\"@type\":\"ReadAction\",\"target\":[\"https:\\\/\\\/www.apfelpatient.de\\\/rumors\\\/groesserer-imac-neues-modell-soll-spaeter-als-erwartet-erscheinen\"]}]},{\"@type\":\"ImageObject\",\"inLanguage\":\"en-US\",\"@id\":\"https:\\\/\\\/www.apfelpatient.de\\\/rumors\\\/groesserer-imac-neues-modell-soll-spaeter-als-erwartet-erscheinen#primaryimage\",\"url\":\"https:\\\/\\\/www.apfelpatient.de\\\/wp-content\\\/uploads\\\/2021\\\/07\\\/apple_new-imac-spring21_hero_04202021-scaled-1.jpg\",\"contentUrl\":\"https:\\\/\\\/www.apfelpatient.de\\\/wp-content\\\/uploads\\\/2021\\\/07\\\/apple_new-imac-spring21_hero_04202021-scaled-1.jpg\",\"width\":1600,\"height\":901,\"caption\":\"Bild: Apple\"},{\"@type\":\"BreadcrumbList\",\"@id\":\"https:\\\/\\\/www.apfelpatient.de\\\/rumors\\\/groesserer-imac-neues-modell-soll-spaeter-als-erwartet-erscheinen#breadcrumb\",\"itemListElement\":[{\"@type\":\"ListItem\",\"position\":1,\"name\":\"Startseite\",\"item\":\"https:\\\/\\\/www.apfelpatient.de\\\/\"},{\"@type\":\"ListItem\",\"position\":2,\"name\":\"Gr\u00f6\u00dferer iMac: Neues Modell soll sp\u00e4ter als erwartet erscheinen\"}]},{\"@type\":\"WebSite\",\"@id\":\"https:\\\/\\\/www.apfelpatient.de\\\/#website\",\"url\":\"https:\\\/\\\/www.apfelpatient.de\\\/\",\"name\":\"Apfelpatient\",\"description\":\"Alles rund um Apple!\",\"publisher\":{\"@type\":\"Organization\",\"@id\":\"https:\\\/\\\/www.apfelpatient.de\\\/en\\\/#organization\",\"name\":\"Apfelpatient\",\"url\":\"https:\\\/\\\/www.apfelpatient.de\\\/en\\\/\"},\"alternateName\":\"Apfelpatient\",\"potentialAction\":[{\"@type\":\"SearchAction\",\"target\":{\"@type\":\"EntryPoint\",\"urlTemplate\":\"https:\\\/\\\/www.apfelpatient.de\\\/?s={search_term_string}\"},\"query-input\":{\"@type\":\"PropertyValueSpecification\",\"valueRequired\":true,\"valueName\":\"search_term_string\"}}],\"inLanguage\":\"en-US\"},{\"@type\":[\"Person\",\"Organization\"],\"@id\":\"https:\\\/\\\/www.apfelpatient.de\\\/#\\\/schema\\\/person\\\/35b3ddba5832f2bfc7fff5206d4f6b7b\",\"name\":\"Milan\",\"logo\":{\"@id\":\"https:\\\/\\\/www.apfelpatient.de\\\/#\\\/schema\\\/person\\\/image\\\/\"},\"description\":\"Hallo und herzlich willkommen auf meinem Technik-Blog! Als gro\u00dfer Apple-Fan berichte ich hier \u00fcber alles, was mit Apple zu tun hat: von den neuesten News und spannenden Ger\u00fcchten \u00fcber hilfreiche Tipps und Tricks bis hin zu ausf\u00fchrlichen Produkttests. Wenn du genauso technikbegeistert bist wie ich, bist du hier genau richtig!\",\"sameAs\":[\"https:\\\/\\\/www.facebook.com\\\/apfelpatientOfficial\",\"https:\\\/\\\/www.linkedin.com\\\/in\\\/milan-jovicic-42aa0231b\"],\"url\":\"https:\\\/\\\/www.apfelpatient.de\\\/en\\\/author\\\/apfeladmin\"}]}<\/script>\n<!-- \/ Yoast SEO Premium plugin. -->","yoast_head_json":{"title":"Larger iMac: New model to be released later than expected","description":"In addition to the already introduced iMac 24&quot;, Apple plans to introduce a larger model that will replace the current 27&quot; version.","robots":{"index":"index","follow":"follow","max-snippet":"max-snippet:-1","max-image-preview":"max-image-preview:large","max-video-preview":"max-video-preview:-1"},"canonical":"https:\/\/www.apfelpatient.de\/en\/rumors\/larger-imac-new-model-to-appear-later-than-expected","og_locale":"en_US","og_type":"article","og_title":"Gr\u00f6\u00dferer iMac: Neues Modell soll sp\u00e4ter als erwartet erscheinen","og_description":"Apple plant neben dem bereits vorgestellten iMac 24\" ein gr\u00f6\u00dferes Modell vorzustellen, das die aktuelle 27\" Version abl\u00f6sen soll.","og_url":"https:\/\/www.apfelpatient.de\/en\/rumors\/larger-imac-new-model-to-appear-later-than-expected","og_site_name":"Apfelpatient","article_publisher":"https:\/\/www.facebook.com\/apfelpatientOfficial","article_author":"https:\/\/www.facebook.com\/apfelpatientOfficial","article_published_time":"2021-07-26T13:37:42+00:00","article_modified_time":"2021-07-26T13:37:43+00:00","og_image":[{"width":1600,"height":901,"url":"https:\/\/www.apfelpatient.de\/wp-content\/uploads\/2021\/07\/apple_new-imac-spring21_hero_04202021-scaled-1.jpg","type":"image\/jpeg"}],"author":"Milan","twitter_card":"summary_large_image","twitter_description":"Apple plant neben dem bereits vorgestellten iMac 24\" ein gr\u00f6\u00dferes Modell vorzustellen, das die aktuelle 27\" Version abl\u00f6sen soll.","twitter_misc":{"Written by":"Milan","Est. reading time":"2 minutes"},"schema":{"@context":"https:\/\/schema.org","@graph":[{"@type":"NewsArticle","@id":"https:\/\/www.apfelpatient.de\/rumors\/groesserer-imac-neues-modell-soll-spaeter-als-erwartet-erscheinen#article","isPartOf":{"@id":"https:\/\/www.apfelpatient.de\/rumors\/groesserer-imac-neues-modell-soll-spaeter-als-erwartet-erscheinen"},"author":{"@type":"Organization","@id":"https:\/\/www.apfelpatient.de\/en\/#organization","name":"Apfelpatient","url":"https:\/\/www.apfelpatient.de\/en\/"},"headline":"Gr\u00f6\u00dferer iMac: Neues Modell soll sp\u00e4ter als erwartet erscheinen","datePublished":"2021-07-26T13:37:42+00:00","dateModified":"2021-07-26T13:37:43+00:00","mainEntityOfPage":{"@id":"https:\/\/www.apfelpatient.de\/rumors\/groesserer-imac-neues-modell-soll-spaeter-als-erwartet-erscheinen"},"wordCount":275,"publisher":{"@type":"Organization","@id":"https:\/\/www.apfelpatient.de\/en\/#organization","name":"Apfelpatient","url":"https:\/\/www.apfelpatient.de\/en\/"},"image":{"@id":"https:\/\/www.apfelpatient.de\/rumors\/groesserer-imac-neues-modell-soll-spaeter-als-erwartet-erscheinen#primaryimage"},"thumbnailUrl":"https:\/\/www.apfelpatient.de\/wp-content\/uploads\/2021\/07\/apple_new-imac-spring21_hero_04202021-scaled-1.jpg","keywords":["iMac","Mac"],"articleSection":"Rumors","inLanguage":"en-US","copyrightYear":"2021","copyrightHolder":{"@id":"https:\/\/www.apfelpatient.de\/en\/#organization"}},{"@type":"WebPage","@id":"https:\/\/www.apfelpatient.de\/rumors\/groesserer-imac-neues-modell-soll-spaeter-als-erwartet-erscheinen","url":"https:\/\/www.apfelpatient.de\/rumors\/groesserer-imac-neues-modell-soll-spaeter-als-erwartet-erscheinen","name":"Larger iMac: New model to be released later than expected","isPartOf":{"@id":"https:\/\/www.apfelpatient.de\/#website"},"primaryImageOfPage":{"@id":"https:\/\/www.apfelpatient.de\/rumors\/groesserer-imac-neues-modell-soll-spaeter-als-erwartet-erscheinen#primaryimage"},"image":{"@id":"https:\/\/www.apfelpatient.de\/rumors\/groesserer-imac-neues-modell-soll-spaeter-als-erwartet-erscheinen#primaryimage"},"thumbnailUrl":"https:\/\/www.apfelpatient.de\/wp-content\/uploads\/2021\/07\/apple_new-imac-spring21_hero_04202021-scaled-1.jpg","datePublished":"2021-07-26T13:37:42+00:00","dateModified":"2021-07-26T13:37:43+00:00","description":"In addition to the already introduced iMac 24&quot;, Apple plans to introduce a larger model that will replace the current 27&quot; version.","breadcrumb":{"@id":"https:\/\/www.apfelpatient.de\/rumors\/groesserer-imac-neues-modell-soll-spaeter-als-erwartet-erscheinen#breadcrumb"},"inLanguage":"en-US","potentialAction":[{"@type":"ReadAction","target":["https:\/\/www.apfelpatient.de\/rumors\/groesserer-imac-neues-modell-soll-spaeter-als-erwartet-erscheinen"]}]},{"@type":"ImageObject","inLanguage":"en-US","@id":"https:\/\/www.apfelpatient.de\/rumors\/groesserer-imac-neues-modell-soll-spaeter-als-erwartet-erscheinen#primaryimage","url":"https:\/\/www.apfelpatient.de\/wp-content\/uploads\/2021\/07\/apple_new-imac-spring21_hero_04202021-scaled-1.jpg","contentUrl":"https:\/\/www.apfelpatient.de\/wp-content\/uploads\/2021\/07\/apple_new-imac-spring21_hero_04202021-scaled-1.jpg","width":1600,"height":901,"caption":"Bild: Apple"},{"@type":"BreadcrumbList","@id":"https:\/\/www.apfelpatient.de\/rumors\/groesserer-imac-neues-modell-soll-spaeter-als-erwartet-erscheinen#breadcrumb","itemListElement":[{"@type":"ListItem","position":1,"name":"Startseite","item":"https:\/\/www.apfelpatient.de\/"},{"@type":"ListItem","position":2,"name":"Gr\u00f6\u00dferer iMac: Neues Modell soll sp\u00e4ter als erwartet erscheinen"}]},{"@type":"WebSite","@id":"https:\/\/www.apfelpatient.de\/#website","url":"https:\/\/www.apfelpatient.de\/","name":"apple patient","description":"Everything about Apple!","publisher":{"@type":"Organization","@id":"https:\/\/www.apfelpatient.de\/en\/#organization","name":"Apfelpatient","url":"https:\/\/www.apfelpatient.de\/en\/"},"alternateName":"Apfelpatient","potentialAction":[{"@type":"SearchAction","target":{"@type":"EntryPoint","urlTemplate":"https:\/\/www.apfelpatient.de\/?s={search_term_string}"},"query-input":{"@type":"PropertyValueSpecification","valueRequired":true,"valueName":"search_term_string"}}],"inLanguage":"en-US"},{"@type":["Person","Organization"],"@id":"https:\/\/www.apfelpatient.de\/#\/schema\/person\/35b3ddba5832f2bfc7fff5206d4f6b7b","name":"Milan","logo":{"@id":"https:\/\/www.apfelpatient.de\/#\/schema\/person\/image\/"},"description":"Hello and welcome to my technology blog! As a big Apple fan, I report on everything to do with Apple: from the latest news and exciting rumors to helpful tips and tricks and detailed product tests. If you are as enthusiastic about technology as I am, you have come to the right place!","sameAs":["https:\/\/www.facebook.com\/apfelpatientOfficial","https:\/\/www.linkedin.com\/in\/milan-jovicic-42aa0231b"],"url":"https:\/\/www.apfelpatient.de\/en\/author\/apfeladmin"}]}},"_links":{"self":[{"href":"https:\/\/www.apfelpatient.de\/en\/wp-json\/wp\/v2\/posts\/24864","targetHints":{"allow":["GET"]}}],"collection":[{"href":"https:\/\/www.apfelpatient.de\/en\/wp-json\/wp\/v2\/posts"}],"about":[{"href":"https:\/\/www.apfelpatient.de\/en\/wp-json\/wp\/v2\/types\/post"}],"author":[{"embeddable":true,"href":"https:\/\/www.apfelpatient.de\/en\/wp-json\/wp\/v2\/users\/2"}],"replies":[{"embeddable":true,"href":"https:\/\/www.apfelpatient.de\/en\/wp-json\/wp\/v2\/comments?post=24864"}],"version-history":[{"count":0,"href":"https:\/\/www.apfelpatient.de\/en\/wp-json\/wp\/v2\/posts\/24864\/revisions"}],"wp:featuredmedia":[{"embeddable":true,"href":"https:\/\/www.apfelpatient.de\/en\/wp-json\/wp\/v2\/media\/24866"}],"wp:attachment":[{"href":"https:\/\/www.apfelpatient.de\/en\/wp-json\/wp\/v2\/media?parent=24864"}],"wp:term":[{"taxonomy":"category","embeddable":true,"href":"https:\/\/www.apfelpatient.de\/en\/wp-json\/wp\/v2\/categories?post=24864"},{"taxonomy":"post_tag","embeddable":true,"href":"https:\/\/www.apfelpatient.de\/en\/wp-json\/wp\/v2\/tags?post=24864"}],"curies":[{"name":"wp","href":"https:\/\/api.w.org\/{rel}","templated":true}]}}