{"id":24852,"date":"2021-07-25T17:38:31","date_gmt":"2021-07-25T15:38:31","guid":{"rendered":"https:\/\/www.apfelpatient.de\/?p=24852"},"modified":"2021-07-25T17:38:32","modified_gmt":"2021-07-25T15:38:32","slug":"when-will-apple-introduce-a-mac-with-face-id","status":"publish","type":"post","link":"https:\/\/www.apfelpatient.de\/en\/rumors\/wann-wird-apple-einen-mac-mit-face-id-vorstellen","title":{"rendered":"When will Apple introduce a Mac with Face ID?"},"content":{"rendered":"<p class=\"has-drop-cap\"><strong>Many fans have been wondering for a long time when the first Mac with Face ID will be introduced. Now Mark Gurman has commented on the matter in his latest edition of the &quot;Power On&quot; newsletter.<\/strong><\/p>\n\n\n\n<p>In the newsletter, Gurman explains that he believes Apple&#039;s ultimate goal is to move all of its products to Face ID, including lower-cost devices like the iPhone SE and iPad Air, which currently rely on Touch ID. Gurman <a href=\"https:\/\/www.bloomberg.com\/account\/newsletters\/power-on\" target=\"_blank\" rel=\"noreferrer noopener\">says<\/a>that Touch ID remains an important part of Apple&#039;s product lineup, especially for the cheaper models, as it is a &quot;cheaper alternative&quot; to Face ID and continues to offer security to users.<\/p>\n\n\n\n<blockquote class=\"wp-block-quote is-layout-flow wp-block-quote-is-layout-flow\"><p>But I expect that will change at some point. It won&#039;t happen this year. But I would bet that Face ID will appear on the Mac in a few years. I expect all iPhones and iPads to switch to Face ID within that timeframe, too. Finally, an in-screen camera would help differentiate Apple&#039;s more expensive devices by eliminating the notch at the top. The facial recognition sensor gives Apple two core functions: security and augmented reality. Touch ID, convenient or not, only offers the former.<\/p><\/blockquote>\n\n\n\n<h3 class=\"wp-block-heading\" id=\"h-face-id-apple-wird-die-notch-eliminieren\">Face ID: Apple will eliminate the notch<\/h3>\n\n\n\n\n\n\n\n<p>Gurman previously reported that Apple originally planned to include Face ID when planning its recently introduced redesigned 24-inch iMac, but the implementation of Face ID was postponed until an upcoming iMac redesign. Unlike iPhones and iPads, Mac laptop screens are significantly thinner, making it more difficult to incorporate the necessary sensors for Face ID, Gurman said. As development progresses, Apple will embed Face ID into the screens themselves, according to Gurman, making the notch on the iPhone obsolete. Apple analyst Ming-Chi Kuo believes such an iPhone could appear as early as 2023. As for the Mac desktop, Apple is continuing to work on a replacement for the 27-inch iMac, which could have a larger screen and a more powerful &quot;M2X&quot; chip. When the device will finally be unveiled is currently unknown. (Image: Apple)<\/p>\n\n\n\n<ul class=\"wp-block-list\"><li><a href=\"https:\/\/www.apfelpatient.de\/en\/rumors\/macbook-air-2022-will-use-mini-led-display\">MacBook Air 2022 will use mini-LED display<\/a><\/li><\/ul>\n\n\n\n<h6 class=\"wp-block-heading translation-block\" id=\"h-kennt-ihr-schon-unsere-amazon-storefront-dort-findet-ihr-eine-handverlesene-auswahl-von-diversen-produkten-f-r-euer-iphone-und-co-viel-spa-beim-st-bern\"><em>Have you already visited our Amazon Storefront? There you&#039;ll find a hand-picked selection of various products for your iPhone and other devices \u2013 <span class=\"has-inline-color has-vivid-red-color\"><a href=\"https:\/\/www.amazon.de\/shop\/apfelpatientofficial\" class=\"ek-link\" data-wpel-link=\"exclude\" rel=\"follow noopener\" target=\"_self\"><span style=\"text-decoration: underline\" class=\"ek-underline\">enjoy browsing<\/span><\/a> !<\/span><\/em><\/h6>\n\n\n\n<h6 class=\"wp-block-heading translation-block\" id=\"h-der-beitrag-enthalt-partnerlinks\">This post contains <a data-type=\"URL\" data-id=\"https:\/\/www.apfelpatient.de\/partnerprogramm\" href=\"https:\/\/www.apfelpatient.de\/en\/partner-program\" data-wpel-link=\"internal\" target=\"_self\">affiliate links<\/a>.<\/h6>","protected":false},"excerpt":{"rendered":"<p>Many fans have been asking themselves the question of when the first Mac with Face ID will be introduced. Now Mark Gurman has commented on the matter.<\/p>","protected":false},"author":2,"featured_media":22511,"comment_status":"closed","ping_status":"closed","sticky":false,"template":"","format":"standard","meta":{"jnews-multi-image_gallery":[],"jnews_single_post":{"subtitle":"","format":"standard","video":"","gallery":"","source_name":"","source_url":"","via_name":"","via_url":"","override":[{"single_blog_custom":"","sidebar":"","second_sidebar":"","share_position":"","share_float_style":"","post_date_format":"","post_date_format_custom":"","post_reading_time_wpm":"","zoom_button_out_step":"1","zoom_button_in_step":"1","number_popup_post":"1"}],"image_override":[{"single_post_thumbnail_size":"","single_post_gallery_size":""}],"trending_post_position":"","trending_post_label":"","sponsored_post_label":"","sponsored_post_name":"","sponsored_post_url":"","sponsored_post_logo":"","sponsored_post_desc":""},"jnews_primary_category":{"id":"25"},"footnotes":""},"categories":[25],"tags":[40],"class_list":["post-24852","post","type-post","status-publish","format-standard","has-post-thumbnail","hentry","category-rumors","tag-mac"],"yoast_head":"<!-- This site is optimized with the Yoast SEO Premium plugin v27.5 (Yoast SEO v27.5) - https:\/\/yoast.com\/product\/yoast-seo-premium-wordpress\/ -->\n<title>Wann wird Apple einen Mac mit Face ID vorstellen? Apfelpatient<\/title>\n<meta name=\"description\" content=\"Die Frage, wann der erste Mac mit Face ID vorgestellt wird, stellen sich viele Fans seit langem. Nun hat sich Mark Gurman dazu ge\u00e4u\u00dfert.\" \/>\n<meta name=\"robots\" content=\"index, follow, max-snippet:-1, max-image-preview:large, max-video-preview:-1\" \/>\n<link rel=\"canonical\" href=\"https:\/\/www.apfelpatient.de\/en\/rumors\/when-will-apple-introduce-a-mac-with-face-id\" \/>\n<meta property=\"og:locale\" content=\"en_US\" \/>\n<meta property=\"og:type\" content=\"article\" \/>\n<meta property=\"og:title\" content=\"Wann wird Apple einen Mac mit Face ID vorstellen?\" \/>\n<meta property=\"og:description\" content=\"Die Frage, wann der erste Mac mit Face ID vorgestellt wird, stellen sich viele Fans seit langem. Nun hat sich Mark Gurman dazu ge\u00e4u\u00dfert.\" \/>\n<meta property=\"og:url\" content=\"https:\/\/www.apfelpatient.de\/en\/rumors\/when-will-apple-introduce-a-mac-with-face-id\" \/>\n<meta property=\"og:site_name\" content=\"Apfelpatient\" \/>\n<meta property=\"article:publisher\" content=\"https:\/\/www.facebook.com\/apfelpatientOfficial\" \/>\n<meta property=\"article:author\" content=\"https:\/\/www.facebook.com\/apfelpatientOfficial\" \/>\n<meta property=\"article:published_time\" content=\"2021-07-25T15:38:31+00:00\" \/>\n<meta property=\"article:modified_time\" content=\"2021-07-25T15:38:32+00:00\" \/>\n<meta property=\"og:image\" content=\"https:\/\/www.apfelpatient.de\/wp-content\/uploads\/2021\/05\/Apple_new-iMac-spring21-green_051721-1.jpg\" \/>\n\t<meta property=\"og:image:width\" content=\"1600\" \/>\n\t<meta property=\"og:image:height\" content=\"1009\" \/>\n\t<meta property=\"og:image:type\" content=\"image\/jpeg\" \/>\n<meta name=\"author\" content=\"Milan\" \/>\n<meta name=\"twitter:card\" content=\"summary_large_image\" \/>\n<meta name=\"twitter:description\" content=\"Die Frage, wann der erste Mac mit Face ID vorgestellt wird, stellen sich viele Fans seit langem. Nun hat sich Mark Gurman dazu ge\u00e4u\u00dfert.\" \/>\n<meta name=\"twitter:label1\" content=\"Written by\" \/>\n\t<meta name=\"twitter:data1\" content=\"Milan\" \/>\n\t<meta name=\"twitter:label2\" content=\"Est. reading time\" \/>\n\t<meta name=\"twitter:data2\" content=\"2 minutes\" \/>\n<script type=\"application\/ld+json\" class=\"yoast-schema-graph\">{\"@context\":\"https:\\\/\\\/schema.org\",\"@graph\":[{\"@type\":\"NewsArticle\",\"@id\":\"https:\\\/\\\/www.apfelpatient.de\\\/rumors\\\/wann-wird-apple-einen-mac-mit-face-id-vorstellen#article\",\"isPartOf\":{\"@id\":\"https:\\\/\\\/www.apfelpatient.de\\\/rumors\\\/wann-wird-apple-einen-mac-mit-face-id-vorstellen\"},\"author\":{\"@type\":\"Organization\",\"@id\":\"https:\\\/\\\/www.apfelpatient.de\\\/en\\\/#organization\",\"name\":\"Apfelpatient\",\"url\":\"https:\\\/\\\/www.apfelpatient.de\\\/en\\\/\"},\"headline\":\"Wann wird Apple einen Mac mit Face ID vorstellen?\",\"datePublished\":\"2021-07-25T15:38:31+00:00\",\"dateModified\":\"2021-07-25T15:38:32+00:00\",\"mainEntityOfPage\":{\"@id\":\"https:\\\/\\\/www.apfelpatient.de\\\/rumors\\\/wann-wird-apple-einen-mac-mit-face-id-vorstellen\"},\"wordCount\":372,\"publisher\":{\"@type\":\"Organization\",\"@id\":\"https:\\\/\\\/www.apfelpatient.de\\\/en\\\/#organization\",\"name\":\"Apfelpatient\",\"url\":\"https:\\\/\\\/www.apfelpatient.de\\\/en\\\/\"},\"image\":{\"@id\":\"https:\\\/\\\/www.apfelpatient.de\\\/rumors\\\/wann-wird-apple-einen-mac-mit-face-id-vorstellen#primaryimage\"},\"thumbnailUrl\":\"https:\\\/\\\/www.apfelpatient.de\\\/wp-content\\\/uploads\\\/2021\\\/05\\\/Apple_new-iMac-spring21-green_051721-1.jpg\",\"keywords\":[\"Mac\"],\"articleSection\":\"Rumors\",\"inLanguage\":\"en-US\",\"copyrightYear\":\"2021\",\"copyrightHolder\":{\"@id\":\"https:\\\/\\\/www.apfelpatient.de\\\/en\\\/#organization\"}},{\"@type\":\"WebPage\",\"@id\":\"https:\\\/\\\/www.apfelpatient.de\\\/rumors\\\/wann-wird-apple-einen-mac-mit-face-id-vorstellen\",\"url\":\"https:\\\/\\\/www.apfelpatient.de\\\/rumors\\\/wann-wird-apple-einen-mac-mit-face-id-vorstellen\",\"name\":\"Wann wird Apple einen Mac mit Face ID vorstellen? Apfelpatient\",\"isPartOf\":{\"@id\":\"https:\\\/\\\/www.apfelpatient.de\\\/#website\"},\"primaryImageOfPage\":{\"@id\":\"https:\\\/\\\/www.apfelpatient.de\\\/rumors\\\/wann-wird-apple-einen-mac-mit-face-id-vorstellen#primaryimage\"},\"image\":{\"@id\":\"https:\\\/\\\/www.apfelpatient.de\\\/rumors\\\/wann-wird-apple-einen-mac-mit-face-id-vorstellen#primaryimage\"},\"thumbnailUrl\":\"https:\\\/\\\/www.apfelpatient.de\\\/wp-content\\\/uploads\\\/2021\\\/05\\\/Apple_new-iMac-spring21-green_051721-1.jpg\",\"datePublished\":\"2021-07-25T15:38:31+00:00\",\"dateModified\":\"2021-07-25T15:38:32+00:00\",\"description\":\"Die Frage, wann der erste Mac mit Face ID vorgestellt wird, stellen sich viele Fans seit langem. Nun hat sich Mark Gurman dazu ge\u00e4u\u00dfert.\",\"breadcrumb\":{\"@id\":\"https:\\\/\\\/www.apfelpatient.de\\\/rumors\\\/wann-wird-apple-einen-mac-mit-face-id-vorstellen#breadcrumb\"},\"inLanguage\":\"en-US\",\"potentialAction\":[{\"@type\":\"ReadAction\",\"target\":[\"https:\\\/\\\/www.apfelpatient.de\\\/rumors\\\/wann-wird-apple-einen-mac-mit-face-id-vorstellen\"]}]},{\"@type\":\"ImageObject\",\"inLanguage\":\"en-US\",\"@id\":\"https:\\\/\\\/www.apfelpatient.de\\\/rumors\\\/wann-wird-apple-einen-mac-mit-face-id-vorstellen#primaryimage\",\"url\":\"https:\\\/\\\/www.apfelpatient.de\\\/wp-content\\\/uploads\\\/2021\\\/05\\\/Apple_new-iMac-spring21-green_051721-1.jpg\",\"contentUrl\":\"https:\\\/\\\/www.apfelpatient.de\\\/wp-content\\\/uploads\\\/2021\\\/05\\\/Apple_new-iMac-spring21-green_051721-1.jpg\",\"width\":1600,\"height\":1009,\"caption\":\"Bild: Apple\"},{\"@type\":\"BreadcrumbList\",\"@id\":\"https:\\\/\\\/www.apfelpatient.de\\\/rumors\\\/wann-wird-apple-einen-mac-mit-face-id-vorstellen#breadcrumb\",\"itemListElement\":[{\"@type\":\"ListItem\",\"position\":1,\"name\":\"Startseite\",\"item\":\"https:\\\/\\\/www.apfelpatient.de\\\/\"},{\"@type\":\"ListItem\",\"position\":2,\"name\":\"Wann wird Apple einen Mac mit Face ID vorstellen?\"}]},{\"@type\":\"WebSite\",\"@id\":\"https:\\\/\\\/www.apfelpatient.de\\\/#website\",\"url\":\"https:\\\/\\\/www.apfelpatient.de\\\/\",\"name\":\"Apfelpatient\",\"description\":\"Alles rund um Apple!\",\"publisher\":{\"@type\":\"Organization\",\"@id\":\"https:\\\/\\\/www.apfelpatient.de\\\/en\\\/#organization\",\"name\":\"Apfelpatient\",\"url\":\"https:\\\/\\\/www.apfelpatient.de\\\/en\\\/\"},\"alternateName\":\"Apfelpatient\",\"potentialAction\":[{\"@type\":\"SearchAction\",\"target\":{\"@type\":\"EntryPoint\",\"urlTemplate\":\"https:\\\/\\\/www.apfelpatient.de\\\/?s={search_term_string}\"},\"query-input\":{\"@type\":\"PropertyValueSpecification\",\"valueRequired\":true,\"valueName\":\"search_term_string\"}}],\"inLanguage\":\"en-US\"},{\"@type\":[\"Person\",\"Organization\"],\"@id\":\"https:\\\/\\\/www.apfelpatient.de\\\/#\\\/schema\\\/person\\\/35b3ddba5832f2bfc7fff5206d4f6b7b\",\"name\":\"Milan\",\"logo\":{\"@id\":\"https:\\\/\\\/www.apfelpatient.de\\\/#\\\/schema\\\/person\\\/image\\\/\"},\"description\":\"Hallo und herzlich willkommen auf meinem Technik-Blog! Als gro\u00dfer Apple-Fan berichte ich hier \u00fcber alles, was mit Apple zu tun hat: von den neuesten News und spannenden Ger\u00fcchten \u00fcber hilfreiche Tipps und Tricks bis hin zu ausf\u00fchrlichen Produkttests. Wenn du genauso technikbegeistert bist wie ich, bist du hier genau richtig!\",\"sameAs\":[\"https:\\\/\\\/www.facebook.com\\\/apfelpatientOfficial\",\"https:\\\/\\\/www.linkedin.com\\\/in\\\/milan-jovicic-42aa0231b\"],\"url\":\"https:\\\/\\\/www.apfelpatient.de\\\/en\\\/author\\\/apfeladmin\"}]}<\/script>\n<!-- \/ Yoast SEO Premium plugin. -->","yoast_head_json":{"title":"When will Apple introduce a Mac with Face ID? Apfelpatient","description":"Many fans have been asking themselves the question of when the first Mac with Face ID will be introduced. Now Mark Gurman has commented on the matter.","robots":{"index":"index","follow":"follow","max-snippet":"max-snippet:-1","max-image-preview":"max-image-preview:large","max-video-preview":"max-video-preview:-1"},"canonical":"https:\/\/www.apfelpatient.de\/en\/rumors\/when-will-apple-introduce-a-mac-with-face-id","og_locale":"en_US","og_type":"article","og_title":"Wann wird Apple einen Mac mit Face ID vorstellen?","og_description":"Die Frage, wann der erste Mac mit Face ID vorgestellt wird, stellen sich viele Fans seit langem. Nun hat sich Mark Gurman dazu ge\u00e4u\u00dfert.","og_url":"https:\/\/www.apfelpatient.de\/en\/rumors\/when-will-apple-introduce-a-mac-with-face-id","og_site_name":"Apfelpatient","article_publisher":"https:\/\/www.facebook.com\/apfelpatientOfficial","article_author":"https:\/\/www.facebook.com\/apfelpatientOfficial","article_published_time":"2021-07-25T15:38:31+00:00","article_modified_time":"2021-07-25T15:38:32+00:00","og_image":[{"width":1600,"height":1009,"url":"https:\/\/www.apfelpatient.de\/wp-content\/uploads\/2021\/05\/Apple_new-iMac-spring21-green_051721-1.jpg","type":"image\/jpeg"}],"author":"Milan","twitter_card":"summary_large_image","twitter_description":"Die Frage, wann der erste Mac mit Face ID vorgestellt wird, stellen sich viele Fans seit langem. Nun hat sich Mark Gurman dazu ge\u00e4u\u00dfert.","twitter_misc":{"Written by":"Milan","Est. reading time":"2 minutes"},"schema":{"@context":"https:\/\/schema.org","@graph":[{"@type":"NewsArticle","@id":"https:\/\/www.apfelpatient.de\/rumors\/wann-wird-apple-einen-mac-mit-face-id-vorstellen#article","isPartOf":{"@id":"https:\/\/www.apfelpatient.de\/rumors\/wann-wird-apple-einen-mac-mit-face-id-vorstellen"},"author":{"@type":"Organization","@id":"https:\/\/www.apfelpatient.de\/en\/#organization","name":"Apfelpatient","url":"https:\/\/www.apfelpatient.de\/en\/"},"headline":"Wann wird Apple einen Mac mit Face ID vorstellen?","datePublished":"2021-07-25T15:38:31+00:00","dateModified":"2021-07-25T15:38:32+00:00","mainEntityOfPage":{"@id":"https:\/\/www.apfelpatient.de\/rumors\/wann-wird-apple-einen-mac-mit-face-id-vorstellen"},"wordCount":372,"publisher":{"@type":"Organization","@id":"https:\/\/www.apfelpatient.de\/en\/#organization","name":"Apfelpatient","url":"https:\/\/www.apfelpatient.de\/en\/"},"image":{"@id":"https:\/\/www.apfelpatient.de\/rumors\/wann-wird-apple-einen-mac-mit-face-id-vorstellen#primaryimage"},"thumbnailUrl":"https:\/\/www.apfelpatient.de\/wp-content\/uploads\/2021\/05\/Apple_new-iMac-spring21-green_051721-1.jpg","keywords":["Mac"],"articleSection":"Rumors","inLanguage":"en-US","copyrightYear":"2021","copyrightHolder":{"@id":"https:\/\/www.apfelpatient.de\/en\/#organization"}},{"@type":"WebPage","@id":"https:\/\/www.apfelpatient.de\/rumors\/wann-wird-apple-einen-mac-mit-face-id-vorstellen","url":"https:\/\/www.apfelpatient.de\/rumors\/wann-wird-apple-einen-mac-mit-face-id-vorstellen","name":"When will Apple introduce a Mac with Face ID? Apfelpatient","isPartOf":{"@id":"https:\/\/www.apfelpatient.de\/#website"},"primaryImageOfPage":{"@id":"https:\/\/www.apfelpatient.de\/rumors\/wann-wird-apple-einen-mac-mit-face-id-vorstellen#primaryimage"},"image":{"@id":"https:\/\/www.apfelpatient.de\/rumors\/wann-wird-apple-einen-mac-mit-face-id-vorstellen#primaryimage"},"thumbnailUrl":"https:\/\/www.apfelpatient.de\/wp-content\/uploads\/2021\/05\/Apple_new-iMac-spring21-green_051721-1.jpg","datePublished":"2021-07-25T15:38:31+00:00","dateModified":"2021-07-25T15:38:32+00:00","description":"Many fans have been asking themselves the question of when the first Mac with Face ID will be introduced. Now Mark Gurman has commented on the matter.","breadcrumb":{"@id":"https:\/\/www.apfelpatient.de\/rumors\/wann-wird-apple-einen-mac-mit-face-id-vorstellen#breadcrumb"},"inLanguage":"en-US","potentialAction":[{"@type":"ReadAction","target":["https:\/\/www.apfelpatient.de\/rumors\/wann-wird-apple-einen-mac-mit-face-id-vorstellen"]}]},{"@type":"ImageObject","inLanguage":"en-US","@id":"https:\/\/www.apfelpatient.de\/rumors\/wann-wird-apple-einen-mac-mit-face-id-vorstellen#primaryimage","url":"https:\/\/www.apfelpatient.de\/wp-content\/uploads\/2021\/05\/Apple_new-iMac-spring21-green_051721-1.jpg","contentUrl":"https:\/\/www.apfelpatient.de\/wp-content\/uploads\/2021\/05\/Apple_new-iMac-spring21-green_051721-1.jpg","width":1600,"height":1009,"caption":"Bild: Apple"},{"@type":"BreadcrumbList","@id":"https:\/\/www.apfelpatient.de\/rumors\/wann-wird-apple-einen-mac-mit-face-id-vorstellen#breadcrumb","itemListElement":[{"@type":"ListItem","position":1,"name":"Startseite","item":"https:\/\/www.apfelpatient.de\/"},{"@type":"ListItem","position":2,"name":"Wann wird Apple einen Mac mit Face ID vorstellen?"}]},{"@type":"WebSite","@id":"https:\/\/www.apfelpatient.de\/#website","url":"https:\/\/www.apfelpatient.de\/","name":"apple patient","description":"Everything about Apple!","publisher":{"@type":"Organization","@id":"https:\/\/www.apfelpatient.de\/en\/#organization","name":"Apfelpatient","url":"https:\/\/www.apfelpatient.de\/en\/"},"alternateName":"Apfelpatient","potentialAction":[{"@type":"SearchAction","target":{"@type":"EntryPoint","urlTemplate":"https:\/\/www.apfelpatient.de\/?s={search_term_string}"},"query-input":{"@type":"PropertyValueSpecification","valueRequired":true,"valueName":"search_term_string"}}],"inLanguage":"en-US"},{"@type":["Person","Organization"],"@id":"https:\/\/www.apfelpatient.de\/#\/schema\/person\/35b3ddba5832f2bfc7fff5206d4f6b7b","name":"Milan","logo":{"@id":"https:\/\/www.apfelpatient.de\/#\/schema\/person\/image\/"},"description":"Hello and welcome to my technology blog! As a big Apple fan, I report on everything to do with Apple: from the latest news and exciting rumors to helpful tips and tricks and detailed product tests. If you are as enthusiastic about technology as I am, you have come to the right place!","sameAs":["https:\/\/www.facebook.com\/apfelpatientOfficial","https:\/\/www.linkedin.com\/in\/milan-jovicic-42aa0231b"],"url":"https:\/\/www.apfelpatient.de\/en\/author\/apfeladmin"}]}},"_links":{"self":[{"href":"https:\/\/www.apfelpatient.de\/en\/wp-json\/wp\/v2\/posts\/24852","targetHints":{"allow":["GET"]}}],"collection":[{"href":"https:\/\/www.apfelpatient.de\/en\/wp-json\/wp\/v2\/posts"}],"about":[{"href":"https:\/\/www.apfelpatient.de\/en\/wp-json\/wp\/v2\/types\/post"}],"author":[{"embeddable":true,"href":"https:\/\/www.apfelpatient.de\/en\/wp-json\/wp\/v2\/users\/2"}],"replies":[{"embeddable":true,"href":"https:\/\/www.apfelpatient.de\/en\/wp-json\/wp\/v2\/comments?post=24852"}],"version-history":[{"count":0,"href":"https:\/\/www.apfelpatient.de\/en\/wp-json\/wp\/v2\/posts\/24852\/revisions"}],"wp:featuredmedia":[{"embeddable":true,"href":"https:\/\/www.apfelpatient.de\/en\/wp-json\/wp\/v2\/media\/22511"}],"wp:attachment":[{"href":"https:\/\/www.apfelpatient.de\/en\/wp-json\/wp\/v2\/media?parent=24852"}],"wp:term":[{"taxonomy":"category","embeddable":true,"href":"https:\/\/www.apfelpatient.de\/en\/wp-json\/wp\/v2\/categories?post=24852"},{"taxonomy":"post_tag","embeddable":true,"href":"https:\/\/www.apfelpatient.de\/en\/wp-json\/wp\/v2\/tags?post=24852"}],"curies":[{"name":"wp","href":"https:\/\/api.w.org\/{rel}","templated":true}]}}