{"id":24818,"date":"2021-07-23T18:23:20","date_gmt":"2021-07-23T16:23:20","guid":{"rendered":"https:\/\/www.apfelpatient.de\/?p=24818"},"modified":"2021-07-23T18:23:21","modified_gmt":"2021-07-23T16:23:21","slug":"ipad-mini-6-analyst-contradicts-recent-rumors","status":"publish","type":"post","link":"https:\/\/www.apfelpatient.de\/en\/rumors\/ipad-mini-6-analyst-widerspricht-juengsten-geruechten","title":{"rendered":"iPad mini 6: Analyst contradicts recent rumors"},"content":{"rendered":"<p class=\"has-drop-cap\"><strong>Just yesterday, DigiTimes claimed that Apple would give the iPad mini 6 a mini-LED display. But now display analyst Ross Young has contradicted the whole thing.<\/strong><\/p>\n\n\n\n<p>After DigiTimes published the article, Young wants to publish his own <a href=\"https:\/\/twitter.com\/DSCCRoss\/status\/1418579846637101061\" target=\"_blank\" rel=\"noreferrer noopener\">Testify<\/a> to have spoken to Radiant Opto-Electronics. The supplier is said to <a href=\"https:\/\/www.apfelpatient.de\/en\/rumors\/will-the-ipad-mini-6-get-a-mini-led-display\">DigiTimes<\/a> Apple is said to be supplying mini-LEDs for the iPad mini. But Young&#039;s source denied this. In fact, someone from the staff said that the upcoming iPad mini will not have a mini-LED display. As a reminder, reliable Apple analyst Ming-Chi Kuo claimed some time ago that an updated iPad mini with a mini-LED display would be released in 2020. However, due to the global health crisis and delays in production, this did not happen.<\/p>\n\n\n\n<h3 class=\"wp-block-heading\" id=\"h-ipad-mini-6-welchen-prozessor-wird-apple-einbauen\">iPad mini 6: Which processor will Apple install?<\/h3>\n\n\n\n\n\n\n\n<p>Unlike the display, a redesign is considered certain. According to various sources, the device will receive a significant redesign that includes no home button, a Touch ID sensor integrated into the power button, a USB-C port and a larger display. When it comes to the processor, the rumors are just as contradictory as the display. While some claim that the device will be equipped with the A14 chip, some other sources suggest the use of the upcoming A15 processor. Of course, as always, it remains to be seen who will be right in the end. (Image: rendersbyian)<\/p>\n\n\n\n<ul class=\"wp-block-list\"><li><a href=\"https:\/\/www.apfelpatient.de\/en\/rumors\/new-ipad-mini-to-get-a15-chip-and-more\">New iPad mini to receive A15 chip and more<\/a><\/li><\/ul>\n\n\n\n<h6 class=\"wp-block-heading translation-block\" id=\"h-kennt-ihr-schon-unsere-amazon-storefront-dort-findet-ihr-eine-handverlesene-auswahl-von-diversen-produkten-f-r-euer-iphone-und-co-viel-spa-beim-st-bern\"><em>Have you already visited our Amazon Storefront? There you&#039;ll find a hand-picked selection of various products for your iPhone and other devices \u2013 <span class=\"has-inline-color has-vivid-red-color\"><a href=\"https:\/\/www.amazon.de\/shop\/apfelpatientofficial\" class=\"ek-link\" data-wpel-link=\"exclude\" rel=\"follow noopener\" target=\"_self\"><span style=\"text-decoration: underline\" class=\"ek-underline\">enjoy browsing<\/span><\/a> !<\/span><\/em><\/h6>\n\n\n\n<h6 class=\"wp-block-heading translation-block\" id=\"h-der-beitrag-enthalt-partnerlinks\">This post contains <a data-type=\"URL\" data-id=\"https:\/\/www.apfelpatient.de\/partnerprogramm\" href=\"https:\/\/www.apfelpatient.de\/en\/partner-program\" data-wpel-link=\"internal\" target=\"_self\">affiliate links<\/a>.<\/h6>","protected":false},"excerpt":{"rendered":"<p>Yesterday, DigiTimes claimed that Apple will give the iPad mini 6 a mini-LED display. But now an analyst has contradicted this.<\/p>","protected":false},"author":2,"featured_media":24775,"comment_status":"closed","ping_status":"closed","sticky":false,"template":"","format":"standard","meta":{"jnews-multi-image_gallery":[],"jnews_single_post":{"subtitle":"","format":"standard","video":"","gallery":"","source_name":"","source_url":"","via_name":"","via_url":"","override":[{"single_blog_custom":"","sidebar":"","second_sidebar":"","share_position":"","share_float_style":"","post_date_format":"","post_date_format_custom":"","post_reading_time_wpm":"","zoom_button_out_step":"1","zoom_button_in_step":"1","number_popup_post":"1"}],"image_override":[{"single_post_thumbnail_size":"","single_post_gallery_size":""}],"trending_post_position":"","trending_post_label":"","sponsored_post_label":"","sponsored_post_name":"","sponsored_post_url":"","sponsored_post_logo":"","sponsored_post_desc":""},"jnews_primary_category":{"id":"25"},"footnotes":""},"categories":[25],"tags":[18,114],"class_list":["post-24818","post","type-post","status-publish","format-standard","has-post-thumbnail","hentry","category-rumors","tag-ipad","tag-ipad-mini"],"yoast_head":"<!-- This site is optimized with the Yoast SEO Premium plugin v27.5 (Yoast SEO v27.5) - https:\/\/yoast.com\/product\/yoast-seo-premium-wordpress\/ -->\n<title>iPad mini 6: Analyst widerspricht j\u00fcngsten Ger\u00fcchten Apfelpatient<\/title>\n<meta name=\"description\" content=\"Gestern hat die DigiTimes behauptet, dass Apple dem iPad mini 6 ein Mini-LED-Display spendieren wird. Doch nun hat ein Analyst widersprochen.\" \/>\n<meta name=\"robots\" content=\"index, follow, max-snippet:-1, max-image-preview:large, max-video-preview:-1\" \/>\n<link rel=\"canonical\" href=\"https:\/\/www.apfelpatient.de\/en\/rumors\/ipad-mini-6-analyst-contradicts-recent-rumors\" \/>\n<meta property=\"og:locale\" content=\"en_US\" \/>\n<meta property=\"og:type\" content=\"article\" \/>\n<meta property=\"og:title\" content=\"iPad mini 6: Analyst widerspricht j\u00fcngsten Ger\u00fcchten\" \/>\n<meta property=\"og:description\" content=\"Gestern hat die DigiTimes behauptet, dass Apple dem iPad mini 6 ein Mini-LED-Display spendieren wird. Doch nun hat ein Analyst widersprochen.\" \/>\n<meta property=\"og:url\" content=\"https:\/\/www.apfelpatient.de\/en\/rumors\/ipad-mini-6-analyst-contradicts-recent-rumors\" \/>\n<meta property=\"og:site_name\" content=\"Apfelpatient\" \/>\n<meta property=\"article:publisher\" content=\"https:\/\/www.facebook.com\/apfelpatientOfficial\" \/>\n<meta property=\"article:author\" content=\"https:\/\/www.facebook.com\/apfelpatientOfficial\" \/>\n<meta property=\"article:published_time\" content=\"2021-07-23T16:23:20+00:00\" \/>\n<meta property=\"article:modified_time\" content=\"2021-07-23T16:23:21+00:00\" \/>\n<meta property=\"og:image\" content=\"https:\/\/www.apfelpatient.de\/wp-content\/uploads\/2021\/07\/fb6e5e0e-91ed-4873-ba76-c1b2d4a60035_rw_1920.jpg\" \/>\n\t<meta property=\"og:image:width\" content=\"1600\" \/>\n\t<meta property=\"og:image:height\" content=\"900\" \/>\n\t<meta property=\"og:image:type\" content=\"image\/jpeg\" \/>\n<meta name=\"author\" content=\"Milan\" \/>\n<meta name=\"twitter:card\" content=\"summary_large_image\" \/>\n<meta name=\"twitter:description\" content=\"Gestern hat die DigiTimes behauptet, dass Apple dem iPad mini 6 ein Mini-LED-Display spendieren wird. Doch nun hat ein Analyst widersprochen.\" \/>\n<meta name=\"twitter:label1\" content=\"Written by\" \/>\n\t<meta name=\"twitter:data1\" content=\"Milan\" \/>\n\t<meta name=\"twitter:label2\" content=\"Est. reading time\" \/>\n\t<meta name=\"twitter:data2\" content=\"1 minute\" \/>\n<script type=\"application\/ld+json\" class=\"yoast-schema-graph\">{\"@context\":\"https:\\\/\\\/schema.org\",\"@graph\":[{\"@type\":\"NewsArticle\",\"@id\":\"https:\\\/\\\/www.apfelpatient.de\\\/rumors\\\/ipad-mini-6-analyst-widerspricht-juengsten-geruechten#article\",\"isPartOf\":{\"@id\":\"https:\\\/\\\/www.apfelpatient.de\\\/rumors\\\/ipad-mini-6-analyst-widerspricht-juengsten-geruechten\"},\"author\":{\"@type\":\"Organization\",\"@id\":\"https:\\\/\\\/www.apfelpatient.de\\\/en\\\/#organization\",\"name\":\"Apfelpatient\",\"url\":\"https:\\\/\\\/www.apfelpatient.de\\\/en\\\/\"},\"headline\":\"iPad mini 6: Analyst widerspricht j\u00fcngsten Ger\u00fcchten\",\"datePublished\":\"2021-07-23T16:23:20+00:00\",\"dateModified\":\"2021-07-23T16:23:21+00:00\",\"mainEntityOfPage\":{\"@id\":\"https:\\\/\\\/www.apfelpatient.de\\\/rumors\\\/ipad-mini-6-analyst-widerspricht-juengsten-geruechten\"},\"wordCount\":243,\"publisher\":{\"@type\":\"Organization\",\"@id\":\"https:\\\/\\\/www.apfelpatient.de\\\/en\\\/#organization\",\"name\":\"Apfelpatient\",\"url\":\"https:\\\/\\\/www.apfelpatient.de\\\/en\\\/\"},\"image\":{\"@id\":\"https:\\\/\\\/www.apfelpatient.de\\\/rumors\\\/ipad-mini-6-analyst-widerspricht-juengsten-geruechten#primaryimage\"},\"thumbnailUrl\":\"https:\\\/\\\/www.apfelpatient.de\\\/wp-content\\\/uploads\\\/2021\\\/07\\\/fb6e5e0e-91ed-4873-ba76-c1b2d4a60035_rw_1920.jpg\",\"keywords\":[\"iPad\",\"iPad mini\"],\"articleSection\":\"Rumors\",\"inLanguage\":\"en-US\",\"copyrightYear\":\"2021\",\"copyrightHolder\":{\"@id\":\"https:\\\/\\\/www.apfelpatient.de\\\/en\\\/#organization\"}},{\"@type\":\"WebPage\",\"@id\":\"https:\\\/\\\/www.apfelpatient.de\\\/rumors\\\/ipad-mini-6-analyst-widerspricht-juengsten-geruechten\",\"url\":\"https:\\\/\\\/www.apfelpatient.de\\\/rumors\\\/ipad-mini-6-analyst-widerspricht-juengsten-geruechten\",\"name\":\"iPad mini 6: Analyst widerspricht j\u00fcngsten Ger\u00fcchten Apfelpatient\",\"isPartOf\":{\"@id\":\"https:\\\/\\\/www.apfelpatient.de\\\/#website\"},\"primaryImageOfPage\":{\"@id\":\"https:\\\/\\\/www.apfelpatient.de\\\/rumors\\\/ipad-mini-6-analyst-widerspricht-juengsten-geruechten#primaryimage\"},\"image\":{\"@id\":\"https:\\\/\\\/www.apfelpatient.de\\\/rumors\\\/ipad-mini-6-analyst-widerspricht-juengsten-geruechten#primaryimage\"},\"thumbnailUrl\":\"https:\\\/\\\/www.apfelpatient.de\\\/wp-content\\\/uploads\\\/2021\\\/07\\\/fb6e5e0e-91ed-4873-ba76-c1b2d4a60035_rw_1920.jpg\",\"datePublished\":\"2021-07-23T16:23:20+00:00\",\"dateModified\":\"2021-07-23T16:23:21+00:00\",\"description\":\"Gestern hat die DigiTimes behauptet, dass Apple dem iPad mini 6 ein Mini-LED-Display spendieren wird. Doch nun hat ein Analyst widersprochen.\",\"breadcrumb\":{\"@id\":\"https:\\\/\\\/www.apfelpatient.de\\\/rumors\\\/ipad-mini-6-analyst-widerspricht-juengsten-geruechten#breadcrumb\"},\"inLanguage\":\"en-US\",\"potentialAction\":[{\"@type\":\"ReadAction\",\"target\":[\"https:\\\/\\\/www.apfelpatient.de\\\/rumors\\\/ipad-mini-6-analyst-widerspricht-juengsten-geruechten\"]}]},{\"@type\":\"ImageObject\",\"inLanguage\":\"en-US\",\"@id\":\"https:\\\/\\\/www.apfelpatient.de\\\/rumors\\\/ipad-mini-6-analyst-widerspricht-juengsten-geruechten#primaryimage\",\"url\":\"https:\\\/\\\/www.apfelpatient.de\\\/wp-content\\\/uploads\\\/2021\\\/07\\\/fb6e5e0e-91ed-4873-ba76-c1b2d4a60035_rw_1920.jpg\",\"contentUrl\":\"https:\\\/\\\/www.apfelpatient.de\\\/wp-content\\\/uploads\\\/2021\\\/07\\\/fb6e5e0e-91ed-4873-ba76-c1b2d4a60035_rw_1920.jpg\",\"width\":1600,\"height\":900,\"caption\":\"Bild: rendersbyian - iPad mini 6\"},{\"@type\":\"BreadcrumbList\",\"@id\":\"https:\\\/\\\/www.apfelpatient.de\\\/rumors\\\/ipad-mini-6-analyst-widerspricht-juengsten-geruechten#breadcrumb\",\"itemListElement\":[{\"@type\":\"ListItem\",\"position\":1,\"name\":\"Startseite\",\"item\":\"https:\\\/\\\/www.apfelpatient.de\\\/\"},{\"@type\":\"ListItem\",\"position\":2,\"name\":\"iPad mini 6: Analyst widerspricht j\u00fcngsten Ger\u00fcchten\"}]},{\"@type\":\"WebSite\",\"@id\":\"https:\\\/\\\/www.apfelpatient.de\\\/#website\",\"url\":\"https:\\\/\\\/www.apfelpatient.de\\\/\",\"name\":\"Apfelpatient\",\"description\":\"Alles rund um Apple!\",\"publisher\":{\"@type\":\"Organization\",\"@id\":\"https:\\\/\\\/www.apfelpatient.de\\\/en\\\/#organization\",\"name\":\"Apfelpatient\",\"url\":\"https:\\\/\\\/www.apfelpatient.de\\\/en\\\/\"},\"alternateName\":\"Apfelpatient\",\"potentialAction\":[{\"@type\":\"SearchAction\",\"target\":{\"@type\":\"EntryPoint\",\"urlTemplate\":\"https:\\\/\\\/www.apfelpatient.de\\\/?s={search_term_string}\"},\"query-input\":{\"@type\":\"PropertyValueSpecification\",\"valueRequired\":true,\"valueName\":\"search_term_string\"}}],\"inLanguage\":\"en-US\"},{\"@type\":[\"Person\",\"Organization\"],\"@id\":\"https:\\\/\\\/www.apfelpatient.de\\\/#\\\/schema\\\/person\\\/35b3ddba5832f2bfc7fff5206d4f6b7b\",\"name\":\"Milan\",\"logo\":{\"@id\":\"https:\\\/\\\/www.apfelpatient.de\\\/#\\\/schema\\\/person\\\/image\\\/\"},\"description\":\"Hallo und herzlich willkommen auf meinem Technik-Blog! Als gro\u00dfer Apple-Fan berichte ich hier \u00fcber alles, was mit Apple zu tun hat: von den neuesten News und spannenden Ger\u00fcchten \u00fcber hilfreiche Tipps und Tricks bis hin zu ausf\u00fchrlichen Produkttests. Wenn du genauso technikbegeistert bist wie ich, bist du hier genau richtig!\",\"sameAs\":[\"https:\\\/\\\/www.facebook.com\\\/apfelpatientOfficial\",\"https:\\\/\\\/www.linkedin.com\\\/in\\\/milan-jovicic-42aa0231b\"],\"url\":\"https:\\\/\\\/www.apfelpatient.de\\\/en\\\/author\\\/apfeladmin\"}]}<\/script>\n<!-- \/ Yoast SEO Premium plugin. -->","yoast_head_json":{"title":"iPad mini 6: Analyst contradicts recent rumors Apfelpatient","description":"Yesterday, DigiTimes claimed that Apple will give the iPad mini 6 a mini-LED display. But now an analyst has contradicted this.","robots":{"index":"index","follow":"follow","max-snippet":"max-snippet:-1","max-image-preview":"max-image-preview:large","max-video-preview":"max-video-preview:-1"},"canonical":"https:\/\/www.apfelpatient.de\/en\/rumors\/ipad-mini-6-analyst-contradicts-recent-rumors","og_locale":"en_US","og_type":"article","og_title":"iPad mini 6: Analyst widerspricht j\u00fcngsten Ger\u00fcchten","og_description":"Gestern hat die DigiTimes behauptet, dass Apple dem iPad mini 6 ein Mini-LED-Display spendieren wird. Doch nun hat ein Analyst widersprochen.","og_url":"https:\/\/www.apfelpatient.de\/en\/rumors\/ipad-mini-6-analyst-contradicts-recent-rumors","og_site_name":"Apfelpatient","article_publisher":"https:\/\/www.facebook.com\/apfelpatientOfficial","article_author":"https:\/\/www.facebook.com\/apfelpatientOfficial","article_published_time":"2021-07-23T16:23:20+00:00","article_modified_time":"2021-07-23T16:23:21+00:00","og_image":[{"width":1600,"height":900,"url":"https:\/\/www.apfelpatient.de\/wp-content\/uploads\/2021\/07\/fb6e5e0e-91ed-4873-ba76-c1b2d4a60035_rw_1920.jpg","type":"image\/jpeg"}],"author":"Milan","twitter_card":"summary_large_image","twitter_description":"Gestern hat die DigiTimes behauptet, dass Apple dem iPad mini 6 ein Mini-LED-Display spendieren wird. Doch nun hat ein Analyst widersprochen.","twitter_misc":{"Written by":"Milan","Est. reading time":"1 minute"},"schema":{"@context":"https:\/\/schema.org","@graph":[{"@type":"NewsArticle","@id":"https:\/\/www.apfelpatient.de\/rumors\/ipad-mini-6-analyst-widerspricht-juengsten-geruechten#article","isPartOf":{"@id":"https:\/\/www.apfelpatient.de\/rumors\/ipad-mini-6-analyst-widerspricht-juengsten-geruechten"},"author":{"@type":"Organization","@id":"https:\/\/www.apfelpatient.de\/en\/#organization","name":"Apfelpatient","url":"https:\/\/www.apfelpatient.de\/en\/"},"headline":"iPad mini 6: Analyst widerspricht j\u00fcngsten Ger\u00fcchten","datePublished":"2021-07-23T16:23:20+00:00","dateModified":"2021-07-23T16:23:21+00:00","mainEntityOfPage":{"@id":"https:\/\/www.apfelpatient.de\/rumors\/ipad-mini-6-analyst-widerspricht-juengsten-geruechten"},"wordCount":243,"publisher":{"@type":"Organization","@id":"https:\/\/www.apfelpatient.de\/en\/#organization","name":"Apfelpatient","url":"https:\/\/www.apfelpatient.de\/en\/"},"image":{"@id":"https:\/\/www.apfelpatient.de\/rumors\/ipad-mini-6-analyst-widerspricht-juengsten-geruechten#primaryimage"},"thumbnailUrl":"https:\/\/www.apfelpatient.de\/wp-content\/uploads\/2021\/07\/fb6e5e0e-91ed-4873-ba76-c1b2d4a60035_rw_1920.jpg","keywords":["iPad","iPad mini"],"articleSection":"Rumors","inLanguage":"en-US","copyrightYear":"2021","copyrightHolder":{"@id":"https:\/\/www.apfelpatient.de\/en\/#organization"}},{"@type":"WebPage","@id":"https:\/\/www.apfelpatient.de\/rumors\/ipad-mini-6-analyst-widerspricht-juengsten-geruechten","url":"https:\/\/www.apfelpatient.de\/rumors\/ipad-mini-6-analyst-widerspricht-juengsten-geruechten","name":"iPad mini 6: Analyst contradicts recent rumors Apfelpatient","isPartOf":{"@id":"https:\/\/www.apfelpatient.de\/#website"},"primaryImageOfPage":{"@id":"https:\/\/www.apfelpatient.de\/rumors\/ipad-mini-6-analyst-widerspricht-juengsten-geruechten#primaryimage"},"image":{"@id":"https:\/\/www.apfelpatient.de\/rumors\/ipad-mini-6-analyst-widerspricht-juengsten-geruechten#primaryimage"},"thumbnailUrl":"https:\/\/www.apfelpatient.de\/wp-content\/uploads\/2021\/07\/fb6e5e0e-91ed-4873-ba76-c1b2d4a60035_rw_1920.jpg","datePublished":"2021-07-23T16:23:20+00:00","dateModified":"2021-07-23T16:23:21+00:00","description":"Yesterday, DigiTimes claimed that Apple will give the iPad mini 6 a mini-LED display. But now an analyst has contradicted this.","breadcrumb":{"@id":"https:\/\/www.apfelpatient.de\/rumors\/ipad-mini-6-analyst-widerspricht-juengsten-geruechten#breadcrumb"},"inLanguage":"en-US","potentialAction":[{"@type":"ReadAction","target":["https:\/\/www.apfelpatient.de\/rumors\/ipad-mini-6-analyst-widerspricht-juengsten-geruechten"]}]},{"@type":"ImageObject","inLanguage":"en-US","@id":"https:\/\/www.apfelpatient.de\/rumors\/ipad-mini-6-analyst-widerspricht-juengsten-geruechten#primaryimage","url":"https:\/\/www.apfelpatient.de\/wp-content\/uploads\/2021\/07\/fb6e5e0e-91ed-4873-ba76-c1b2d4a60035_rw_1920.jpg","contentUrl":"https:\/\/www.apfelpatient.de\/wp-content\/uploads\/2021\/07\/fb6e5e0e-91ed-4873-ba76-c1b2d4a60035_rw_1920.jpg","width":1600,"height":900,"caption":"Bild: rendersbyian - iPad mini 6"},{"@type":"BreadcrumbList","@id":"https:\/\/www.apfelpatient.de\/rumors\/ipad-mini-6-analyst-widerspricht-juengsten-geruechten#breadcrumb","itemListElement":[{"@type":"ListItem","position":1,"name":"Startseite","item":"https:\/\/www.apfelpatient.de\/"},{"@type":"ListItem","position":2,"name":"iPad mini 6: Analyst widerspricht j\u00fcngsten Ger\u00fcchten"}]},{"@type":"WebSite","@id":"https:\/\/www.apfelpatient.de\/#website","url":"https:\/\/www.apfelpatient.de\/","name":"apple patient","description":"Everything about Apple!","publisher":{"@type":"Organization","@id":"https:\/\/www.apfelpatient.de\/en\/#organization","name":"Apfelpatient","url":"https:\/\/www.apfelpatient.de\/en\/"},"alternateName":"Apfelpatient","potentialAction":[{"@type":"SearchAction","target":{"@type":"EntryPoint","urlTemplate":"https:\/\/www.apfelpatient.de\/?s={search_term_string}"},"query-input":{"@type":"PropertyValueSpecification","valueRequired":true,"valueName":"search_term_string"}}],"inLanguage":"en-US"},{"@type":["Person","Organization"],"@id":"https:\/\/www.apfelpatient.de\/#\/schema\/person\/35b3ddba5832f2bfc7fff5206d4f6b7b","name":"Milan","logo":{"@id":"https:\/\/www.apfelpatient.de\/#\/schema\/person\/image\/"},"description":"Hello and welcome to my technology blog! As a big Apple fan, I report on everything to do with Apple: from the latest news and exciting rumors to helpful tips and tricks and detailed product tests. If you are as enthusiastic about technology as I am, you have come to the right place!","sameAs":["https:\/\/www.facebook.com\/apfelpatientOfficial","https:\/\/www.linkedin.com\/in\/milan-jovicic-42aa0231b"],"url":"https:\/\/www.apfelpatient.de\/en\/author\/apfeladmin"}]}},"_links":{"self":[{"href":"https:\/\/www.apfelpatient.de\/en\/wp-json\/wp\/v2\/posts\/24818","targetHints":{"allow":["GET"]}}],"collection":[{"href":"https:\/\/www.apfelpatient.de\/en\/wp-json\/wp\/v2\/posts"}],"about":[{"href":"https:\/\/www.apfelpatient.de\/en\/wp-json\/wp\/v2\/types\/post"}],"author":[{"embeddable":true,"href":"https:\/\/www.apfelpatient.de\/en\/wp-json\/wp\/v2\/users\/2"}],"replies":[{"embeddable":true,"href":"https:\/\/www.apfelpatient.de\/en\/wp-json\/wp\/v2\/comments?post=24818"}],"version-history":[{"count":0,"href":"https:\/\/www.apfelpatient.de\/en\/wp-json\/wp\/v2\/posts\/24818\/revisions"}],"wp:featuredmedia":[{"embeddable":true,"href":"https:\/\/www.apfelpatient.de\/en\/wp-json\/wp\/v2\/media\/24775"}],"wp:attachment":[{"href":"https:\/\/www.apfelpatient.de\/en\/wp-json\/wp\/v2\/media?parent=24818"}],"wp:term":[{"taxonomy":"category","embeddable":true,"href":"https:\/\/www.apfelpatient.de\/en\/wp-json\/wp\/v2\/categories?post=24818"},{"taxonomy":"post_tag","embeddable":true,"href":"https:\/\/www.apfelpatient.de\/en\/wp-json\/wp\/v2\/tags?post=24818"}],"curies":[{"name":"wp","href":"https:\/\/api.w.org\/{rel}","templated":true}]}}