{"id":2475,"date":"2018-10-31T16:05:22","date_gmt":"2018-10-31T15:05:22","guid":{"rendered":"https:\/\/www.apfelpatient.de\/?p=2475"},"modified":"2018-10-31T16:05:22","modified_gmt":"2018-10-31T15:05:22","slug":"2018-ipad-pro-how-much-does-a-repair-cost","status":"publish","type":"post","link":"https:\/\/www.apfelpatient.de\/en\/news\/2018-ipad-pro-so-viel-kostet-eine-reparatur","title":{"rendered":"2018 iPad Pro: How much does a repair cost"},"content":{"rendered":"<p><strong>Sales of the new iPad Pro will start on November 7th. The new professional tablet<span class=\"Apple-converted-space\">\u00a0 <\/span>can be pre-ordered since yesterday. Now Apple has published the prices for service and repairs.<\/strong><\/p>\n\n<p>As expected, repairing the new iPad Pro models is not cheap. The new 12.9\u201d model costs 700.90 euros. A repair of the 11\u201d device costs 540.90 euros. These costs are of course outside of the normal manufacturer guarantee or warranty.<span class=\"Apple-converted-space\">\u00a0<\/span><\/p>\n<p><strong>Apple Care +<\/strong><\/p>\n<p>If the new iPad Pro models are covered by Apple Care +, then a repair would cost 49 euros. If the user decides to send their device to Apple, an additional 12.10 euros in shipping costs must be paid.<\/p>\n\n<p>The price for Apple Care+ for one of the iPad Pro models is 139 euros. Apple emphasizes that the prices apply to a repair carried out by Apple itself. Pricing and terms and conditions of other service providers may vary.<\/p>\n<h5><a href=\"https:\/\/t.me\/apfelpatient_official\"><em><strong>Don&#039;t want to miss any more news? Then subscribe to our Telegram channel here<\/strong><\/em><\/a><\/h5>","protected":false},"excerpt":{"rendered":"<p>Am 07. November startet der Verkauf des neuen iPad Pro. Das neue Profi-Tablet\u00a0 l\u00e4sst sich seit gestern vorbestellen. Nun hat Apple die Preise f\u00fcr Service und Reparaturen ver\u00f6ffentlicht. Wie zu erwarten ist eine Reparatur der neuen iPad Pro Modelle nicht g\u00fcnstig. Bei dem neuen 12.9\u201d Modell fallen 700,90 Euro an. Eine Reparatur des 11\u201d Ger\u00e4tes [&hellip;]<\/p>\n","protected":false},"author":2,"featured_media":2477,"comment_status":"open","ping_status":"open","sticky":false,"template":"","format":"standard","meta":{"jnews-multi-image_gallery":[],"jnews_single_post":[],"jnews_primary_category":[],"footnotes":""},"categories":[9],"tags":[174,18,66,125],"class_list":["post-2475","post","type-post","status-publish","format-standard","has-post-thumbnail","hentry","category-news","tag-apple-care","tag-ipad","tag-ipad-pro","tag-ipad-pro-2018"],"yoast_head":"<!-- This site is optimized with the Yoast SEO Premium plugin v27.5 (Yoast SEO v27.5) - https:\/\/yoast.com\/product\/yoast-seo-premium-wordpress\/ -->\n<title>2018 iPad Pro: So viel kostet eine Reparatur Apfelpatient<\/title>\n<meta name=\"description\" content=\"Am 07. November startet der Verkauf des neuen iPad Pro. Das neue Profi-Tablet\u00a0 l\u00e4sst sich seit gestern vorbestellen. Nun hat Apple die Preise f\u00fcr Service\" \/>\n<meta name=\"robots\" content=\"index, follow, max-snippet:-1, max-image-preview:large, max-video-preview:-1\" \/>\n<link rel=\"canonical\" href=\"https:\/\/www.apfelpatient.de\/en\/news\/2018-ipad-pro-how-much-does-a-repair-cost\" \/>\n<meta property=\"og:locale\" content=\"en_US\" \/>\n<meta property=\"og:type\" content=\"article\" \/>\n<meta property=\"og:title\" content=\"2018 iPad Pro: So viel kostet eine Reparatur\" \/>\n<meta property=\"og:description\" content=\"Am 07. November startet der Verkauf des neuen iPad Pro. Das neue Profi-Tablet\u00a0 l\u00e4sst sich seit gestern vorbestellen. Nun hat Apple die Preise f\u00fcr Service\" \/>\n<meta property=\"og:url\" content=\"https:\/\/www.apfelpatient.de\/en\/news\/2018-ipad-pro-how-much-does-a-repair-cost\" \/>\n<meta property=\"og:site_name\" content=\"Apfelpatient\" \/>\n<meta property=\"article:publisher\" content=\"https:\/\/www.facebook.com\/apfelpatientOfficial\" \/>\n<meta property=\"article:author\" content=\"https:\/\/www.facebook.com\/apfelpatientOfficial\" \/>\n<meta property=\"article:published_time\" content=\"2018-10-31T15:05:22+00:00\" \/>\n<meta property=\"og:image\" content=\"https:\/\/www.apfelpatient.de\/wp-content\/uploads\/2018\/10\/iPad-Pro_Smart-keyboard-Apple-Pencil_10302018.jpg\" \/>\n\t<meta property=\"og:image:width\" content=\"1142\" \/>\n\t<meta property=\"og:image:height\" content=\"731\" \/>\n\t<meta property=\"og:image:type\" content=\"image\/jpeg\" \/>\n<meta name=\"author\" content=\"Milan\" \/>\n<meta name=\"twitter:card\" content=\"summary_large_image\" \/>\n<meta name=\"twitter:label1\" content=\"Written by\" \/>\n\t<meta name=\"twitter:data1\" content=\"Milan\" \/>\n\t<meta name=\"twitter:label2\" content=\"Est. reading time\" \/>\n\t<meta name=\"twitter:data2\" content=\"1 minute\" \/>\n<script type=\"application\/ld+json\" class=\"yoast-schema-graph\">{\"@context\":\"https:\\\/\\\/schema.org\",\"@graph\":[{\"@type\":\"NewsArticle\",\"@id\":\"https:\\\/\\\/www.apfelpatient.de\\\/news\\\/2018-ipad-pro-so-viel-kostet-eine-reparatur#article\",\"isPartOf\":{\"@id\":\"https:\\\/\\\/www.apfelpatient.de\\\/news\\\/2018-ipad-pro-so-viel-kostet-eine-reparatur\"},\"author\":{\"@type\":\"Organization\",\"@id\":\"https:\\\/\\\/www.apfelpatient.de\\\/en\\\/#organization\",\"name\":\"Apfelpatient\",\"url\":\"https:\\\/\\\/www.apfelpatient.de\\\/en\\\/\"},\"headline\":\"2018 iPad Pro: So viel kostet eine Reparatur\",\"datePublished\":\"2018-10-31T15:05:22+00:00\",\"mainEntityOfPage\":{\"@id\":\"https:\\\/\\\/www.apfelpatient.de\\\/news\\\/2018-ipad-pro-so-viel-kostet-eine-reparatur\"},\"wordCount\":174,\"commentCount\":0,\"publisher\":{\"@type\":\"Organization\",\"@id\":\"https:\\\/\\\/www.apfelpatient.de\\\/en\\\/#organization\",\"name\":\"Apfelpatient\",\"url\":\"https:\\\/\\\/www.apfelpatient.de\\\/en\\\/\"},\"image\":{\"@id\":\"https:\\\/\\\/www.apfelpatient.de\\\/news\\\/2018-ipad-pro-so-viel-kostet-eine-reparatur#primaryimage\"},\"thumbnailUrl\":\"https:\\\/\\\/www.apfelpatient.de\\\/wp-content\\\/uploads\\\/2018\\\/10\\\/iPad-Pro_Smart-keyboard-Apple-Pencil_10302018.jpg\",\"keywords\":[\"Apple Care+\",\"iPad\",\"iPad Pro\",\"iPad Pro 2018\"],\"articleSection\":\"News\",\"inLanguage\":\"en-US\",\"potentialAction\":[{\"@type\":\"CommentAction\",\"name\":\"Comment\",\"target\":[\"https:\\\/\\\/www.apfelpatient.de\\\/news\\\/2018-ipad-pro-so-viel-kostet-eine-reparatur#respond\"]}],\"copyrightYear\":\"2018\",\"copyrightHolder\":{\"@id\":\"https:\\\/\\\/www.apfelpatient.de\\\/en\\\/#organization\"}},{\"@type\":\"WebPage\",\"@id\":\"https:\\\/\\\/www.apfelpatient.de\\\/news\\\/2018-ipad-pro-so-viel-kostet-eine-reparatur\",\"url\":\"https:\\\/\\\/www.apfelpatient.de\\\/news\\\/2018-ipad-pro-so-viel-kostet-eine-reparatur\",\"name\":\"2018 iPad Pro: So viel kostet eine Reparatur Apfelpatient\",\"isPartOf\":{\"@id\":\"https:\\\/\\\/www.apfelpatient.de\\\/#website\"},\"primaryImageOfPage\":{\"@id\":\"https:\\\/\\\/www.apfelpatient.de\\\/news\\\/2018-ipad-pro-so-viel-kostet-eine-reparatur#primaryimage\"},\"image\":{\"@id\":\"https:\\\/\\\/www.apfelpatient.de\\\/news\\\/2018-ipad-pro-so-viel-kostet-eine-reparatur#primaryimage\"},\"thumbnailUrl\":\"https:\\\/\\\/www.apfelpatient.de\\\/wp-content\\\/uploads\\\/2018\\\/10\\\/iPad-Pro_Smart-keyboard-Apple-Pencil_10302018.jpg\",\"datePublished\":\"2018-10-31T15:05:22+00:00\",\"description\":\"Am 07. November startet der Verkauf des neuen iPad Pro. Das neue Profi-Tablet\u00a0 l\u00e4sst sich seit gestern vorbestellen. Nun hat Apple die Preise f\u00fcr Service\",\"breadcrumb\":{\"@id\":\"https:\\\/\\\/www.apfelpatient.de\\\/news\\\/2018-ipad-pro-so-viel-kostet-eine-reparatur#breadcrumb\"},\"inLanguage\":\"en-US\",\"potentialAction\":[{\"@type\":\"ReadAction\",\"target\":[\"https:\\\/\\\/www.apfelpatient.de\\\/news\\\/2018-ipad-pro-so-viel-kostet-eine-reparatur\"]}]},{\"@type\":\"ImageObject\",\"inLanguage\":\"en-US\",\"@id\":\"https:\\\/\\\/www.apfelpatient.de\\\/news\\\/2018-ipad-pro-so-viel-kostet-eine-reparatur#primaryimage\",\"url\":\"https:\\\/\\\/www.apfelpatient.de\\\/wp-content\\\/uploads\\\/2018\\\/10\\\/iPad-Pro_Smart-keyboard-Apple-Pencil_10302018.jpg\",\"contentUrl\":\"https:\\\/\\\/www.apfelpatient.de\\\/wp-content\\\/uploads\\\/2018\\\/10\\\/iPad-Pro_Smart-keyboard-Apple-Pencil_10302018.jpg\",\"width\":1142,\"height\":731,\"caption\":\"Bild: Apple\"},{\"@type\":\"BreadcrumbList\",\"@id\":\"https:\\\/\\\/www.apfelpatient.de\\\/news\\\/2018-ipad-pro-so-viel-kostet-eine-reparatur#breadcrumb\",\"itemListElement\":[{\"@type\":\"ListItem\",\"position\":1,\"name\":\"Startseite\",\"item\":\"https:\\\/\\\/www.apfelpatient.de\\\/\"},{\"@type\":\"ListItem\",\"position\":2,\"name\":\"2018 iPad Pro: So viel kostet eine Reparatur\"}]},{\"@type\":\"WebSite\",\"@id\":\"https:\\\/\\\/www.apfelpatient.de\\\/#website\",\"url\":\"https:\\\/\\\/www.apfelpatient.de\\\/\",\"name\":\"Apfelpatient\",\"description\":\"Alles rund um Apple!\",\"publisher\":{\"@type\":\"Organization\",\"@id\":\"https:\\\/\\\/www.apfelpatient.de\\\/en\\\/#organization\",\"name\":\"Apfelpatient\",\"url\":\"https:\\\/\\\/www.apfelpatient.de\\\/en\\\/\"},\"alternateName\":\"Apfelpatient\",\"potentialAction\":[{\"@type\":\"SearchAction\",\"target\":{\"@type\":\"EntryPoint\",\"urlTemplate\":\"https:\\\/\\\/www.apfelpatient.de\\\/?s={search_term_string}\"},\"query-input\":{\"@type\":\"PropertyValueSpecification\",\"valueRequired\":true,\"valueName\":\"search_term_string\"}}],\"inLanguage\":\"en-US\"},{\"@type\":[\"Person\",\"Organization\"],\"@id\":\"https:\\\/\\\/www.apfelpatient.de\\\/#\\\/schema\\\/person\\\/7dc56ad6c8e9824b76d2c08d4c140e13\",\"name\":\"Milan\",\"logo\":{\"@id\":\"https:\\\/\\\/www.apfelpatient.de\\\/#\\\/schema\\\/person\\\/image\\\/\"},\"description\":\"Hallo und herzlich willkommen auf meinem Technik-Blog! Als gro\u00dfer Apple-Fan berichte ich hier \u00fcber alles, was mit Apple zu tun hat: von den neuesten News und spannenden Ger\u00fcchten \u00fcber hilfreiche Tipps und Tricks bis hin zu ausf\u00fchrlichen Produkttests. Wenn du genauso technikbegeistert bist wie ich, bist du hier genau richtig!\",\"sameAs\":[\"https:\\\/\\\/www.facebook.com\\\/apfelpatientOfficial\",\"https:\\\/\\\/www.linkedin.com\\\/in\\\/milan-jovicic-42aa0231b\"],\"url\":\"https:\\\/\\\/www.apfelpatient.de\\\/en\\\/author\\\/apfeladmin\"}]}<\/script>\n<!-- \/ Yoast SEO Premium plugin. -->","yoast_head_json":{"title":"2018 iPad Pro: How much does a repair cost Apfelpatient","description":"The new iPad Pro goes on sale on November 7th. The new professional tablet can be pre-ordered since yesterday. Apple has now announced the prices for service","robots":{"index":"index","follow":"follow","max-snippet":"max-snippet:-1","max-image-preview":"max-image-preview:large","max-video-preview":"max-video-preview:-1"},"canonical":"https:\/\/www.apfelpatient.de\/en\/news\/2018-ipad-pro-how-much-does-a-repair-cost","og_locale":"en_US","og_type":"article","og_title":"2018 iPad Pro: So viel kostet eine Reparatur","og_description":"Am 07. November startet der Verkauf des neuen iPad Pro. Das neue Profi-Tablet\u00a0 l\u00e4sst sich seit gestern vorbestellen. Nun hat Apple die Preise f\u00fcr Service","og_url":"https:\/\/www.apfelpatient.de\/en\/news\/2018-ipad-pro-how-much-does-a-repair-cost","og_site_name":"Apfelpatient","article_publisher":"https:\/\/www.facebook.com\/apfelpatientOfficial","article_author":"https:\/\/www.facebook.com\/apfelpatientOfficial","article_published_time":"2018-10-31T15:05:22+00:00","og_image":[{"width":1142,"height":731,"url":"https:\/\/www.apfelpatient.de\/wp-content\/uploads\/2018\/10\/iPad-Pro_Smart-keyboard-Apple-Pencil_10302018.jpg","type":"image\/jpeg"}],"author":"Milan","twitter_card":"summary_large_image","twitter_misc":{"Written by":"Milan","Est. reading time":"1 minute"},"schema":{"@context":"https:\/\/schema.org","@graph":[{"@type":"NewsArticle","@id":"https:\/\/www.apfelpatient.de\/news\/2018-ipad-pro-so-viel-kostet-eine-reparatur#article","isPartOf":{"@id":"https:\/\/www.apfelpatient.de\/news\/2018-ipad-pro-so-viel-kostet-eine-reparatur"},"author":{"@type":"Organization","@id":"https:\/\/www.apfelpatient.de\/en\/#organization","name":"Apfelpatient","url":"https:\/\/www.apfelpatient.de\/en\/"},"headline":"2018 iPad Pro: So viel kostet eine Reparatur","datePublished":"2018-10-31T15:05:22+00:00","mainEntityOfPage":{"@id":"https:\/\/www.apfelpatient.de\/news\/2018-ipad-pro-so-viel-kostet-eine-reparatur"},"wordCount":174,"commentCount":0,"publisher":{"@type":"Organization","@id":"https:\/\/www.apfelpatient.de\/en\/#organization","name":"Apfelpatient","url":"https:\/\/www.apfelpatient.de\/en\/"},"image":{"@id":"https:\/\/www.apfelpatient.de\/news\/2018-ipad-pro-so-viel-kostet-eine-reparatur#primaryimage"},"thumbnailUrl":"https:\/\/www.apfelpatient.de\/wp-content\/uploads\/2018\/10\/iPad-Pro_Smart-keyboard-Apple-Pencil_10302018.jpg","keywords":["Apple Care+","iPad","iPad Pro","iPad Pro 2018"],"articleSection":"News","inLanguage":"en-US","potentialAction":[{"@type":"CommentAction","name":"Comment","target":["https:\/\/www.apfelpatient.de\/news\/2018-ipad-pro-so-viel-kostet-eine-reparatur#respond"]}],"copyrightYear":"2018","copyrightHolder":{"@id":"https:\/\/www.apfelpatient.de\/en\/#organization"}},{"@type":"WebPage","@id":"https:\/\/www.apfelpatient.de\/news\/2018-ipad-pro-so-viel-kostet-eine-reparatur","url":"https:\/\/www.apfelpatient.de\/news\/2018-ipad-pro-so-viel-kostet-eine-reparatur","name":"2018 iPad Pro: How much does a repair cost Apfelpatient","isPartOf":{"@id":"https:\/\/www.apfelpatient.de\/#website"},"primaryImageOfPage":{"@id":"https:\/\/www.apfelpatient.de\/news\/2018-ipad-pro-so-viel-kostet-eine-reparatur#primaryimage"},"image":{"@id":"https:\/\/www.apfelpatient.de\/news\/2018-ipad-pro-so-viel-kostet-eine-reparatur#primaryimage"},"thumbnailUrl":"https:\/\/www.apfelpatient.de\/wp-content\/uploads\/2018\/10\/iPad-Pro_Smart-keyboard-Apple-Pencil_10302018.jpg","datePublished":"2018-10-31T15:05:22+00:00","description":"The new iPad Pro goes on sale on November 7th. The new professional tablet can be pre-ordered since yesterday. Apple has now announced the prices for service","breadcrumb":{"@id":"https:\/\/www.apfelpatient.de\/news\/2018-ipad-pro-so-viel-kostet-eine-reparatur#breadcrumb"},"inLanguage":"en-US","potentialAction":[{"@type":"ReadAction","target":["https:\/\/www.apfelpatient.de\/news\/2018-ipad-pro-so-viel-kostet-eine-reparatur"]}]},{"@type":"ImageObject","inLanguage":"en-US","@id":"https:\/\/www.apfelpatient.de\/news\/2018-ipad-pro-so-viel-kostet-eine-reparatur#primaryimage","url":"https:\/\/www.apfelpatient.de\/wp-content\/uploads\/2018\/10\/iPad-Pro_Smart-keyboard-Apple-Pencil_10302018.jpg","contentUrl":"https:\/\/www.apfelpatient.de\/wp-content\/uploads\/2018\/10\/iPad-Pro_Smart-keyboard-Apple-Pencil_10302018.jpg","width":1142,"height":731,"caption":"Bild: Apple"},{"@type":"BreadcrumbList","@id":"https:\/\/www.apfelpatient.de\/news\/2018-ipad-pro-so-viel-kostet-eine-reparatur#breadcrumb","itemListElement":[{"@type":"ListItem","position":1,"name":"Startseite","item":"https:\/\/www.apfelpatient.de\/"},{"@type":"ListItem","position":2,"name":"2018 iPad Pro: So viel kostet eine Reparatur"}]},{"@type":"WebSite","@id":"https:\/\/www.apfelpatient.de\/#website","url":"https:\/\/www.apfelpatient.de\/","name":"apple patient","description":"Everything about Apple!","publisher":{"@type":"Organization","@id":"https:\/\/www.apfelpatient.de\/en\/#organization","name":"Apfelpatient","url":"https:\/\/www.apfelpatient.de\/en\/"},"alternateName":"Apfelpatient","potentialAction":[{"@type":"SearchAction","target":{"@type":"EntryPoint","urlTemplate":"https:\/\/www.apfelpatient.de\/?s={search_term_string}"},"query-input":{"@type":"PropertyValueSpecification","valueRequired":true,"valueName":"search_term_string"}}],"inLanguage":"en-US"},{"@type":["Person","Organization"],"@id":"https:\/\/www.apfelpatient.de\/#\/schema\/person\/7dc56ad6c8e9824b76d2c08d4c140e13","name":"Milan","logo":{"@id":"https:\/\/www.apfelpatient.de\/#\/schema\/person\/image\/"},"description":"Hello and welcome to my technology blog! As a big Apple fan, I report on everything to do with Apple: from the latest news and exciting rumors to helpful tips and tricks and detailed product tests. If you are as enthusiastic about technology as I am, you have come to the right place!","sameAs":["https:\/\/www.facebook.com\/apfelpatientOfficial","https:\/\/www.linkedin.com\/in\/milan-jovicic-42aa0231b"],"url":"https:\/\/www.apfelpatient.de\/en\/author\/apfeladmin"}]}},"_links":{"self":[{"href":"https:\/\/www.apfelpatient.de\/en\/wp-json\/wp\/v2\/posts\/2475","targetHints":{"allow":["GET"]}}],"collection":[{"href":"https:\/\/www.apfelpatient.de\/en\/wp-json\/wp\/v2\/posts"}],"about":[{"href":"https:\/\/www.apfelpatient.de\/en\/wp-json\/wp\/v2\/types\/post"}],"author":[{"embeddable":true,"href":"https:\/\/www.apfelpatient.de\/en\/wp-json\/wp\/v2\/users\/2"}],"replies":[{"embeddable":true,"href":"https:\/\/www.apfelpatient.de\/en\/wp-json\/wp\/v2\/comments?post=2475"}],"version-history":[{"count":0,"href":"https:\/\/www.apfelpatient.de\/en\/wp-json\/wp\/v2\/posts\/2475\/revisions"}],"wp:featuredmedia":[{"embeddable":true,"href":"https:\/\/www.apfelpatient.de\/en\/wp-json\/wp\/v2\/media\/2477"}],"wp:attachment":[{"href":"https:\/\/www.apfelpatient.de\/en\/wp-json\/wp\/v2\/media?parent=2475"}],"wp:term":[{"taxonomy":"category","embeddable":true,"href":"https:\/\/www.apfelpatient.de\/en\/wp-json\/wp\/v2\/categories?post=2475"},{"taxonomy":"post_tag","embeddable":true,"href":"https:\/\/www.apfelpatient.de\/en\/wp-json\/wp\/v2\/tags?post=2475"}],"curies":[{"name":"wp","href":"https:\/\/api.w.org\/{rel}","templated":true}]}}