{"id":24719,"date":"2021-07-21T10:15:31","date_gmt":"2021-07-21T08:15:31","guid":{"rendered":"https:\/\/www.apfelpatient.de\/?p=24719"},"modified":"2021-07-21T10:15:32","modified_gmt":"2021-07-21T08:15:32","slug":"airpods-3-mass-production-to-start-soon","status":"publish","type":"post","link":"https:\/\/www.apfelpatient.de\/en\/rumors\/airpods-3-massenproduktion-soll-demnaechst-anlaufen","title":{"rendered":"AirPods 3: Mass production to start soon"},"content":{"rendered":"<p class=\"has-drop-cap\"><strong>Mass production of the third-generation AirPods will begin in August, according to a new report from Nikkei Asia. The earbuds will reportedly join a number of other products such as the iPhone 13 lineup and redesigned MacBook Pro models due out later this year.<\/strong><\/p>\n\n\n\n<p>Rumors surrounding the launch of the third generation of AirPods have been with us all year. Some reports have suggested a launch in the first half of the year, while other sources spoke of fall 2021. With the start of mass production (<a href=\"https:\/\/asia.nikkei.com\/Business\/Technology\/Apple-to-go-all-in-on-5G-for-its-2022-iPhone-lineup\" target=\"_blank\" rel=\"noreferrer noopener\">via<\/a> Nikkei Asia) next month, a market launch could take place as early as September together with the new iPhones.<\/p>\n\n\n\n<h3 class=\"wp-block-heading\" id=\"h-airpods-3-sind-neue-funktionen-zu-erwarten\">AirPods 3: Can we expect new features?<\/h3>\n\n\n\n\n\n\n\n<p>Of course, Apple can also introduce the product at a later date. According to rumors, the third generation AirPods will have a similar design to the current AirPods Pro. It is currently unclear whether they will also have silicone attachments. The reports are contradictory in this regard. However, the AirPods 3 will not have features such as noise cancellation - that much is clear. Whether they will be given new features remains to be seen. (Photo by Unsplash \/ Nathan De Fortunato)<\/p>\n\n\n\n<ul class=\"wp-block-list\"><li><a href=\"https:\/\/www.apfelpatient.de\/en\/rumors\/airpods-pro-2-to-be-released-in-2022\">AirPods Pro 2 to be released in 2022<\/a><\/li><\/ul>\n\n\n\n<h6 class=\"wp-block-heading translation-block\" id=\"h-kennt-ihr-schon-unsere-amazon-storefront-dort-findet-ihr-eine-handverlesene-auswahl-von-diversen-produkten-f-r-euer-iphone-und-co-viel-spa-beim-st-bern\"><em>Have you already visited our Amazon Storefront? There you&#039;ll find a hand-picked selection of various products for your iPhone and other devices \u2013 <span class=\"has-inline-color has-vivid-red-color\"><a href=\"https:\/\/www.amazon.de\/shop\/apfelpatientofficial\" class=\"ek-link\" data-wpel-link=\"exclude\" rel=\"follow noopener\" target=\"_self\"><span style=\"text-decoration: underline\" class=\"ek-underline\">enjoy browsing<\/span><\/a> !<\/span><\/em><\/h6>\n\n\n\n<h6 class=\"wp-block-heading translation-block\" id=\"h-der-beitrag-enthalt-partnerlinks\">This post contains <a data-type=\"URL\" data-id=\"https:\/\/www.apfelpatient.de\/partnerprogramm\" href=\"https:\/\/www.apfelpatient.de\/en\/partner-program\" data-wpel-link=\"internal\" target=\"_self\">affiliate links<\/a>.<\/h6>","protected":false},"excerpt":{"rendered":"<p>According to a new report, mass production of the third generation of AirPods will begin in August, with the launch taking place in the fall.<\/p>","protected":false},"author":2,"featured_media":24709,"comment_status":"closed","ping_status":"closed","sticky":false,"template":"","format":"standard","meta":{"jnews-multi-image_gallery":[],"jnews_single_post":{"subtitle":"","format":"standard","video":"","gallery":"","source_name":"","source_url":"","via_name":"","via_url":"","override":[{"single_blog_custom":"","sidebar":"","second_sidebar":"","share_position":"","share_float_style":"","post_date_format":"","post_date_format_custom":"","post_reading_time_wpm":"","zoom_button_out_step":"1","zoom_button_in_step":"1","number_popup_post":"1"}],"image_override":[{"single_post_thumbnail_size":"","single_post_gallery_size":""}],"trending_post_position":"","trending_post_label":"","sponsored_post_label":"","sponsored_post_name":"","sponsored_post_url":"","sponsored_post_logo":"","sponsored_post_desc":""},"jnews_primary_category":{"id":"25"},"footnotes":""},"categories":[25],"tags":[28],"class_list":["post-24719","post","type-post","status-publish","format-standard","has-post-thumbnail","hentry","category-rumors","tag-airpods"],"yoast_head":"<!-- This site is optimized with the Yoast SEO Premium plugin v27.5 (Yoast SEO v27.5) - https:\/\/yoast.com\/product\/yoast-seo-premium-wordpress\/ -->\n<title>AirPods 3: Massenproduktion soll demn\u00e4chst anlaufen Apfelpatient<\/title>\n<meta name=\"description\" content=\"Die Massenproduktion der dritten Generation der AirPods wird laut einem neuen Bericht im August anlaufen - die Vorstellung erfolgt im Herbst.\" \/>\n<meta name=\"robots\" content=\"index, follow, max-snippet:-1, max-image-preview:large, max-video-preview:-1\" \/>\n<link rel=\"canonical\" href=\"https:\/\/www.apfelpatient.de\/en\/rumors\/airpods-3-mass-production-to-start-soon\" \/>\n<meta property=\"og:locale\" content=\"en_US\" \/>\n<meta property=\"og:type\" content=\"article\" \/>\n<meta property=\"og:title\" content=\"AirPods 3: Massenproduktion soll demn\u00e4chst anlaufen\" \/>\n<meta property=\"og:description\" content=\"Die Massenproduktion der dritten Generation der AirPods wird laut einem neuen Bericht im August anlaufen - die Vorstellung erfolgt im Herbst.\" \/>\n<meta property=\"og:url\" content=\"https:\/\/www.apfelpatient.de\/en\/rumors\/airpods-3-mass-production-to-start-soon\" \/>\n<meta property=\"og:site_name\" content=\"Apfelpatient\" \/>\n<meta property=\"article:publisher\" content=\"https:\/\/www.facebook.com\/apfelpatientOfficial\" \/>\n<meta property=\"article:author\" content=\"https:\/\/www.facebook.com\/apfelpatientOfficial\" \/>\n<meta property=\"article:published_time\" content=\"2021-07-21T08:15:31+00:00\" \/>\n<meta property=\"article:modified_time\" content=\"2021-07-21T08:15:32+00:00\" \/>\n<meta property=\"og:image\" content=\"https:\/\/www.apfelpatient.de\/wp-content\/uploads\/2021\/07\/nathan-de-fortunato-m8s4n0Qs1BE-unsplash.jpg\" \/>\n\t<meta property=\"og:image:width\" content=\"1600\" \/>\n\t<meta property=\"og:image:height\" content=\"1067\" \/>\n\t<meta property=\"og:image:type\" content=\"image\/jpeg\" \/>\n<meta name=\"author\" content=\"Milan\" \/>\n<meta name=\"twitter:card\" content=\"summary_large_image\" \/>\n<meta name=\"twitter:description\" content=\"Die Massenproduktion der dritten Generation der AirPods wird laut einem neuen Bericht im August anlaufen - die Vorstellung erfolgt im Herbst.\" \/>\n<meta name=\"twitter:label1\" content=\"Written by\" \/>\n\t<meta name=\"twitter:data1\" content=\"Milan\" \/>\n\t<meta name=\"twitter:label2\" content=\"Est. reading time\" \/>\n\t<meta name=\"twitter:data2\" content=\"1 minute\" \/>\n<script type=\"application\/ld+json\" class=\"yoast-schema-graph\">{\"@context\":\"https:\\\/\\\/schema.org\",\"@graph\":[{\"@type\":\"NewsArticle\",\"@id\":\"https:\\\/\\\/www.apfelpatient.de\\\/rumors\\\/airpods-3-massenproduktion-soll-demnaechst-anlaufen#article\",\"isPartOf\":{\"@id\":\"https:\\\/\\\/www.apfelpatient.de\\\/rumors\\\/airpods-3-massenproduktion-soll-demnaechst-anlaufen\"},\"author\":{\"@type\":\"Organization\",\"@id\":\"https:\\\/\\\/www.apfelpatient.de\\\/en\\\/#organization\",\"name\":\"Apfelpatient\",\"url\":\"https:\\\/\\\/www.apfelpatient.de\\\/en\\\/\"},\"headline\":\"AirPods 3: Massenproduktion soll demn\u00e4chst anlaufen\",\"datePublished\":\"2021-07-21T08:15:31+00:00\",\"dateModified\":\"2021-07-21T08:15:32+00:00\",\"mainEntityOfPage\":{\"@id\":\"https:\\\/\\\/www.apfelpatient.de\\\/rumors\\\/airpods-3-massenproduktion-soll-demnaechst-anlaufen\"},\"wordCount\":213,\"publisher\":{\"@type\":\"Organization\",\"@id\":\"https:\\\/\\\/www.apfelpatient.de\\\/en\\\/#organization\",\"name\":\"Apfelpatient\",\"url\":\"https:\\\/\\\/www.apfelpatient.de\\\/en\\\/\"},\"image\":{\"@id\":\"https:\\\/\\\/www.apfelpatient.de\\\/rumors\\\/airpods-3-massenproduktion-soll-demnaechst-anlaufen#primaryimage\"},\"thumbnailUrl\":\"https:\\\/\\\/www.apfelpatient.de\\\/wp-content\\\/uploads\\\/2021\\\/07\\\/nathan-de-fortunato-m8s4n0Qs1BE-unsplash.jpg\",\"keywords\":[\"AirPods\"],\"articleSection\":\"Rumors\",\"inLanguage\":\"en-US\",\"copyrightYear\":\"2021\",\"copyrightHolder\":{\"@id\":\"https:\\\/\\\/www.apfelpatient.de\\\/en\\\/#organization\"}},{\"@type\":\"WebPage\",\"@id\":\"https:\\\/\\\/www.apfelpatient.de\\\/rumors\\\/airpods-3-massenproduktion-soll-demnaechst-anlaufen\",\"url\":\"https:\\\/\\\/www.apfelpatient.de\\\/rumors\\\/airpods-3-massenproduktion-soll-demnaechst-anlaufen\",\"name\":\"AirPods 3: Massenproduktion soll demn\u00e4chst anlaufen Apfelpatient\",\"isPartOf\":{\"@id\":\"https:\\\/\\\/www.apfelpatient.de\\\/#website\"},\"primaryImageOfPage\":{\"@id\":\"https:\\\/\\\/www.apfelpatient.de\\\/rumors\\\/airpods-3-massenproduktion-soll-demnaechst-anlaufen#primaryimage\"},\"image\":{\"@id\":\"https:\\\/\\\/www.apfelpatient.de\\\/rumors\\\/airpods-3-massenproduktion-soll-demnaechst-anlaufen#primaryimage\"},\"thumbnailUrl\":\"https:\\\/\\\/www.apfelpatient.de\\\/wp-content\\\/uploads\\\/2021\\\/07\\\/nathan-de-fortunato-m8s4n0Qs1BE-unsplash.jpg\",\"datePublished\":\"2021-07-21T08:15:31+00:00\",\"dateModified\":\"2021-07-21T08:15:32+00:00\",\"description\":\"Die Massenproduktion der dritten Generation der AirPods wird laut einem neuen Bericht im August anlaufen - die Vorstellung erfolgt im Herbst.\",\"breadcrumb\":{\"@id\":\"https:\\\/\\\/www.apfelpatient.de\\\/rumors\\\/airpods-3-massenproduktion-soll-demnaechst-anlaufen#breadcrumb\"},\"inLanguage\":\"en-US\",\"potentialAction\":[{\"@type\":\"ReadAction\",\"target\":[\"https:\\\/\\\/www.apfelpatient.de\\\/rumors\\\/airpods-3-massenproduktion-soll-demnaechst-anlaufen\"]}]},{\"@type\":\"ImageObject\",\"inLanguage\":\"en-US\",\"@id\":\"https:\\\/\\\/www.apfelpatient.de\\\/rumors\\\/airpods-3-massenproduktion-soll-demnaechst-anlaufen#primaryimage\",\"url\":\"https:\\\/\\\/www.apfelpatient.de\\\/wp-content\\\/uploads\\\/2021\\\/07\\\/nathan-de-fortunato-m8s4n0Qs1BE-unsplash.jpg\",\"contentUrl\":\"https:\\\/\\\/www.apfelpatient.de\\\/wp-content\\\/uploads\\\/2021\\\/07\\\/nathan-de-fortunato-m8s4n0Qs1BE-unsplash.jpg\",\"width\":1600,\"height\":1067,\"caption\":\"Photo by Unsplash \\\/ Nathan De Fortunato\"},{\"@type\":\"BreadcrumbList\",\"@id\":\"https:\\\/\\\/www.apfelpatient.de\\\/rumors\\\/airpods-3-massenproduktion-soll-demnaechst-anlaufen#breadcrumb\",\"itemListElement\":[{\"@type\":\"ListItem\",\"position\":1,\"name\":\"Startseite\",\"item\":\"https:\\\/\\\/www.apfelpatient.de\\\/\"},{\"@type\":\"ListItem\",\"position\":2,\"name\":\"AirPods 3: Massenproduktion soll demn\u00e4chst anlaufen\"}]},{\"@type\":\"WebSite\",\"@id\":\"https:\\\/\\\/www.apfelpatient.de\\\/#website\",\"url\":\"https:\\\/\\\/www.apfelpatient.de\\\/\",\"name\":\"Apfelpatient\",\"description\":\"Alles rund um Apple!\",\"publisher\":{\"@type\":\"Organization\",\"@id\":\"https:\\\/\\\/www.apfelpatient.de\\\/en\\\/#organization\",\"name\":\"Apfelpatient\",\"url\":\"https:\\\/\\\/www.apfelpatient.de\\\/en\\\/\"},\"alternateName\":\"Apfelpatient\",\"potentialAction\":[{\"@type\":\"SearchAction\",\"target\":{\"@type\":\"EntryPoint\",\"urlTemplate\":\"https:\\\/\\\/www.apfelpatient.de\\\/?s={search_term_string}\"},\"query-input\":{\"@type\":\"PropertyValueSpecification\",\"valueRequired\":true,\"valueName\":\"search_term_string\"}}],\"inLanguage\":\"en-US\"},{\"@type\":[\"Person\",\"Organization\"],\"@id\":\"https:\\\/\\\/www.apfelpatient.de\\\/#\\\/schema\\\/person\\\/7dc56ad6c8e9824b76d2c08d4c140e13\",\"name\":\"Milan\",\"logo\":{\"@id\":\"https:\\\/\\\/www.apfelpatient.de\\\/#\\\/schema\\\/person\\\/image\\\/\"},\"description\":\"Hallo und herzlich willkommen auf meinem Technik-Blog! Als gro\u00dfer Apple-Fan berichte ich hier \u00fcber alles, was mit Apple zu tun hat: von den neuesten News und spannenden Ger\u00fcchten \u00fcber hilfreiche Tipps und Tricks bis hin zu ausf\u00fchrlichen Produkttests. Wenn du genauso technikbegeistert bist wie ich, bist du hier genau richtig!\",\"sameAs\":[\"https:\\\/\\\/www.facebook.com\\\/apfelpatientOfficial\",\"https:\\\/\\\/www.linkedin.com\\\/in\\\/milan-jovicic-42aa0231b\"],\"url\":\"https:\\\/\\\/www.apfelpatient.de\\\/en\\\/author\\\/apfeladmin\"}]}<\/script>\n<!-- \/ Yoast SEO Premium plugin. -->","yoast_head_json":{"title":"AirPods 3: Mass production to start soon Apfelpatient","description":"According to a new report, mass production of the third generation of AirPods will begin in August - the launch will take place in the fall.","robots":{"index":"index","follow":"follow","max-snippet":"max-snippet:-1","max-image-preview":"max-image-preview:large","max-video-preview":"max-video-preview:-1"},"canonical":"https:\/\/www.apfelpatient.de\/en\/rumors\/airpods-3-mass-production-to-start-soon","og_locale":"en_US","og_type":"article","og_title":"AirPods 3: Massenproduktion soll demn\u00e4chst anlaufen","og_description":"Die Massenproduktion der dritten Generation der AirPods wird laut einem neuen Bericht im August anlaufen - die Vorstellung erfolgt im Herbst.","og_url":"https:\/\/www.apfelpatient.de\/en\/rumors\/airpods-3-mass-production-to-start-soon","og_site_name":"Apfelpatient","article_publisher":"https:\/\/www.facebook.com\/apfelpatientOfficial","article_author":"https:\/\/www.facebook.com\/apfelpatientOfficial","article_published_time":"2021-07-21T08:15:31+00:00","article_modified_time":"2021-07-21T08:15:32+00:00","og_image":[{"width":1600,"height":1067,"url":"https:\/\/www.apfelpatient.de\/wp-content\/uploads\/2021\/07\/nathan-de-fortunato-m8s4n0Qs1BE-unsplash.jpg","type":"image\/jpeg"}],"author":"Milan","twitter_card":"summary_large_image","twitter_description":"Die Massenproduktion der dritten Generation der AirPods wird laut einem neuen Bericht im August anlaufen - die Vorstellung erfolgt im Herbst.","twitter_misc":{"Written by":"Milan","Est. reading time":"1 minute"},"schema":{"@context":"https:\/\/schema.org","@graph":[{"@type":"NewsArticle","@id":"https:\/\/www.apfelpatient.de\/rumors\/airpods-3-massenproduktion-soll-demnaechst-anlaufen#article","isPartOf":{"@id":"https:\/\/www.apfelpatient.de\/rumors\/airpods-3-massenproduktion-soll-demnaechst-anlaufen"},"author":{"@type":"Organization","@id":"https:\/\/www.apfelpatient.de\/en\/#organization","name":"Apfelpatient","url":"https:\/\/www.apfelpatient.de\/en\/"},"headline":"AirPods 3: Massenproduktion soll demn\u00e4chst anlaufen","datePublished":"2021-07-21T08:15:31+00:00","dateModified":"2021-07-21T08:15:32+00:00","mainEntityOfPage":{"@id":"https:\/\/www.apfelpatient.de\/rumors\/airpods-3-massenproduktion-soll-demnaechst-anlaufen"},"wordCount":213,"publisher":{"@type":"Organization","@id":"https:\/\/www.apfelpatient.de\/en\/#organization","name":"Apfelpatient","url":"https:\/\/www.apfelpatient.de\/en\/"},"image":{"@id":"https:\/\/www.apfelpatient.de\/rumors\/airpods-3-massenproduktion-soll-demnaechst-anlaufen#primaryimage"},"thumbnailUrl":"https:\/\/www.apfelpatient.de\/wp-content\/uploads\/2021\/07\/nathan-de-fortunato-m8s4n0Qs1BE-unsplash.jpg","keywords":["AirPods"],"articleSection":"Rumors","inLanguage":"en-US","copyrightYear":"2021","copyrightHolder":{"@id":"https:\/\/www.apfelpatient.de\/en\/#organization"}},{"@type":"WebPage","@id":"https:\/\/www.apfelpatient.de\/rumors\/airpods-3-massenproduktion-soll-demnaechst-anlaufen","url":"https:\/\/www.apfelpatient.de\/rumors\/airpods-3-massenproduktion-soll-demnaechst-anlaufen","name":"AirPods 3: Mass production to start soon Apfelpatient","isPartOf":{"@id":"https:\/\/www.apfelpatient.de\/#website"},"primaryImageOfPage":{"@id":"https:\/\/www.apfelpatient.de\/rumors\/airpods-3-massenproduktion-soll-demnaechst-anlaufen#primaryimage"},"image":{"@id":"https:\/\/www.apfelpatient.de\/rumors\/airpods-3-massenproduktion-soll-demnaechst-anlaufen#primaryimage"},"thumbnailUrl":"https:\/\/www.apfelpatient.de\/wp-content\/uploads\/2021\/07\/nathan-de-fortunato-m8s4n0Qs1BE-unsplash.jpg","datePublished":"2021-07-21T08:15:31+00:00","dateModified":"2021-07-21T08:15:32+00:00","description":"According to a new report, mass production of the third generation of AirPods will begin in August - the launch will take place in the fall.","breadcrumb":{"@id":"https:\/\/www.apfelpatient.de\/rumors\/airpods-3-massenproduktion-soll-demnaechst-anlaufen#breadcrumb"},"inLanguage":"en-US","potentialAction":[{"@type":"ReadAction","target":["https:\/\/www.apfelpatient.de\/rumors\/airpods-3-massenproduktion-soll-demnaechst-anlaufen"]}]},{"@type":"ImageObject","inLanguage":"en-US","@id":"https:\/\/www.apfelpatient.de\/rumors\/airpods-3-massenproduktion-soll-demnaechst-anlaufen#primaryimage","url":"https:\/\/www.apfelpatient.de\/wp-content\/uploads\/2021\/07\/nathan-de-fortunato-m8s4n0Qs1BE-unsplash.jpg","contentUrl":"https:\/\/www.apfelpatient.de\/wp-content\/uploads\/2021\/07\/nathan-de-fortunato-m8s4n0Qs1BE-unsplash.jpg","width":1600,"height":1067,"caption":"Photo by Unsplash \/ Nathan De Fortunato"},{"@type":"BreadcrumbList","@id":"https:\/\/www.apfelpatient.de\/rumors\/airpods-3-massenproduktion-soll-demnaechst-anlaufen#breadcrumb","itemListElement":[{"@type":"ListItem","position":1,"name":"Startseite","item":"https:\/\/www.apfelpatient.de\/"},{"@type":"ListItem","position":2,"name":"AirPods 3: Massenproduktion soll demn\u00e4chst anlaufen"}]},{"@type":"WebSite","@id":"https:\/\/www.apfelpatient.de\/#website","url":"https:\/\/www.apfelpatient.de\/","name":"apple patient","description":"Everything about Apple!","publisher":{"@type":"Organization","@id":"https:\/\/www.apfelpatient.de\/en\/#organization","name":"Apfelpatient","url":"https:\/\/www.apfelpatient.de\/en\/"},"alternateName":"Apfelpatient","potentialAction":[{"@type":"SearchAction","target":{"@type":"EntryPoint","urlTemplate":"https:\/\/www.apfelpatient.de\/?s={search_term_string}"},"query-input":{"@type":"PropertyValueSpecification","valueRequired":true,"valueName":"search_term_string"}}],"inLanguage":"en-US"},{"@type":["Person","Organization"],"@id":"https:\/\/www.apfelpatient.de\/#\/schema\/person\/7dc56ad6c8e9824b76d2c08d4c140e13","name":"Milan","logo":{"@id":"https:\/\/www.apfelpatient.de\/#\/schema\/person\/image\/"},"description":"Hello and welcome to my technology blog! As a big Apple fan, I report on everything to do with Apple: from the latest news and exciting rumors to helpful tips and tricks and detailed product tests. If you are as enthusiastic about technology as I am, you have come to the right place!","sameAs":["https:\/\/www.facebook.com\/apfelpatientOfficial","https:\/\/www.linkedin.com\/in\/milan-jovicic-42aa0231b"],"url":"https:\/\/www.apfelpatient.de\/en\/author\/apfeladmin"}]}},"_links":{"self":[{"href":"https:\/\/www.apfelpatient.de\/en\/wp-json\/wp\/v2\/posts\/24719","targetHints":{"allow":["GET"]}}],"collection":[{"href":"https:\/\/www.apfelpatient.de\/en\/wp-json\/wp\/v2\/posts"}],"about":[{"href":"https:\/\/www.apfelpatient.de\/en\/wp-json\/wp\/v2\/types\/post"}],"author":[{"embeddable":true,"href":"https:\/\/www.apfelpatient.de\/en\/wp-json\/wp\/v2\/users\/2"}],"replies":[{"embeddable":true,"href":"https:\/\/www.apfelpatient.de\/en\/wp-json\/wp\/v2\/comments?post=24719"}],"version-history":[{"count":0,"href":"https:\/\/www.apfelpatient.de\/en\/wp-json\/wp\/v2\/posts\/24719\/revisions"}],"wp:featuredmedia":[{"embeddable":true,"href":"https:\/\/www.apfelpatient.de\/en\/wp-json\/wp\/v2\/media\/24709"}],"wp:attachment":[{"href":"https:\/\/www.apfelpatient.de\/en\/wp-json\/wp\/v2\/media?parent=24719"}],"wp:term":[{"taxonomy":"category","embeddable":true,"href":"https:\/\/www.apfelpatient.de\/en\/wp-json\/wp\/v2\/categories?post=24719"},{"taxonomy":"post_tag","embeddable":true,"href":"https:\/\/www.apfelpatient.de\/en\/wp-json\/wp\/v2\/tags?post=24719"}],"curies":[{"name":"wp","href":"https:\/\/api.w.org\/{rel}","templated":true}]}}