{"id":24692,"date":"2021-07-20T18:48:53","date_gmt":"2021-07-20T16:48:53","guid":{"rendered":"https:\/\/www.apfelpatient.de\/?p=24692"},"modified":"2021-07-20T18:48:54","modified_gmt":"2021-07-20T16:48:54","slug":"iphone-13-pro-could-get-new-color-options","status":"publish","type":"post","link":"https:\/\/www.apfelpatient.de\/en\/rumors\/iphone-13-pro-koennte-neue-farboptionen-erhalten","title":{"rendered":"iPhone 13 Pro could get new color options"},"content":{"rendered":"<p class=\"has-drop-cap\"><strong>Rumors surrounding the upcoming iPhone 13 have been documented for many months. Now come details on a rarely discussed topic, namely the color options.<\/strong><\/p>\n\n\n\n<p>According to current rumors, the iPhone 13 Pro models could be offered in new colors such as &quot;Sunset Gold&quot;, matte black and pale rose gold. This information allegedly comes from the supply chain that the leaker Ranzuk <a href=\"https:\/\/blog.naver.com\/yeux1122\/222430569584\" target=\"_blank\" rel=\"noreferrer noopener\">experience<\/a> Citing a Chinese supply chain source, he claims that Apple&#039;s &quot;iPhone 13 Pro&quot; will be offered in four colors: black, silver, rose gold, and sunset gold. According to the post, the sunset gold color will have a &quot;bronze touch&quot; while the rose gold &quot;looks very pale.&quot;<\/p>\n\n\n\n<h3 class=\"wp-block-heading\" id=\"h-iphone-13-pro-das-ger-cht-ist-nicht-v-llig-neu\">iPhone 13 Pro: The rumor is not entirely new<\/h3>\n\n\n\n\n\n\n\n<p>These new color options will likely only apply to the higher-end \u201ciPhone 13 Pro\u201d models. Currently, the iPhone 12 Pro is offered in graphite, silver, gold and Pacific Blue. <\/p>\n\n\n\n<figure class=\"wp-block-image size-large\"><img decoding=\"async\" width=\"1024\" height=\"640\" src=\"https:\/\/www.apfelpatient.de\/wp-content\/uploads\/2021\/07\/10054e49-3060-401e-9113-eaf59f97b492_rw_3840-1024x640.png\" alt=\"iPhone 13\" class=\"wp-image-24687\" srcset=\"https:\/\/www.apfelpatient.de\/wp-content\/uploads\/2021\/07\/10054e49-3060-401e-9113-eaf59f97b492_rw_3840-1024x640.png 1024w, https:\/\/www.apfelpatient.de\/wp-content\/uploads\/2021\/07\/10054e49-3060-401e-9113-eaf59f97b492_rw_3840-300x188.png 300w, https:\/\/www.apfelpatient.de\/wp-content\/uploads\/2021\/07\/10054e49-3060-401e-9113-eaf59f97b492_rw_3840-768x480.png 768w, https:\/\/www.apfelpatient.de\/wp-content\/uploads\/2021\/07\/10054e49-3060-401e-9113-eaf59f97b492_rw_3840-1536x960.png 1536w, https:\/\/www.apfelpatient.de\/wp-content\/uploads\/2021\/07\/10054e49-3060-401e-9113-eaf59f97b492_rw_3840-750x469.png 750w, https:\/\/www.apfelpatient.de\/wp-content\/uploads\/2021\/07\/10054e49-3060-401e-9113-eaf59f97b492_rw_3840-1140x713.png 1140w, https:\/\/www.apfelpatient.de\/wp-content\/uploads\/2021\/07\/10054e49-3060-401e-9113-eaf59f97b492_rw_3840.png 1600w\" sizes=\"(max-width: 1024px) 100vw, 1024px\" \/><figcaption>Image: rendersbyian<\/figcaption><\/figure>\n\n\n\n<p>In all likelihood, the mid-range \u200ciPhone 13\u200c models will continue to come in a variety of colorful hues. The leak confirms an earlier rumor that the \u200ciPhone 13 Pro\u200c will come in a new bronze-like color option. The rumor at the time also suggested that the black \u200ciPhone 13 Pro\u200c model will be matte, suggesting a departure from the graphite color of the current Pro lineup. <\/p>\n\n\n\n<figure class=\"wp-block-image size-large\"><img decoding=\"async\" width=\"877\" height=\"1024\" src=\"https:\/\/www.apfelpatient.de\/wp-content\/uploads\/2021\/07\/1e2ca841-80b6-412a-bc30-b87430a1f74a_rw_3840-877x1024.png\" alt=\"iPhone 13\" class=\"wp-image-24689\" srcset=\"https:\/\/www.apfelpatient.de\/wp-content\/uploads\/2021\/07\/1e2ca841-80b6-412a-bc30-b87430a1f74a_rw_3840-877x1024.png 877w, https:\/\/www.apfelpatient.de\/wp-content\/uploads\/2021\/07\/1e2ca841-80b6-412a-bc30-b87430a1f74a_rw_3840-257x300.png 257w, https:\/\/www.apfelpatient.de\/wp-content\/uploads\/2021\/07\/1e2ca841-80b6-412a-bc30-b87430a1f74a_rw_3840-768x897.png 768w, https:\/\/www.apfelpatient.de\/wp-content\/uploads\/2021\/07\/1e2ca841-80b6-412a-bc30-b87430a1f74a_rw_3840-1316x1536.png 1316w, https:\/\/www.apfelpatient.de\/wp-content\/uploads\/2021\/07\/1e2ca841-80b6-412a-bc30-b87430a1f74a_rw_3840-750x876.png 750w, https:\/\/www.apfelpatient.de\/wp-content\/uploads\/2021\/07\/1e2ca841-80b6-412a-bc30-b87430a1f74a_rw_3840-1140x1331.png 1140w, https:\/\/www.apfelpatient.de\/wp-content\/uploads\/2021\/07\/1e2ca841-80b6-412a-bc30-b87430a1f74a_rw_3840.png 1600w\" sizes=\"(max-width: 877px) 100vw, 877px\" \/><figcaption>Image: rendersbyian<\/figcaption><\/figure>\n\n\n\n<p>It is currently expected that the new iPhone 13 series will be introduced sometime in September. Whether this will actually turn out to be the case remains to be seen. (Image: rendersbyian)<\/p>\n\n\n\n<ul class=\"wp-block-list\"><li><a href=\"https:\/\/www.apfelpatient.de\/en\/rumors\/iphone-13-with-always-on-display\">iPhone 13: But with always-on display?<\/a><\/li><\/ul>\n\n\n\n<h6 class=\"wp-block-heading translation-block\" id=\"h-kennt-ihr-schon-unsere-amazon-storefront-dort-findet-ihr-eine-handverlesene-auswahl-von-diversen-produkten-f-r-euer-iphone-und-co-viel-spa-beim-st-bern\"><em>Have you already visited our Amazon Storefront? There you&#039;ll find a hand-picked selection of various products for your iPhone and other devices \u2013 <span class=\"has-inline-color has-vivid-red-color\"><a href=\"https:\/\/www.amazon.de\/shop\/apfelpatientofficial\" class=\"ek-link\" data-wpel-link=\"exclude\" rel=\"follow noopener\" target=\"_self\"><span style=\"text-decoration: underline\" class=\"ek-underline\">enjoy browsing<\/span><\/a> !<\/span><\/em><\/h6>\n\n\n\n<h6 class=\"wp-block-heading translation-block\" id=\"h-der-beitrag-enthalt-partnerlinks\">This post contains <a data-type=\"URL\" data-id=\"https:\/\/www.apfelpatient.de\/partnerprogramm\" href=\"https:\/\/www.apfelpatient.de\/en\/partner-program\" data-wpel-link=\"internal\" target=\"_self\">affiliate links<\/a>.<\/h6>","protected":false},"excerpt":{"rendered":"<p>Rumors about the upcoming iPhone 13 have been documented for many months. Now follow details about the possible color options.<\/p>","protected":false},"author":2,"featured_media":24688,"comment_status":"closed","ping_status":"closed","sticky":false,"template":"","format":"standard","meta":{"jnews-multi-image_gallery":[],"jnews_single_post":{"subtitle":"","format":"standard","video":"","gallery":"","source_name":"","source_url":"","via_name":"","via_url":"","override":[{"single_blog_custom":"","sidebar":"","second_sidebar":"","share_position":"","share_float_style":"","post_date_format":"","post_date_format_custom":"","post_reading_time_wpm":"","zoom_button_out_step":"1","zoom_button_in_step":"1","number_popup_post":"1"}],"image_override":[{"single_post_thumbnail_size":"","single_post_gallery_size":""}],"trending_post_position":"","trending_post_label":"","sponsored_post_label":"","sponsored_post_name":"","sponsored_post_url":"","sponsored_post_logo":"","sponsored_post_desc":""},"jnews_primary_category":{"id":"25"},"footnotes":""},"categories":[25],"tags":[8,311],"class_list":["post-24692","post","type-post","status-publish","format-standard","has-post-thumbnail","hentry","category-rumors","tag-iphone","tag-iphone-2021"],"yoast_head":"<!-- This site is optimized with the Yoast SEO Premium plugin v27.5 (Yoast SEO v27.5) - https:\/\/yoast.com\/product\/yoast-seo-premium-wordpress\/ -->\n<title>iPhone 13 Pro k\u00f6nnte neue Farboptionen erhalten Apfelpatient<\/title>\n<meta name=\"description\" content=\"Ger\u00fcchte rund um das kommende iPhone 13 werden seit vielen Monaten dokumentiert. Nun folgen Details zu den m\u00f6glichen Farboptionen.\" \/>\n<meta name=\"robots\" content=\"index, follow, max-snippet:-1, max-image-preview:large, max-video-preview:-1\" \/>\n<link rel=\"canonical\" href=\"https:\/\/www.apfelpatient.de\/en\/rumors\/iphone-13-pro-could-get-new-color-options\" \/>\n<meta property=\"og:locale\" content=\"en_US\" \/>\n<meta property=\"og:type\" content=\"article\" \/>\n<meta property=\"og:title\" content=\"iPhone 13 Pro k\u00f6nnte neue Farboptionen erhalten\" \/>\n<meta property=\"og:description\" content=\"Ger\u00fcchte rund um das kommende iPhone 13 werden seit vielen Monaten dokumentiert. Nun folgen Details zu den m\u00f6glichen Farboptionen.\" \/>\n<meta property=\"og:url\" content=\"https:\/\/www.apfelpatient.de\/en\/rumors\/iphone-13-pro-could-get-new-color-options\" \/>\n<meta property=\"og:site_name\" content=\"Apfelpatient\" \/>\n<meta property=\"article:publisher\" content=\"https:\/\/www.facebook.com\/apfelpatientOfficial\" \/>\n<meta property=\"article:author\" content=\"https:\/\/www.facebook.com\/apfelpatientOfficial\" \/>\n<meta property=\"article:published_time\" content=\"2021-07-20T16:48:53+00:00\" \/>\n<meta property=\"article:modified_time\" content=\"2021-07-20T16:48:54+00:00\" \/>\n<meta property=\"og:image\" content=\"https:\/\/www.apfelpatient.de\/wp-content\/uploads\/2021\/07\/57c2a7f9-5794-4b32-838c-c90d1ce98d0c_rw_3840.png\" \/>\n\t<meta property=\"og:image:width\" content=\"1600\" \/>\n\t<meta property=\"og:image:height\" content=\"984\" \/>\n\t<meta property=\"og:image:type\" content=\"image\/png\" \/>\n<meta name=\"author\" content=\"Milan\" \/>\n<meta name=\"twitter:card\" content=\"summary_large_image\" \/>\n<meta name=\"twitter:label1\" content=\"Written by\" \/>\n\t<meta name=\"twitter:data1\" content=\"Milan\" \/>\n\t<meta name=\"twitter:label2\" content=\"Est. reading time\" \/>\n\t<meta name=\"twitter:data2\" content=\"2 minutes\" \/>\n<script type=\"application\/ld+json\" class=\"yoast-schema-graph\">{\"@context\":\"https:\\\/\\\/schema.org\",\"@graph\":[{\"@type\":\"NewsArticle\",\"@id\":\"https:\\\/\\\/www.apfelpatient.de\\\/rumors\\\/iphone-13-pro-koennte-neue-farboptionen-erhalten#article\",\"isPartOf\":{\"@id\":\"https:\\\/\\\/www.apfelpatient.de\\\/rumors\\\/iphone-13-pro-koennte-neue-farboptionen-erhalten\"},\"author\":{\"@type\":\"Organization\",\"@id\":\"https:\\\/\\\/www.apfelpatient.de\\\/en\\\/#organization\",\"name\":\"Apfelpatient\",\"url\":\"https:\\\/\\\/www.apfelpatient.de\\\/en\\\/\"},\"headline\":\"iPhone 13 Pro k\u00f6nnte neue Farboptionen erhalten\",\"datePublished\":\"2021-07-20T16:48:53+00:00\",\"dateModified\":\"2021-07-20T16:48:54+00:00\",\"mainEntityOfPage\":{\"@id\":\"https:\\\/\\\/www.apfelpatient.de\\\/rumors\\\/iphone-13-pro-koennte-neue-farboptionen-erhalten\"},\"wordCount\":266,\"publisher\":{\"@type\":\"Organization\",\"@id\":\"https:\\\/\\\/www.apfelpatient.de\\\/en\\\/#organization\",\"name\":\"Apfelpatient\",\"url\":\"https:\\\/\\\/www.apfelpatient.de\\\/en\\\/\"},\"image\":{\"@id\":\"https:\\\/\\\/www.apfelpatient.de\\\/rumors\\\/iphone-13-pro-koennte-neue-farboptionen-erhalten#primaryimage\"},\"thumbnailUrl\":\"https:\\\/\\\/www.apfelpatient.de\\\/wp-content\\\/uploads\\\/2021\\\/07\\\/57c2a7f9-5794-4b32-838c-c90d1ce98d0c_rw_3840.png\",\"keywords\":[\"iPhone\",\"iPhone 13\"],\"articleSection\":\"Rumors\",\"inLanguage\":\"en-US\",\"copyrightYear\":\"2021\",\"copyrightHolder\":{\"@id\":\"https:\\\/\\\/www.apfelpatient.de\\\/en\\\/#organization\"}},{\"@type\":\"WebPage\",\"@id\":\"https:\\\/\\\/www.apfelpatient.de\\\/rumors\\\/iphone-13-pro-koennte-neue-farboptionen-erhalten\",\"url\":\"https:\\\/\\\/www.apfelpatient.de\\\/rumors\\\/iphone-13-pro-koennte-neue-farboptionen-erhalten\",\"name\":\"iPhone 13 Pro k\u00f6nnte neue Farboptionen erhalten Apfelpatient\",\"isPartOf\":{\"@id\":\"https:\\\/\\\/www.apfelpatient.de\\\/#website\"},\"primaryImageOfPage\":{\"@id\":\"https:\\\/\\\/www.apfelpatient.de\\\/rumors\\\/iphone-13-pro-koennte-neue-farboptionen-erhalten#primaryimage\"},\"image\":{\"@id\":\"https:\\\/\\\/www.apfelpatient.de\\\/rumors\\\/iphone-13-pro-koennte-neue-farboptionen-erhalten#primaryimage\"},\"thumbnailUrl\":\"https:\\\/\\\/www.apfelpatient.de\\\/wp-content\\\/uploads\\\/2021\\\/07\\\/57c2a7f9-5794-4b32-838c-c90d1ce98d0c_rw_3840.png\",\"datePublished\":\"2021-07-20T16:48:53+00:00\",\"dateModified\":\"2021-07-20T16:48:54+00:00\",\"description\":\"Ger\u00fcchte rund um das kommende iPhone 13 werden seit vielen Monaten dokumentiert. Nun folgen Details zu den m\u00f6glichen Farboptionen.\",\"breadcrumb\":{\"@id\":\"https:\\\/\\\/www.apfelpatient.de\\\/rumors\\\/iphone-13-pro-koennte-neue-farboptionen-erhalten#breadcrumb\"},\"inLanguage\":\"en-US\",\"potentialAction\":[{\"@type\":\"ReadAction\",\"target\":[\"https:\\\/\\\/www.apfelpatient.de\\\/rumors\\\/iphone-13-pro-koennte-neue-farboptionen-erhalten\"]}]},{\"@type\":\"ImageObject\",\"inLanguage\":\"en-US\",\"@id\":\"https:\\\/\\\/www.apfelpatient.de\\\/rumors\\\/iphone-13-pro-koennte-neue-farboptionen-erhalten#primaryimage\",\"url\":\"https:\\\/\\\/www.apfelpatient.de\\\/wp-content\\\/uploads\\\/2021\\\/07\\\/57c2a7f9-5794-4b32-838c-c90d1ce98d0c_rw_3840.png\",\"contentUrl\":\"https:\\\/\\\/www.apfelpatient.de\\\/wp-content\\\/uploads\\\/2021\\\/07\\\/57c2a7f9-5794-4b32-838c-c90d1ce98d0c_rw_3840.png\",\"width\":1600,\"height\":984,\"caption\":\"Bild: rendersbyian\"},{\"@type\":\"BreadcrumbList\",\"@id\":\"https:\\\/\\\/www.apfelpatient.de\\\/rumors\\\/iphone-13-pro-koennte-neue-farboptionen-erhalten#breadcrumb\",\"itemListElement\":[{\"@type\":\"ListItem\",\"position\":1,\"name\":\"Startseite\",\"item\":\"https:\\\/\\\/www.apfelpatient.de\\\/\"},{\"@type\":\"ListItem\",\"position\":2,\"name\":\"iPhone 13 Pro k\u00f6nnte neue Farboptionen erhalten\"}]},{\"@type\":\"WebSite\",\"@id\":\"https:\\\/\\\/www.apfelpatient.de\\\/#website\",\"url\":\"https:\\\/\\\/www.apfelpatient.de\\\/\",\"name\":\"Apfelpatient\",\"description\":\"Alles rund um Apple!\",\"publisher\":{\"@type\":\"Organization\",\"@id\":\"https:\\\/\\\/www.apfelpatient.de\\\/en\\\/#organization\",\"name\":\"Apfelpatient\",\"url\":\"https:\\\/\\\/www.apfelpatient.de\\\/en\\\/\"},\"alternateName\":\"Apfelpatient\",\"potentialAction\":[{\"@type\":\"SearchAction\",\"target\":{\"@type\":\"EntryPoint\",\"urlTemplate\":\"https:\\\/\\\/www.apfelpatient.de\\\/?s={search_term_string}\"},\"query-input\":{\"@type\":\"PropertyValueSpecification\",\"valueRequired\":true,\"valueName\":\"search_term_string\"}}],\"inLanguage\":\"en-US\"},{\"@type\":[\"Person\",\"Organization\"],\"@id\":\"https:\\\/\\\/www.apfelpatient.de\\\/#\\\/schema\\\/person\\\/35b3ddba5832f2bfc7fff5206d4f6b7b\",\"name\":\"Milan\",\"logo\":{\"@id\":\"https:\\\/\\\/www.apfelpatient.de\\\/#\\\/schema\\\/person\\\/image\\\/\"},\"description\":\"Hallo und herzlich willkommen auf meinem Technik-Blog! Als gro\u00dfer Apple-Fan berichte ich hier \u00fcber alles, was mit Apple zu tun hat: von den neuesten News und spannenden Ger\u00fcchten \u00fcber hilfreiche Tipps und Tricks bis hin zu ausf\u00fchrlichen Produkttests. Wenn du genauso technikbegeistert bist wie ich, bist du hier genau richtig!\",\"sameAs\":[\"https:\\\/\\\/www.facebook.com\\\/apfelpatientOfficial\",\"https:\\\/\\\/www.linkedin.com\\\/in\\\/milan-jovicic-42aa0231b\"],\"url\":\"https:\\\/\\\/www.apfelpatient.de\\\/en\\\/author\\\/apfeladmin\"}]}<\/script>\n<!-- \/ Yoast SEO Premium plugin. -->","yoast_head_json":{"title":"iPhone 13 Pro could get new color options Apfelpatient","description":"Rumors about the upcoming iPhone 13 have been documented for many months. Now follow details about the possible color options.","robots":{"index":"index","follow":"follow","max-snippet":"max-snippet:-1","max-image-preview":"max-image-preview:large","max-video-preview":"max-video-preview:-1"},"canonical":"https:\/\/www.apfelpatient.de\/en\/rumors\/iphone-13-pro-could-get-new-color-options","og_locale":"en_US","og_type":"article","og_title":"iPhone 13 Pro k\u00f6nnte neue Farboptionen erhalten","og_description":"Ger\u00fcchte rund um das kommende iPhone 13 werden seit vielen Monaten dokumentiert. Nun folgen Details zu den m\u00f6glichen Farboptionen.","og_url":"https:\/\/www.apfelpatient.de\/en\/rumors\/iphone-13-pro-could-get-new-color-options","og_site_name":"Apfelpatient","article_publisher":"https:\/\/www.facebook.com\/apfelpatientOfficial","article_author":"https:\/\/www.facebook.com\/apfelpatientOfficial","article_published_time":"2021-07-20T16:48:53+00:00","article_modified_time":"2021-07-20T16:48:54+00:00","og_image":[{"width":1600,"height":984,"url":"https:\/\/www.apfelpatient.de\/wp-content\/uploads\/2021\/07\/57c2a7f9-5794-4b32-838c-c90d1ce98d0c_rw_3840.png","type":"image\/png"}],"author":"Milan","twitter_card":"summary_large_image","twitter_misc":{"Written by":"Milan","Est. reading time":"2 minutes"},"schema":{"@context":"https:\/\/schema.org","@graph":[{"@type":"NewsArticle","@id":"https:\/\/www.apfelpatient.de\/rumors\/iphone-13-pro-koennte-neue-farboptionen-erhalten#article","isPartOf":{"@id":"https:\/\/www.apfelpatient.de\/rumors\/iphone-13-pro-koennte-neue-farboptionen-erhalten"},"author":{"@type":"Organization","@id":"https:\/\/www.apfelpatient.de\/en\/#organization","name":"Apfelpatient","url":"https:\/\/www.apfelpatient.de\/en\/"},"headline":"iPhone 13 Pro k\u00f6nnte neue Farboptionen erhalten","datePublished":"2021-07-20T16:48:53+00:00","dateModified":"2021-07-20T16:48:54+00:00","mainEntityOfPage":{"@id":"https:\/\/www.apfelpatient.de\/rumors\/iphone-13-pro-koennte-neue-farboptionen-erhalten"},"wordCount":266,"publisher":{"@type":"Organization","@id":"https:\/\/www.apfelpatient.de\/en\/#organization","name":"Apfelpatient","url":"https:\/\/www.apfelpatient.de\/en\/"},"image":{"@id":"https:\/\/www.apfelpatient.de\/rumors\/iphone-13-pro-koennte-neue-farboptionen-erhalten#primaryimage"},"thumbnailUrl":"https:\/\/www.apfelpatient.de\/wp-content\/uploads\/2021\/07\/57c2a7f9-5794-4b32-838c-c90d1ce98d0c_rw_3840.png","keywords":["iPhone","iPhone 13"],"articleSection":"Rumors","inLanguage":"en-US","copyrightYear":"2021","copyrightHolder":{"@id":"https:\/\/www.apfelpatient.de\/en\/#organization"}},{"@type":"WebPage","@id":"https:\/\/www.apfelpatient.de\/rumors\/iphone-13-pro-koennte-neue-farboptionen-erhalten","url":"https:\/\/www.apfelpatient.de\/rumors\/iphone-13-pro-koennte-neue-farboptionen-erhalten","name":"iPhone 13 Pro could get new color options Apfelpatient","isPartOf":{"@id":"https:\/\/www.apfelpatient.de\/#website"},"primaryImageOfPage":{"@id":"https:\/\/www.apfelpatient.de\/rumors\/iphone-13-pro-koennte-neue-farboptionen-erhalten#primaryimage"},"image":{"@id":"https:\/\/www.apfelpatient.de\/rumors\/iphone-13-pro-koennte-neue-farboptionen-erhalten#primaryimage"},"thumbnailUrl":"https:\/\/www.apfelpatient.de\/wp-content\/uploads\/2021\/07\/57c2a7f9-5794-4b32-838c-c90d1ce98d0c_rw_3840.png","datePublished":"2021-07-20T16:48:53+00:00","dateModified":"2021-07-20T16:48:54+00:00","description":"Rumors about the upcoming iPhone 13 have been documented for many months. Now follow details about the possible color options.","breadcrumb":{"@id":"https:\/\/www.apfelpatient.de\/rumors\/iphone-13-pro-koennte-neue-farboptionen-erhalten#breadcrumb"},"inLanguage":"en-US","potentialAction":[{"@type":"ReadAction","target":["https:\/\/www.apfelpatient.de\/rumors\/iphone-13-pro-koennte-neue-farboptionen-erhalten"]}]},{"@type":"ImageObject","inLanguage":"en-US","@id":"https:\/\/www.apfelpatient.de\/rumors\/iphone-13-pro-koennte-neue-farboptionen-erhalten#primaryimage","url":"https:\/\/www.apfelpatient.de\/wp-content\/uploads\/2021\/07\/57c2a7f9-5794-4b32-838c-c90d1ce98d0c_rw_3840.png","contentUrl":"https:\/\/www.apfelpatient.de\/wp-content\/uploads\/2021\/07\/57c2a7f9-5794-4b32-838c-c90d1ce98d0c_rw_3840.png","width":1600,"height":984,"caption":"Bild: rendersbyian"},{"@type":"BreadcrumbList","@id":"https:\/\/www.apfelpatient.de\/rumors\/iphone-13-pro-koennte-neue-farboptionen-erhalten#breadcrumb","itemListElement":[{"@type":"ListItem","position":1,"name":"Startseite","item":"https:\/\/www.apfelpatient.de\/"},{"@type":"ListItem","position":2,"name":"iPhone 13 Pro k\u00f6nnte neue Farboptionen erhalten"}]},{"@type":"WebSite","@id":"https:\/\/www.apfelpatient.de\/#website","url":"https:\/\/www.apfelpatient.de\/","name":"apple patient","description":"Everything about Apple!","publisher":{"@type":"Organization","@id":"https:\/\/www.apfelpatient.de\/en\/#organization","name":"Apfelpatient","url":"https:\/\/www.apfelpatient.de\/en\/"},"alternateName":"Apfelpatient","potentialAction":[{"@type":"SearchAction","target":{"@type":"EntryPoint","urlTemplate":"https:\/\/www.apfelpatient.de\/?s={search_term_string}"},"query-input":{"@type":"PropertyValueSpecification","valueRequired":true,"valueName":"search_term_string"}}],"inLanguage":"en-US"},{"@type":["Person","Organization"],"@id":"https:\/\/www.apfelpatient.de\/#\/schema\/person\/35b3ddba5832f2bfc7fff5206d4f6b7b","name":"Milan","logo":{"@id":"https:\/\/www.apfelpatient.de\/#\/schema\/person\/image\/"},"description":"Hello and welcome to my technology blog! As a big Apple fan, I report on everything to do with Apple: from the latest news and exciting rumors to helpful tips and tricks and detailed product tests. If you are as enthusiastic about technology as I am, you have come to the right place!","sameAs":["https:\/\/www.facebook.com\/apfelpatientOfficial","https:\/\/www.linkedin.com\/in\/milan-jovicic-42aa0231b"],"url":"https:\/\/www.apfelpatient.de\/en\/author\/apfeladmin"}]}},"_links":{"self":[{"href":"https:\/\/www.apfelpatient.de\/en\/wp-json\/wp\/v2\/posts\/24692","targetHints":{"allow":["GET"]}}],"collection":[{"href":"https:\/\/www.apfelpatient.de\/en\/wp-json\/wp\/v2\/posts"}],"about":[{"href":"https:\/\/www.apfelpatient.de\/en\/wp-json\/wp\/v2\/types\/post"}],"author":[{"embeddable":true,"href":"https:\/\/www.apfelpatient.de\/en\/wp-json\/wp\/v2\/users\/2"}],"replies":[{"embeddable":true,"href":"https:\/\/www.apfelpatient.de\/en\/wp-json\/wp\/v2\/comments?post=24692"}],"version-history":[{"count":0,"href":"https:\/\/www.apfelpatient.de\/en\/wp-json\/wp\/v2\/posts\/24692\/revisions"}],"wp:featuredmedia":[{"embeddable":true,"href":"https:\/\/www.apfelpatient.de\/en\/wp-json\/wp\/v2\/media\/24688"}],"wp:attachment":[{"href":"https:\/\/www.apfelpatient.de\/en\/wp-json\/wp\/v2\/media?parent=24692"}],"wp:term":[{"taxonomy":"category","embeddable":true,"href":"https:\/\/www.apfelpatient.de\/en\/wp-json\/wp\/v2\/categories?post=24692"},{"taxonomy":"post_tag","embeddable":true,"href":"https:\/\/www.apfelpatient.de\/en\/wp-json\/wp\/v2\/tags?post=24692"}],"curies":[{"name":"wp","href":"https:\/\/api.w.org\/{rel}","templated":true}]}}