{"id":24683,"date":"2021-07-20T15:58:08","date_gmt":"2021-07-20T13:58:08","guid":{"rendered":"https:\/\/www.apfelpatient.de\/?p=24683"},"modified":"2021-07-20T15:58:08","modified_gmt":"2021-07-20T13:58:08","slug":"new-ipad-mini-to-get-a15-chip-and-more","status":"publish","type":"post","link":"https:\/\/www.apfelpatient.de\/en\/rumors\/neues-ipad-mini-soll-a15-chip-und-mehr-erhalten","title":{"rendered":"New iPad mini to receive A15 chip and more"},"content":{"rendered":"<p class=\"has-drop-cap\"><strong>For months we have been hearing rumors that Apple is planning to update the iPad mini series. To be precise, the iPad mini 6 is due to be released by the end of the year.<\/strong><\/p>\n\n\n\n<p>Rumour has it that Apple will introduce the iPad mini 6 this autumn. However, the small tablet is not just a small update. Now the US blog 9to5mac wants to provide some concrete information <a href=\"https:\/\/9to5mac.com\/2021\/07\/20\/new-ipad-mini-exclusive-a15-processor-usb-c\/\" target=\"_blank\" rel=\"noreferrer noopener\">experience<\/a> The blog reports, citing sources familiar with the matter, that the new iPad mini, codenamed J310, will be powered by Apple&#039;s latest A15 processor, will have a USB-C port, and will feature a magnetic Smart Connector. According to the sources, Apple plans to use the A15 chip in the new iPad mini. As a reminder, this chip will be used in this year&#039;s iPhone 13 lineup.<\/p>\n\n\n\n<h3 class=\"wp-block-heading\" id=\"h-unterst-tzung-von-peripherieger-ten-wird-ausgeweitet\">Support for peripherals is expanded<\/h3>\n\n\n\n\n\n\n\n<p>The A15 chip will use the same 5-nanometer manufacturing process as the A14. In addition, Apple is working on an A15X version that will be used in other iPad models - according to the blog. However, no further details were given. But back to the iPad mini 6. Like the iPad Pro and Air models, the device will have a USB-C port to support a wide range of peripherals and accessories. The redesigned device will also have a magnetic Smart Connector to enable the use of appropriate accessories. But that&#039;s not all. According to the source, Apple is also planning a new version of the entry-level iPad, which will be known under the code name J181. However, the device will be powered by the A13 chip. The current 10.2-inch entry-level iPad uses the A12 Bionic chip.<\/p>\n\n\n\n<h3 class=\"wp-block-heading\" id=\"h-ipad-mini-6-in-neuem-design\">iPad mini 6 in new design<\/h3>\n\n\n\n<p>In terms of design, the entry-level model could be more in line with the iPad Air 3, which was originally released in 2019. Be that as it may. Bloomberg has already reported that Apple is working on a new iPad mini, which is due to be released later this year. The new iPad mini is expected to have slimmer edges and no home button. The device will basically look like the new iPad Air or iPad Pro. Instead of the Face ID component, it will rely on Touch ID in the standby switch. However, it is not yet known when the devices will finally be presented. (Image: Jon Prosser x Rendersbyan)<\/p>\n\n\n\n<ul class=\"wp-block-list\"><li><a href=\"https:\/\/www.apfelpatient.de\/en\/rumors\/ipad-mini-6-this-is-what-the-device-should-look-like\">iPad mini 6: This is what the device should look like<\/a><\/li><\/ul>\n\n\n\n<h6 class=\"wp-block-heading translation-block\" id=\"h-kennt-ihr-schon-unsere-amazon-storefront-dort-findet-ihr-eine-handverlesene-auswahl-von-diversen-produkten-f-r-euer-iphone-und-co-viel-spa-beim-st-bern\"><em>Have you already visited our Amazon Storefront? There you&#039;ll find a hand-picked selection of various products for your iPhone and other devices \u2013 <span class=\"has-inline-color has-vivid-red-color\"><a href=\"https:\/\/www.amazon.de\/shop\/apfelpatientofficial\" class=\"ek-link\" data-wpel-link=\"exclude\" rel=\"follow noopener\" target=\"_self\"><span style=\"text-decoration: underline\" class=\"ek-underline\">enjoy browsing<\/span><\/a> !<\/span><\/em><\/h6>\n\n\n\n<h6 class=\"wp-block-heading translation-block\" id=\"h-der-beitrag-enthalt-partnerlinks\">This post contains <a data-type=\"URL\" data-id=\"https:\/\/www.apfelpatient.de\/partnerprogramm\" href=\"https:\/\/www.apfelpatient.de\/en\/partner-program\" data-wpel-link=\"internal\" target=\"_self\">affiliate links<\/a>.<\/h6>","protected":false},"excerpt":{"rendered":"<p>New design, more ports and significantly better: Rumor has it that Apple will introduce the iPad mini 6 this fall.<\/p>","protected":false},"author":2,"featured_media":23548,"comment_status":"closed","ping_status":"closed","sticky":false,"template":"","format":"standard","meta":{"jnews-multi-image_gallery":[],"jnews_single_post":{"subtitle":"","format":"standard","video":"","gallery":"","source_name":"","source_url":"","via_name":"","via_url":"","override":[{"single_blog_custom":"","sidebar":"","second_sidebar":"","share_position":"","share_float_style":"","post_date_format":"","post_date_format_custom":"","post_reading_time_wpm":"","zoom_button_out_step":"1","zoom_button_in_step":"1","number_popup_post":"1"}],"image_override":[{"single_post_thumbnail_size":"","single_post_gallery_size":""}],"trending_post_position":"","trending_post_label":"","sponsored_post_label":"","sponsored_post_name":"","sponsored_post_url":"","sponsored_post_logo":"","sponsored_post_desc":""},"jnews_primary_category":{"id":"25"},"footnotes":""},"categories":[25],"tags":[18,114],"class_list":["post-24683","post","type-post","status-publish","format-standard","has-post-thumbnail","hentry","category-rumors","tag-ipad","tag-ipad-mini"],"yoast_head":"<!-- This site is optimized with the Yoast SEO Premium plugin v27.5 (Yoast SEO v27.5) - https:\/\/yoast.com\/product\/yoast-seo-premium-wordpress\/ -->\n<title>Neues iPad mini soll A15-Chip und mehr erhalten Apfelpatient<\/title>\n<meta name=\"description\" content=\"Neues Design, mehr Anschl\u00fcsse und deutlich besser: Ger\u00fcchten zufolge wird Apple im Herbst diesen Jahres das iPad mini 6 vorstellen.\" \/>\n<meta name=\"robots\" content=\"index, follow, max-snippet:-1, max-image-preview:large, max-video-preview:-1\" \/>\n<link rel=\"canonical\" href=\"https:\/\/www.apfelpatient.de\/en\/rumors\/new-ipad-mini-to-get-a15-chip-and-more\" \/>\n<meta property=\"og:locale\" content=\"en_US\" \/>\n<meta property=\"og:type\" content=\"article\" \/>\n<meta property=\"og:title\" content=\"Neues iPad mini soll A15-Chip und mehr erhalten\" \/>\n<meta property=\"og:description\" content=\"Neues Design, mehr Anschl\u00fcsse und deutlich besser: Ger\u00fcchten zufolge wird Apple im Herbst diesen Jahres das iPad mini 6 vorstellen.\" \/>\n<meta property=\"og:url\" content=\"https:\/\/www.apfelpatient.de\/en\/rumors\/new-ipad-mini-to-get-a15-chip-and-more\" \/>\n<meta property=\"og:site_name\" content=\"Apfelpatient\" \/>\n<meta property=\"article:publisher\" content=\"https:\/\/www.facebook.com\/apfelpatientOfficial\" \/>\n<meta property=\"article:author\" content=\"https:\/\/www.facebook.com\/apfelpatientOfficial\" \/>\n<meta property=\"article:published_time\" content=\"2021-07-20T13:58:08+00:00\" \/>\n<meta property=\"og:image\" content=\"https:\/\/www.apfelpatient.de\/wp-content\/uploads\/2021\/06\/ipad-mini-colors.jpg\" \/>\n\t<meta property=\"og:image:width\" content=\"1600\" \/>\n\t<meta property=\"og:image:height\" content=\"900\" \/>\n\t<meta property=\"og:image:type\" content=\"image\/jpeg\" \/>\n<meta name=\"author\" content=\"Milan\" \/>\n<meta name=\"twitter:card\" content=\"summary_large_image\" \/>\n<meta name=\"twitter:description\" content=\"Neues Design, mehr Anschl\u00fcsse und deutlich besser: Ger\u00fcchten zufolge wird Apple im Herbst diesen Jahres das iPad mini 6 vorstellen.\" \/>\n<meta name=\"twitter:label1\" content=\"Written by\" \/>\n\t<meta name=\"twitter:data1\" content=\"Milan\" \/>\n\t<meta name=\"twitter:label2\" content=\"Est. reading time\" \/>\n\t<meta name=\"twitter:data2\" content=\"2 minutes\" \/>\n<script type=\"application\/ld+json\" class=\"yoast-schema-graph\">{\"@context\":\"https:\\\/\\\/schema.org\",\"@graph\":[{\"@type\":\"NewsArticle\",\"@id\":\"https:\\\/\\\/www.apfelpatient.de\\\/rumors\\\/neues-ipad-mini-soll-a15-chip-und-mehr-erhalten#article\",\"isPartOf\":{\"@id\":\"https:\\\/\\\/www.apfelpatient.de\\\/rumors\\\/neues-ipad-mini-soll-a15-chip-und-mehr-erhalten\"},\"author\":{\"@type\":\"Organization\",\"@id\":\"https:\\\/\\\/www.apfelpatient.de\\\/en\\\/#organization\",\"name\":\"Apfelpatient\",\"url\":\"https:\\\/\\\/www.apfelpatient.de\\\/en\\\/\"},\"headline\":\"Neues iPad mini soll A15-Chip und mehr erhalten\",\"datePublished\":\"2021-07-20T13:58:08+00:00\",\"mainEntityOfPage\":{\"@id\":\"https:\\\/\\\/www.apfelpatient.de\\\/rumors\\\/neues-ipad-mini-soll-a15-chip-und-mehr-erhalten\"},\"wordCount\":406,\"publisher\":{\"@type\":\"Organization\",\"@id\":\"https:\\\/\\\/www.apfelpatient.de\\\/en\\\/#organization\",\"name\":\"Apfelpatient\",\"url\":\"https:\\\/\\\/www.apfelpatient.de\\\/en\\\/\"},\"image\":{\"@id\":\"https:\\\/\\\/www.apfelpatient.de\\\/rumors\\\/neues-ipad-mini-soll-a15-chip-und-mehr-erhalten#primaryimage\"},\"thumbnailUrl\":\"https:\\\/\\\/www.apfelpatient.de\\\/wp-content\\\/uploads\\\/2021\\\/06\\\/ipad-mini-colors.jpg\",\"keywords\":[\"iPad\",\"iPad mini\"],\"articleSection\":\"Rumors\",\"inLanguage\":\"en-US\",\"copyrightYear\":\"2021\",\"copyrightHolder\":{\"@id\":\"https:\\\/\\\/www.apfelpatient.de\\\/en\\\/#organization\"}},{\"@type\":\"WebPage\",\"@id\":\"https:\\\/\\\/www.apfelpatient.de\\\/rumors\\\/neues-ipad-mini-soll-a15-chip-und-mehr-erhalten\",\"url\":\"https:\\\/\\\/www.apfelpatient.de\\\/rumors\\\/neues-ipad-mini-soll-a15-chip-und-mehr-erhalten\",\"name\":\"Neues iPad mini soll A15-Chip und mehr erhalten Apfelpatient\",\"isPartOf\":{\"@id\":\"https:\\\/\\\/www.apfelpatient.de\\\/#website\"},\"primaryImageOfPage\":{\"@id\":\"https:\\\/\\\/www.apfelpatient.de\\\/rumors\\\/neues-ipad-mini-soll-a15-chip-und-mehr-erhalten#primaryimage\"},\"image\":{\"@id\":\"https:\\\/\\\/www.apfelpatient.de\\\/rumors\\\/neues-ipad-mini-soll-a15-chip-und-mehr-erhalten#primaryimage\"},\"thumbnailUrl\":\"https:\\\/\\\/www.apfelpatient.de\\\/wp-content\\\/uploads\\\/2021\\\/06\\\/ipad-mini-colors.jpg\",\"datePublished\":\"2021-07-20T13:58:08+00:00\",\"description\":\"Neues Design, mehr Anschl\u00fcsse und deutlich besser: Ger\u00fcchten zufolge wird Apple im Herbst diesen Jahres das iPad mini 6 vorstellen.\",\"breadcrumb\":{\"@id\":\"https:\\\/\\\/www.apfelpatient.de\\\/rumors\\\/neues-ipad-mini-soll-a15-chip-und-mehr-erhalten#breadcrumb\"},\"inLanguage\":\"en-US\",\"potentialAction\":[{\"@type\":\"ReadAction\",\"target\":[\"https:\\\/\\\/www.apfelpatient.de\\\/rumors\\\/neues-ipad-mini-soll-a15-chip-und-mehr-erhalten\"]}]},{\"@type\":\"ImageObject\",\"inLanguage\":\"en-US\",\"@id\":\"https:\\\/\\\/www.apfelpatient.de\\\/rumors\\\/neues-ipad-mini-soll-a15-chip-und-mehr-erhalten#primaryimage\",\"url\":\"https:\\\/\\\/www.apfelpatient.de\\\/wp-content\\\/uploads\\\/2021\\\/06\\\/ipad-mini-colors.jpg\",\"contentUrl\":\"https:\\\/\\\/www.apfelpatient.de\\\/wp-content\\\/uploads\\\/2021\\\/06\\\/ipad-mini-colors.jpg\",\"width\":1600,\"height\":900,\"caption\":\"Bild: Jon Prosser x Rendersbyan - Apple iPad mini 6\"},{\"@type\":\"BreadcrumbList\",\"@id\":\"https:\\\/\\\/www.apfelpatient.de\\\/rumors\\\/neues-ipad-mini-soll-a15-chip-und-mehr-erhalten#breadcrumb\",\"itemListElement\":[{\"@type\":\"ListItem\",\"position\":1,\"name\":\"Startseite\",\"item\":\"https:\\\/\\\/www.apfelpatient.de\\\/\"},{\"@type\":\"ListItem\",\"position\":2,\"name\":\"Neues iPad mini soll A15-Chip und mehr erhalten\"}]},{\"@type\":\"WebSite\",\"@id\":\"https:\\\/\\\/www.apfelpatient.de\\\/#website\",\"url\":\"https:\\\/\\\/www.apfelpatient.de\\\/\",\"name\":\"Apfelpatient\",\"description\":\"Alles rund um Apple!\",\"publisher\":{\"@type\":\"Organization\",\"@id\":\"https:\\\/\\\/www.apfelpatient.de\\\/en\\\/#organization\",\"name\":\"Apfelpatient\",\"url\":\"https:\\\/\\\/www.apfelpatient.de\\\/en\\\/\"},\"alternateName\":\"Apfelpatient\",\"potentialAction\":[{\"@type\":\"SearchAction\",\"target\":{\"@type\":\"EntryPoint\",\"urlTemplate\":\"https:\\\/\\\/www.apfelpatient.de\\\/?s={search_term_string}\"},\"query-input\":{\"@type\":\"PropertyValueSpecification\",\"valueRequired\":true,\"valueName\":\"search_term_string\"}}],\"inLanguage\":\"en-US\"},{\"@type\":[\"Person\",\"Organization\"],\"@id\":\"https:\\\/\\\/www.apfelpatient.de\\\/#\\\/schema\\\/person\\\/35b3ddba5832f2bfc7fff5206d4f6b7b\",\"name\":\"Milan\",\"logo\":{\"@id\":\"https:\\\/\\\/www.apfelpatient.de\\\/#\\\/schema\\\/person\\\/image\\\/\"},\"description\":\"Hallo und herzlich willkommen auf meinem Technik-Blog! Als gro\u00dfer Apple-Fan berichte ich hier \u00fcber alles, was mit Apple zu tun hat: von den neuesten News und spannenden Ger\u00fcchten \u00fcber hilfreiche Tipps und Tricks bis hin zu ausf\u00fchrlichen Produkttests. Wenn du genauso technikbegeistert bist wie ich, bist du hier genau richtig!\",\"sameAs\":[\"https:\\\/\\\/www.facebook.com\\\/apfelpatientOfficial\",\"https:\\\/\\\/www.linkedin.com\\\/in\\\/milan-jovicic-42aa0231b\"],\"url\":\"https:\\\/\\\/www.apfelpatient.de\\\/en\\\/author\\\/apfeladmin\"}]}<\/script>\n<!-- \/ Yoast SEO Premium plugin. -->","yoast_head_json":{"title":"New iPad mini to receive A15 chip and more Apfelpatient","description":"New design, more ports and significantly better: Rumor has it that Apple will introduce the iPad mini 6 this fall.","robots":{"index":"index","follow":"follow","max-snippet":"max-snippet:-1","max-image-preview":"max-image-preview:large","max-video-preview":"max-video-preview:-1"},"canonical":"https:\/\/www.apfelpatient.de\/en\/rumors\/new-ipad-mini-to-get-a15-chip-and-more","og_locale":"en_US","og_type":"article","og_title":"Neues iPad mini soll A15-Chip und mehr erhalten","og_description":"Neues Design, mehr Anschl\u00fcsse und deutlich besser: Ger\u00fcchten zufolge wird Apple im Herbst diesen Jahres das iPad mini 6 vorstellen.","og_url":"https:\/\/www.apfelpatient.de\/en\/rumors\/new-ipad-mini-to-get-a15-chip-and-more","og_site_name":"Apfelpatient","article_publisher":"https:\/\/www.facebook.com\/apfelpatientOfficial","article_author":"https:\/\/www.facebook.com\/apfelpatientOfficial","article_published_time":"2021-07-20T13:58:08+00:00","og_image":[{"width":1600,"height":900,"url":"https:\/\/www.apfelpatient.de\/wp-content\/uploads\/2021\/06\/ipad-mini-colors.jpg","type":"image\/jpeg"}],"author":"Milan","twitter_card":"summary_large_image","twitter_description":"Neues Design, mehr Anschl\u00fcsse und deutlich besser: Ger\u00fcchten zufolge wird Apple im Herbst diesen Jahres das iPad mini 6 vorstellen.","twitter_misc":{"Written by":"Milan","Est. reading time":"2 minutes"},"schema":{"@context":"https:\/\/schema.org","@graph":[{"@type":"NewsArticle","@id":"https:\/\/www.apfelpatient.de\/rumors\/neues-ipad-mini-soll-a15-chip-und-mehr-erhalten#article","isPartOf":{"@id":"https:\/\/www.apfelpatient.de\/rumors\/neues-ipad-mini-soll-a15-chip-und-mehr-erhalten"},"author":{"@type":"Organization","@id":"https:\/\/www.apfelpatient.de\/en\/#organization","name":"Apfelpatient","url":"https:\/\/www.apfelpatient.de\/en\/"},"headline":"Neues iPad mini soll A15-Chip und mehr erhalten","datePublished":"2021-07-20T13:58:08+00:00","mainEntityOfPage":{"@id":"https:\/\/www.apfelpatient.de\/rumors\/neues-ipad-mini-soll-a15-chip-und-mehr-erhalten"},"wordCount":406,"publisher":{"@type":"Organization","@id":"https:\/\/www.apfelpatient.de\/en\/#organization","name":"Apfelpatient","url":"https:\/\/www.apfelpatient.de\/en\/"},"image":{"@id":"https:\/\/www.apfelpatient.de\/rumors\/neues-ipad-mini-soll-a15-chip-und-mehr-erhalten#primaryimage"},"thumbnailUrl":"https:\/\/www.apfelpatient.de\/wp-content\/uploads\/2021\/06\/ipad-mini-colors.jpg","keywords":["iPad","iPad mini"],"articleSection":"Rumors","inLanguage":"en-US","copyrightYear":"2021","copyrightHolder":{"@id":"https:\/\/www.apfelpatient.de\/en\/#organization"}},{"@type":"WebPage","@id":"https:\/\/www.apfelpatient.de\/rumors\/neues-ipad-mini-soll-a15-chip-und-mehr-erhalten","url":"https:\/\/www.apfelpatient.de\/rumors\/neues-ipad-mini-soll-a15-chip-und-mehr-erhalten","name":"New iPad mini to receive A15 chip and more Apfelpatient","isPartOf":{"@id":"https:\/\/www.apfelpatient.de\/#website"},"primaryImageOfPage":{"@id":"https:\/\/www.apfelpatient.de\/rumors\/neues-ipad-mini-soll-a15-chip-und-mehr-erhalten#primaryimage"},"image":{"@id":"https:\/\/www.apfelpatient.de\/rumors\/neues-ipad-mini-soll-a15-chip-und-mehr-erhalten#primaryimage"},"thumbnailUrl":"https:\/\/www.apfelpatient.de\/wp-content\/uploads\/2021\/06\/ipad-mini-colors.jpg","datePublished":"2021-07-20T13:58:08+00:00","description":"New design, more ports and significantly better: Rumor has it that Apple will introduce the iPad mini 6 this fall.","breadcrumb":{"@id":"https:\/\/www.apfelpatient.de\/rumors\/neues-ipad-mini-soll-a15-chip-und-mehr-erhalten#breadcrumb"},"inLanguage":"en-US","potentialAction":[{"@type":"ReadAction","target":["https:\/\/www.apfelpatient.de\/rumors\/neues-ipad-mini-soll-a15-chip-und-mehr-erhalten"]}]},{"@type":"ImageObject","inLanguage":"en-US","@id":"https:\/\/www.apfelpatient.de\/rumors\/neues-ipad-mini-soll-a15-chip-und-mehr-erhalten#primaryimage","url":"https:\/\/www.apfelpatient.de\/wp-content\/uploads\/2021\/06\/ipad-mini-colors.jpg","contentUrl":"https:\/\/www.apfelpatient.de\/wp-content\/uploads\/2021\/06\/ipad-mini-colors.jpg","width":1600,"height":900,"caption":"Bild: Jon Prosser x Rendersbyan - Apple iPad mini 6"},{"@type":"BreadcrumbList","@id":"https:\/\/www.apfelpatient.de\/rumors\/neues-ipad-mini-soll-a15-chip-und-mehr-erhalten#breadcrumb","itemListElement":[{"@type":"ListItem","position":1,"name":"Startseite","item":"https:\/\/www.apfelpatient.de\/"},{"@type":"ListItem","position":2,"name":"Neues iPad mini soll A15-Chip und mehr erhalten"}]},{"@type":"WebSite","@id":"https:\/\/www.apfelpatient.de\/#website","url":"https:\/\/www.apfelpatient.de\/","name":"apple patient","description":"Everything about Apple!","publisher":{"@type":"Organization","@id":"https:\/\/www.apfelpatient.de\/en\/#organization","name":"Apfelpatient","url":"https:\/\/www.apfelpatient.de\/en\/"},"alternateName":"Apfelpatient","potentialAction":[{"@type":"SearchAction","target":{"@type":"EntryPoint","urlTemplate":"https:\/\/www.apfelpatient.de\/?s={search_term_string}"},"query-input":{"@type":"PropertyValueSpecification","valueRequired":true,"valueName":"search_term_string"}}],"inLanguage":"en-US"},{"@type":["Person","Organization"],"@id":"https:\/\/www.apfelpatient.de\/#\/schema\/person\/35b3ddba5832f2bfc7fff5206d4f6b7b","name":"Milan","logo":{"@id":"https:\/\/www.apfelpatient.de\/#\/schema\/person\/image\/"},"description":"Hello and welcome to my technology blog! As a big Apple fan, I report on everything to do with Apple: from the latest news and exciting rumors to helpful tips and tricks and detailed product tests. If you are as enthusiastic about technology as I am, you have come to the right place!","sameAs":["https:\/\/www.facebook.com\/apfelpatientOfficial","https:\/\/www.linkedin.com\/in\/milan-jovicic-42aa0231b"],"url":"https:\/\/www.apfelpatient.de\/en\/author\/apfeladmin"}]}},"_links":{"self":[{"href":"https:\/\/www.apfelpatient.de\/en\/wp-json\/wp\/v2\/posts\/24683","targetHints":{"allow":["GET"]}}],"collection":[{"href":"https:\/\/www.apfelpatient.de\/en\/wp-json\/wp\/v2\/posts"}],"about":[{"href":"https:\/\/www.apfelpatient.de\/en\/wp-json\/wp\/v2\/types\/post"}],"author":[{"embeddable":true,"href":"https:\/\/www.apfelpatient.de\/en\/wp-json\/wp\/v2\/users\/2"}],"replies":[{"embeddable":true,"href":"https:\/\/www.apfelpatient.de\/en\/wp-json\/wp\/v2\/comments?post=24683"}],"version-history":[{"count":0,"href":"https:\/\/www.apfelpatient.de\/en\/wp-json\/wp\/v2\/posts\/24683\/revisions"}],"wp:featuredmedia":[{"embeddable":true,"href":"https:\/\/www.apfelpatient.de\/en\/wp-json\/wp\/v2\/media\/23548"}],"wp:attachment":[{"href":"https:\/\/www.apfelpatient.de\/en\/wp-json\/wp\/v2\/media?parent=24683"}],"wp:term":[{"taxonomy":"category","embeddable":true,"href":"https:\/\/www.apfelpatient.de\/en\/wp-json\/wp\/v2\/categories?post=24683"},{"taxonomy":"post_tag","embeddable":true,"href":"https:\/\/www.apfelpatient.de\/en\/wp-json\/wp\/v2\/tags?post=24683"}],"curies":[{"name":"wp","href":"https:\/\/api.w.org\/{rel}","templated":true}]}}