{"id":24618,"date":"2021-07-18T19:46:43","date_gmt":"2021-07-18T17:46:43","guid":{"rendered":"https:\/\/www.apfelpatient.de\/?p=24618"},"modified":"2021-07-18T19:46:44","modified_gmt":"2021-07-18T17:46:44","slug":"macbook-pro-2021-the-devices-should-have-appeared-earlier","status":"publish","type":"post","link":"https:\/\/www.apfelpatient.de\/en\/rumors\/macbook-pro-2021-die-geraete-haetten-frueher-erscheinen-sollen","title":{"rendered":"MacBook Pro 2021: The devices should have been released earlier"},"content":{"rendered":"<p class=\"has-drop-cap\"><strong>Reports about the new MacBook Pro 2021 series have been with us for many months. But when will the devices finally be released?<\/strong><\/p>\n\n\n\n<p>As reliable Apple analyst Ming-Chi Kuo explained a few weeks ago, the new MacBook Pro is expected to go into production in the third quarter, which means an announcement can be expected between September and November. Mark Gurman has now confirmed this in his \u201cPower On\u201d newsletter today. <a href=\"https:\/\/www.bloomberg.com\/account\/newsletters\/power-on\" target=\"_blank\" rel=\"noreferrer noopener\">confirmed<\/a>. In his newsletter, Gurman explains that &quot;these new MacBooks were supposed to come out sooner, but complications surrounding the new miniLED display have delayed production.&quot; The miniLED display, which Apple calls Liquid Retina XDR, is already available in the new 12.9-inch M1 iPad Pro. This panel uses 10,000 mini-LEDs that provide much better control over local backlighting, allowing for higher brightness and deeper blacks. The combination increases the contrast ratio and uses less power. According to the company, the Liquid Retina XDR display delivers &quot;lifelike&quot; details with a 1,000,000:1 contrast ratio.<\/p>\n\n\n\n<h3 class=\"wp-block-heading\" id=\"h-macbook-pro-2021-wie-viel-ram-wird-das-ger-t-bieten\">MacBook Pro 2021: How much RAM will the device offer?<\/h3>\n\n\n\n\n\n\n\n<p>It also offers 1000 nits of brightness in full screen mode and 1600 nits of peak brightness. Although the new MacBook Pro is expected to come with the M1X chip and more slots, Gurman doesn&#039;t talk about that in his newsletter today. Instead, he gives a tip on choosing between the MacBook Pro and the MacBook Air. The MacBook Pro is for those who need more power and RAM for app development, Photoshop, and more complex video editing while the MacBook Air is ideal for web browsing, email, and basic photo editing. Just recently, it was claimed that the new MacBook Pro will be configurable with up to 64GB of RAM. Interestingly, the Bloomberg report was contradicted. So <a href=\"https:\/\/www.apfelpatient.de\/en\/rumors\/macbook-pro-2021-new-details-about-sd-card-slot-ram\">claimed<\/a> Youtuber Luke Miami said that the devices could be limited to a maximum of 32 GB of RAM. It remains to be seen who will be right in the end. (Photo by insidestudio \/ Bigstockphoto)<\/p>\n\n\n\n<ul class=\"wp-block-list\"><li><a href=\"https:\/\/www.apfelpatient.de\/en\/news\/apple-germany-link-shows-m1-16-inch-macbook-pro\">Apple Germany: Link shows M1 16-inch MacBook Pro<\/a><\/li><\/ul>\n\n\n\n<h6 class=\"wp-block-heading translation-block\" id=\"h-kennt-ihr-schon-unsere-amazon-storefront-dort-findet-ihr-eine-handverlesene-auswahl-von-diversen-produkten-f-r-euer-iphone-und-co-viel-spa-beim-st-bern\"><em>Have you already visited our Amazon Storefront? There you&#039;ll find a hand-picked selection of various products for your iPhone and other devices \u2013 <span class=\"has-inline-color has-vivid-red-color\"><a href=\"https:\/\/www.amazon.de\/shop\/apfelpatientofficial\" class=\"ek-link\" data-wpel-link=\"exclude\" rel=\"follow noopener\" target=\"_self\"><span style=\"text-decoration: underline\" class=\"ek-underline\">enjoy browsing<\/span><\/a> !<\/span><\/em><\/h6>\n\n\n\n<h6 class=\"wp-block-heading translation-block\" id=\"h-der-beitrag-enthalt-partnerlinks\">This post contains <a data-type=\"URL\" data-id=\"https:\/\/www.apfelpatient.de\/partnerprogramm\" href=\"https:\/\/www.apfelpatient.de\/en\/partner-program\" data-wpel-link=\"internal\" target=\"_self\">affiliate links<\/a>.<\/h6>","protected":false},"excerpt":{"rendered":"<p>Reports about the new MacBook Pro 2021 series have been with us for many months. But when will the devices finally be released?<\/p>","protected":false},"author":2,"featured_media":24613,"comment_status":"closed","ping_status":"closed","sticky":false,"template":"","format":"standard","meta":{"jnews-multi-image_gallery":[],"jnews_single_post":{"subtitle":"","format":"standard","video":"","gallery":"","source_name":"","source_url":"","via_name":"","via_url":"","override":[{"single_blog_custom":"","sidebar":"","second_sidebar":"","share_position":"","share_float_style":"","post_date_format":"","post_date_format_custom":"","post_reading_time_wpm":"","zoom_button_out_step":"1","zoom_button_in_step":"1","number_popup_post":"1"}],"image_override":[{"single_post_thumbnail_size":"","single_post_gallery_size":""}],"trending_post_position":"","trending_post_label":"","sponsored_post_label":"","sponsored_post_name":"","sponsored_post_url":"","sponsored_post_logo":"","sponsored_post_desc":""},"jnews_primary_category":{"id":"25"},"footnotes":""},"categories":[25],"tags":[40,50],"class_list":["post-24618","post","type-post","status-publish","format-standard","has-post-thumbnail","hentry","category-rumors","tag-mac","tag-macbook-pro"],"yoast_head":"<!-- This site is optimized with the Yoast SEO Premium plugin v27.5 (Yoast SEO v27.5) - https:\/\/yoast.com\/product\/yoast-seo-premium-wordpress\/ -->\n<title>MacBook Pro 2021: Die Ger\u00e4te h\u00e4tten fr\u00fcher erscheinen sollen<\/title>\n<meta name=\"description\" content=\"Berichte rund um die neue MacBook Pro 2021 Reihe begleiten uns seit vielen Monaten. Doch wann werden die Ger\u00e4te nun endlich ver\u00f6ffentlicht?\" \/>\n<meta name=\"robots\" content=\"index, follow, max-snippet:-1, max-image-preview:large, max-video-preview:-1\" \/>\n<link rel=\"canonical\" href=\"https:\/\/www.apfelpatient.de\/en\/rumors\/macbook-pro-2021-the-devices-should-have-appeared-earlier\" \/>\n<meta property=\"og:locale\" content=\"en_US\" \/>\n<meta property=\"og:type\" content=\"article\" \/>\n<meta property=\"og:title\" content=\"MacBook Pro 2021: Die Ger\u00e4te h\u00e4tten fr\u00fcher erscheinen sollen\" \/>\n<meta property=\"og:description\" content=\"Berichte rund um die neue MacBook Pro 2021 Reihe begleiten uns seit vielen Monaten. Doch wann werden die Ger\u00e4te nun endlich ver\u00f6ffentlicht?\" \/>\n<meta property=\"og:url\" content=\"https:\/\/www.apfelpatient.de\/en\/rumors\/macbook-pro-2021-the-devices-should-have-appeared-earlier\" \/>\n<meta property=\"og:site_name\" content=\"Apfelpatient\" \/>\n<meta property=\"article:publisher\" content=\"https:\/\/www.facebook.com\/apfelpatientOfficial\" \/>\n<meta property=\"article:author\" content=\"https:\/\/www.facebook.com\/apfelpatientOfficial\" \/>\n<meta property=\"article:published_time\" content=\"2021-07-18T17:46:43+00:00\" \/>\n<meta property=\"article:modified_time\" content=\"2021-07-18T17:46:44+00:00\" \/>\n<meta property=\"og:image\" content=\"https:\/\/www.apfelpatient.de\/wp-content\/uploads\/2021\/07\/bigstock-Unboxing-A-Silver-Macbook-Air-424768463.jpg\" \/>\n\t<meta property=\"og:image:width\" content=\"1600\" \/>\n\t<meta property=\"og:image:height\" content=\"1067\" \/>\n\t<meta property=\"og:image:type\" content=\"image\/jpeg\" \/>\n<meta name=\"author\" content=\"Milan\" \/>\n<meta name=\"twitter:card\" content=\"summary_large_image\" \/>\n<meta name=\"twitter:description\" content=\"Berichte rund um die neue MacBook Pro 2021 Reihe begleiten uns seit vielen Monaten. Doch wann werden die Ger\u00e4te nun endlich ver\u00f6ffentlicht?\" \/>\n<meta name=\"twitter:label1\" content=\"Written by\" \/>\n\t<meta name=\"twitter:data1\" content=\"Milan\" \/>\n\t<meta name=\"twitter:label2\" content=\"Est. reading time\" \/>\n\t<meta name=\"twitter:data2\" content=\"2 minutes\" \/>\n<script type=\"application\/ld+json\" class=\"yoast-schema-graph\">{\"@context\":\"https:\\\/\\\/schema.org\",\"@graph\":[{\"@type\":\"NewsArticle\",\"@id\":\"https:\\\/\\\/www.apfelpatient.de\\\/rumors\\\/macbook-pro-2021-die-geraete-haetten-frueher-erscheinen-sollen#article\",\"isPartOf\":{\"@id\":\"https:\\\/\\\/www.apfelpatient.de\\\/rumors\\\/macbook-pro-2021-die-geraete-haetten-frueher-erscheinen-sollen\"},\"author\":{\"@type\":\"Organization\",\"@id\":\"https:\\\/\\\/www.apfelpatient.de\\\/en\\\/#organization\",\"name\":\"Apfelpatient\",\"url\":\"https:\\\/\\\/www.apfelpatient.de\\\/en\\\/\"},\"headline\":\"MacBook Pro 2021: Die Ger\u00e4te h\u00e4tten fr\u00fcher erscheinen sollen\",\"datePublished\":\"2021-07-18T17:46:43+00:00\",\"dateModified\":\"2021-07-18T17:46:44+00:00\",\"mainEntityOfPage\":{\"@id\":\"https:\\\/\\\/www.apfelpatient.de\\\/rumors\\\/macbook-pro-2021-die-geraete-haetten-frueher-erscheinen-sollen\"},\"wordCount\":350,\"publisher\":{\"@type\":\"Organization\",\"@id\":\"https:\\\/\\\/www.apfelpatient.de\\\/en\\\/#organization\",\"name\":\"Apfelpatient\",\"url\":\"https:\\\/\\\/www.apfelpatient.de\\\/en\\\/\"},\"image\":{\"@id\":\"https:\\\/\\\/www.apfelpatient.de\\\/rumors\\\/macbook-pro-2021-die-geraete-haetten-frueher-erscheinen-sollen#primaryimage\"},\"thumbnailUrl\":\"https:\\\/\\\/www.apfelpatient.de\\\/wp-content\\\/uploads\\\/2021\\\/07\\\/bigstock-Unboxing-A-Silver-Macbook-Air-424768463.jpg\",\"keywords\":[\"Mac\",\"MacBook Pro\"],\"articleSection\":\"Rumors\",\"inLanguage\":\"en-US\",\"copyrightYear\":\"2021\",\"copyrightHolder\":{\"@id\":\"https:\\\/\\\/www.apfelpatient.de\\\/en\\\/#organization\"}},{\"@type\":\"WebPage\",\"@id\":\"https:\\\/\\\/www.apfelpatient.de\\\/rumors\\\/macbook-pro-2021-die-geraete-haetten-frueher-erscheinen-sollen\",\"url\":\"https:\\\/\\\/www.apfelpatient.de\\\/rumors\\\/macbook-pro-2021-die-geraete-haetten-frueher-erscheinen-sollen\",\"name\":\"MacBook Pro 2021: Die Ger\u00e4te h\u00e4tten fr\u00fcher erscheinen sollen\",\"isPartOf\":{\"@id\":\"https:\\\/\\\/www.apfelpatient.de\\\/#website\"},\"primaryImageOfPage\":{\"@id\":\"https:\\\/\\\/www.apfelpatient.de\\\/rumors\\\/macbook-pro-2021-die-geraete-haetten-frueher-erscheinen-sollen#primaryimage\"},\"image\":{\"@id\":\"https:\\\/\\\/www.apfelpatient.de\\\/rumors\\\/macbook-pro-2021-die-geraete-haetten-frueher-erscheinen-sollen#primaryimage\"},\"thumbnailUrl\":\"https:\\\/\\\/www.apfelpatient.de\\\/wp-content\\\/uploads\\\/2021\\\/07\\\/bigstock-Unboxing-A-Silver-Macbook-Air-424768463.jpg\",\"datePublished\":\"2021-07-18T17:46:43+00:00\",\"dateModified\":\"2021-07-18T17:46:44+00:00\",\"description\":\"Berichte rund um die neue MacBook Pro 2021 Reihe begleiten uns seit vielen Monaten. Doch wann werden die Ger\u00e4te nun endlich ver\u00f6ffentlicht?\",\"breadcrumb\":{\"@id\":\"https:\\\/\\\/www.apfelpatient.de\\\/rumors\\\/macbook-pro-2021-die-geraete-haetten-frueher-erscheinen-sollen#breadcrumb\"},\"inLanguage\":\"en-US\",\"potentialAction\":[{\"@type\":\"ReadAction\",\"target\":[\"https:\\\/\\\/www.apfelpatient.de\\\/rumors\\\/macbook-pro-2021-die-geraete-haetten-frueher-erscheinen-sollen\"]}]},{\"@type\":\"ImageObject\",\"inLanguage\":\"en-US\",\"@id\":\"https:\\\/\\\/www.apfelpatient.de\\\/rumors\\\/macbook-pro-2021-die-geraete-haetten-frueher-erscheinen-sollen#primaryimage\",\"url\":\"https:\\\/\\\/www.apfelpatient.de\\\/wp-content\\\/uploads\\\/2021\\\/07\\\/bigstock-Unboxing-A-Silver-Macbook-Air-424768463.jpg\",\"contentUrl\":\"https:\\\/\\\/www.apfelpatient.de\\\/wp-content\\\/uploads\\\/2021\\\/07\\\/bigstock-Unboxing-A-Silver-Macbook-Air-424768463.jpg\",\"width\":1600,\"height\":1067,\"caption\":\"Unboxing a silver macbook air on a white table. Apple laptop\"},{\"@type\":\"BreadcrumbList\",\"@id\":\"https:\\\/\\\/www.apfelpatient.de\\\/rumors\\\/macbook-pro-2021-die-geraete-haetten-frueher-erscheinen-sollen#breadcrumb\",\"itemListElement\":[{\"@type\":\"ListItem\",\"position\":1,\"name\":\"Startseite\",\"item\":\"https:\\\/\\\/www.apfelpatient.de\\\/\"},{\"@type\":\"ListItem\",\"position\":2,\"name\":\"MacBook Pro 2021: Die Ger\u00e4te h\u00e4tten fr\u00fcher erscheinen sollen\"}]},{\"@type\":\"WebSite\",\"@id\":\"https:\\\/\\\/www.apfelpatient.de\\\/#website\",\"url\":\"https:\\\/\\\/www.apfelpatient.de\\\/\",\"name\":\"Apfelpatient\",\"description\":\"Alles rund um Apple!\",\"publisher\":{\"@type\":\"Organization\",\"@id\":\"https:\\\/\\\/www.apfelpatient.de\\\/en\\\/#organization\",\"name\":\"Apfelpatient\",\"url\":\"https:\\\/\\\/www.apfelpatient.de\\\/en\\\/\"},\"alternateName\":\"Apfelpatient\",\"potentialAction\":[{\"@type\":\"SearchAction\",\"target\":{\"@type\":\"EntryPoint\",\"urlTemplate\":\"https:\\\/\\\/www.apfelpatient.de\\\/?s={search_term_string}\"},\"query-input\":{\"@type\":\"PropertyValueSpecification\",\"valueRequired\":true,\"valueName\":\"search_term_string\"}}],\"inLanguage\":\"en-US\"},{\"@type\":[\"Person\",\"Organization\"],\"@id\":\"https:\\\/\\\/www.apfelpatient.de\\\/#\\\/schema\\\/person\\\/7dc56ad6c8e9824b76d2c08d4c140e13\",\"name\":\"Milan\",\"logo\":{\"@id\":\"https:\\\/\\\/www.apfelpatient.de\\\/#\\\/schema\\\/person\\\/image\\\/\"},\"description\":\"Hallo und herzlich willkommen auf meinem Technik-Blog! Als gro\u00dfer Apple-Fan berichte ich hier \u00fcber alles, was mit Apple zu tun hat: von den neuesten News und spannenden Ger\u00fcchten \u00fcber hilfreiche Tipps und Tricks bis hin zu ausf\u00fchrlichen Produkttests. Wenn du genauso technikbegeistert bist wie ich, bist du hier genau richtig!\",\"sameAs\":[\"https:\\\/\\\/www.facebook.com\\\/apfelpatientOfficial\",\"https:\\\/\\\/www.linkedin.com\\\/in\\\/milan-jovicic-42aa0231b\"],\"url\":\"https:\\\/\\\/www.apfelpatient.de\\\/en\\\/author\\\/apfeladmin\"}]}<\/script>\n<!-- \/ Yoast SEO Premium plugin. -->","yoast_head_json":{"title":"MacBook Pro 2021: The devices should have been released earlier","description":"Reports about the new MacBook Pro 2021 series have been with us for many months. But when will the devices finally be released?","robots":{"index":"index","follow":"follow","max-snippet":"max-snippet:-1","max-image-preview":"max-image-preview:large","max-video-preview":"max-video-preview:-1"},"canonical":"https:\/\/www.apfelpatient.de\/en\/rumors\/macbook-pro-2021-the-devices-should-have-appeared-earlier","og_locale":"en_US","og_type":"article","og_title":"MacBook Pro 2021: Die Ger\u00e4te h\u00e4tten fr\u00fcher erscheinen sollen","og_description":"Berichte rund um die neue MacBook Pro 2021 Reihe begleiten uns seit vielen Monaten. Doch wann werden die Ger\u00e4te nun endlich ver\u00f6ffentlicht?","og_url":"https:\/\/www.apfelpatient.de\/en\/rumors\/macbook-pro-2021-the-devices-should-have-appeared-earlier","og_site_name":"Apfelpatient","article_publisher":"https:\/\/www.facebook.com\/apfelpatientOfficial","article_author":"https:\/\/www.facebook.com\/apfelpatientOfficial","article_published_time":"2021-07-18T17:46:43+00:00","article_modified_time":"2021-07-18T17:46:44+00:00","og_image":[{"width":1600,"height":1067,"url":"https:\/\/www.apfelpatient.de\/wp-content\/uploads\/2021\/07\/bigstock-Unboxing-A-Silver-Macbook-Air-424768463.jpg","type":"image\/jpeg"}],"author":"Milan","twitter_card":"summary_large_image","twitter_description":"Berichte rund um die neue MacBook Pro 2021 Reihe begleiten uns seit vielen Monaten. Doch wann werden die Ger\u00e4te nun endlich ver\u00f6ffentlicht?","twitter_misc":{"Written by":"Milan","Est. reading time":"2 minutes"},"schema":{"@context":"https:\/\/schema.org","@graph":[{"@type":"NewsArticle","@id":"https:\/\/www.apfelpatient.de\/rumors\/macbook-pro-2021-die-geraete-haetten-frueher-erscheinen-sollen#article","isPartOf":{"@id":"https:\/\/www.apfelpatient.de\/rumors\/macbook-pro-2021-die-geraete-haetten-frueher-erscheinen-sollen"},"author":{"@type":"Organization","@id":"https:\/\/www.apfelpatient.de\/en\/#organization","name":"Apfelpatient","url":"https:\/\/www.apfelpatient.de\/en\/"},"headline":"MacBook Pro 2021: Die Ger\u00e4te h\u00e4tten fr\u00fcher erscheinen sollen","datePublished":"2021-07-18T17:46:43+00:00","dateModified":"2021-07-18T17:46:44+00:00","mainEntityOfPage":{"@id":"https:\/\/www.apfelpatient.de\/rumors\/macbook-pro-2021-die-geraete-haetten-frueher-erscheinen-sollen"},"wordCount":350,"publisher":{"@type":"Organization","@id":"https:\/\/www.apfelpatient.de\/en\/#organization","name":"Apfelpatient","url":"https:\/\/www.apfelpatient.de\/en\/"},"image":{"@id":"https:\/\/www.apfelpatient.de\/rumors\/macbook-pro-2021-die-geraete-haetten-frueher-erscheinen-sollen#primaryimage"},"thumbnailUrl":"https:\/\/www.apfelpatient.de\/wp-content\/uploads\/2021\/07\/bigstock-Unboxing-A-Silver-Macbook-Air-424768463.jpg","keywords":["Mac","MacBook Pro"],"articleSection":"Rumors","inLanguage":"en-US","copyrightYear":"2021","copyrightHolder":{"@id":"https:\/\/www.apfelpatient.de\/en\/#organization"}},{"@type":"WebPage","@id":"https:\/\/www.apfelpatient.de\/rumors\/macbook-pro-2021-die-geraete-haetten-frueher-erscheinen-sollen","url":"https:\/\/www.apfelpatient.de\/rumors\/macbook-pro-2021-die-geraete-haetten-frueher-erscheinen-sollen","name":"MacBook Pro 2021: The devices should have been released earlier","isPartOf":{"@id":"https:\/\/www.apfelpatient.de\/#website"},"primaryImageOfPage":{"@id":"https:\/\/www.apfelpatient.de\/rumors\/macbook-pro-2021-die-geraete-haetten-frueher-erscheinen-sollen#primaryimage"},"image":{"@id":"https:\/\/www.apfelpatient.de\/rumors\/macbook-pro-2021-die-geraete-haetten-frueher-erscheinen-sollen#primaryimage"},"thumbnailUrl":"https:\/\/www.apfelpatient.de\/wp-content\/uploads\/2021\/07\/bigstock-Unboxing-A-Silver-Macbook-Air-424768463.jpg","datePublished":"2021-07-18T17:46:43+00:00","dateModified":"2021-07-18T17:46:44+00:00","description":"Reports about the new MacBook Pro 2021 series have been with us for many months. But when will the devices finally be released?","breadcrumb":{"@id":"https:\/\/www.apfelpatient.de\/rumors\/macbook-pro-2021-die-geraete-haetten-frueher-erscheinen-sollen#breadcrumb"},"inLanguage":"en-US","potentialAction":[{"@type":"ReadAction","target":["https:\/\/www.apfelpatient.de\/rumors\/macbook-pro-2021-die-geraete-haetten-frueher-erscheinen-sollen"]}]},{"@type":"ImageObject","inLanguage":"en-US","@id":"https:\/\/www.apfelpatient.de\/rumors\/macbook-pro-2021-die-geraete-haetten-frueher-erscheinen-sollen#primaryimage","url":"https:\/\/www.apfelpatient.de\/wp-content\/uploads\/2021\/07\/bigstock-Unboxing-A-Silver-Macbook-Air-424768463.jpg","contentUrl":"https:\/\/www.apfelpatient.de\/wp-content\/uploads\/2021\/07\/bigstock-Unboxing-A-Silver-Macbook-Air-424768463.jpg","width":1600,"height":1067,"caption":"Unboxing a silver macbook air on a white table. Apple laptop"},{"@type":"BreadcrumbList","@id":"https:\/\/www.apfelpatient.de\/rumors\/macbook-pro-2021-die-geraete-haetten-frueher-erscheinen-sollen#breadcrumb","itemListElement":[{"@type":"ListItem","position":1,"name":"Startseite","item":"https:\/\/www.apfelpatient.de\/"},{"@type":"ListItem","position":2,"name":"MacBook Pro 2021: Die Ger\u00e4te h\u00e4tten fr\u00fcher erscheinen sollen"}]},{"@type":"WebSite","@id":"https:\/\/www.apfelpatient.de\/#website","url":"https:\/\/www.apfelpatient.de\/","name":"apple patient","description":"Everything about Apple!","publisher":{"@type":"Organization","@id":"https:\/\/www.apfelpatient.de\/en\/#organization","name":"Apfelpatient","url":"https:\/\/www.apfelpatient.de\/en\/"},"alternateName":"Apfelpatient","potentialAction":[{"@type":"SearchAction","target":{"@type":"EntryPoint","urlTemplate":"https:\/\/www.apfelpatient.de\/?s={search_term_string}"},"query-input":{"@type":"PropertyValueSpecification","valueRequired":true,"valueName":"search_term_string"}}],"inLanguage":"en-US"},{"@type":["Person","Organization"],"@id":"https:\/\/www.apfelpatient.de\/#\/schema\/person\/7dc56ad6c8e9824b76d2c08d4c140e13","name":"Milan","logo":{"@id":"https:\/\/www.apfelpatient.de\/#\/schema\/person\/image\/"},"description":"Hello and welcome to my technology blog! As a big Apple fan, I report on everything to do with Apple: from the latest news and exciting rumors to helpful tips and tricks and detailed product tests. If you are as enthusiastic about technology as I am, you have come to the right place!","sameAs":["https:\/\/www.facebook.com\/apfelpatientOfficial","https:\/\/www.linkedin.com\/in\/milan-jovicic-42aa0231b"],"url":"https:\/\/www.apfelpatient.de\/en\/author\/apfeladmin"}]}},"_links":{"self":[{"href":"https:\/\/www.apfelpatient.de\/en\/wp-json\/wp\/v2\/posts\/24618","targetHints":{"allow":["GET"]}}],"collection":[{"href":"https:\/\/www.apfelpatient.de\/en\/wp-json\/wp\/v2\/posts"}],"about":[{"href":"https:\/\/www.apfelpatient.de\/en\/wp-json\/wp\/v2\/types\/post"}],"author":[{"embeddable":true,"href":"https:\/\/www.apfelpatient.de\/en\/wp-json\/wp\/v2\/users\/2"}],"replies":[{"embeddable":true,"href":"https:\/\/www.apfelpatient.de\/en\/wp-json\/wp\/v2\/comments?post=24618"}],"version-history":[{"count":0,"href":"https:\/\/www.apfelpatient.de\/en\/wp-json\/wp\/v2\/posts\/24618\/revisions"}],"wp:featuredmedia":[{"embeddable":true,"href":"https:\/\/www.apfelpatient.de\/en\/wp-json\/wp\/v2\/media\/24613"}],"wp:attachment":[{"href":"https:\/\/www.apfelpatient.de\/en\/wp-json\/wp\/v2\/media?parent=24618"}],"wp:term":[{"taxonomy":"category","embeddable":true,"href":"https:\/\/www.apfelpatient.de\/en\/wp-json\/wp\/v2\/categories?post=24618"},{"taxonomy":"post_tag","embeddable":true,"href":"https:\/\/www.apfelpatient.de\/en\/wp-json\/wp\/v2\/tags?post=24618"}],"curies":[{"name":"wp","href":"https:\/\/api.w.org\/{rel}","templated":true}]}}