{"id":24589,"date":"2021-07-17T12:10:20","date_gmt":"2021-07-17T10:10:20","guid":{"rendered":"https:\/\/www.apfelpatient.de\/?p=24589"},"modified":"2021-07-17T12:10:21","modified_gmt":"2021-07-17T10:10:21","slug":"flood-disaster-in-western-europe-apple-wants-to-donate","status":"publish","type":"post","link":"https:\/\/www.apfelpatient.de\/en\/news\/flutkatastrophe-in-westeuropa-apple-will-spenden","title":{"rendered":"Flood disaster in Western Europe: Apple wants to donate"},"content":{"rendered":"<p class=\"has-drop-cap\"><strong>Apple CEO Tim Cook announced yesterday that Apple will make a donation to support the regions affected by the floods in Western Europe.<\/strong><\/p>\n\n\n\n<p>In Germany and Belgium, the countries most affected so far, hundreds of people have died as a result of the severe storms. Now Tim Cook has confirmed a donation on behalf of Apple on his personal Twitter profile. <a href=\"https:\/\/twitter.com\/tim_cook\/status\/1416158259451359232?ref_src=twsrc%5Etfw%7Ctwcamp%5Etweetembed%7Ctwterm%5E1416158259451359232%7Ctwgr%5E%7Ctwcon%5Es1_&amp;ref_url=https%3A%2F%2F9to5mac.com%2F2021%2F07%2F16%2Ftim-cook-says-apple-will-donate-to-support-flood-relief-efforts-in-western-europe%2F\" target=\"_blank\" rel=\"noreferrer noopener\">writes<\/a> he in the article:<\/p>\n\n\n\n<blockquote class=\"wp-block-quote is-layout-flow wp-block-quote-is-layout-flow\"><p>Our hearts go out to everyone affected by the devastating floods in Germany, Belgium and Western Europe. Apple will donate to support relief efforts.<\/p><\/blockquote>\n\n\n\n<h3 class=\"wp-block-heading\" id=\"h-apple-spendet-nicht-das-erste-mal\">This is not the first time Apple has donated<\/h3>\n\n\n\n\n\n\n\n<p>According to several reports, at least 125 people have died in Western Europe, while many others are homeless or missing. It is also estimated that around 20,000 people are without electricity and access to clean water due to the floods. While rescue efforts in the region continue, it is possible that more deaths will be confirmed in the coming days. This is not the first time that Apple has donated to help humanitarian causes or support relief efforts due to natural disasters. Back in 2020, the Apple CEO announced a &quot;significant donation&quot; of medical supplies and more to help fight the COVID-19 pandemic. (Photo by Unsplash \/ Carles Rabada)<\/p>\n\n\n\n<ul class=\"wp-block-list\"><li><a href=\"https:\/\/www.apfelpatient.de\/en\/rumors\/apple-watch-health-manager-kevin-lynch-is-joining-the-apple-car-team\">Apple Watch &amp; Health Manager Kevin Lynch is moving to the Apple Car team<\/a><\/li><\/ul>\n\n\n\n<h6 class=\"wp-block-heading translation-block\" id=\"h-kennt-ihr-schon-unsere-amazon-storefront-dort-findet-ihr-eine-handverlesene-auswahl-von-diversen-produkten-f-r-euer-iphone-und-co-viel-spa-beim-st-bern\"><em>Have you already visited our Amazon Storefront? There you&#039;ll find a hand-picked selection of various products for your iPhone and other devices \u2013 <span class=\"has-inline-color has-vivid-red-color\"><a href=\"https:\/\/www.amazon.de\/shop\/apfelpatientofficial\" class=\"ek-link\" data-wpel-link=\"exclude\" rel=\"follow noopener\" target=\"_self\"><span style=\"text-decoration: underline\" class=\"ek-underline\">enjoy browsing<\/span><\/a> !<\/span><\/em><\/h6>\n\n\n\n<h6 class=\"wp-block-heading translation-block\" id=\"h-der-beitrag-enthalt-partnerlinks\">This post contains <a data-type=\"URL\" data-id=\"https:\/\/www.apfelpatient.de\/partnerprogramm\" href=\"https:\/\/www.apfelpatient.de\/en\/partner-program\" data-wpel-link=\"internal\" target=\"_self\">affiliate links<\/a>.<\/h6>","protected":false},"excerpt":{"rendered":"<p>Tim Cook: Apple will make a donation to support regions affected by floods in Western Europe.<\/p>","protected":false},"author":2,"featured_media":24588,"comment_status":"closed","ping_status":"closed","sticky":false,"template":"","format":"standard","meta":{"jnews-multi-image_gallery":[],"jnews_single_post":{"subtitle":"","format":"standard","video":"","gallery":"","source_name":"","source_url":"","via_name":"","via_url":"","override":[{"single_blog_custom":"","sidebar":"","second_sidebar":"","share_position":"","share_float_style":"","post_date_format":"","post_date_format_custom":"","post_reading_time_wpm":"","zoom_button_out_step":"1","zoom_button_in_step":"1","number_popup_post":"1"}],"image_override":[{"single_post_thumbnail_size":"","single_post_gallery_size":""}],"trending_post_position":"","trending_post_label":"","sponsored_post_label":"","sponsored_post_name":"","sponsored_post_url":"","sponsored_post_logo":"","sponsored_post_desc":""},"jnews_primary_category":{"id":"9"},"footnotes":""},"categories":[9],"tags":[13],"class_list":["post-24589","post","type-post","status-publish","format-standard","has-post-thumbnail","hentry","category-news","tag-techpatient"],"yoast_head":"<!-- This site is optimized with the Yoast SEO Premium plugin v27.5 (Yoast SEO v27.5) - https:\/\/yoast.com\/product\/yoast-seo-premium-wordpress\/ -->\n<title>Flutkatastrophe in Westeuropa: Apple will spenden Apfelpatient<\/title>\n<meta name=\"description\" content=\"Tim Cook: Apple wird eine Spende leisten, um die von den \u00dcberschwemmungen in Westeuropa betroffenen Regionen zu unterst\u00fctzen.\" \/>\n<meta name=\"robots\" content=\"index, follow, max-snippet:-1, max-image-preview:large, max-video-preview:-1\" \/>\n<link rel=\"canonical\" href=\"https:\/\/www.apfelpatient.de\/en\/news\/flood-disaster-in-western-europe-apple-wants-to-donate\" \/>\n<meta property=\"og:locale\" content=\"en_US\" \/>\n<meta property=\"og:type\" content=\"article\" \/>\n<meta property=\"og:title\" content=\"Flutkatastrophe in Westeuropa: Apple will spenden\" \/>\n<meta property=\"og:description\" content=\"Tim Cook: Apple wird eine Spende leisten, um die von den \u00dcberschwemmungen in Westeuropa betroffenen Regionen zu unterst\u00fctzen.\" \/>\n<meta property=\"og:url\" content=\"https:\/\/www.apfelpatient.de\/en\/news\/flood-disaster-in-western-europe-apple-wants-to-donate\" \/>\n<meta property=\"og:site_name\" content=\"Apfelpatient\" \/>\n<meta property=\"article:publisher\" content=\"https:\/\/www.facebook.com\/apfelpatientOfficial\" \/>\n<meta property=\"article:author\" content=\"https:\/\/www.facebook.com\/apfelpatientOfficial\" \/>\n<meta property=\"article:published_time\" content=\"2021-07-17T10:10:20+00:00\" \/>\n<meta property=\"article:modified_time\" content=\"2021-07-17T10:10:21+00:00\" \/>\n<meta property=\"og:image\" content=\"https:\/\/www.apfelpatient.de\/wp-content\/uploads\/2021\/07\/803745F9-DD33-4591-BBAE-5C9F0EE3682B.jpeg\" \/>\n\t<meta property=\"og:image:width\" content=\"1600\" \/>\n\t<meta property=\"og:image:height\" content=\"888\" \/>\n\t<meta property=\"og:image:type\" content=\"image\/jpeg\" \/>\n<meta name=\"author\" content=\"Milan\" \/>\n<meta name=\"twitter:card\" content=\"summary_large_image\" \/>\n<meta name=\"twitter:description\" content=\"Tim Cook: Apple wird eine Spende leisten, um die von den \u00dcberschwemmungen in Westeuropa betroffenen Regionen zu unterst\u00fctzen.\" \/>\n<meta name=\"twitter:label1\" content=\"Written by\" \/>\n\t<meta name=\"twitter:data1\" content=\"Milan\" \/>\n\t<meta name=\"twitter:label2\" content=\"Est. reading time\" \/>\n\t<meta name=\"twitter:data2\" content=\"1 minute\" \/>\n<script type=\"application\/ld+json\" class=\"yoast-schema-graph\">{\"@context\":\"https:\\\/\\\/schema.org\",\"@graph\":[{\"@type\":\"NewsArticle\",\"@id\":\"https:\\\/\\\/www.apfelpatient.de\\\/news\\\/flutkatastrophe-in-westeuropa-apple-will-spenden#article\",\"isPartOf\":{\"@id\":\"https:\\\/\\\/www.apfelpatient.de\\\/news\\\/flutkatastrophe-in-westeuropa-apple-will-spenden\"},\"author\":{\"@type\":\"Organization\",\"@id\":\"https:\\\/\\\/www.apfelpatient.de\\\/en\\\/#organization\",\"name\":\"Apfelpatient\",\"url\":\"https:\\\/\\\/www.apfelpatient.de\\\/en\\\/\"},\"headline\":\"Flutkatastrophe in Westeuropa: Apple will spenden\",\"datePublished\":\"2021-07-17T10:10:20+00:00\",\"dateModified\":\"2021-07-17T10:10:21+00:00\",\"mainEntityOfPage\":{\"@id\":\"https:\\\/\\\/www.apfelpatient.de\\\/news\\\/flutkatastrophe-in-westeuropa-apple-will-spenden\"},\"wordCount\":241,\"publisher\":{\"@type\":\"Organization\",\"@id\":\"https:\\\/\\\/www.apfelpatient.de\\\/en\\\/#organization\",\"name\":\"Apfelpatient\",\"url\":\"https:\\\/\\\/www.apfelpatient.de\\\/en\\\/\"},\"image\":{\"@id\":\"https:\\\/\\\/www.apfelpatient.de\\\/news\\\/flutkatastrophe-in-westeuropa-apple-will-spenden#primaryimage\"},\"thumbnailUrl\":\"https:\\\/\\\/www.apfelpatient.de\\\/wp-content\\\/uploads\\\/2021\\\/07\\\/803745F9-DD33-4591-BBAE-5C9F0EE3682B.jpeg\",\"keywords\":[\"TechPatient\"],\"articleSection\":\"News\",\"inLanguage\":\"en-US\",\"copyrightYear\":\"2021\",\"copyrightHolder\":{\"@id\":\"https:\\\/\\\/www.apfelpatient.de\\\/en\\\/#organization\"}},{\"@type\":\"WebPage\",\"@id\":\"https:\\\/\\\/www.apfelpatient.de\\\/news\\\/flutkatastrophe-in-westeuropa-apple-will-spenden\",\"url\":\"https:\\\/\\\/www.apfelpatient.de\\\/news\\\/flutkatastrophe-in-westeuropa-apple-will-spenden\",\"name\":\"Flutkatastrophe in Westeuropa: Apple will spenden Apfelpatient\",\"isPartOf\":{\"@id\":\"https:\\\/\\\/www.apfelpatient.de\\\/#website\"},\"primaryImageOfPage\":{\"@id\":\"https:\\\/\\\/www.apfelpatient.de\\\/news\\\/flutkatastrophe-in-westeuropa-apple-will-spenden#primaryimage\"},\"image\":{\"@id\":\"https:\\\/\\\/www.apfelpatient.de\\\/news\\\/flutkatastrophe-in-westeuropa-apple-will-spenden#primaryimage\"},\"thumbnailUrl\":\"https:\\\/\\\/www.apfelpatient.de\\\/wp-content\\\/uploads\\\/2021\\\/07\\\/803745F9-DD33-4591-BBAE-5C9F0EE3682B.jpeg\",\"datePublished\":\"2021-07-17T10:10:20+00:00\",\"dateModified\":\"2021-07-17T10:10:21+00:00\",\"description\":\"Tim Cook: Apple wird eine Spende leisten, um die von den \u00dcberschwemmungen in Westeuropa betroffenen Regionen zu unterst\u00fctzen.\",\"breadcrumb\":{\"@id\":\"https:\\\/\\\/www.apfelpatient.de\\\/news\\\/flutkatastrophe-in-westeuropa-apple-will-spenden#breadcrumb\"},\"inLanguage\":\"en-US\",\"potentialAction\":[{\"@type\":\"ReadAction\",\"target\":[\"https:\\\/\\\/www.apfelpatient.de\\\/news\\\/flutkatastrophe-in-westeuropa-apple-will-spenden\"]}]},{\"@type\":\"ImageObject\",\"inLanguage\":\"en-US\",\"@id\":\"https:\\\/\\\/www.apfelpatient.de\\\/news\\\/flutkatastrophe-in-westeuropa-apple-will-spenden#primaryimage\",\"url\":\"https:\\\/\\\/www.apfelpatient.de\\\/wp-content\\\/uploads\\\/2021\\\/07\\\/803745F9-DD33-4591-BBAE-5C9F0EE3682B.jpeg\",\"contentUrl\":\"https:\\\/\\\/www.apfelpatient.de\\\/wp-content\\\/uploads\\\/2021\\\/07\\\/803745F9-DD33-4591-BBAE-5C9F0EE3682B.jpeg\",\"width\":1600,\"height\":888,\"caption\":\"Photo by Unsplash \\\/ Carles Rabada\"},{\"@type\":\"BreadcrumbList\",\"@id\":\"https:\\\/\\\/www.apfelpatient.de\\\/news\\\/flutkatastrophe-in-westeuropa-apple-will-spenden#breadcrumb\",\"itemListElement\":[{\"@type\":\"ListItem\",\"position\":1,\"name\":\"Startseite\",\"item\":\"https:\\\/\\\/www.apfelpatient.de\\\/\"},{\"@type\":\"ListItem\",\"position\":2,\"name\":\"Flutkatastrophe in Westeuropa: Apple will spenden\"}]},{\"@type\":\"WebSite\",\"@id\":\"https:\\\/\\\/www.apfelpatient.de\\\/#website\",\"url\":\"https:\\\/\\\/www.apfelpatient.de\\\/\",\"name\":\"Apfelpatient\",\"description\":\"Alles rund um Apple!\",\"publisher\":{\"@type\":\"Organization\",\"@id\":\"https:\\\/\\\/www.apfelpatient.de\\\/en\\\/#organization\",\"name\":\"Apfelpatient\",\"url\":\"https:\\\/\\\/www.apfelpatient.de\\\/en\\\/\"},\"alternateName\":\"Apfelpatient\",\"potentialAction\":[{\"@type\":\"SearchAction\",\"target\":{\"@type\":\"EntryPoint\",\"urlTemplate\":\"https:\\\/\\\/www.apfelpatient.de\\\/?s={search_term_string}\"},\"query-input\":{\"@type\":\"PropertyValueSpecification\",\"valueRequired\":true,\"valueName\":\"search_term_string\"}}],\"inLanguage\":\"en-US\"},{\"@type\":[\"Person\",\"Organization\"],\"@id\":\"https:\\\/\\\/www.apfelpatient.de\\\/#\\\/schema\\\/person\\\/7dc56ad6c8e9824b76d2c08d4c140e13\",\"name\":\"Milan\",\"logo\":{\"@id\":\"https:\\\/\\\/www.apfelpatient.de\\\/#\\\/schema\\\/person\\\/image\\\/\"},\"description\":\"Hallo und herzlich willkommen auf meinem Technik-Blog! Als gro\u00dfer Apple-Fan berichte ich hier \u00fcber alles, was mit Apple zu tun hat: von den neuesten News und spannenden Ger\u00fcchten \u00fcber hilfreiche Tipps und Tricks bis hin zu ausf\u00fchrlichen Produkttests. Wenn du genauso technikbegeistert bist wie ich, bist du hier genau richtig!\",\"sameAs\":[\"https:\\\/\\\/www.facebook.com\\\/apfelpatientOfficial\",\"https:\\\/\\\/www.linkedin.com\\\/in\\\/milan-jovicic-42aa0231b\"],\"url\":\"https:\\\/\\\/www.apfelpatient.de\\\/en\\\/author\\\/apfeladmin\"}]}<\/script>\n<!-- \/ Yoast SEO Premium plugin. -->","yoast_head_json":{"title":"Flood disaster in Western Europe: Apple wants to donate Apfelpatient","description":"Tim Cook: Apple will make a donation to support regions affected by floods in Western Europe.","robots":{"index":"index","follow":"follow","max-snippet":"max-snippet:-1","max-image-preview":"max-image-preview:large","max-video-preview":"max-video-preview:-1"},"canonical":"https:\/\/www.apfelpatient.de\/en\/news\/flood-disaster-in-western-europe-apple-wants-to-donate","og_locale":"en_US","og_type":"article","og_title":"Flutkatastrophe in Westeuropa: Apple will spenden","og_description":"Tim Cook: Apple wird eine Spende leisten, um die von den \u00dcberschwemmungen in Westeuropa betroffenen Regionen zu unterst\u00fctzen.","og_url":"https:\/\/www.apfelpatient.de\/en\/news\/flood-disaster-in-western-europe-apple-wants-to-donate","og_site_name":"Apfelpatient","article_publisher":"https:\/\/www.facebook.com\/apfelpatientOfficial","article_author":"https:\/\/www.facebook.com\/apfelpatientOfficial","article_published_time":"2021-07-17T10:10:20+00:00","article_modified_time":"2021-07-17T10:10:21+00:00","og_image":[{"width":1600,"height":888,"url":"https:\/\/www.apfelpatient.de\/wp-content\/uploads\/2021\/07\/803745F9-DD33-4591-BBAE-5C9F0EE3682B.jpeg","type":"image\/jpeg"}],"author":"Milan","twitter_card":"summary_large_image","twitter_description":"Tim Cook: Apple wird eine Spende leisten, um die von den \u00dcberschwemmungen in Westeuropa betroffenen Regionen zu unterst\u00fctzen.","twitter_misc":{"Written by":"Milan","Est. reading time":"1 minute"},"schema":{"@context":"https:\/\/schema.org","@graph":[{"@type":"NewsArticle","@id":"https:\/\/www.apfelpatient.de\/news\/flutkatastrophe-in-westeuropa-apple-will-spenden#article","isPartOf":{"@id":"https:\/\/www.apfelpatient.de\/news\/flutkatastrophe-in-westeuropa-apple-will-spenden"},"author":{"@type":"Organization","@id":"https:\/\/www.apfelpatient.de\/en\/#organization","name":"Apfelpatient","url":"https:\/\/www.apfelpatient.de\/en\/"},"headline":"Flutkatastrophe in Westeuropa: Apple will spenden","datePublished":"2021-07-17T10:10:20+00:00","dateModified":"2021-07-17T10:10:21+00:00","mainEntityOfPage":{"@id":"https:\/\/www.apfelpatient.de\/news\/flutkatastrophe-in-westeuropa-apple-will-spenden"},"wordCount":241,"publisher":{"@type":"Organization","@id":"https:\/\/www.apfelpatient.de\/en\/#organization","name":"Apfelpatient","url":"https:\/\/www.apfelpatient.de\/en\/"},"image":{"@id":"https:\/\/www.apfelpatient.de\/news\/flutkatastrophe-in-westeuropa-apple-will-spenden#primaryimage"},"thumbnailUrl":"https:\/\/www.apfelpatient.de\/wp-content\/uploads\/2021\/07\/803745F9-DD33-4591-BBAE-5C9F0EE3682B.jpeg","keywords":["TechPatient"],"articleSection":"News","inLanguage":"en-US","copyrightYear":"2021","copyrightHolder":{"@id":"https:\/\/www.apfelpatient.de\/en\/#organization"}},{"@type":"WebPage","@id":"https:\/\/www.apfelpatient.de\/news\/flutkatastrophe-in-westeuropa-apple-will-spenden","url":"https:\/\/www.apfelpatient.de\/news\/flutkatastrophe-in-westeuropa-apple-will-spenden","name":"Flood disaster in Western Europe: Apple wants to donate Apfelpatient","isPartOf":{"@id":"https:\/\/www.apfelpatient.de\/#website"},"primaryImageOfPage":{"@id":"https:\/\/www.apfelpatient.de\/news\/flutkatastrophe-in-westeuropa-apple-will-spenden#primaryimage"},"image":{"@id":"https:\/\/www.apfelpatient.de\/news\/flutkatastrophe-in-westeuropa-apple-will-spenden#primaryimage"},"thumbnailUrl":"https:\/\/www.apfelpatient.de\/wp-content\/uploads\/2021\/07\/803745F9-DD33-4591-BBAE-5C9F0EE3682B.jpeg","datePublished":"2021-07-17T10:10:20+00:00","dateModified":"2021-07-17T10:10:21+00:00","description":"Tim Cook: Apple will make a donation to support regions affected by floods in Western Europe.","breadcrumb":{"@id":"https:\/\/www.apfelpatient.de\/news\/flutkatastrophe-in-westeuropa-apple-will-spenden#breadcrumb"},"inLanguage":"en-US","potentialAction":[{"@type":"ReadAction","target":["https:\/\/www.apfelpatient.de\/news\/flutkatastrophe-in-westeuropa-apple-will-spenden"]}]},{"@type":"ImageObject","inLanguage":"en-US","@id":"https:\/\/www.apfelpatient.de\/news\/flutkatastrophe-in-westeuropa-apple-will-spenden#primaryimage","url":"https:\/\/www.apfelpatient.de\/wp-content\/uploads\/2021\/07\/803745F9-DD33-4591-BBAE-5C9F0EE3682B.jpeg","contentUrl":"https:\/\/www.apfelpatient.de\/wp-content\/uploads\/2021\/07\/803745F9-DD33-4591-BBAE-5C9F0EE3682B.jpeg","width":1600,"height":888,"caption":"Photo by Unsplash \/ Carles Rabada"},{"@type":"BreadcrumbList","@id":"https:\/\/www.apfelpatient.de\/news\/flutkatastrophe-in-westeuropa-apple-will-spenden#breadcrumb","itemListElement":[{"@type":"ListItem","position":1,"name":"Startseite","item":"https:\/\/www.apfelpatient.de\/"},{"@type":"ListItem","position":2,"name":"Flutkatastrophe in Westeuropa: Apple will spenden"}]},{"@type":"WebSite","@id":"https:\/\/www.apfelpatient.de\/#website","url":"https:\/\/www.apfelpatient.de\/","name":"apple patient","description":"Everything about Apple!","publisher":{"@type":"Organization","@id":"https:\/\/www.apfelpatient.de\/en\/#organization","name":"Apfelpatient","url":"https:\/\/www.apfelpatient.de\/en\/"},"alternateName":"Apfelpatient","potentialAction":[{"@type":"SearchAction","target":{"@type":"EntryPoint","urlTemplate":"https:\/\/www.apfelpatient.de\/?s={search_term_string}"},"query-input":{"@type":"PropertyValueSpecification","valueRequired":true,"valueName":"search_term_string"}}],"inLanguage":"en-US"},{"@type":["Person","Organization"],"@id":"https:\/\/www.apfelpatient.de\/#\/schema\/person\/7dc56ad6c8e9824b76d2c08d4c140e13","name":"Milan","logo":{"@id":"https:\/\/www.apfelpatient.de\/#\/schema\/person\/image\/"},"description":"Hello and welcome to my technology blog! As a big Apple fan, I report on everything to do with Apple: from the latest news and exciting rumors to helpful tips and tricks and detailed product tests. If you are as enthusiastic about technology as I am, you have come to the right place!","sameAs":["https:\/\/www.facebook.com\/apfelpatientOfficial","https:\/\/www.linkedin.com\/in\/milan-jovicic-42aa0231b"],"url":"https:\/\/www.apfelpatient.de\/en\/author\/apfeladmin"}]}},"_links":{"self":[{"href":"https:\/\/www.apfelpatient.de\/en\/wp-json\/wp\/v2\/posts\/24589","targetHints":{"allow":["GET"]}}],"collection":[{"href":"https:\/\/www.apfelpatient.de\/en\/wp-json\/wp\/v2\/posts"}],"about":[{"href":"https:\/\/www.apfelpatient.de\/en\/wp-json\/wp\/v2\/types\/post"}],"author":[{"embeddable":true,"href":"https:\/\/www.apfelpatient.de\/en\/wp-json\/wp\/v2\/users\/2"}],"replies":[{"embeddable":true,"href":"https:\/\/www.apfelpatient.de\/en\/wp-json\/wp\/v2\/comments?post=24589"}],"version-history":[{"count":0,"href":"https:\/\/www.apfelpatient.de\/en\/wp-json\/wp\/v2\/posts\/24589\/revisions"}],"wp:featuredmedia":[{"embeddable":true,"href":"https:\/\/www.apfelpatient.de\/en\/wp-json\/wp\/v2\/media\/24588"}],"wp:attachment":[{"href":"https:\/\/www.apfelpatient.de\/en\/wp-json\/wp\/v2\/media?parent=24589"}],"wp:term":[{"taxonomy":"category","embeddable":true,"href":"https:\/\/www.apfelpatient.de\/en\/wp-json\/wp\/v2\/categories?post=24589"},{"taxonomy":"post_tag","embeddable":true,"href":"https:\/\/www.apfelpatient.de\/en\/wp-json\/wp\/v2\/tags?post=24589"}],"curies":[{"name":"wp","href":"https:\/\/api.w.org\/{rel}","templated":true}]}}