{"id":24577,"date":"2021-07-16T20:57:33","date_gmt":"2021-07-16T18:57:33","guid":{"rendered":"https:\/\/www.apfelpatient.de\/?p=24577"},"modified":"2021-07-16T20:57:34","modified_gmt":"2021-07-16T18:57:34","slug":"apple-watch-health-manager-kevin-lynch-is-joining-the-apple-car-team","status":"publish","type":"post","link":"https:\/\/www.apfelpatient.de\/en\/rumors\/apple-watch-health-manager-kevin-lynch-wechselt-ins-apple-car-team","title":{"rendered":"Apple Watch &amp; Health Manager Kevin Lynch is moving to the Apple Car team"},"content":{"rendered":"<p class=\"has-drop-cap\"><strong>As Apple continues its work on self-driving cars, one of its most prominent executives is moving to the Project Titan team. According to a report from Business Insider, Kevin Lynch is set to join the team working on the car project.<\/strong><\/p>\n\n\n\n<p>Lynch is Apple&#039;s Vice President of Technology and has played a key role in developing the Apple Watch and its associated health features. His title as VP of Technology will not change as a result of this move, the <a href=\"https:\/\/www.businessinsider.com\/apple-tapping-kevin-lynch-for-autonomous-car-project-2021-7\" target=\"_blank\" rel=\"noreferrer noopener\">report<\/a>But his focus will shift to the Apple Car. Some details remain unclear, however. Evan Doll, who serves as Apple&#039;s director of health software engineering, will take over some of Lynch&#039;s duties on the Health team, which is led by Jeff Williams. The report states:<\/p>\n\n\n\n<h3 class=\"wp-block-heading\" id=\"h-apple-car-projekt-hat-sich-mehrfach-im-umfang-ver-ndert\">Apple Car: Project has changed several times in scope<\/h3>\n\n\n\n\n\n\n\n<blockquote class=\"wp-block-quote is-layout-flow wp-block-quote-is-layout-flow\"><p>Lynch will step away from Chief Operating Officer Jeff Williams&#039; healthcare team, which also includes Dr. Sumbul Desai, head of healthcare delivery and regulatory affairs, Myra Haggerty, who leads algorithms, Eugene Kim, head of watch hardware, and other key drivers of healthcare strategy. Evan Doll, a director of health software engineering, will replace Lynch on the staff. While Doll will continue to report to Lynch, Lynch&#039;s absence from that team, which houses the company&#039;s decision-makers, means he will be less involved in healthcare strategy.<\/p><\/blockquote>\n\n\n\n<p>The Apple Car project is currently led by John Giannandrea, Apple&#039;s senior vice president of machine learning and artificial intelligence. The project has changed in scope several times over the years, but Apple is currently focused on building a self-driving system that it can use for an Apple-branded car that will be manufactured in collaboration with a manufacturing partner. (Image: Apple)<\/p>\n\n\n\n<ul class=\"wp-block-list\"><li><a href=\"https:\/\/www.apfelpatient.de\/en\/rumors\/apple-car-batteries-to-be-manufactured-in-the-usa\">Apple Car: Batteries to be manufactured in the USA<\/a><\/li><\/ul>\n\n\n\n<h6 class=\"wp-block-heading translation-block\" id=\"h-kennt-ihr-schon-unsere-amazon-storefront-dort-findet-ihr-eine-handverlesene-auswahl-von-diversen-produkten-f-r-euer-iphone-und-co-viel-spa-beim-st-bern\"><em>Have you already visited our Amazon Storefront? There you&#039;ll find a hand-picked selection of various products for your iPhone and other devices \u2013 <span class=\"has-inline-color has-vivid-red-color\"><a href=\"https:\/\/www.amazon.de\/shop\/apfelpatientofficial\" class=\"ek-link\" data-wpel-link=\"exclude\" rel=\"follow noopener\" target=\"_self\"><span style=\"text-decoration: underline\" class=\"ek-underline\">enjoy browsing<\/span><\/a> !<\/span><\/em><\/h6>\n\n\n\n<h6 class=\"wp-block-heading translation-block\" id=\"h-der-beitrag-enthalt-partnerlinks\">This post contains <a data-type=\"URL\" data-id=\"https:\/\/www.apfelpatient.de\/partnerprogramm\" href=\"https:\/\/www.apfelpatient.de\/en\/partner-program\" data-wpel-link=\"internal\" target=\"_self\">affiliate links<\/a>.<\/h6>","protected":false},"excerpt":{"rendered":"<p>Kevin Lynch: As Apple continues its work on Apple Car, one of its most prominent executives joins the Project Titan team.<\/p>","protected":false},"author":2,"featured_media":24576,"comment_status":"closed","ping_status":"closed","sticky":false,"template":"","format":"standard","meta":{"jnews-multi-image_gallery":[],"jnews_single_post":{"subtitle":"","format":"standard","video":"","gallery":"","source_name":"","source_url":"","via_name":"","via_url":"","override":[{"single_blog_custom":"","sidebar":"","second_sidebar":"","share_position":"","share_float_style":"","post_date_format":"","post_date_format_custom":"","post_reading_time_wpm":"","zoom_button_out_step":"1","zoom_button_in_step":"1","number_popup_post":"1"}],"image_override":[{"single_post_thumbnail_size":"","single_post_gallery_size":""}],"trending_post_position":"","trending_post_label":"","sponsored_post_label":"","sponsored_post_name":"","sponsored_post_url":"","sponsored_post_logo":"","sponsored_post_desc":""},"jnews_primary_category":{"id":"25"},"footnotes":""},"categories":[25],"tags":[115,13],"class_list":["post-24577","post","type-post","status-publish","format-standard","has-post-thumbnail","hentry","category-rumors","tag-apple-car","tag-techpatient"],"yoast_head":"<!-- This site is optimized with the Yoast SEO Premium plugin v27.5 (Yoast SEO v27.5) - https:\/\/yoast.com\/product\/yoast-seo-premium-wordpress\/ -->\n<title>Apple Watch- &amp; Health-Manager Kevin Lynch wechselt ins Apple Car-Team<\/title>\n<meta name=\"description\" content=\"Kevin Lynch: W\u00e4hrend Apple seine Arbeit an Apple Car fortsetzt, wechselt einer der bekanntesten F\u00fchrungskr\u00e4fte in das Team von Project Titan.\" \/>\n<meta name=\"robots\" content=\"index, follow, max-snippet:-1, max-image-preview:large, max-video-preview:-1\" \/>\n<link rel=\"canonical\" href=\"https:\/\/www.apfelpatient.de\/en\/rumors\/apple-watch-health-manager-kevin-lynch-is-joining-the-apple-car-team\" \/>\n<meta property=\"og:locale\" content=\"en_US\" \/>\n<meta property=\"og:type\" content=\"article\" \/>\n<meta property=\"og:title\" content=\"Apple Watch- &amp; Health-Manager Kevin Lynch wechselt ins Apple Car-Team\" \/>\n<meta property=\"og:description\" content=\"Kevin Lynch: W\u00e4hrend Apple seine Arbeit an Apple Car fortsetzt, wechselt einer der bekanntesten F\u00fchrungskr\u00e4fte in das Team von Project Titan.\" \/>\n<meta property=\"og:url\" content=\"https:\/\/www.apfelpatient.de\/en\/rumors\/apple-watch-health-manager-kevin-lynch-is-joining-the-apple-car-team\" \/>\n<meta property=\"og:site_name\" content=\"Apfelpatient\" \/>\n<meta property=\"article:publisher\" content=\"https:\/\/www.facebook.com\/apfelpatientOfficial\" \/>\n<meta property=\"article:author\" content=\"https:\/\/www.facebook.com\/apfelpatientOfficial\" \/>\n<meta property=\"article:published_time\" content=\"2021-07-16T18:57:33+00:00\" \/>\n<meta property=\"article:modified_time\" content=\"2021-07-16T18:57:34+00:00\" \/>\n<meta property=\"og:image\" content=\"https:\/\/www.apfelpatient.de\/wp-content\/uploads\/2021\/07\/Apple-highlights-from-wwdc2019-Kevin-Lynch-introduces-watchOS6-06032019.jpg\" \/>\n\t<meta property=\"og:image:width\" content=\"1600\" \/>\n\t<meta property=\"og:image:height\" content=\"1067\" \/>\n\t<meta property=\"og:image:type\" content=\"image\/jpeg\" \/>\n<meta name=\"author\" content=\"Milan\" \/>\n<meta name=\"twitter:card\" content=\"summary_large_image\" \/>\n<meta name=\"twitter:description\" content=\"Kevin Lynch: W\u00e4hrend Apple seine Arbeit an Apple Car fortsetzt, wechselt einer der bekanntesten F\u00fchrungskr\u00e4fte in das Team von Project Titan.\" \/>\n<meta name=\"twitter:label1\" content=\"Written by\" \/>\n\t<meta name=\"twitter:data1\" content=\"Milan\" \/>\n\t<meta name=\"twitter:label2\" content=\"Est. reading time\" \/>\n\t<meta name=\"twitter:data2\" content=\"2 minutes\" \/>\n<script type=\"application\/ld+json\" class=\"yoast-schema-graph\">{\"@context\":\"https:\\\/\\\/schema.org\",\"@graph\":[{\"@type\":\"NewsArticle\",\"@id\":\"https:\\\/\\\/www.apfelpatient.de\\\/rumors\\\/apple-watch-health-manager-kevin-lynch-wechselt-ins-apple-car-team#article\",\"isPartOf\":{\"@id\":\"https:\\\/\\\/www.apfelpatient.de\\\/rumors\\\/apple-watch-health-manager-kevin-lynch-wechselt-ins-apple-car-team\"},\"author\":{\"@type\":\"Organization\",\"@id\":\"https:\\\/\\\/www.apfelpatient.de\\\/en\\\/#organization\",\"name\":\"Apfelpatient\",\"url\":\"https:\\\/\\\/www.apfelpatient.de\\\/en\\\/\"},\"headline\":\"Apple Watch- &#038; Health-Manager Kevin Lynch wechselt ins Apple Car-Team\",\"datePublished\":\"2021-07-16T18:57:33+00:00\",\"dateModified\":\"2021-07-16T18:57:34+00:00\",\"mainEntityOfPage\":{\"@id\":\"https:\\\/\\\/www.apfelpatient.de\\\/rumors\\\/apple-watch-health-manager-kevin-lynch-wechselt-ins-apple-car-team\"},\"wordCount\":317,\"publisher\":{\"@type\":\"Organization\",\"@id\":\"https:\\\/\\\/www.apfelpatient.de\\\/en\\\/#organization\",\"name\":\"Apfelpatient\",\"url\":\"https:\\\/\\\/www.apfelpatient.de\\\/en\\\/\"},\"image\":{\"@id\":\"https:\\\/\\\/www.apfelpatient.de\\\/rumors\\\/apple-watch-health-manager-kevin-lynch-wechselt-ins-apple-car-team#primaryimage\"},\"thumbnailUrl\":\"https:\\\/\\\/www.apfelpatient.de\\\/wp-content\\\/uploads\\\/2021\\\/07\\\/Apple-highlights-from-wwdc2019-Kevin-Lynch-introduces-watchOS6-06032019.jpg\",\"keywords\":[\"Apple Car\",\"TechPatient\"],\"articleSection\":\"Rumors\",\"inLanguage\":\"en-US\",\"copyrightYear\":\"2021\",\"copyrightHolder\":{\"@id\":\"https:\\\/\\\/www.apfelpatient.de\\\/en\\\/#organization\"}},{\"@type\":\"WebPage\",\"@id\":\"https:\\\/\\\/www.apfelpatient.de\\\/rumors\\\/apple-watch-health-manager-kevin-lynch-wechselt-ins-apple-car-team\",\"url\":\"https:\\\/\\\/www.apfelpatient.de\\\/rumors\\\/apple-watch-health-manager-kevin-lynch-wechselt-ins-apple-car-team\",\"name\":\"Apple Watch- & Health-Manager Kevin Lynch wechselt ins Apple Car-Team\",\"isPartOf\":{\"@id\":\"https:\\\/\\\/www.apfelpatient.de\\\/#website\"},\"primaryImageOfPage\":{\"@id\":\"https:\\\/\\\/www.apfelpatient.de\\\/rumors\\\/apple-watch-health-manager-kevin-lynch-wechselt-ins-apple-car-team#primaryimage\"},\"image\":{\"@id\":\"https:\\\/\\\/www.apfelpatient.de\\\/rumors\\\/apple-watch-health-manager-kevin-lynch-wechselt-ins-apple-car-team#primaryimage\"},\"thumbnailUrl\":\"https:\\\/\\\/www.apfelpatient.de\\\/wp-content\\\/uploads\\\/2021\\\/07\\\/Apple-highlights-from-wwdc2019-Kevin-Lynch-introduces-watchOS6-06032019.jpg\",\"datePublished\":\"2021-07-16T18:57:33+00:00\",\"dateModified\":\"2021-07-16T18:57:34+00:00\",\"description\":\"Kevin Lynch: W\u00e4hrend Apple seine Arbeit an Apple Car fortsetzt, wechselt einer der bekanntesten F\u00fchrungskr\u00e4fte in das Team von Project Titan.\",\"breadcrumb\":{\"@id\":\"https:\\\/\\\/www.apfelpatient.de\\\/rumors\\\/apple-watch-health-manager-kevin-lynch-wechselt-ins-apple-car-team#breadcrumb\"},\"inLanguage\":\"en-US\",\"potentialAction\":[{\"@type\":\"ReadAction\",\"target\":[\"https:\\\/\\\/www.apfelpatient.de\\\/rumors\\\/apple-watch-health-manager-kevin-lynch-wechselt-ins-apple-car-team\"]}]},{\"@type\":\"ImageObject\",\"inLanguage\":\"en-US\",\"@id\":\"https:\\\/\\\/www.apfelpatient.de\\\/rumors\\\/apple-watch-health-manager-kevin-lynch-wechselt-ins-apple-car-team#primaryimage\",\"url\":\"https:\\\/\\\/www.apfelpatient.de\\\/wp-content\\\/uploads\\\/2021\\\/07\\\/Apple-highlights-from-wwdc2019-Kevin-Lynch-introduces-watchOS6-06032019.jpg\",\"contentUrl\":\"https:\\\/\\\/www.apfelpatient.de\\\/wp-content\\\/uploads\\\/2021\\\/07\\\/Apple-highlights-from-wwdc2019-Kevin-Lynch-introduces-watchOS6-06032019.jpg\",\"width\":1600,\"height\":1067,\"caption\":\"Bild: Apple - Kevin Lynch\"},{\"@type\":\"BreadcrumbList\",\"@id\":\"https:\\\/\\\/www.apfelpatient.de\\\/rumors\\\/apple-watch-health-manager-kevin-lynch-wechselt-ins-apple-car-team#breadcrumb\",\"itemListElement\":[{\"@type\":\"ListItem\",\"position\":1,\"name\":\"Startseite\",\"item\":\"https:\\\/\\\/www.apfelpatient.de\\\/\"},{\"@type\":\"ListItem\",\"position\":2,\"name\":\"Apple Watch- &#038; Health-Manager Kevin Lynch wechselt ins Apple Car-Team\"}]},{\"@type\":\"WebSite\",\"@id\":\"https:\\\/\\\/www.apfelpatient.de\\\/#website\",\"url\":\"https:\\\/\\\/www.apfelpatient.de\\\/\",\"name\":\"Apfelpatient\",\"description\":\"Alles rund um Apple!\",\"publisher\":{\"@type\":\"Organization\",\"@id\":\"https:\\\/\\\/www.apfelpatient.de\\\/en\\\/#organization\",\"name\":\"Apfelpatient\",\"url\":\"https:\\\/\\\/www.apfelpatient.de\\\/en\\\/\"},\"alternateName\":\"Apfelpatient\",\"potentialAction\":[{\"@type\":\"SearchAction\",\"target\":{\"@type\":\"EntryPoint\",\"urlTemplate\":\"https:\\\/\\\/www.apfelpatient.de\\\/?s={search_term_string}\"},\"query-input\":{\"@type\":\"PropertyValueSpecification\",\"valueRequired\":true,\"valueName\":\"search_term_string\"}}],\"inLanguage\":\"en-US\"},{\"@type\":[\"Person\",\"Organization\"],\"@id\":\"https:\\\/\\\/www.apfelpatient.de\\\/#\\\/schema\\\/person\\\/7dc56ad6c8e9824b76d2c08d4c140e13\",\"name\":\"Milan\",\"logo\":{\"@id\":\"https:\\\/\\\/www.apfelpatient.de\\\/#\\\/schema\\\/person\\\/image\\\/\"},\"description\":\"Hallo und herzlich willkommen auf meinem Technik-Blog! Als gro\u00dfer Apple-Fan berichte ich hier \u00fcber alles, was mit Apple zu tun hat: von den neuesten News und spannenden Ger\u00fcchten \u00fcber hilfreiche Tipps und Tricks bis hin zu ausf\u00fchrlichen Produkttests. Wenn du genauso technikbegeistert bist wie ich, bist du hier genau richtig!\",\"sameAs\":[\"https:\\\/\\\/www.facebook.com\\\/apfelpatientOfficial\",\"https:\\\/\\\/www.linkedin.com\\\/in\\\/milan-jovicic-42aa0231b\"],\"url\":\"https:\\\/\\\/www.apfelpatient.de\\\/en\\\/author\\\/apfeladmin\"}]}<\/script>\n<!-- \/ Yoast SEO Premium plugin. -->","yoast_head_json":{"title":"Apple Watch &amp; Health Manager Kevin Lynch is moving to the Apple Car team","description":"Kevin Lynch: As Apple continues its work on Apple Car, one of its most prominent executives joins the Project Titan team.","robots":{"index":"index","follow":"follow","max-snippet":"max-snippet:-1","max-image-preview":"max-image-preview:large","max-video-preview":"max-video-preview:-1"},"canonical":"https:\/\/www.apfelpatient.de\/en\/rumors\/apple-watch-health-manager-kevin-lynch-is-joining-the-apple-car-team","og_locale":"en_US","og_type":"article","og_title":"Apple Watch- & Health-Manager Kevin Lynch wechselt ins Apple Car-Team","og_description":"Kevin Lynch: W\u00e4hrend Apple seine Arbeit an Apple Car fortsetzt, wechselt einer der bekanntesten F\u00fchrungskr\u00e4fte in das Team von Project Titan.","og_url":"https:\/\/www.apfelpatient.de\/en\/rumors\/apple-watch-health-manager-kevin-lynch-is-joining-the-apple-car-team","og_site_name":"Apfelpatient","article_publisher":"https:\/\/www.facebook.com\/apfelpatientOfficial","article_author":"https:\/\/www.facebook.com\/apfelpatientOfficial","article_published_time":"2021-07-16T18:57:33+00:00","article_modified_time":"2021-07-16T18:57:34+00:00","og_image":[{"width":1600,"height":1067,"url":"https:\/\/www.apfelpatient.de\/wp-content\/uploads\/2021\/07\/Apple-highlights-from-wwdc2019-Kevin-Lynch-introduces-watchOS6-06032019.jpg","type":"image\/jpeg"}],"author":"Milan","twitter_card":"summary_large_image","twitter_description":"Kevin Lynch: W\u00e4hrend Apple seine Arbeit an Apple Car fortsetzt, wechselt einer der bekanntesten F\u00fchrungskr\u00e4fte in das Team von Project Titan.","twitter_misc":{"Written by":"Milan","Est. reading time":"2 minutes"},"schema":{"@context":"https:\/\/schema.org","@graph":[{"@type":"NewsArticle","@id":"https:\/\/www.apfelpatient.de\/rumors\/apple-watch-health-manager-kevin-lynch-wechselt-ins-apple-car-team#article","isPartOf":{"@id":"https:\/\/www.apfelpatient.de\/rumors\/apple-watch-health-manager-kevin-lynch-wechselt-ins-apple-car-team"},"author":{"@type":"Organization","@id":"https:\/\/www.apfelpatient.de\/en\/#organization","name":"Apfelpatient","url":"https:\/\/www.apfelpatient.de\/en\/"},"headline":"Apple Watch- &#038; Health-Manager Kevin Lynch wechselt ins Apple Car-Team","datePublished":"2021-07-16T18:57:33+00:00","dateModified":"2021-07-16T18:57:34+00:00","mainEntityOfPage":{"@id":"https:\/\/www.apfelpatient.de\/rumors\/apple-watch-health-manager-kevin-lynch-wechselt-ins-apple-car-team"},"wordCount":317,"publisher":{"@type":"Organization","@id":"https:\/\/www.apfelpatient.de\/en\/#organization","name":"Apfelpatient","url":"https:\/\/www.apfelpatient.de\/en\/"},"image":{"@id":"https:\/\/www.apfelpatient.de\/rumors\/apple-watch-health-manager-kevin-lynch-wechselt-ins-apple-car-team#primaryimage"},"thumbnailUrl":"https:\/\/www.apfelpatient.de\/wp-content\/uploads\/2021\/07\/Apple-highlights-from-wwdc2019-Kevin-Lynch-introduces-watchOS6-06032019.jpg","keywords":["Apple Car","TechPatient"],"articleSection":"Rumors","inLanguage":"en-US","copyrightYear":"2021","copyrightHolder":{"@id":"https:\/\/www.apfelpatient.de\/en\/#organization"}},{"@type":"WebPage","@id":"https:\/\/www.apfelpatient.de\/rumors\/apple-watch-health-manager-kevin-lynch-wechselt-ins-apple-car-team","url":"https:\/\/www.apfelpatient.de\/rumors\/apple-watch-health-manager-kevin-lynch-wechselt-ins-apple-car-team","name":"Apple Watch &amp; Health Manager Kevin Lynch is moving to the Apple Car team","isPartOf":{"@id":"https:\/\/www.apfelpatient.de\/#website"},"primaryImageOfPage":{"@id":"https:\/\/www.apfelpatient.de\/rumors\/apple-watch-health-manager-kevin-lynch-wechselt-ins-apple-car-team#primaryimage"},"image":{"@id":"https:\/\/www.apfelpatient.de\/rumors\/apple-watch-health-manager-kevin-lynch-wechselt-ins-apple-car-team#primaryimage"},"thumbnailUrl":"https:\/\/www.apfelpatient.de\/wp-content\/uploads\/2021\/07\/Apple-highlights-from-wwdc2019-Kevin-Lynch-introduces-watchOS6-06032019.jpg","datePublished":"2021-07-16T18:57:33+00:00","dateModified":"2021-07-16T18:57:34+00:00","description":"Kevin Lynch: As Apple continues its work on Apple Car, one of its most prominent executives joins the Project Titan team.","breadcrumb":{"@id":"https:\/\/www.apfelpatient.de\/rumors\/apple-watch-health-manager-kevin-lynch-wechselt-ins-apple-car-team#breadcrumb"},"inLanguage":"en-US","potentialAction":[{"@type":"ReadAction","target":["https:\/\/www.apfelpatient.de\/rumors\/apple-watch-health-manager-kevin-lynch-wechselt-ins-apple-car-team"]}]},{"@type":"ImageObject","inLanguage":"en-US","@id":"https:\/\/www.apfelpatient.de\/rumors\/apple-watch-health-manager-kevin-lynch-wechselt-ins-apple-car-team#primaryimage","url":"https:\/\/www.apfelpatient.de\/wp-content\/uploads\/2021\/07\/Apple-highlights-from-wwdc2019-Kevin-Lynch-introduces-watchOS6-06032019.jpg","contentUrl":"https:\/\/www.apfelpatient.de\/wp-content\/uploads\/2021\/07\/Apple-highlights-from-wwdc2019-Kevin-Lynch-introduces-watchOS6-06032019.jpg","width":1600,"height":1067,"caption":"Bild: Apple - Kevin Lynch"},{"@type":"BreadcrumbList","@id":"https:\/\/www.apfelpatient.de\/rumors\/apple-watch-health-manager-kevin-lynch-wechselt-ins-apple-car-team#breadcrumb","itemListElement":[{"@type":"ListItem","position":1,"name":"Startseite","item":"https:\/\/www.apfelpatient.de\/"},{"@type":"ListItem","position":2,"name":"Apple Watch- &#038; Health-Manager Kevin Lynch wechselt ins Apple Car-Team"}]},{"@type":"WebSite","@id":"https:\/\/www.apfelpatient.de\/#website","url":"https:\/\/www.apfelpatient.de\/","name":"apple patient","description":"Everything about Apple!","publisher":{"@type":"Organization","@id":"https:\/\/www.apfelpatient.de\/en\/#organization","name":"Apfelpatient","url":"https:\/\/www.apfelpatient.de\/en\/"},"alternateName":"Apfelpatient","potentialAction":[{"@type":"SearchAction","target":{"@type":"EntryPoint","urlTemplate":"https:\/\/www.apfelpatient.de\/?s={search_term_string}"},"query-input":{"@type":"PropertyValueSpecification","valueRequired":true,"valueName":"search_term_string"}}],"inLanguage":"en-US"},{"@type":["Person","Organization"],"@id":"https:\/\/www.apfelpatient.de\/#\/schema\/person\/7dc56ad6c8e9824b76d2c08d4c140e13","name":"Milan","logo":{"@id":"https:\/\/www.apfelpatient.de\/#\/schema\/person\/image\/"},"description":"Hello and welcome to my technology blog! As a big Apple fan, I report on everything to do with Apple: from the latest news and exciting rumors to helpful tips and tricks and detailed product tests. If you are as enthusiastic about technology as I am, you have come to the right place!","sameAs":["https:\/\/www.facebook.com\/apfelpatientOfficial","https:\/\/www.linkedin.com\/in\/milan-jovicic-42aa0231b"],"url":"https:\/\/www.apfelpatient.de\/en\/author\/apfeladmin"}]}},"_links":{"self":[{"href":"https:\/\/www.apfelpatient.de\/en\/wp-json\/wp\/v2\/posts\/24577","targetHints":{"allow":["GET"]}}],"collection":[{"href":"https:\/\/www.apfelpatient.de\/en\/wp-json\/wp\/v2\/posts"}],"about":[{"href":"https:\/\/www.apfelpatient.de\/en\/wp-json\/wp\/v2\/types\/post"}],"author":[{"embeddable":true,"href":"https:\/\/www.apfelpatient.de\/en\/wp-json\/wp\/v2\/users\/2"}],"replies":[{"embeddable":true,"href":"https:\/\/www.apfelpatient.de\/en\/wp-json\/wp\/v2\/comments?post=24577"}],"version-history":[{"count":0,"href":"https:\/\/www.apfelpatient.de\/en\/wp-json\/wp\/v2\/posts\/24577\/revisions"}],"wp:featuredmedia":[{"embeddable":true,"href":"https:\/\/www.apfelpatient.de\/en\/wp-json\/wp\/v2\/media\/24576"}],"wp:attachment":[{"href":"https:\/\/www.apfelpatient.de\/en\/wp-json\/wp\/v2\/media?parent=24577"}],"wp:term":[{"taxonomy":"category","embeddable":true,"href":"https:\/\/www.apfelpatient.de\/en\/wp-json\/wp\/v2\/categories?post=24577"},{"taxonomy":"post_tag","embeddable":true,"href":"https:\/\/www.apfelpatient.de\/en\/wp-json\/wp\/v2\/tags?post=24577"}],"curies":[{"name":"wp","href":"https:\/\/api.w.org\/{rel}","templated":true}]}}